{"id":7962,"date":"2020-12-09T18:00:00","date_gmt":"2020-12-09T21:00:00","guid":{"rendered":"http:\/\/mundobibliotecario.com.br\/?p=7962"},"modified":"2020-12-06T14:45:35","modified_gmt":"2020-12-06T17:45:35","slug":"artesa-se-reinventa-com-a-criacao-de-livros-sensoriais-pedagogicos","status":"publish","type":"post","link":"https:\/\/mundobibliotecario.com.br\/index.php\/2020\/12\/09\/artesa-se-reinventa-com-a-criacao-de-livros-sensoriais-pedagogicos\/","title":{"rendered":"Artes\u00e3 se reinventa com a cria\u00e7\u00e3o de livros sensoriais pedag\u00f3gicos"},"content":{"rendered":"\n<div class=\"wp-block-image\"><figure class=\"aligncenter\"><img decoding=\"async\" src=\"https:\/\/folhadomate.com\/wp-content\/uploads\/2020\/12\/mini_Artes%C3%A3-2-696x464.jpg\" alt=\"Desde maio deste ano, \u00c2ngela se dedica \u00e0 produ\u00e7\u00e3o de livros sensoriais pedag\u00f3gicos. (Foto: Taiane Kussler\/ Folha do Mate)\"\/><figcaption><em>Desde maio deste ano, \u00c2ngela se dedica \u00e0 produ\u00e7\u00e3o de livros sensoriais pedag\u00f3gicos. (Foto: Taiane Kussler\/ Folha do Mate)<\/em><\/figcaption><\/figure><\/div>\n\n\n\n<p>Diante da m\u00e1quina de costura, onde passa a maior parte do tempo, \u00c2ngela Rosane Heinen, 56 anos, faz recortes de n\u00fameros e figuras geom\u00e9tricas, pinta a m\u00e3o os desenhos com l\u00e1pis de cor, modela retalhos e sempre busca algo novo para despertar a curiosidade das crian\u00e7as, a qual dedica este trabalho. Sozinha, concentrada no vai e vem da agulha ou na companhia do neto, Gustavo das Chagas, 2 anos, ela trabalha com a criatividade para colocar em pr\u00e1tica novas ideias.<\/p>\n\n\n\n<p>H\u00e1 10 anos atuando como artes\u00e3, a ven\u00e2ncio-airense, moradora do bairro Bela Vista, se redescobriu na profiss\u00e3o depois que come\u00e7ou a elaborar livros sensoriais pedag\u00f3gicos, tamb\u00e9m conhecidos como Quiet Book. O material, feito totalmente de forma artesanal, \u00e9 produzido em velcro com imagens coloridas em alto relevo (sens\u00edveis ao toque), bot\u00f5es decorativos, fitas, figuras geom\u00e9tricas e elementos diferenciados que despertam a imagina\u00e7\u00e3o das crian\u00e7as, dos 7 meses aos 6 anos. \u201cO livro contribui para o desenvolvimento da coordena\u00e7\u00e3o motora visual e auditiva\u201d, explica a artes\u00e3, formada em Processos Gerenciais.<\/p>\n\n\n\n<p>Por muitos anos, \u00c2ngela atuou diretamente na \u00e1rea administrativa, mas sempre gostou de trabalhar com crian\u00e7as e idosos. As circunst\u00e2ncias e a falta de oportunidades no mercado de trabalho, despertaram em \u00c2ngela o desejo de investir no artesanato. \u201cDurante a pandemia, o Governo do Estado e FGTAS proporcionam cursos on-line gratuitos para microempreendedores e artes\u00e3os. Por meio desta iniciativa, vi uma oportunidade de aprender mais e desenvolver novas habilidades. Sempre busco algo diferente para inovar o meu trabalho, por isso estou sempre me reciclando\u201d, avalia.<\/p>\n\n\n\n<p>A dedica\u00e7\u00e3o ao trabalho artesanal est\u00e1 presente em cada p\u00e1gina que produz. A cada encomenda, a artes\u00e3 tem a sensibilidade de enviar o livro dentro de uma embalagem com uma lembran\u00e7a e um guia de instru\u00e7\u00f5es de uso e de limpeza do produto. \u201cSempre gostei de crian\u00e7as e de brincar. Por isso, quando estou produzindo o material penso em cada detalhe para que o produto atenda as expectativas do meu cliente. \u00c9 gratificante quando recebo o feedback das pessoas e percebo que com muito carinho, consegui trazer alegria e contribuir no aprendizado de cada crian\u00e7a\u201d, destaca. Segundo ela, os livros menores (de duas p\u00e1ginas) s\u00e3o produzidos em torno de uma semana e meia. J\u00e1 os mais elaborados (de at\u00e9 seis p\u00e1ginas), s\u00e3o elaborados de 15 a 20 dias. \u201cVendo por p\u00e1ginas para atingir todas as classes sociais\u201d, afirma a artes\u00e3, que durante a pandemia est\u00e1 elaborando um portf\u00f3lio.<\/p>\n\n\n\n<div class=\"wp-block-image\"><figure class=\"aligncenter\"><img decoding=\"async\" src=\"https:\/\/folhadomate.com\/wp-content\/uploads\/2020\/12\/mini_livros.jpg\" alt=\"Livros artesanais despertam a criatividade e contribuem para o aprendizado das crian\u00e7as. (Foto: Taiane Kussler\/Folha do Mate)\"\/><figcaption><em>Livros artesanais despertam a criatividade e contribuem para o aprendizado das crian\u00e7as. (Foto: Taiane Kussler\/Folha do Mate)<\/em><\/figcaption><\/figure><\/div>\n\n\n\n<h2 class=\"wp-block-heading\">Dedica\u00e7\u00e3o \u00e0 arte<\/h2>\n\n\n\n<p>Trabalhar com artesanato j\u00e1 est\u00e1 no DNA da artes\u00e3 \u00c2ngela Rosane Heinen. Ela recorda que come\u00e7ou a fazer tric\u00f4 e croch\u00ea aos 9 anos. \u201cMeu pai fez para mim uma agulha de madeira e eu recortava tiras de sacos pl\u00e1sticos de leite para elaborar tapetes. Primeiro trabalho artesanal que aprendi a fazer\u201d, recorda com emo\u00e7\u00e3o. A partir da\u00ed, \u00c2ngela come\u00e7ou a criar novos objetos e via nos reciclados uma oportunidade de elaborar acess\u00f3rios de artesanato. A artes\u00e3 produz bolsas, reciclados de jeans, ovos decorados com tran\u00e7a de papel crepom, clutch (necessaires personalizadas), tricotin (arame forrado com l\u00e3), entre outras pe\u00e7as. Mas, ultimamente, a dedica\u00e7\u00e3o est\u00e1 voltada aos livros sensoriais pedag\u00f3gicos, que s\u00e3o produzidos sob encomenda por meio do Facebook&nbsp;<a href=\"https:\/\/www.facebook.com\/a.rosane.heinen\" target=\"_blank\" rel=\"noreferrer noopener\">AngelArtes<\/a>&nbsp;ou Instagram,&nbsp;<a href=\"https:\/\/www.instagram.com\/a.rosane.heinen\/?hl=pt-br\" target=\"_blank\" rel=\"noreferrer noopener\">@a.rosane.heinen<\/a>.<\/p>\n\n\n\n<blockquote class=\"wp-block-quote is-layout-flow wp-block-quote-is-layout-flow\"><p>\u201cOs livros sensoriais s\u00e3o um incentivo \u00e0 leitura, \u00e0 criatividade e ao aprendizado das crian\u00e7as. Al\u00e9m disso, s\u00e3o de f\u00e1cil manuseio e podem ser levados para qualquer lugar.\u201d<\/p><p>\u00c2NGELA ROSANE HEINEN- Artes\u00e3<\/p><\/blockquote>\n\n\n\n<h2 class=\"wp-block-heading\">Feiras de artesanato<\/h2>\n\n\n\n<p>As Feiras de Artesanato marcadas para os s\u00e1bados, dias 5 e 12, est\u00e3o canceladas em virtude da pandemia. Conforme a Prefeitura de Ven\u00e2ncio Aires, a expectativa \u00e9 de que haja uma melhora na situa\u00e7\u00e3o e que o evento possa acontecer no dia 19. \u00c2ngela \u00e9 uma das artes\u00e3s que participa das feiras no munic\u00edpio.<\/p>\n\n\n\n<p>Dispon\u00edvel em: <a href=\"https:\/\/folhadomate.com\/noticias\/educacao\/artesa-se-reinventa-com-a-criacao-de-livros-sensoriais-pedagogicos\/\" target=\"_blank\" rel=\"noreferrer noopener\">https:\/\/folhadomate.com\/noticias\/educacao\/artesa-se-reinventa-com-a-criacao-de-livros-sensoriais-pedagogicos\/<\/a>. Acesso em: 6 dez. 2020.<\/p>\n","protected":false},"excerpt":{"rendered":"<p>Diante da m\u00e1quina de costura, onde passa a maior parte do tempo, \u00c2ngela Rosane Heinen, 56 anos, faz recortes de n\u00fameros e figuras geom\u00e9tricas, pinta a m\u00e3o os desenhos com l\u00e1pis de cor, modela retalhos e sempre busca algo novo para despertar a curiosidade das crian\u00e7as, a qual dedica este trabalho. Sozinha, concentrada no vai &#8230; <a title=\"Artes\u00e3 se reinventa com a cria\u00e7\u00e3o de livros sensoriais pedag\u00f3gicos\" class=\"read-more\" href=\"https:\/\/mundobibliotecario.com.br\/index.php\/2020\/12\/09\/artesa-se-reinventa-com-a-criacao-de-livros-sensoriais-pedagogicos\/\" aria-label=\"Read more about Artes\u00e3 se reinventa com a cria\u00e7\u00e3o de livros sensoriais pedag\u00f3gicos\">Ler mais<\/a><\/p>\n","protected":false},"author":1,"featured_media":0,"comment_status":"open","ping_status":"open","sticky":false,"template":"","format":"standard","meta":{"_mi_skip_tracking":false,"_exactmetrics_sitenote_active":false,"_exactmetrics_sitenote_note":"","_exactmetrics_sitenote_category":0,"_jetpack_newsletter_access":"","footnotes":""},"categories":[60],"tags":[1902,1901,1904],"class_list":["post-7962","post","type-post","status-publish","format-standard","hentry","category-noticias","tag-livro-sensorial","tag-quiet-book","tag-quiet-books"],"jetpack_featured_media_url":"","jetpack_sharing_enabled":true,"jetpack-related-posts":[{"id":1956,"url":"https:\/\/mundobibliotecario.com.br\/index.php\/2011\/04\/15\/parceiros-do-rj-mostram-biblioteca-criada-por-moradora-na-baixada\/","url_meta":{"origin":7962,"position":0},"title":"Parceiros do RJ mostram biblioteca criada por moradora na Baixada","author":"mundobibliotecario","date":"15\/04\/2011","format":false,"excerpt":"Ela funciona h\u00e1 20 anos no bairro Parque Paulista, em Duque de Caxias. Espa\u00e7o \u00e9 mantido com dedica\u00e7\u00e3o por Dona Ang\u00e9lica. ********** Uma biblioteca no Parque Paulista, em Duque de Caxias, na Baixada Fluminense, pode ser usada por todos. A biblioteca comunit\u00e1ria foi criada h\u00e1 20 anos, mas no bairro,\u2026","rel":"","context":"Em &quot;Not\u00edcias&quot;","block_context":{"text":"Not\u00edcias","link":"https:\/\/mundobibliotecario.com.br\/index.php\/category\/noticias\/"},"img":{"alt_text":"","src":"","width":0,"height":0},"classes":[]},{"id":4965,"url":"https:\/\/mundobibliotecario.com.br\/index.php\/2018\/08\/04\/programacao-do-crb-8-na-bienal-do-livro\/","url_meta":{"origin":7962,"position":1},"title":"Programa\u00e7\u00e3o do CRB-8 na Bienal do Livro","author":"mundobibliotecario","date":"04\/08\/2018","format":false,"excerpt":"Programa\u00e7\u00e3o do CRB-8 na Bienal do Livro Dia 03\/08 \u2013 Sexta-Feira 09h15 \u2013 Trava l\u00ednguas 09h55 \u2013 Pe\u00e7as pedag\u00f3gicas para montar 10h40 \u2013 Term\u00f4metro Liter\u00e1rio 11h20 \u2013 Domin\u00f3 Liter\u00e1rio 14h30 \u2013 Declama\u00e7\u00e3o de poesias e do Cordel \u201cBibliotec\u00e1rio\u201d, por Edgar Louzi e Cleusa Santo 16h00 \u2013 Oficina: Leitura sob diferentes\u2026","rel":"","context":"Em &quot;Not\u00edcias&quot;","block_context":{"text":"Not\u00edcias","link":"https:\/\/mundobibliotecario.com.br\/index.php\/category\/noticias\/"},"img":{"alt_text":"","src":"","width":0,"height":0},"classes":[]},{"id":2061,"url":"https:\/\/mundobibliotecario.com.br\/index.php\/2011\/06\/04\/conexao-pelos-livros\/","url_meta":{"origin":7962,"position":2},"title":"Conex\u00e3o pelos livros","author":"mundobibliotecario","date":"04\/06\/2011","format":false,"excerpt":"Em dois anos, a paulista Duda Porto de Souza reuniu uma biblioteca infantil com mais de 20 000 obras \u00a0 \"Algu\u00e9m tem um livro a\u00ed?\" Com esse pedido, Duda Porto de Souza, de 26 anos, enviou um e-mail, em novembro de 2009, para 18 amigos. Sua inten\u00e7\u00e3o: montar uma biblioteca\u2026","rel":"","context":"Em &quot;Not\u00edcias&quot;","block_context":{"text":"Not\u00edcias","link":"https:\/\/mundobibliotecario.com.br\/index.php\/category\/noticias\/"},"img":{"alt_text":"","src":"","width":0,"height":0},"classes":[]},{"id":1095,"url":"https:\/\/mundobibliotecario.com.br\/index.php\/2010\/02\/09\/fapesp-selecao-de-pos-doutoramento-em-gestao-da-informacao\/","url_meta":{"origin":7962,"position":3},"title":"FAPESP &#8211; Sele\u00e7\u00e3o de P\u00f3s-Doutoramento em Gest\u00e3o da Informa\u00e7\u00e3o","author":"mundobibliotecario","date":"09\/02\/2010","format":false,"excerpt":"Oportunidades de bolsa N\u00ba: 113 T\u00edtulo: Sele\u00e7\u00e3o de P\u00f3s-Doutoramento em Gest\u00e3o da Informa\u00e7\u00e3o \u00c1rea de atua\u00e7\u00e3o: Ci\u00eancias Sociais Aplicadas N\u00ba do processo FAPESP: 08\/56709-0 T\u00edtulo do projeto: Comunica\u00e7\u00e3o e Censura: an\u00e1lise te\u00f3rica e documental de processos sens\u00f3rios a partir do Arquivo Miroel Silveira da ECA\/USP \u00c1rea de conhecimento: Comunica\u00e7\u00e3o Pesquisador\u2026","rel":"","context":"Em &quot;Curso de P\u00f3s-Gradua\u00e7\u00e3o&quot;","block_context":{"text":"Curso de P\u00f3s-Gradua\u00e7\u00e3o","link":"https:\/\/mundobibliotecario.com.br\/index.php\/category\/curso-de-pos-graduacao\/"},"img":{"alt_text":"","src":"","width":0,"height":0},"classes":[]},{"id":3073,"url":"https:\/\/mundobibliotecario.com.br\/index.php\/2013\/04\/12\/professoras-criam-ratos-de-biblioteca-e-transformam-escola\/","url_meta":{"origin":7962,"position":4},"title":"Professoras criam &#8216;ratos de biblioteca&#8217; e transformam escola","author":"mundobibliotecario","date":"12\/04\/2013","format":false,"excerpt":"Terra - 02\/04\/13 A express\u00e3o \"ratos de biblioteca\" se aplica bem a duas iniciativas existentes no Distrito Federal. A primeira \u00e9 a da dupla de professoras Raquel Gon\u00e7alves e Maria C\u00e9lia Madureira, que criaram os personagens Racumim e Racutia, ratos que tornaram defensores dos livros. Eles fazem parte do Projeto\u2026","rel":"","context":"Em &quot;Not\u00edcias&quot;","block_context":{"text":"Not\u00edcias","link":"https:\/\/mundobibliotecario.com.br\/index.php\/category\/noticias\/"},"img":{"alt_text":"","src":"","width":0,"height":0},"classes":[]},{"id":4978,"url":"https:\/\/mundobibliotecario.com.br\/index.php\/2018\/08\/15\/duas-quenianas-encaram-o-desafio-de-restaurar-bibliotecas-abandonadas\/","url_meta":{"origin":7962,"position":5},"title":"Duas quenianas encaram o desafio de restaurar bibliotecas abandonadas","author":"mundobibliotecario","date":"15\/08\/2018","format":false,"excerpt":"Apesar da deteriora\u00e7\u00e3o da biblioteca McMillan, um importante edif\u00edcio com colunata dos anos 1930, uma dezena de moradores de Nair\u00f3bi visita o local para desfrutar da calma e dos poucos livros dispon\u00edveis. Em breve, estes moradores ter\u00e3o \u00e0 disposi\u00e7\u00e3o um novo espa\u00e7o moderno e restaurado. Esse \u00e9 o desafio da\u2026","rel":"","context":"Em &quot;Not\u00edcias&quot;","block_context":{"text":"Not\u00edcias","link":"https:\/\/mundobibliotecario.com.br\/index.php\/category\/noticias\/"},"img":{"alt_text":"","src":"","width":0,"height":0},"classes":[]}],"jetpack_likes_enabled":true,"jetpack_shortlink":"https:\/\/wp.me\/pcbzwa-24q","_links":{"self":[{"href":"https:\/\/mundobibliotecario.com.br\/index.php\/wp-json\/wp\/v2\/posts\/7962","targetHints":{"allow":["GET"]}}],"collection":[{"href":"https:\/\/mundobibliotecario.com.br\/index.php\/wp-json\/wp\/v2\/posts"}],"about":[{"href":"https:\/\/mundobibliotecario.com.br\/index.php\/wp-json\/wp\/v2\/types\/post"}],"author":[{"embeddable":true,"href":"https:\/\/mundobibliotecario.com.br\/index.php\/wp-json\/wp\/v2\/users\/1"}],"replies":[{"embeddable":true,"href":"https:\/\/mundobibliotecario.com.br\/index.php\/wp-json\/wp\/v2\/comments?post=7962"}],"version-history":[{"count":1,"href":"https:\/\/mundobibliotecario.com.br\/index.php\/wp-json\/wp\/v2\/posts\/7962\/revisions"}],"predecessor-version":[{"id":7963,"href":"https:\/\/mundobibliotecario.com.br\/index.php\/wp-json\/wp\/v2\/posts\/7962\/revisions\/7963"}],"wp:attachment":[{"href":"https:\/\/mundobibliotecario.com.br\/index.php\/wp-json\/wp\/v2\/media?parent=7962"}],"wp:term":[{"taxonomy":"category","embeddable":true,"href":"https:\/\/mundobibliotecario.com.br\/index.php\/wp-json\/wp\/v2\/categories?post=7962"},{"taxonomy":"post_tag","embeddable":true,"href":"https:\/\/mundobibliotecario.com.br\/index.php\/wp-json\/wp\/v2\/tags?post=7962"}],"curies":[{"name":"wp","href":"https:\/\/api.w.org\/{rel}","templated":true}]}}