{"id":7967,"date":"2020-12-15T15:00:00","date_gmt":"2020-12-15T18:00:00","guid":{"rendered":"http:\/\/mundobibliotecario.com.br\/?p=7967"},"modified":"2020-12-13T20:07:07","modified_gmt":"2020-12-13T23:07:07","slug":"duas-grandes-editoras-lancam-selos-para-publicar-exclusivamente-livros-digitais","status":"publish","type":"post","link":"https:\/\/mundobibliotecario.com.br\/index.php\/2020\/12\/15\/duas-grandes-editoras-lancam-selos-para-publicar-exclusivamente-livros-digitais\/","title":{"rendered":"Duas grandes editoras lan\u00e7am selos para publicar exclusivamente livros digitais"},"content":{"rendered":"\n<blockquote class=\"wp-block-quote is-layout-flow wp-block-quote-is-layout-flow\"><p><em>Como resposta ao crescimento do consumo de e-books por brasileiros, Saraiva Educa\u00e7\u00e3o e Record colocam no mercado selos por onde publicar\u00e3o t\u00edtulos exclusivamente no formato digital<\/em><\/p><\/blockquote>\n\n\n\n<p><img decoding=\"async\" src=\"https:\/\/www.publishnews.com.br\/estaticos\/uploads\/2020\/12\/Rw4rG6wX5ArtG3xlurCTgZdVQgwCeCA37wKl6J7KcQbTOXpmNjaJxugKXOmJiYxYRZdx0q7iDsTKbEcj.jpg\" alt=\"Como resposta ao crescimento do consumo de e-books por brasileiros, Saraiva Educa\u00e7\u00e3o e Record colocam no mercado selos por onde publicar\u00e3o t\u00edtulos exclusivamente no formato digital | \u00a9Aleksandravicius \/ Shutterstock\"><\/p>\n\n\n\n<p class=\"has-text-align-center\">Como resposta ao crescimento do consumo de e-books por brasileiros, Saraiva Educa\u00e7\u00e3o e Record colocam no mercado selos por onde publicar\u00e3o t\u00edtulos exclusivamente no formato digital | \u00a9Aleksandravicius \/ Shutterstock<\/p>\n\n\n\n<p>No m\u00eas passado, a Bookwire Brasil analisou cerca de 1,6 milh\u00e3o de registros para compor um&nbsp;<a rel=\"noreferrer noopener\" href=\"https:\/\/www.publishnews.com.br\/materias\/2020\/11\/11\/o-mercado-editorial-digital-no-brasil-foi-impactado-de-forma-relevante-pela-pandemia-da-covid-19\" target=\"_blank\">relat\u00f3rio que mostra a din\u00e2mica do mercado de e-books durante o per\u00edodo de pandemia<\/a>. O consultor austr\u00edaco R\u00fcdiger Wischenbart, respons\u00e1vel pelo estudo, concluiu: &#8220;Vimos que no Brasil a crise serviu de catalisador na acelera\u00e7\u00e3o de uma tend\u00eancia j\u00e1 existente em dire\u00e7\u00e3o \u00e0 transforma\u00e7\u00e3o digital. O mercado editorial digital no Brasil foi impactado de forma relevante pela pandemia da Covid-19\u201d.<\/p>\n\n\n\n<p>O relat\u00f3rio mostra que h\u00e1 crescimento relevante nas vendas entre o pr\u00e9-isolamento e o isolamento, com um pico entre abril e maio. Mas mais importante do que isso: o crescimento se sustenta nos per\u00edodos seguintes, criando um patamar de vendas superior quando comparado a 2019.<\/p>\n\n\n\n<p>Duas grandes editoras entenderam o recado e anunciam, nessa semana, o lan\u00e7amento de selos voltados para publicar t\u00edtulos in\u00e9ditos exclusivamente no formato digital. A Record lan\u00e7a, nesta sexta-feira (11), o selo E-stante e a Saraiva Educa\u00e7\u00e3o acaba de colocar no mercado o Expressa.<\/p>\n\n\n\n<div class=\"wp-block-image\"><figure class=\"aligncenter\"><img decoding=\"async\" src=\"https:\/\/www.publishnews.com.br\/estaticos\/uploads\/2020\/12\/6k3EtoCk9Renaz5Ta9gUOQgg7DZfKaT8z9dS1ofuZQBUZjDoKbBTCxcgQcp4bxn5x00nRWgmKsizqVRW.png\" alt=\"\"\/><\/figure><\/div>\n\n\n\n<p>O E-stante Record seguir\u00e1 a pluralidade tem\u00e1tica dos v\u00e1rios selos do Grupo, publicando desde cl\u00e1ssicos da literatura at\u00e9 livros de autoajuda. \u201cVerificamos um aumento expressivo na venda de e-books durante a pandemia. Muito pr\u00e1tico para quem est\u00e1 buscando op\u00e7\u00e3o de leitura sem sair de casa. Assim, tivemos a ideia de ampliar o nosso cat\u00e1logo de e-books com novos t\u00edtulos e criamos o selo E-stante\u201d, explicou S\u00f4nia Machado, presidente do Grupo Editorial Record.<\/p>\n\n\n\n<p>O lan\u00e7amento do selo ser\u00e1 com cinco t\u00edtulos, que d\u00e3o uma amostra da diversidade dessa estante eletr\u00f4nica:&nbsp;<em>O guia da donzela para an\u00e1guas e pirataria<\/em>, livro de Mackenzi Lee com tem\u00e1tica LGBTQ+;&nbsp;<em>Flipnose<\/em>, uma n\u00e3o fic\u00e7\u00e3o de Kevin Dutton;&nbsp;<em>Lobas<\/em>, romance de Claire Irvin que mostra que os 40 s\u00e3o os novos 30;&nbsp;<em>Morrer a s\u00f3s em Berlim<\/em>, cl\u00e1ssico da literatura alem\u00e3 escrito por Hans Fallada, que sai com tradu\u00e7\u00e3o in\u00e9dita de Frederico F\u00fcllgraf, e&nbsp;<em>Intui\u00e7\u00e3o<\/em>, livro de autoajuda de Char Margolis.<\/p>\n\n\n\n<p class=\"has-text-align-center\"><img loading=\"lazy\" decoding=\"async\" width=\"111\" height=\"165\" src=\"https:\/\/www.publishnews.com.br\/estaticos\/uploads\/2020\/12\/LGmEbNebRYfWwnIANKjZDSgSMUUKcRZ3nlVgu57n2ZdFA8cFgtxVlc74J0YweLRtqdCoT1SJWST9LAVH.jpg\" alt=\"Capa do livro 'Morrer a s\u00f3s em Berlin', de Hans Fallada\"><\/p>\n\n\n\n<p class=\"has-text-align-center\">Capa do livro &#8216;Morrer a s\u00f3s em Berlin&#8217;, de Hans Fallada<\/p>\n\n\n\n<p>Nas capas dos livros, est\u00e3o \u201cimpressas\u201d as marcas do selo E-stante e de um dos selos do Grupo Editorial Record, por onde o t\u00edtulo sairia se fosse em papel.<\/p>\n\n\n\n<p>E por falar em papel, o Grupo Editorial Record quer que o E-stante seja como um tubo de ensaio. A depender da demanda, os t\u00edtulos podem ganhar impress\u00e3o por encomenda, via sistema de impress\u00e3o por demanda.<\/p>\n\n\n\n<p>Para fevereiro de 2021, o selo prepara uma edi\u00e7\u00e3o de&nbsp;<em>Cartas aos filhos<\/em>, livro organizado pelo pesquisador alem\u00e3o Michael Schr\u00f6ter que reuniu cartas que Sigmund Freud escreveu para cinco de seus seis filhos e a genros e noras. O volume \u00e9 in\u00e9dito no Brasil.<\/p>\n\n\n\n<p>Os livros estar\u00e3o \u00e0 venda em todas as varejistas de e-books em opera\u00e7\u00e3o no Brasil.<\/p>\n\n\n\n<div class=\"wp-block-image\"><figure class=\"aligncenter\"><img decoding=\"async\" src=\"https:\/\/www.publishnews.com.br\/estaticos\/uploads\/2020\/12\/cKp2RsQSkUzvpjDgB0aO1xkrQ0kRuqSRyBFgVOZ5hgMlfvSeBFNjNAiE8da3cAGMPesdfnVGoYp7R4Ck.png\" alt=\"\"\/><\/figure><\/div>\n\n\n\n<p>J\u00e1 pelo Expressa, a Saraiva publicar\u00e1 livros t\u00e9cnicos nas \u00e1reas de Administra\u00e7\u00e3o e Direito no formato exclusivamente digitais e em textos curtos pensados em estudantes e profissionais que buscam novas tend\u00eancias e expans\u00e3o dos seus conhecimentos. O mote do selo \u00e9 poupar o tempo dos leitores \u2013 da\u00ed o nome Expressa. De cara, o selo sai com 10 t\u00edtulos.&nbsp;<em>Com\u00e9rcio eletr\u00f4nico e legisla\u00e7\u00e3o aplic\u00e1vel<\/em>, de Tarc\u00edsio Teixeira;&nbsp;<em>T\u00e9cnicas de vendas e e-commerce<\/em>, de Alexandre de Campos e Verci Douglas Garcia Goulart, e&nbsp;<em>Direito eleitoral &#8211; crimes eleitorais<\/em>, de Carlos M\u00e1rio da Silva Veloso e Walter de Moura Agra, s\u00e3o alguns dos t\u00edtulos j\u00e1 dispon\u00edveis.<\/p>\n\n\n\n<div class=\"wp-block-image\"><figure class=\"aligncenter\"><img decoding=\"async\" src=\"https:\/\/www.publishnews.com.br\/estaticos\/uploads\/2020\/12\/9ar6fbWYrYY1KDXG626Uc03lzyHL7b5ulBvj26FNbp1pID0m3ZcNVHSeet0CZGkXrpITrAONB9Lyx8q3.jpg\" alt=\"\"\/><\/figure><\/div>\n\n\n\n<p>Os livros est\u00e3o dispon\u00edveis na Kobo e na Amazon e os clientes do Kindle Unlimited, o servi\u00e7o de assinaturas de e-books da Amazon, t\u00eam acesso liberado aos t\u00edtulos.<\/p>\n\n\n\n<p>Para Fl\u00e1via Bravin, diretora da Saraiva Educa\u00e7\u00e3o, o novo selo quer dar uma resposta r\u00e1pida ao que chamou de \u201cinfla\u00e7\u00e3o legislativa\u201d, t\u00edtulos que perecem muito r\u00e1pido dadas as din\u00e2micas do setor jur\u00eddico, por exemplo. \u201cCom o Expressa quisemos oferecer agilidade para conte\u00fados quentes, que est\u00e3o sendo debatidos ou foram aprovados e o mercado quer entender mais a respeito. Assim, Expressa proporciona atualiza\u00e7\u00e3o, tend\u00eancias, cortes cir\u00fargicos de temas importantes e frescos\u201d, explicou.<\/p>\n\n\n\n<p>Ela ressaltou que o cat\u00e1logo est\u00e1 sendo constru\u00eddo em permanente di\u00e1logo com os outros selos da Saraiva Educa\u00e7\u00e3o: \u201cO Expressa tem identidade pr\u00f3pria, mas conversa com todo nosso cat\u00e1logo e selos existentes: Ci\u00eancias Sociais Aplicadas (Expressa by Saraiva Uni), T\u00e9cnicos (Expressa by Erica), Neg\u00f3cios (Expressa by Benvir\u00e1)\u201d.<\/p>\n\n\n\n<p>Fl\u00e1via aponta que t\u00edtulos que tiverem um desempenho relevante no formato digital poder\u00e3o ser vendidos tamb\u00e9m em papel. \u201cQueremos que alguns livros existam apenas no selo\u201d, disse, fazendo a ressalva de que outros t\u00edtulos poder\u00e3o ser impressos, respeitando \u201ca demanda, com novos conte\u00fados que o autor produza, com feedback dos nossos leitores, com a maturidade e&nbsp;<em>timing&nbsp;<\/em>pro impresso\u201d.<\/p>\n","protected":false},"excerpt":{"rendered":"<p>Como resposta ao crescimento do consumo de e-books por brasileiros, Saraiva Educa\u00e7\u00e3o e Record colocam no mercado selos por onde publicar\u00e3o t\u00edtulos exclusivamente no formato digital Como resposta ao crescimento do consumo de e-books por brasileiros, Saraiva Educa\u00e7\u00e3o e Record colocam no mercado selos por onde publicar\u00e3o t\u00edtulos exclusivamente no formato digital | \u00a9Aleksandravicius \/ &#8230; <a title=\"Duas grandes editoras lan\u00e7am selos para publicar exclusivamente livros digitais\" class=\"read-more\" href=\"https:\/\/mundobibliotecario.com.br\/index.php\/2020\/12\/15\/duas-grandes-editoras-lancam-selos-para-publicar-exclusivamente-livros-digitais\/\" aria-label=\"Read more about Duas grandes editoras lan\u00e7am selos para publicar exclusivamente livros digitais\">Ler mais<\/a><\/p>\n","protected":false},"author":1,"featured_media":0,"comment_status":"open","ping_status":"open","sticky":false,"template":"","format":"standard","meta":{"_mi_skip_tracking":false,"_exactmetrics_sitenote_active":false,"_exactmetrics_sitenote_note":"","_exactmetrics_sitenote_category":0,"_jetpack_newsletter_access":"","footnotes":""},"categories":[60],"tags":[115,731,1907,1908,1909,1910],"class_list":["post-7967","post","type-post","status-publish","format-standard","hentry","category-noticias","tag-e-book","tag-e-books","tag-e-stante","tag-expressa","tag-record","tag-saraiva"],"jetpack_featured_media_url":"","jetpack_sharing_enabled":true,"jetpack-related-posts":[{"id":4951,"url":"https:\/\/mundobibliotecario.com.br\/index.php\/2018\/07\/23\/7-plataformas-para-autopublicacao-para-novos-escritores\/","url_meta":{"origin":7967,"position":0},"title":"7 plataformas para autopublica\u00e7\u00e3o para novos escritores","author":"mundobibliotecario","date":"23\/07\/2018","format":false,"excerpt":"Publicar um livro ainda \u00e9 tarefa \u00e1rdua, especialmente quando o autor busca unicamente da forma mais tradicional, esperando ter enfim seu original aprovado por uma grande editora. No entanto, hoje existem alternativas interessantes, num mercado que cresce diariamente, pois as plataformas de autopublica\u00e7\u00e3o possibilitam a todos que desejem publicar e\u2026","rel":"","context":"Em &quot;Not\u00edcias&quot;","block_context":{"text":"Not\u00edcias","link":"https:\/\/mundobibliotecario.com.br\/index.php\/category\/noticias\/"},"img":{"alt_text":"","src":"","width":0,"height":0},"classes":[]},{"id":1370,"url":"https:\/\/mundobibliotecario.com.br\/index.php\/2010\/07\/17\/o-concorrente-brasileiro-do-kindle\/","url_meta":{"origin":7967,"position":1},"title":"O concorrente brasileiro do Kindle","author":"mundobibliotecario","date":"17\/07\/2010","format":false,"excerpt":"ISTO \u00c9 DINHEIRO, 14.07.10, p. 44-49 \/ Neg\u00f3cios A maior fabricante de computadores do Brasil lan\u00e7a o Alfa, um e-book para revolucionar o mercado editorial no Pa\u00eds. Mas essa n\u00e3o \u00e9 a \u00fanica novidade. Ela vai tamb\u00e9m fabricar tev\u00eas, celulares e tablets Por Ralphe Manzoni Jr. Ele tem 8,9 mil\u00edmetros\u2026","rel":"","context":"Em &quot;Not\u00edcias&quot;","block_context":{"text":"Not\u00edcias","link":"https:\/\/mundobibliotecario.com.br\/index.php\/category\/noticias\/"},"img":{"alt_text":"","src":"","width":0,"height":0},"classes":[]},{"id":7960,"url":"https:\/\/mundobibliotecario.com.br\/index.php\/2020\/12\/08\/publicada-instrucao-sobre-a-regulamentacao-da-biblioteca-digital-da-justica-eleitoral\/","url_meta":{"origin":7967,"position":2},"title":"Publicada instru\u00e7\u00e3o sobre a regulamenta\u00e7\u00e3o da Biblioteca Digital da Justi\u00e7a Eleitoral","author":"mundobibliotecario","date":"08\/12\/2020","format":false,"excerpt":"Ferramenta permite consulta a documentos e publica\u00e7\u00f5es sobre mat\u00e9ria eleitoral e partid\u00e1ria Fonte: TSE Foi publicada no\u00a0Di\u00e1rio da Justi\u00e7a Eletr\u00f4nico do Tribunal Superior Eleitoral\u00a0(DJe\/TSE) do dia 24 de novembro a Instru\u00e7\u00e3o Normativa TSE n\u00b0 8, de 20 de novembro, que trata da regulamenta\u00e7\u00e3o da Biblioteca Digital da Justi\u00e7a Eleitoral (BDJE).\u2026","rel":"","context":"Em &quot;Not\u00edcias&quot;","block_context":{"text":"Not\u00edcias","link":"https:\/\/mundobibliotecario.com.br\/index.php\/category\/noticias\/"},"img":{"alt_text":"","src":"","width":0,"height":0},"classes":[]},{"id":7891,"url":"https:\/\/mundobibliotecario.com.br\/index.php\/2020\/10\/20\/ranking-de-repositorios-coloca-sistema-de-bibliotecas-da-fgv-no-top-5-brasileiro\/","url_meta":{"origin":7967,"position":3},"title":"Ranking de reposit\u00f3rios coloca Sistema de Bibliotecas da FGV no top 5 brasileiro","author":"mundobibliotecario","date":"20\/10\/2020","format":false,"excerpt":"O objetivo do Ranking \u00e9 apoiar as iniciativas de Acesso Aberto e, consequentemente, o acesso gratuito \u00e0s publica\u00e7\u00f5es cient\u00edficas em formato eletr\u00f4nico e a outros materiais acad\u00eamicos. O ranking avalia crit\u00e9rios como a visibilidade global e o impacto dos reposit\u00f3rios cient\u00edficos. \u00a0 O Sistema de Bibliotecas da FGV est\u00e1 no\u2026","rel":"","context":"Em &quot;Not\u00edcias&quot;","block_context":{"text":"Not\u00edcias","link":"https:\/\/mundobibliotecario.com.br\/index.php\/category\/noticias\/"},"img":{"alt_text":"","src":"","width":0,"height":0},"classes":[]},{"id":2946,"url":"https:\/\/mundobibliotecario.com.br\/index.php\/2013\/02\/25\/templo-do-livro-modelo-em-xeque\/","url_meta":{"origin":7967,"position":4},"title":"Templo do livro, modelo em xeque","author":"mundobibliotecario","date":"25\/02\/2013","format":false,"excerpt":"Bibliotec\u00e1rios do Reino Unido ficaram em polvorosa com uma recente declara\u00e7\u00e3o do escritor ingl\u00eas Terry Deary. Autor de obras infantis e juvenis, publicadas inclusive no Brasil, ele disse: \"As bibliotecas tiveram seu momento. Elas s\u00e3o uma ideia vitoriana e estamos na era digital. Ou mudam e se adaptam ou dever\u00e3o\u2026","rel":"","context":"Em &quot;Not\u00edcias&quot;","block_context":{"text":"Not\u00edcias","link":"https:\/\/mundobibliotecario.com.br\/index.php\/category\/noticias\/"},"img":{"alt_text":"","src":"","width":0,"height":0},"classes":[]},{"id":7855,"url":"https:\/\/mundobibliotecario.com.br\/index.php\/2020\/10\/01\/os-8-melhores-aplicativos-de-audiolivro\/","url_meta":{"origin":7967,"position":5},"title":"Os 8 Melhores Aplicativos de Audiolivro","author":"mundobibliotecario","date":"01\/10\/2020","format":false,"excerpt":"Hoje em dia, tirar um tempo livre para ler um livro extenso pode ser extremamente dif\u00edcil, ainda mais por conta das rotinas corriqueiras do cotidiano. Al\u00e9m disso, nem sempre temos paci\u00eancia para parar e ler, p\u00e1gina por p\u00e1gina, de algum livro de romance ou algum um pouco mais t\u00e9cnico.\u00a0 Foi\u2026","rel":"","context":"Em &quot;Not\u00edcias&quot;","block_context":{"text":"Not\u00edcias","link":"https:\/\/mundobibliotecario.com.br\/index.php\/category\/noticias\/"},"img":{"alt_text":"","src":"","width":0,"height":0},"classes":[]}],"jetpack_likes_enabled":true,"jetpack_shortlink":"https:\/\/wp.me\/pcbzwa-24v","_links":{"self":[{"href":"https:\/\/mundobibliotecario.com.br\/index.php\/wp-json\/wp\/v2\/posts\/7967","targetHints":{"allow":["GET"]}}],"collection":[{"href":"https:\/\/mundobibliotecario.com.br\/index.php\/wp-json\/wp\/v2\/posts"}],"about":[{"href":"https:\/\/mundobibliotecario.com.br\/index.php\/wp-json\/wp\/v2\/types\/post"}],"author":[{"embeddable":true,"href":"https:\/\/mundobibliotecario.com.br\/index.php\/wp-json\/wp\/v2\/users\/1"}],"replies":[{"embeddable":true,"href":"https:\/\/mundobibliotecario.com.br\/index.php\/wp-json\/wp\/v2\/comments?post=7967"}],"version-history":[{"count":2,"href":"https:\/\/mundobibliotecario.com.br\/index.php\/wp-json\/wp\/v2\/posts\/7967\/revisions"}],"predecessor-version":[{"id":7969,"href":"https:\/\/mundobibliotecario.com.br\/index.php\/wp-json\/wp\/v2\/posts\/7967\/revisions\/7969"}],"wp:attachment":[{"href":"https:\/\/mundobibliotecario.com.br\/index.php\/wp-json\/wp\/v2\/media?parent=7967"}],"wp:term":[{"taxonomy":"category","embeddable":true,"href":"https:\/\/mundobibliotecario.com.br\/index.php\/wp-json\/wp\/v2\/categories?post=7967"},{"taxonomy":"post_tag","embeddable":true,"href":"https:\/\/mundobibliotecario.com.br\/index.php\/wp-json\/wp\/v2\/tags?post=7967"}],"curies":[{"name":"wp","href":"https:\/\/api.w.org\/{rel}","templated":true}]}}