{"id":7980,"date":"2020-12-21T16:00:00","date_gmt":"2020-12-21T19:00:00","guid":{"rendered":"http:\/\/mundobibliotecario.com.br\/?p=7980"},"modified":"2020-12-21T13:52:23","modified_gmt":"2020-12-21T16:52:23","slug":"2020-e-covid-19-breve-reflexao-a-biblioteconomia-e-as-bibliotecas-juridicas","status":"publish","type":"post","link":"https:\/\/mundobibliotecario.com.br\/index.php\/2020\/12\/21\/2020-e-covid-19-breve-reflexao-a-biblioteconomia-e-as-bibliotecas-juridicas\/","title":{"rendered":"2020 e covid-19: Breve reflex\u00e3o \u00e0 biblioteconomia e as bibliotecas jur\u00eddicas"},"content":{"rendered":"\n<blockquote class=\"wp-block-quote is-layout-flow wp-block-quote-is-layout-flow\"><p><em>&#8220;Na teoria, n\u00e3o h\u00e1 diferen\u00e7a entre teoria e pr\u00e1tica. Mas, na pr\u00e1tica tem&#8221; &#8211; Jan L.A van de Snepscheut<\/em><\/p><\/blockquote>\n\n\n\n<div class=\"wp-block-image\"><figure class=\"aligncenter\"><img decoding=\"async\" src=\"https:\/\/img2.migalhas.uol.com.br\/_MEDPROC_\/https__img1.migalhas.uol.com.br__SL__gf_base__SL__empresas__SL__MIGA__SL__imagens__SL__2020__SL__12__SL__16__SL__b57686b4-5584-4852-b82c-dc4611fe34e6.jpg._PROC_CP75.jpg\" alt=\"(Imagem: Arte Migalhas)\"\/><figcaption>(Imagem: Arte Migalhas)<\/figcaption><\/figure><\/div>\n\n\n\n<p>O ano de 2020 e a pandemia do Coronav\u00edrus trouxeram oportunidade de reflex\u00e3o para os profissionais atuantes em bibliotecas jur\u00eddicas e ao mundo da Biblioteconomia em geral.<\/p>\n\n\n\n<p>Procedimentos, condutas, m\u00e9todos de trabalho, sistemas de gerenciamento de acervo, padroniza\u00e7\u00e3o e assuntos discutidos de forma morna tornaram-se objeto de f\u00f3runs, eventos on-line e grupos de estudos.<\/p>\n\n\n\n<p>Alguns temas merecem ser lembrados e analisados com maior \u00eanfase em 2021:<\/p>\n\n\n\n<p>*Pol\u00edtica de indexa\u00e7\u00e3o e controle de vocabul\u00e1rios controlados &#8211; Procedimento que deve ser seguido com padr\u00f5es muito bem estabelecidos. Neste ponto, algumas mudan\u00e7as de cen\u00e1rio est\u00e3o ocorrendo de forma lenta, principalmente no quesito desenvolvimento de sistemas de gerenciamento de acervo. N\u00e3o descarto aqui a import\u00e2ncia do trabalho cotidiano e exaustivo do bibliotec\u00e1rio na tentativa de controlar o vocabul\u00e1rio de sua unidade de informa\u00e7\u00e3o. Ferramentas como ontologias e web sem\u00e2ntica precisam ser objeto de desenvolvimento constante por parte das principais empresas de software de bibliotecas. Sabemos tratar-se de um esfor\u00e7o multidisciplinar, equipe formada por profissionais diversos e alto investimento tecnol\u00f3gico. Todavia, gerenciamento de acervos inclui sem\u00e2nticas espec\u00edficas.<\/p>\n\n\n\n<p><strong>*<\/strong>Pol\u00edtica de padroniza\u00e7\u00e3o descritiva de arquivos eletr\u00f4nicos &#8211; Escrit\u00f3rios que possuem sistemas de gerenciamento de arquivos eletr\u00f4nicos com permiss\u00e3o de acesso a todos os colaboradores devem estabelecer pol\u00edtica de padroniza\u00e7\u00e3o a ser seguida por todos os n\u00edveis hier\u00e1rquicos. Para ressaltar a import\u00e2ncia deste procedimento, \u00e9 necess\u00e1rio, sempre que oportuno, refor\u00e7ar a divulga\u00e7\u00e3o de manuais e cartilhas aos colaboradores com as diretrizes descritivas de padroniza\u00e7\u00e3o, lembrando sua aplica\u00e7\u00e3o na pr\u00e1tica; arquivos descritos com o m\u00ednimo de informa\u00e7\u00f5es facilitam a recupera\u00e7\u00e3o e filtragem da informa\u00e7\u00e3o.<\/p>\n\n\n\n<p>* Plataformas e livros digitais &#8211;&nbsp;&nbsp; Assunto que tomou for\u00e7a com o cen\u00e1rio atual.&nbsp; Tema que deve ser melhor trabalhado em v\u00e1rias esferas. O mercado editorial precisa investir mais em t\u00edtulos digitais, plataformas especializadas em determinada ci\u00eancia, sempre com respeito aos direitos autorais. Em bibliotecas jur\u00eddicas o assunto precisa ser discutido internamente. Frequentemente usu\u00e1rios questionam sobre determinado t\u00edtulo estar dispon\u00edvel integralmente nas bases de dados da biblioteca. Estamos falando de respeito aos direitos autorais, e n\u00e3o ao fato da unidade de informa\u00e7\u00e3o estar ou n\u00e3o adaptada \u00e0s mudan\u00e7as tecnol\u00f3gicas. Trata-se de um esfor\u00e7o em conjunto, bibliotec\u00e1rios com a miss\u00e3o de sempre estarem atentos \u00e0s ferramentas que melhor atendam a organiza\u00e7\u00e3o e as lideran\u00e7as da organiza\u00e7\u00e3o, assim como em melhor compreender os impactos legais e de responsabilidade.<\/p>\n\n\n\n<p>&nbsp;A t\u00e3o esperada mudan\u00e7a tecnol\u00f3gica que muitos almejam &#8211; e tantos outros temem &#8211; \u00e9 um tema que n\u00e3o pode ser ignorado; est\u00e1 a\u00ed, mas n\u00e3o se trata somente da in\u00e9rcia profissional do bibliotec\u00e1rio ou dos produtos dispon\u00edveis no mercado. Escrit\u00f3rios especializados requerem ferramentas especializadas, esfor\u00e7o e m\u00e3o de obra pensante especializadas. Enquanto os mercados jur\u00eddico e bibliotecon\u00f4mico tecnol\u00f3gico n\u00e3o se atentarem a este ponto, pouco avan\u00e7aremos no que realmente \u00e9 importante e oportuno mudar.&nbsp;<\/p>\n\n\n\n<p>Que 2020 traga reflex\u00e3o acerca das pr\u00e1ticas adotadas e 2021 a oportunidade de discuss\u00e3o para melhorias, aprimoramento e revis\u00e3o de procedimentos, condutas e m\u00e9todos de trabalho, em um esfor\u00e7o coletivo.<\/p>\n\n\n\n<h3 class=\"wp-block-heading\">J\u00e9ssica Melissa Poquini<\/h3>\n\n\n\n<p>Bibliotec\u00e1ria no escrit\u00f3rio Dias de Souza Advogados Associados. Bacharel em Biblioteconomia e Ci\u00eancia da Informa\u00e7\u00e3o pela FESPSP. P\u00f3s-graduada em Gest\u00e3o de Projetos Culturais pela USP.<\/p>\n\n\n\n<p>Dispon\u00edvel em: <a href=\"https:\/\/migalhas.uol.com.br\/depeso\/338060\/2020-e-covid-19--breve-reflexao-a-biblioteconomia-e-as-bibliotecas-juridicas\" target=\"_blank\" rel=\"noreferrer noopener\">https:\/\/migalhas.uol.com.br\/depeso\/338060\/2020-e-covid-19&#8211;breve-reflexao-a-biblioteconomia-e-as-bibliotecas-juridicas<\/a>. Acesso em: 21 dez. 2020.<\/p>\n","protected":false},"excerpt":{"rendered":"<p>&#8220;Na teoria, n\u00e3o h\u00e1 diferen\u00e7a entre teoria e pr\u00e1tica. Mas, na pr\u00e1tica tem&#8221; &#8211; Jan L.A van de Snepscheut O ano de 2020 e a pandemia do Coronav\u00edrus trouxeram oportunidade de reflex\u00e3o para os profissionais atuantes em bibliotecas jur\u00eddicas e ao mundo da Biblioteconomia em geral. Procedimentos, condutas, m\u00e9todos de trabalho, sistemas de gerenciamento de &#8230; <a title=\"2020 e covid-19: Breve reflex\u00e3o \u00e0 biblioteconomia e as bibliotecas jur\u00eddicas\" class=\"read-more\" href=\"https:\/\/mundobibliotecario.com.br\/index.php\/2020\/12\/21\/2020-e-covid-19-breve-reflexao-a-biblioteconomia-e-as-bibliotecas-juridicas\/\" aria-label=\"Read more about 2020 e covid-19: Breve reflex\u00e3o \u00e0 biblioteconomia e as bibliotecas jur\u00eddicas\">Ler mais<\/a><\/p>\n","protected":false},"author":1,"featured_media":0,"comment_status":"open","ping_status":"open","sticky":false,"template":"","format":"standard","meta":{"_mi_skip_tracking":false,"_exactmetrics_sitenote_active":false,"_exactmetrics_sitenote_note":"","_exactmetrics_sitenote_category":0,"_jetpack_newsletter_access":"","footnotes":""},"categories":[60],"tags":[565,1915],"class_list":["post-7980","post","type-post","status-publish","format-standard","hentry","category-noticias","tag-biblioteca-juridica","tag-bibliotecas-juridicas"],"jetpack_featured_media_url":"","jetpack_sharing_enabled":true,"jetpack-related-posts":[{"id":3539,"url":"https:\/\/mundobibliotecario.com.br\/index.php\/2014\/07\/16\/curso-indexacao-de-assuntos-de-documentos-juridicos-conceitos-teorias-metodologias-praticas-e-tendencias\/","url_meta":{"origin":7980,"position":0},"title":"Curso &#8220;Indexa\u00e7\u00e3o de assuntos de documentos jur\u00eddicos: conceitos, teorias, metodologias, pr\u00e1ticas e tend\u00eancias&#8221;","author":"mundobibliotecario","date":"16\/07\/2014","format":false,"excerpt":"Contribui\u00e7\u00e3o de Irene Butti. *** Vamos promover o curso abaixo e ser\u00e1 muito bom t\u00ea-los neste evento em S\u00e3o Paulo! Os cursos \u201cin company\u201d foram um sucesso ! Pe\u00e7o a gentileza de compartilhar com colegas! Inscri\u00e7\u00f5es e informa\u00e7\u00f5es sobre pagamento atrav\u00e9s do e-mail :\u00a0irene_btt@yahoo.com.br\u00a0at\u00e9 dia 28 de julho pr\u00f3ximo !\u2026","rel":"","context":"Em &quot;Curso&quot;","block_context":{"text":"Curso","link":"https:\/\/mundobibliotecario.com.br\/index.php\/category\/curso\/"},"img":{"alt_text":"","src":"","width":0,"height":0},"classes":[]},{"id":1735,"url":"https:\/\/mundobibliotecario.com.br\/index.php\/2011\/02\/09\/estagio-de-biblioteconomia-area-juridica\/","url_meta":{"origin":7980,"position":1},"title":"Est\u00e1gio de Biblioteconomia &#8211; \u00c1rea Jur\u00eddica","author":"mundobibliotecario","date":"09\/02\/2011","format":false,"excerpt":"Escrit\u00f3rio de advocacia busca estagi\u00e1rios de Biblioteconomia no perfil abaixo: Estudantes de Biblioteconomia a partir do 3\u00ba per\u00edodo; Pacote Office \u0096 N\u00edvel Intermedi\u00e1rio Hor\u00e1rio de est\u00e1gio: 12h \u00e0s 18h \u00e0s 13h \u00e0s 19h. \u00c1rea de Atua\u00e7\u00e3o: Biblioteca e Arquivo Jur\u00eddico Local de Trabalho: Itaim Bibi \u0096 SP Bolsa Aux\u00edlio \u0096\u2026","rel":"","context":"Em &quot;Est\u00e1gio&quot;","block_context":{"text":"Est\u00e1gio","link":"https:\/\/mundobibliotecario.com.br\/index.php\/category\/estagio\/"},"img":{"alt_text":"","src":"","width":0,"height":0},"classes":[]},{"id":10298,"url":"https:\/\/mundobibliotecario.com.br\/index.php\/2023\/02\/28\/14-852-pessoas-estao-pesquisando-sobre-biblioteconomia-juridica-e-por-que-voce-deveria-fazer-o-mesmo\/","url_meta":{"origin":7980,"position":2},"title":"14.852 pessoas est\u00e3o pesquisando sobre Biblioteconomia jur\u00eddica \u2013 e por que voc\u00ea deveria fazer o mesmo","author":"mundobibliotecario","date":"28\/02\/2023","format":false,"excerpt":"Voc\u00ea j\u00e1 ouviu falar de Biblioteconomia jur\u00eddica. Ela \u00e9 uma especialidade da Biblioteconomia que tem alguns dos sal\u00e1rios mais altos da \u00e1rea. Aqui est\u00e3o alguns deles: Tribunal de Justi\u00e7a do Rio Grande do Norte: R$ 6.637,44 Assembleia Legislativa do Estado do Maranh\u00e3o: R$ 7.902,06 Tribunal Regional do Trabalho \u2013 23\u00aa\u2026","rel":"","context":"Em &quot;Curso&quot;","block_context":{"text":"Curso","link":"https:\/\/mundobibliotecario.com.br\/index.php\/category\/curso\/"},"img":{"alt_text":"","src":"https:\/\/i0.wp.com\/mundobibliotecario.com.br\/wp-content\/uploads\/2023\/02\/Guia-do-Bibliotecario-Juridico.jpeg?resize=350%2C200&ssl=1","width":350,"height":200},"classes":[]},{"id":1279,"url":"https:\/\/mundobibliotecario.com.br\/index.php\/2010\/05\/23\/vaga-bibliotecario-em-escritorio-juridico\/","url_meta":{"origin":7980,"position":3},"title":"Vaga Bibliotec\u00e1rio em escrit\u00f3rio jur\u00eddico","author":"mundobibliotecario","date":"23\/05\/2010","format":false,"excerpt":"Barbosa, M\u00fcssnich & Arag\u00e3o \u00e9 um escrit\u00f3rio de advocacia de grande porte com cerca de 650 integrantes, que est\u00e1 entre os 10 maiores do Brasil. O escrit\u00f3rio, fundado em 1995, est\u00e1 presente nas cidades do Rio de Janeiro, S\u00e3o Paulo, Bras\u00edlia e Belo Horizonte, atuando nos mais diversos campos do\u2026","rel":"","context":"Em &quot;Emprego&quot;","block_context":{"text":"Emprego","link":"https:\/\/mundobibliotecario.com.br\/index.php\/category\/emprego\/"},"img":{"alt_text":"","src":"","width":0,"height":0},"classes":[]},{"id":1245,"url":"https:\/\/mundobibliotecario.com.br\/index.php\/2010\/04\/29\/curso-gratuito-o-profissional-da-informacao-na-area-juridica\/","url_meta":{"origin":7980,"position":4},"title":"Curso gratuito &#8211; O PROFISSIONAL DA INFORMACAO NA AREA JUR\u00cdDICA","author":"mundobibliotecario","date":"29\/04\/2010","format":false,"excerpt":"Palestrante: Solange Simoes Ferreira do O, bibliotecaria formada pela USP, experiencia profissional de 20 anos na area Juridica atuando em escritorios de advocacia, entidades de classe, consultoria em organizacao de bibliotecas e arquivos. Atualmente,\u00a0 gerente do Nucleo de Pesquisa e Documentacao do escritorio Mattos Filho, Veiga Filho, Marrey Jr e\u2026","rel":"","context":"Em &quot;Curso&quot;","block_context":{"text":"Curso","link":"https:\/\/mundobibliotecario.com.br\/index.php\/category\/curso\/"},"img":{"alt_text":"","src":"","width":0,"height":0},"classes":[]},{"id":1512,"url":"https:\/\/mundobibliotecario.com.br\/index.php\/2010\/10\/13\/estagio-de-biblioteconomia-em-escritorio-de-advocacia\/","url_meta":{"origin":7980,"position":5},"title":"Est\u00e1gio de biblioteconomia em escrit\u00f3rio de advocacia","author":"mundobibliotecario","date":"13\/10\/2010","format":false,"excerpt":"Empresa: BKBG Sociedade de Advogados Local: Itaim Bibi Ramo de Atividade: Escrit\u00f3rio Jur\u00eddico Vaga: Est\u00e1gio Escolaridade: 1\u00ba ano; 2\u00ba ano e 3\u00ba ano de Biblioteconomia Hor\u00e1rio: 10:00 \u00e0s 17:30 com 1h e 30m de almo\u00e7o (2\u00ba a 6\u00ba) Benef\u00edcios: VT+VR (R$ 18,00) + Seguro de Vida + 1\u00ba ano R$\u2026","rel":"","context":"Em &quot;Est\u00e1gio&quot;","block_context":{"text":"Est\u00e1gio","link":"https:\/\/mundobibliotecario.com.br\/index.php\/category\/estagio\/"},"img":{"alt_text":"","src":"","width":0,"height":0},"classes":[]}],"jetpack_likes_enabled":true,"jetpack_shortlink":"https:\/\/wp.me\/pcbzwa-24I","_links":{"self":[{"href":"https:\/\/mundobibliotecario.com.br\/index.php\/wp-json\/wp\/v2\/posts\/7980","targetHints":{"allow":["GET"]}}],"collection":[{"href":"https:\/\/mundobibliotecario.com.br\/index.php\/wp-json\/wp\/v2\/posts"}],"about":[{"href":"https:\/\/mundobibliotecario.com.br\/index.php\/wp-json\/wp\/v2\/types\/post"}],"author":[{"embeddable":true,"href":"https:\/\/mundobibliotecario.com.br\/index.php\/wp-json\/wp\/v2\/users\/1"}],"replies":[{"embeddable":true,"href":"https:\/\/mundobibliotecario.com.br\/index.php\/wp-json\/wp\/v2\/comments?post=7980"}],"version-history":[{"count":1,"href":"https:\/\/mundobibliotecario.com.br\/index.php\/wp-json\/wp\/v2\/posts\/7980\/revisions"}],"predecessor-version":[{"id":7981,"href":"https:\/\/mundobibliotecario.com.br\/index.php\/wp-json\/wp\/v2\/posts\/7980\/revisions\/7981"}],"wp:attachment":[{"href":"https:\/\/mundobibliotecario.com.br\/index.php\/wp-json\/wp\/v2\/media?parent=7980"}],"wp:term":[{"taxonomy":"category","embeddable":true,"href":"https:\/\/mundobibliotecario.com.br\/index.php\/wp-json\/wp\/v2\/categories?post=7980"},{"taxonomy":"post_tag","embeddable":true,"href":"https:\/\/mundobibliotecario.com.br\/index.php\/wp-json\/wp\/v2\/tags?post=7980"}],"curies":[{"name":"wp","href":"https:\/\/api.w.org\/{rel}","templated":true}]}}