{"id":816,"date":"2009-08-19T09:59:02","date_gmt":"2009-08-19T12:59:02","guid":{"rendered":"http:\/\/mundobibliotecario.wordpress.com\/?p=816"},"modified":"2020-07-18T18:32:46","modified_gmt":"2020-07-18T21:32:46","slug":"concurso-secretaria-do-meio-ambiente-de-sp-instituto-geologico","status":"publish","type":"post","link":"https:\/\/mundobibliotecario.com.br\/index.php\/2009\/08\/19\/concurso-secretaria-do-meio-ambiente-de-sp-instituto-geologico\/","title":{"rendered":"Concurso &#8211; Secretaria do Meio Ambiente de SP (Instituto Geol\u00f3gico)"},"content":{"rendered":"<div>Concurso p\u00fablico &#8211; Secretaria do Meio Ambiente do Estado de S\u00e3o Paulo &#8211; Instituto Geol\u00f3gico<\/div>\n<div>\u00a0<\/div>\n<div><a href=\"http:\/\/mundobibliotecario.com.br\/index.php\/2009\/08\/19\/concurso-secretaria-do-meio-ambiente-de-sp-instituto-geologico\/\">http:\/\/www.cetroconcursos.com.br\/Projetos\/Inst_Geologico_SP_2009\/EDITAL_IG_%20001-2009.pdf<\/a><\/div>\n<div>\u00a0<\/div>\n<div>Inscri\u00e7\u00f5es pela internet at\u00e9 <strong>21\/08<\/strong>, para cargos de ensino fundamental a Superior.<\/div>\n<div>valores de R$ 22,00 a R$ 45,00.<\/div>\n<div>Cargos de: Auxiliar, agente, t\u00e9cnico e assistente t\u00e9cnico de pesquisa cient\u00edfica tecnol\u00f3gica.<\/div>\n<div>\u00a0<\/div>\n<div><strong>Total de 540\u00a0 vagas. N\u00edvel Superior para Bibliotec\u00e1rio.<\/strong><\/div>\n","protected":false},"excerpt":{"rendered":"<p>Concurso p\u00fablico &#8211; Secretaria do Meio Ambiente do Estado de S\u00e3o Paulo &#8211; Instituto Geol\u00f3gico \u00a0 http:\/\/www.cetroconcursos.com.br\/Projetos\/Inst_Geologico_SP_2009\/EDITAL_IG_%20001-2009.pdf \u00a0 Inscri\u00e7\u00f5es pela internet at\u00e9 21\/08, para cargos de ensino fundamental a Superior. valores de R$ 22,00 a R$ 45,00. Cargos de: Auxiliar, agente, t\u00e9cnico e assistente t\u00e9cnico de pesquisa cient\u00edfica tecnol\u00f3gica. \u00a0 Total de 540\u00a0 vagas. N\u00edvel &#8230; <a title=\"Concurso &#8211; Secretaria do Meio Ambiente de SP (Instituto Geol\u00f3gico)\" class=\"read-more\" href=\"https:\/\/mundobibliotecario.com.br\/index.php\/2009\/08\/19\/concurso-secretaria-do-meio-ambiente-de-sp-instituto-geologico\/\" aria-label=\"Read more about Concurso &#8211; Secretaria do Meio Ambiente de SP (Instituto Geol\u00f3gico)\">Ler mais<\/a><\/p>\n","protected":false},"author":1,"featured_media":0,"comment_status":"open","ping_status":"open","sticky":false,"template":"","format":"standard","meta":{"_mi_skip_tracking":false,"_exactmetrics_sitenote_active":false,"_exactmetrics_sitenote_note":"","_exactmetrics_sitenote_category":0,"_jetpack_newsletter_access":"","footnotes":""},"categories":[168],"tags":[235],"class_list":["post-816","post","type-post","status-publish","format-standard","hentry","category-concurso","tag-concurso-de-biblioteconomia"],"jetpack_featured_media_url":"","jetpack_sharing_enabled":true,"jetpack-related-posts":[{"id":1037,"url":"https:\/\/mundobibliotecario.com.br\/index.php\/2010\/01\/01\/instituto-nacional-do-cancer-abre-concurso-para-191-vagas\/","url_meta":{"origin":816,"position":0},"title":"Instituto Nacional do C\u00e2ncer abre concurso para 191 vagas","author":"mundobibliotecario","date":"01\/01\/2010","format":false,"excerpt":"Remunera\u00e7\u00e3o N\u00edvel Superior - R$ 2.419,07 N\u00edvel M\u00e9dio - R$ 1.331,97 Taxa de Inscri\u00e7\u00e3o: R$ 110,00 n\u00edvel superior e R$ 60,00 n\u00edvel m\u00e9dio. Data de Inscri\u00e7\u00e3o: 21 de janeiro a 3 de fevereiro Cargo Biblioteconomia: Tecnologista j\u00fanior \u2013 \u00e1rea: biblioteconomia \u2013 divulga\u00e7\u00e3o cient\u00edfica na \u00e1rea de sa\u00fade. Link: http:\/\/www.cespe.unb.br\/concursos\/inca2009\/","rel":"","context":"Em &quot;Concurso&quot;","block_context":{"text":"Concurso","link":"https:\/\/mundobibliotecario.com.br\/index.php\/category\/concurso\/"},"img":{"alt_text":"","src":"","width":0,"height":0},"classes":[]},{"id":364,"url":"https:\/\/mundobibliotecario.com.br\/index.php\/2009\/02\/12\/concurso-pgerj\/","url_meta":{"origin":816,"position":1},"title":"Concurso &#8211; PGE\/RJ","author":"mundobibliotecario","date":"12\/02\/2009","format":false,"excerpt":"Segunda-feira, 26 de janeiro de 2009 PGE\/RJ Procuradoria abre inscri\u00e7\u00f5es para 129 vagas A Procuradoria Geral do Estado do Rio de Janeiro abriu o per\u00edodo de inscri\u00e7\u00f5es para o concurso p\u00fablico que visa preencher 129 vagas de n\u00edvel m\u00e9dio e superior na capital do estado e em Bras\u00edlia (DF). O\u2026","rel":"","context":"Em &quot;Concurso&quot;","block_context":{"text":"Concurso","link":"https:\/\/mundobibliotecario.com.br\/index.php\/category\/concurso\/"},"img":{"alt_text":"","src":"","width":0,"height":0},"classes":[]},{"id":4177,"url":"https:\/\/mundobibliotecario.com.br\/index.php\/2016\/01\/07\/concurso-para-bibliotecario-e-auxiliar-de-biblioteca-no-ifsp\/","url_meta":{"origin":816,"position":2},"title":"Concurso para bibliotec\u00e1rio e auxiliar de biblioteca no IFSP","author":"mundobibliotecario","date":"07\/01\/2016","format":false,"excerpt":"Profissionais com n\u00edveis Fundamental, M\u00e9dio e Superior podem participar. Concursos \u203a Not\u00edcias \u203a Sudeste Ter\u00e7a-feira, 29 de dezembro de 2015 \u00e0s 10h32 Um novo Concurso P\u00fablico foi anunciado pelo Instituto Federal de Educa\u00e7\u00e3o, Ci\u00eancia e Tecnologia de S\u00e3o Paulo (IFSP). O objetivo \u00e9 o provimento de novas vagas de n\u00edveis\u2026","rel":"","context":"Em &quot;Concurso&quot;","block_context":{"text":"Concurso","link":"https:\/\/mundobibliotecario.com.br\/index.php\/category\/concurso\/"},"img":{"alt_text":"","src":"","width":0,"height":0},"classes":[]},{"id":1449,"url":"https:\/\/mundobibliotecario.com.br\/index.php\/2010\/09\/09\/unir-divulga-edital-para-concurso-de-tecnicos-administrativos\/","url_meta":{"origin":816,"position":3},"title":"UNIR divulga edital para concurso de t\u00e9cnicos-administrativos","author":"mundobibliotecario","date":"09\/09\/2010","format":false,"excerpt":"A Universidade Federal de Rond\u00f4nia (UNIR) divulgou, na \u00faltima sexta-feira (03), edital de concurso p\u00fablico para o quadro permanente de pessoal t\u00e9cnico-administrativo em educa\u00e7\u00e3o. No total, 10 vagas s\u00e3o oferecidas, sendo 4 para cargos de n\u00edvel m\u00e9dio e 6 para superior. Para n\u00edvel m\u00e9dio o sal\u00e1rio \u00e9 de R$ 1.821,94;\u2026","rel":"","context":"Em &quot;Concurso&quot;","block_context":{"text":"Concurso","link":"https:\/\/mundobibliotecario.com.br\/index.php\/category\/concurso\/"},"img":{"alt_text":"","src":"","width":0,"height":0},"classes":[]},{"id":366,"url":"https:\/\/mundobibliotecario.com.br\/index.php\/2009\/02\/12\/concurso-de-biblioteconomia-trtes\/","url_meta":{"origin":816,"position":4},"title":"Concurso &#8211; TRT\/ES","author":"mundobibliotecario","date":"12\/02\/2009","format":false,"excerpt":"Sexta-feira, 30 de janeiro de 2009 \u00a0 \u00a0 TRT\/ES Sal\u00e1rio de R$ 4 mil para cargo de n\u00edvel m\u00e9dio O Tribunal Regional do Trabalho (TRT) do Esp\u00edrito Santo publicou edital anunciando concurso de 145 vagas de analista e t\u00e9cnico judici\u00e1rio. O sal\u00e1rio para n\u00edvel m\u00e9dio \u00e9 de R$ 4 mil.\u2026","rel":"","context":"Em &quot;Concurso&quot;","block_context":{"text":"Concurso","link":"https:\/\/mundobibliotecario.com.br\/index.php\/category\/concurso\/"},"img":{"alt_text":"","src":"","width":0,"height":0},"classes":[]},{"id":949,"url":"https:\/\/mundobibliotecario.com.br\/index.php\/2009\/10\/27\/concurso-ministerio-da-saude\/","url_meta":{"origin":816,"position":5},"title":"Concurso &#8211; Minist\u00e9rio da Sa\u00fade","author":"mundobibliotecario","date":"27\/10\/2009","format":false,"excerpt":"Sexta-feira, 23 de outubro de 2009 Minist\u00e9rio da Sa\u00fade Concurso tem mais de 800 vagas em todo o Brasil Foi publicado no Di\u00e1rio Oficial de hoje o edital do concurso de 809 vagas de n\u00edvel m\u00e9dio e superior do Minist\u00e9rio da Sa\u00fade para todos os estados e Distrito Federal. As\u2026","rel":"","context":"Em &quot;Concurso&quot;","block_context":{"text":"Concurso","link":"https:\/\/mundobibliotecario.com.br\/index.php\/category\/concurso\/"},"img":{"alt_text":"","src":"","width":0,"height":0},"classes":[]}],"jetpack_likes_enabled":true,"jetpack_shortlink":"https:\/\/wp.me\/pcbzwa-da","_links":{"self":[{"href":"https:\/\/mundobibliotecario.com.br\/index.php\/wp-json\/wp\/v2\/posts\/816","targetHints":{"allow":["GET"]}}],"collection":[{"href":"https:\/\/mundobibliotecario.com.br\/index.php\/wp-json\/wp\/v2\/posts"}],"about":[{"href":"https:\/\/mundobibliotecario.com.br\/index.php\/wp-json\/wp\/v2\/types\/post"}],"author":[{"embeddable":true,"href":"https:\/\/mundobibliotecario.com.br\/index.php\/wp-json\/wp\/v2\/users\/1"}],"replies":[{"embeddable":true,"href":"https:\/\/mundobibliotecario.com.br\/index.php\/wp-json\/wp\/v2\/comments?post=816"}],"version-history":[{"count":1,"href":"https:\/\/mundobibliotecario.com.br\/index.php\/wp-json\/wp\/v2\/posts\/816\/revisions"}],"predecessor-version":[{"id":5769,"href":"https:\/\/mundobibliotecario.com.br\/index.php\/wp-json\/wp\/v2\/posts\/816\/revisions\/5769"}],"wp:attachment":[{"href":"https:\/\/mundobibliotecario.com.br\/index.php\/wp-json\/wp\/v2\/media?parent=816"}],"wp:term":[{"taxonomy":"category","embeddable":true,"href":"https:\/\/mundobibliotecario.com.br\/index.php\/wp-json\/wp\/v2\/categories?post=816"},{"taxonomy":"post_tag","embeddable":true,"href":"https:\/\/mundobibliotecario.com.br\/index.php\/wp-json\/wp\/v2\/tags?post=816"}],"curies":[{"name":"wp","href":"https:\/\/api.w.org\/{rel}","templated":true}]}}