{"id":8315,"date":"2021-01-11T11:00:00","date_gmt":"2021-01-11T14:00:00","guid":{"rendered":"http:\/\/mundobibliotecario.com.br\/?p=8315"},"modified":"2021-01-10T08:37:00","modified_gmt":"2021-01-10T11:37:00","slug":"versao-corrigida-errata-da-abnt-6023-2018-o-que-mudou","status":"publish","type":"post","link":"https:\/\/mundobibliotecario.com.br\/index.php\/2021\/01\/11\/versao-corrigida-errata-da-abnt-6023-2018-o-que-mudou\/","title":{"rendered":"Vers\u00e3o corrigida (Errata) da ABNT 6023\/2018: o que mudou?"},"content":{"rendered":"\n<p>No dia 26 de agosto de 2020 foi lan\u00e7ada a vers\u00e3o corrigida da ABNT 6023\/2013: Refer\u00eancias \u2013 Elabora\u00e7\u00e3o.<\/p>\n\n\n\n<figure class=\"wp-block-image\"><img decoding=\"async\" src=\"https:\/\/www.ufrgs.br\/blogdabc\/wp-content\/uploads\/2018\/11\/NORMA-NBR-6023-ATUALIZADA-2018.png\" alt=\"\"\/><\/figure>\n\n\n\n<p>Foram alterados poucos pontos, principalmente relacionados a exemplos. Seguem as altera\u00e7\u00f5es mais relevantes:<\/p>\n\n\n\n<blockquote class=\"wp-block-quote is-layout-flow wp-block-quote-is-layout-flow\"><p>Ordem de apresenta\u00e7\u00e3o dos dados em refer\u00eancias de entrevistas: o nome entrevistado entra primeiro e em seguida o nome dos entrevistadores.<\/p><\/blockquote>\n\n\n\n<p>Veja os exemplos:<\/p>\n\n\n\n<ul class=\"wp-block-list\"><li>Entrevista em artigo de peri\u00f3dico:<\/li><\/ul>\n\n\n\n<p>BAKKER, Mitchekk. Como obter sucesso na era do c\u00f3digo aberto. E ntrevistadores: Lenny Mendon\u00e7a;<br>Robert Sutton.&nbsp;<strong>HSM Management,<\/strong>&nbsp;S\u00e3o Paulo, ano 12, v. 5, n. 70, p. 102-106, set.\/out. 2008.<\/p>\n\n\n\n<ul class=\"wp-block-list\"><li>Entrevista em podcast:<\/li><\/ul>\n\n\n\n<p>ANTICAST 66: as hist\u00f3rias e teorias das cores. Entrevistada: Luciana Ma rtha Silveira. Entrevistadores:<br>Ivan Mizanzuk, Rafael Ancara e Marcos Beccari. [S. l.]: Braimstorm9, 31 jan. 2013. Podcast. Dispon\u00edvel em:<br>https:\/\/soundcloud.com\/anticastdesign\/anticast-66-as-hist-riase\/s-OImz9. Acesso em: 22 ago. 2014.<\/p>\n\n\n\n<blockquote class=\"wp-block-quote is-layout-flow wp-block-quote-is-layout-flow\"><p>O exemplo 3 do item 7.15 \u2013 Documento iconogr\u00e1fico apresenta elementos complementares<\/p><\/blockquote>\n\n\n\n<blockquote class=\"wp-block-quote is-layout-flow wp-block-quote-is-layout-flow\"><p>No item 8.13 Eventos h\u00e1 o acr\u00e9scimo da informa\u00e7\u00e3o de (sic) as obras devem ter sua entrada pelos dados do evento\u00a0<strong>no idioma do documento<\/strong><\/p><\/blockquote>\n\n\n\n<p>A vers\u00e3o corrigida j\u00e1 est\u00e1 dispon\u00edvel na&nbsp;<a href=\"http:\/\/www.gedweb.com.br\/ufrgs\">GedWeb<\/a>&nbsp;(plataforma que disponibilizamos as normas ABNT e ISO) para a comunidade acad\u00eamica da UFRGS.<\/p>\n\n\n\n<p>Salientamos que para ter acesso \u00e0s normas \u00e9 necess\u00e1ria a configura\u00e7\u00e3o de Proxy (consulte tutoriais&nbsp;<a href=\"https:\/\/www.ufrgs.br\/bibliotecas\/pesquisa\/proxy\/\">aqui<\/a>) e s\u00f3 est\u00e1 dispon\u00edvel para pessoas com v\u00ednculo ativo com a Universidade.<\/p>\n\n\n\n<blockquote class=\"wp-block-quote is-layout-flow wp-block-quote-is-layout-flow\"><p>No nosso blog tem um post com todas as principais altera\u00e7\u00f5es da norma de 2002 para a de 2018: acesse&nbsp;<a href=\"https:\/\/www.ufrgs.br\/blogdabc\/nbr-60232018-de-referencias-bibliograficas-principais-alteracoes\/\">aqui.<\/a><\/p><\/blockquote>\n\n\n\n<p>Dispon\u00edvel em: <a href=\"https:\/\/www.ufrgs.br\/blogdabc\/versao-corrigida-da-abnt-6023-2018-o-que-mudou\/\" target=\"_blank\" rel=\"noreferrer noopener\">https:\/\/www.ufrgs.br\/blogdabc\/versao-corrigida-da-abnt-6023-2018-o-que-mudou\/<\/a>. Acesso em: 10 jan. 2021.<\/p>\n","protected":false},"excerpt":{"rendered":"<p>No dia 26 de agosto de 2020 foi lan\u00e7ada a vers\u00e3o corrigida da ABNT 6023\/2013: Refer\u00eancias \u2013 Elabora\u00e7\u00e3o. Foram alterados poucos pontos, principalmente relacionados a exemplos. Seguem as altera\u00e7\u00f5es mais relevantes: Ordem de apresenta\u00e7\u00e3o dos dados em refer\u00eancias de entrevistas: o nome entrevistado entra primeiro e em seguida o nome dos entrevistadores. Veja os exemplos: &#8230; <a title=\"Vers\u00e3o corrigida (Errata) da ABNT 6023\/2018: o que mudou?\" class=\"read-more\" href=\"https:\/\/mundobibliotecario.com.br\/index.php\/2021\/01\/11\/versao-corrigida-errata-da-abnt-6023-2018-o-que-mudou\/\" aria-label=\"Read more about Vers\u00e3o corrigida (Errata) da ABNT 6023\/2018: o que mudou?\">Ler mais<\/a><\/p>\n","protected":false},"author":1,"featured_media":0,"comment_status":"open","ping_status":"open","sticky":false,"template":"","format":"standard","meta":{"_mi_skip_tracking":false,"_exactmetrics_sitenote_active":false,"_exactmetrics_sitenote_note":"","_exactmetrics_sitenote_category":0,"_jetpack_newsletter_access":"","footnotes":""},"categories":[60],"tags":[402,1327,403,1708,1017,1709,1710],"class_list":["post-8315","post","type-post","status-publish","format-standard","hentry","category-noticias","tag-abnt","tag-abnt-nbr-60232018","tag-nbr-6023","tag-referencia","tag-referencia-bibliografica","tag-referencias","tag-referencias-bibliograficas"],"jetpack_featured_media_url":"","jetpack_sharing_enabled":true,"jetpack-related-posts":[{"id":5027,"url":"https:\/\/mundobibliotecario.com.br\/index.php\/2018\/11\/19\/abnt-nbr-60232018-referencias-o-que-mudou\/","url_meta":{"origin":8315,"position":0},"title":"ABNT NBR 6023:2018 (Refer\u00eancias): o que mudou?","author":"mundobibliotecario","date":"19\/11\/2018","format":false,"excerpt":"Fonte:\u00a0https:\/\/commons.wikimedia.org\/wiki\/File:Abnt3.jpg \u00a0 No dia 14\/11\/18, foi publicada a norma ABNT NBR 6023:2018. Essa norma aborda a elabora\u00e7\u00e3o de refer\u00eancias em trabalhos acad\u00eamicos (TCC, disserta\u00e7\u00e3o, tese, etc.). A vers\u00e3o anterior era de 2002 e realmente necessitava de\u00a0 muitos ajustes, principalmente para as vers\u00f5es eletr\u00f4nicas de documentos. Assim, o Mundo Bibliotec\u00e1rio quer\u2026","rel":"","context":"Em &quot;Not\u00edcias&quot;","block_context":{"text":"Not\u00edcias","link":"https:\/\/mundobibliotecario.com.br\/index.php\/category\/noticias\/"},"img":{"alt_text":"","src":"","width":0,"height":0},"classes":[]},{"id":5112,"url":"https:\/\/mundobibliotecario.com.br\/index.php\/2019\/02\/25\/abnt-nbr-60232018-e-necessario-referenciar-a-epigrafe\/","url_meta":{"origin":8315,"position":1},"title":"ABNT NBR 6023:2018: \u00e9 necess\u00e1rio referenciar a ep\u00edgrafe?","author":"mundobibliotecario","date":"25\/02\/2019","format":false,"excerpt":"Ep\u00edgrafe: voc\u00ea sabe o que \u00e9? Segundo o dicion\u00e1rio Michaelis, ep\u00edgrafe \u00e9: \"2 Senten\u00e7a ou divisa posta no come\u00e7o de um livro ou cap\u00edtulo, no come\u00e7o de um discurso ou de uma composi\u00e7\u00e3o po\u00e9tica, que serve de tema para a obra; mote. 3 Curto enunciado ou fragmento de texto inserido\u2026","rel":"","context":"Em &quot;Not\u00edcias&quot;","block_context":{"text":"Not\u00edcias","link":"https:\/\/mundobibliotecario.com.br\/index.php\/category\/noticias\/"},"img":{"alt_text":"","src":"","width":0,"height":0},"classes":[]},{"id":5058,"url":"https:\/\/mundobibliotecario.com.br\/index.php\/2019\/01\/09\/abnt-nbr-60232018-dispoe-sobre-quais-formas-de-organizacao-das-referencias\/","url_meta":{"origin":8315,"position":2},"title":"A ABNT NBR 6023:2018 disp\u00f5e sobre quais formas de organiza\u00e7\u00e3o das refer\u00eancias?","author":"mundobibliotecario","date":"09\/01\/2019","format":false,"excerpt":"A se\u00e7\u00e3o 9, Ordena\u00e7\u00e3o das refer\u00eancias, da\u00a0ABNT NBR 6023:2018, esclarece que Os sistemas\u00a0mais utilizados s\u00e3o: alfab\u00e9tico e num\u00e9rico (ordem de cita\u00e7\u00e3o no texto). As refer\u00eancias dos documentos citados em um trabalho devem ser orientadas de acordo com o sistema para cita\u00e7\u00e3o no texto, conforme a ABNT NBR 10520. \u00a0 \u00a0\u2026","rel":"","context":"Em &quot;Not\u00edcias&quot;","block_context":{"text":"Not\u00edcias","link":"https:\/\/mundobibliotecario.com.br\/index.php\/category\/noticias\/"},"img":{"alt_text":"","src":"https:\/\/i0.wp.com\/mundobibliotecario.com.br\/wp-content\/uploads\/2019\/01\/helloquence-51716-unsplash.jpg?resize=350%2C200","width":350,"height":200},"classes":[]},{"id":5056,"url":"https:\/\/mundobibliotecario.com.br\/index.php\/2019\/01\/01\/como-fazer-referencia-de-games\/","url_meta":{"origin":8315,"position":3},"title":"Como fazer refer\u00eancia de games com a ABNT NBR 6023:2018?","author":"mundobibliotecario","date":"01\/01\/2019","format":false,"excerpt":"No artigo de hoje, vamos explicar como fazer a refer\u00eancia de\u00a0games (jogos eletr\u00f4nicos) com a ABNT NBR 6023:2018. Ficou interessado? Ent\u00e3o continue a leitura e confira! Cada vez mais, os documentos est\u00e3o sendo acessados e produzidos no formato digital. Nesse sentido. uma das inova\u00e7\u00f5es da ABNT NBR 6023:2018 foi a\u2026","rel":"","context":"Em &quot;Not\u00edcias&quot;","block_context":{"text":"Not\u00edcias","link":"https:\/\/mundobibliotecario.com.br\/index.php\/category\/noticias\/"},"img":{"alt_text":"","src":"https:\/\/i0.wp.com\/mundobibliotecario.com.br\/wp-content\/uploads\/2018\/12\/john-sting-112628-unsplash.jpg?resize=350%2C200","width":350,"height":200},"classes":[]},{"id":5035,"url":"https:\/\/mundobibliotecario.com.br\/index.php\/2018\/11\/28\/como-fazer-referencia-de-blog-abnt-nbr-60232018\/","url_meta":{"origin":8315,"position":4},"title":"Como fazer refer\u00eancia de blog (ABNT NBR 6023:2018)?","author":"mundobibliotecario","date":"28\/11\/2018","format":false,"excerpt":"Fonte:\u00a0https:\/\/pixabay.com\/pt\/blog-fala-bolhas-49006\/ Uma das novidades da ABNT NBR 6023:2018 \u00e9 a inclus\u00e3o do t\u00f3pico 7.20 Documento de acesso exclusivo em meio eletr\u00f4nico. Esse item n\u00e3o existia na vers\u00e3o anterior da norma. Nesse caso, blog era referenciado como site. Agora, blog recebe um tratamento espec\u00edfico dentro desse t\u00f3pico, que tamb\u00e9m inclui bases\u2026","rel":"","context":"Em &quot;Not\u00edcias&quot;","block_context":{"text":"Not\u00edcias","link":"https:\/\/mundobibliotecario.com.br\/index.php\/category\/noticias\/"},"img":{"alt_text":"Blog","src":"https:\/\/i0.wp.com\/mundobibliotecario.com.br\/wp-content\/uploads\/2018\/11\/blog-49006_960_720.png?resize=350%2C200","width":350,"height":200},"classes":[]},{"id":4808,"url":"https:\/\/mundobibliotecario.com.br\/index.php\/2018\/06\/25\/consulta-nacional-2o-projeto-de-revisao-da-abnt-nbr-6023\/","url_meta":{"origin":8315,"position":5},"title":"Consulta Nacional &#8211; 2\u00ba Projeto de Revis\u00e3o da ABNT NBR 6023","author":"mundobibliotecario","date":"25\/06\/2018","format":false,"excerpt":"Fonte da imagem:\u00a0https:\/\/commons.wikimedia.org\/wiki\/File:Abnt3.jpg \u00a0 A ABNT abriu consulta p\u00fablica para a revis\u00e3o da norma de refer\u00eancia bibliogr\u00e1fica, a NBR 6023, at\u00e9 o dia 16\/07\/18. Est\u00e1 em Consulta Nacional o 2\u00ba Projeto de Revis\u00e3o da ABNT NBR 6023 \u2013 Informa\u00e7\u00e3o e documenta\u00e7\u00e3o \u2013 Refer\u00eancias \u2013 Elabora\u00e7\u00e3o, do ABNT\/CB-014 \u2013 Informa\u00e7\u00e3o e\u2026","rel":"","context":"Em &quot;Not\u00edcias&quot;","block_context":{"text":"Not\u00edcias","link":"https:\/\/mundobibliotecario.com.br\/index.php\/category\/noticias\/"},"img":{"alt_text":"","src":"","width":0,"height":0},"classes":[]}],"jetpack_likes_enabled":true,"jetpack_shortlink":"https:\/\/wp.me\/pcbzwa-2a7","_links":{"self":[{"href":"https:\/\/mundobibliotecario.com.br\/index.php\/wp-json\/wp\/v2\/posts\/8315","targetHints":{"allow":["GET"]}}],"collection":[{"href":"https:\/\/mundobibliotecario.com.br\/index.php\/wp-json\/wp\/v2\/posts"}],"about":[{"href":"https:\/\/mundobibliotecario.com.br\/index.php\/wp-json\/wp\/v2\/types\/post"}],"author":[{"embeddable":true,"href":"https:\/\/mundobibliotecario.com.br\/index.php\/wp-json\/wp\/v2\/users\/1"}],"replies":[{"embeddable":true,"href":"https:\/\/mundobibliotecario.com.br\/index.php\/wp-json\/wp\/v2\/comments?post=8315"}],"version-history":[{"count":1,"href":"https:\/\/mundobibliotecario.com.br\/index.php\/wp-json\/wp\/v2\/posts\/8315\/revisions"}],"predecessor-version":[{"id":8316,"href":"https:\/\/mundobibliotecario.com.br\/index.php\/wp-json\/wp\/v2\/posts\/8315\/revisions\/8316"}],"wp:attachment":[{"href":"https:\/\/mundobibliotecario.com.br\/index.php\/wp-json\/wp\/v2\/media?parent=8315"}],"wp:term":[{"taxonomy":"category","embeddable":true,"href":"https:\/\/mundobibliotecario.com.br\/index.php\/wp-json\/wp\/v2\/categories?post=8315"},{"taxonomy":"post_tag","embeddable":true,"href":"https:\/\/mundobibliotecario.com.br\/index.php\/wp-json\/wp\/v2\/tags?post=8315"}],"curies":[{"name":"wp","href":"https:\/\/api.w.org\/{rel}","templated":true}]}}