{"id":8342,"date":"2021-01-20T18:00:00","date_gmt":"2021-01-20T21:00:00","guid":{"rendered":"http:\/\/mundobibliotecario.com.br\/?p=8342"},"modified":"2021-01-16T19:58:55","modified_gmt":"2021-01-16T22:58:55","slug":"2021-ano-ibero-americano-das-bibliotecas","status":"publish","type":"post","link":"https:\/\/mundobibliotecario.com.br\/index.php\/2021\/01\/20\/2021-ano-ibero-americano-das-bibliotecas\/","title":{"rendered":"2021, Ano Ibero-Americano das Bibliotecas"},"content":{"rendered":"\n<figure class=\"wp-block-image\"><img decoding=\"async\" src=\"https:\/\/www.iberbibliotecas.org\/wp-content\/uploads\/2020\/12\/820x312port-1.png\" alt=\"\" class=\"wp-image-7480\"\/><\/figure>\n\n\n\n<p><a href=\"https:\/\/www.iberbibliotecas.org\/ano-iberoamericano-bibliotecas\">Ver en espa\u00f1ol<\/a><\/p>\n\n\n\n<p>2021 foi declarado Ano Ibero-Americano das Bibliotecas na \u00faltima XX Confer\u00eancia Ibero-Americana de Ministras e Ministros da Cultura da Ibero-Am\u00e9rica, realizada em 2019. Este acordo estabelece uma oportunidadede abrir uma conversa regional sobre a validade das bibliotecas em nossa regi\u00e3o e seu papel no desenvolvimento dos pa\u00edses ibero-americanos<em>.&nbsp;<\/em>&nbsp;<\/p>\n\n\n\n<p>No contexto da pandemia, e a meio a grandes desafios de acesso \u00e0 informa\u00e7\u00e3o, todos os tipos de bibliotecas se reafirmaram como espa\u00e7os necess\u00e1rios para que as pessoas tenham acesso a um conhecimento confi\u00e1vel, locais que garantam o acesso \u00e0 informa\u00e7\u00e3o e desenvolvimento de seus direitos culturais.<\/p>\n\n\n\n<p>O Ano Ibero-Americano das Bibliotecas reunir\u00e1 todos os tipos de bibliotecas: p\u00fablicas, populares, comunit\u00e1rias, digitais, m\u00f3veis e itinerantes, universit\u00e1rias, escolares, especializadas, ind\u00edgenas, em cadeias ou pris\u00f5es, nacionais, entre outras. Da mesma forma, ser\u00e1 um tempo de reflex\u00e3o ao redor das bibliotecas de uma regi\u00e3o conformada por 23 pa\u00edses: Andorra, Argentina, Brasil, Bol\u00edvia, Chile, Col\u00f4mbia, Costa Rica, Cuba, Equador, El Salvador, Espanha, Guatemala, Honduras, M\u00e9xico, Nicar\u00e1gua, Panam\u00e1, Paraguai, Peru, Portugal, Porto Rico, Rep\u00fablica Dominicana, Uruguai e Venezuela.<\/p>\n\n\n\n<figure class=\"wp-block-image\"><img decoding=\"async\" src=\"https:\/\/www.iberbibliotecas.org\/wp-content\/uploads\/2020\/12\/1024x512_Sala_lectura-1024x512.jpg\" alt=\"\" class=\"wp-image-7482\"\/><figcaption>Biblioteca Rafael Azcona, Espanha<\/figcaption><\/figure>\n\n\n\n<figure class=\"wp-block-image\"><img decoding=\"async\" src=\"https:\/\/www.iberbibliotecas.org\/wp-content\/uploads\/2020\/12\/BiblioArte-LAB-1-2.jpg\" alt=\"\" class=\"wp-image-7502\"\/><figcaption>Casa da \u00c1rvore, Brasil<\/figcaption><\/figure>\n\n\n\n<p>No dia 16 de dezembro foi feita a apresenta\u00e7\u00e3o do Ano Ibero-americano das Bibliotecas. Esta reuni\u00e3o foi realizada virtual, com transmiss\u00e3o pelas redes sociais do Programa Ibero-americano de Bibliotecas P\u00fablicas, Iberbibliotecas.<\/p>\n\n\n\n<figure class=\"wp-block-image\"><img decoding=\"async\" src=\"https:\/\/www.iberbibliotecas.org\/wp-content\/uploads\/2020\/12\/L%C3%ADnea-3.jpg\" alt=\"\" class=\"wp-image-7539\"\/><figcaption>Biblioteca Comunit\u00e1ria Sete de Abril, Brasil<\/figcaption><\/figure>\n\n\n\n<p>Durante 2021, o Comit\u00ea organizar\u00e1, junto com todas os sistemas bibliotec\u00e1rios nacionais e locais, uma ampla variedade de atividades e programas, para as quais ser\u00e3o convocadas as bibliotecas de qualquer tipo que quiserem contribuir com suas experi\u00eancias para a celebra\u00e7\u00e3o do ano. Para isso, as atividades ser\u00e3o organizadas em torno dos eixos a seguir:<\/p>\n\n\n\n<ul class=\"wp-block-list\"><li>1. O mundo diverso das bibliotecas: tipos e servi\u00e7os.<\/li><li>2. Os desafios das bibliotecas ap\u00f3s a pandemia.<\/li><li>3. Bibliotecas al\u00e9m dos livros: um lugar para as pessoas.<\/li><li>4. Inova\u00e7\u00e3o e bibliotecas: o que significa inovar e como faz\u00ea-lo?<\/li><li>5. Bibliotecas como entidades fundamentais para o desenvolvimento da Agenda 2030.<\/li><li>6. Bibliotecas como locais de inclus\u00e3o de popula\u00e7\u00f5es desfavorecidas e minorias.<\/li><\/ul>\n\n\n\n<p class=\"has-text-align-center\"><strong>V\u00eddeo promocional<\/strong><\/p>\n\n\n\n<figure class=\"wp-block-embed is-type-video is-provider-youtube wp-block-embed-youtube wp-embed-aspect-16-9 wp-has-aspect-ratio\"><div class=\"wp-block-embed__wrapper\">\n<iframe loading=\"lazy\" title=\"2021 Ano Ibero-americano das Bibliotecas\" width=\"1200\" height=\"675\" src=\"https:\/\/www.youtube.com\/embed\/Vjwg5vEUm-w?feature=oembed\" frameborder=\"0\" allow=\"accelerometer; autoplay; clipboard-write; encrypted-media; gyroscope; picture-in-picture\" allowfullscreen><\/iframe>\n<\/div><\/figure>\n\n\n\n<p class=\"has-text-align-center\"><strong>V\u00eddeo da apresenta\u00e7\u00e3o do Ano:<\/strong><\/p>\n\n\n\n<figure class=\"wp-block-embed is-type-video is-provider-youtube wp-block-embed-youtube wp-embed-aspect-16-9 wp-has-aspect-ratio\"><div class=\"wp-block-embed__wrapper\">\n<iframe loading=\"lazy\" title=\"Presentaci\u00f3n A\u00f1o Iberoamericano de las Bibliotecas-Apresenta\u00e7\u00e3o  Ano Ibero-americano das Bibliotecas\" width=\"1200\" height=\"675\" src=\"https:\/\/www.youtube.com\/embed\/Mw_byf5aMNI?feature=oembed\" frameborder=\"0\" allow=\"accelerometer; autoplay; clipboard-write; encrypted-media; gyroscope; picture-in-picture\" allowfullscreen><\/iframe>\n<\/div><\/figure>\n\n\n\n<p>Dispon\u00edvel em: <a href=\"https:\/\/www.iberbibliotecas.org\/ano-iberoamericano-das-bibliotecas\/\" target=\"_blank\" rel=\"noreferrer noopener\">https:\/\/www.iberbibliotecas.org\/ano-iberoamericano-das-bibliotecas\/<\/a>. Acesso em: 16 jan. 2021.<\/p>\n","protected":false},"excerpt":{"rendered":"<p>Ver en espa\u00f1ol 2021 foi declarado Ano Ibero-Americano das Bibliotecas na \u00faltima XX Confer\u00eancia Ibero-Americana de Ministras e Ministros da Cultura da Ibero-Am\u00e9rica, realizada em 2019. Este acordo estabelece uma oportunidadede abrir uma conversa regional sobre a validade das bibliotecas em nossa regi\u00e3o e seu papel no desenvolvimento dos pa\u00edses ibero-americanos.&nbsp;&nbsp; No contexto da pandemia, &#8230; <a title=\"2021, Ano Ibero-Americano das Bibliotecas\" class=\"read-more\" href=\"https:\/\/mundobibliotecario.com.br\/index.php\/2021\/01\/20\/2021-ano-ibero-americano-das-bibliotecas\/\" aria-label=\"Read more about 2021, Ano Ibero-Americano das Bibliotecas\">Ler mais<\/a><\/p>\n","protected":false},"author":1,"featured_media":0,"comment_status":"open","ping_status":"open","sticky":false,"template":"","format":"standard","meta":{"_mi_skip_tracking":false,"_exactmetrics_sitenote_active":false,"_exactmetrics_sitenote_note":"","_exactmetrics_sitenote_category":0,"_jetpack_newsletter_access":"","footnotes":""},"categories":[60],"tags":[2,1392,1548],"class_list":["post-8342","post","type-post","status-publish","format-standard","hentry","category-noticias","tag-biblioteca","tag-bibliotecas","tag-iberbibliotecas"],"jetpack_featured_media_url":"","jetpack_sharing_enabled":true,"jetpack-related-posts":[{"id":4509,"url":"https:\/\/mundobibliotecario.com.br\/index.php\/2017\/04\/18\/prorrogadas-inscricoes-para-6a-concurso-de-ajudas-do-programa-ibero-americano-de-bibliotecas-publicas\/","url_meta":{"origin":8342,"position":0},"title":"Prorrogadas inscri\u00e7\u00f5es para 6\u00aa Concurso de Ajudas do Programa Ibero-Americano de Bibliotecas P\u00fablicas","author":"mundobibliotecario","date":"18\/04\/2017","format":false,"excerpt":"Foi prorrogado at\u00e9 o dia 21 de abril o prazo para as inscri\u00e7\u00f5es na 6\u00aa edi\u00e7\u00e3o do Concurso de Ajudas do Programa Ibero-Americano de Bibliotecas P\u00fablicas (Iberbibliotecas). A iniciativa tem como objetivo consolidar as bibliotecas p\u00fablicas como espa\u00e7os de livre acesso \u00e0 informa\u00e7\u00e3o e \u00e0 leitura, trabalhar pela inclus\u00e3o social\u2026","rel":"","context":"Em &quot;Not\u00edcias&quot;","block_context":{"text":"Not\u00edcias","link":"https:\/\/mundobibliotecario.com.br\/index.php\/category\/noticias\/"},"img":{"alt_text":"","src":"","width":0,"height":0},"classes":[]},{"id":4991,"url":"https:\/\/mundobibliotecario.com.br\/index.php\/2018\/08\/24\/traducao-em-espanhol-do-material-de-treinamento-do-rda-preparado-e-armazenado-pela-biblioteca-do-congresso-lc\/","url_meta":{"origin":8342,"position":1},"title":"Tradu\u00e7\u00e3o em espanhol do material de treinamento do RDA preparado e armazenado pela Biblioteca do Congresso (LC)","author":"mundobibliotecario","date":"24\/08\/2018","format":false,"excerpt":"Fonte:\u00a0https:\/\/libguides.senylrc.org\/November_December_2014 Este projeto foi coordenado pela Biblioteca Nacional Mariano Moreno da Rep\u00fablica Argentina (BNMM), no \u00e2mbito da ABINIA (Associa\u00e7\u00e3o dos Estados Ibero-Americanos para o Desenvolvimento das Bibliotecas Nacionais da Am\u00e9rica Latina), com a contribui\u00e7\u00e3o das Bibliotecas Nacionais da Espanha, Chile e Col\u00f4mbia e colaboradora da Biblioteca do Congresso (LC, Biblioteca\u2026","rel":"","context":"Em &quot;Not\u00edcias&quot;","block_context":{"text":"Not\u00edcias","link":"https:\/\/mundobibliotecario.com.br\/index.php\/category\/noticias\/"},"img":{"alt_text":"","src":"","width":0,"height":0},"classes":[]},{"id":5225,"url":"https:\/\/mundobibliotecario.com.br\/index.php\/2019\/08\/16\/projeto-de-revitalizacao-de-bibliotecas-de-mt-e-unico-do-brasil-contemplado-em-edital-internacional\/","url_meta":{"origin":8342,"position":2},"title":"Projeto de revitaliza\u00e7\u00e3o de bibliotecas de MT \u00e9 \u00fanico do Brasil contemplado em edital internacional","author":"mundobibliotecario","date":"16\/08\/2019","format":false,"excerpt":"O prazo para execu\u00e7\u00e3o do projeto \u00e9 de 12 meses, a partir do recebimento do recurso O\u00a0projeto RevitaBibliotecas, do Sistema de Bibliotecas P\u00fablicas de Mato Grosso, foi o \u00fanico do pa\u00eds contemplado no edital do\u00a07\u00ba Concurso de Ajudas 2019, conduzido pelo Programa Ibero-Americano de Bibliotecas P\u00fablicas\u00a0(Iberbibliotecas). Com a premia\u00e7\u00e3o, quatro\u00a0bibliotecas\u2026","rel":"","context":"Em &quot;Not\u00edcias&quot;","block_context":{"text":"Not\u00edcias","link":"https:\/\/mundobibliotecario.com.br\/index.php\/category\/noticias\/"},"img":{"alt_text":"","src":"https:\/\/i0.wp.com\/painel.portalamazonia.com\/uploads\/RTEmagicC_livraria-mt2.jpg.jpg?resize=350%2C200","width":350,"height":200},"classes":[]},{"id":8667,"url":"https:\/\/mundobibliotecario.com.br\/index.php\/2021\/04\/06\/relatorio-do-estado-das-bibliotecas-dos-estados-unidos-relatorio-especial-covid-19\/","url_meta":{"origin":8342,"position":3},"title":"Relat\u00f3rio do Estado das Bibliotecas dos Estados Unidos &#8211; Relat\u00f3rio Especial: COVID-19","author":"mundobibliotecario","date":"06\/04\/2021","format":false,"excerpt":"A American Library Association publicou em seu site o\u00a0Relat\u00f3rio do Estado das Bibliotecas dos Estados Unidos - Relat\u00f3rio Especial: COVID-19. Em um ano n\u00e3o muito diferente do que vivemos no Brasil em 2019, o texto de apresenta\u00e7\u00e3o do relat\u00f3rio informa que os Estados Unidos enfrentaram n\u00e3o s\u00f3 desafios pol\u00edticos devido\u2026","rel":"","context":"Em &quot;Not\u00edcias&quot;","block_context":{"text":"Not\u00edcias","link":"https:\/\/mundobibliotecario.com.br\/index.php\/category\/noticias\/"},"img":{"alt_text":"covid-19","src":"https:\/\/i0.wp.com\/mundobibliotecario.com.br\/wp-content\/uploads\/2020\/07\/covid-19-4975604_640.png?resize=350%2C200&ssl=1","width":350,"height":200},"classes":[]},{"id":2133,"url":"https:\/\/mundobibliotecario.com.br\/index.php\/2011\/07\/19\/video-box-nucleo-de-pesquisa-da-usp-coleta-depoimentos-em-video-sobre-censura-em-evento-internacional-de-comunicacao\/","url_meta":{"origin":8342,"position":4},"title":"V\u00eddeo Box &#8211; N\u00facleo de Pesquisa da USP coleta depoimentos em v\u00eddeo sobre censura em evento Internacional de Comunica\u00e7\u00e3o","author":"mundobibliotecario","date":"19\/07\/2011","format":false,"excerpt":"Trata-se de uma experi\u00eancia inovadora de capta\u00e7\u00e3o de depoimentos e opini\u00f5es sobre o tema Censura e Liberdade de Express\u00e3o. Em um ambiente controlado, isolado ac\u00fastica e visualmente, o indiv\u00edduo \u00e9 confrontado com um tema que tem que desenvolver diante da c\u00e2mera por um per\u00edodo pr\u00e9-determinado de tempo. A experi\u00eancia foi\u2026","rel":"","context":"Em &quot;Eventos&quot;","block_context":{"text":"Eventos","link":"https:\/\/mundobibliotecario.com.br\/index.php\/category\/eventos\/"},"img":{"alt_text":"","src":"","width":0,"height":0},"classes":[]},{"id":3054,"url":"https:\/\/mundobibliotecario.com.br\/index.php\/2013\/04\/04\/a-biblioteca-nacional-digital-americana-esta-no-ar\/","url_meta":{"origin":8342,"position":5},"title":"A Biblioteca Nacional Digital americana est\u00e1 no ar","author":"mundobibliotecario","date":"04\/04\/2013","format":false,"excerpt":"PublishNews - 03\/04\/2013 - Iona Teixeira Stevens \u00a0Projeto comandado por Robert Darnton ser\u00e1 lan\u00e7ado dia 18 \u00a0Robert Darnton, velho conhecido dos analistas sobre o futuro dos livros, anunciou no New York Review of Books o lan\u00e7amento da t\u00e3o aguardada e pol\u00eamica Biblioteca Digital, no dia 18 de abril. At\u00e9 l\u00e1,\u2026","rel":"","context":"Em &quot;Not\u00edcias&quot;","block_context":{"text":"Not\u00edcias","link":"https:\/\/mundobibliotecario.com.br\/index.php\/category\/noticias\/"},"img":{"alt_text":"","src":"","width":0,"height":0},"classes":[]}],"jetpack_likes_enabled":true,"jetpack_shortlink":"https:\/\/wp.me\/pcbzwa-2ay","_links":{"self":[{"href":"https:\/\/mundobibliotecario.com.br\/index.php\/wp-json\/wp\/v2\/posts\/8342","targetHints":{"allow":["GET"]}}],"collection":[{"href":"https:\/\/mundobibliotecario.com.br\/index.php\/wp-json\/wp\/v2\/posts"}],"about":[{"href":"https:\/\/mundobibliotecario.com.br\/index.php\/wp-json\/wp\/v2\/types\/post"}],"author":[{"embeddable":true,"href":"https:\/\/mundobibliotecario.com.br\/index.php\/wp-json\/wp\/v2\/users\/1"}],"replies":[{"embeddable":true,"href":"https:\/\/mundobibliotecario.com.br\/index.php\/wp-json\/wp\/v2\/comments?post=8342"}],"version-history":[{"count":1,"href":"https:\/\/mundobibliotecario.com.br\/index.php\/wp-json\/wp\/v2\/posts\/8342\/revisions"}],"predecessor-version":[{"id":8343,"href":"https:\/\/mundobibliotecario.com.br\/index.php\/wp-json\/wp\/v2\/posts\/8342\/revisions\/8343"}],"wp:attachment":[{"href":"https:\/\/mundobibliotecario.com.br\/index.php\/wp-json\/wp\/v2\/media?parent=8342"}],"wp:term":[{"taxonomy":"category","embeddable":true,"href":"https:\/\/mundobibliotecario.com.br\/index.php\/wp-json\/wp\/v2\/categories?post=8342"},{"taxonomy":"post_tag","embeddable":true,"href":"https:\/\/mundobibliotecario.com.br\/index.php\/wp-json\/wp\/v2\/tags?post=8342"}],"curies":[{"name":"wp","href":"https:\/\/api.w.org\/{rel}","templated":true}]}}