{"id":8371,"date":"2021-01-27T18:00:00","date_gmt":"2021-01-27T21:00:00","guid":{"rendered":"http:\/\/mundobibliotecario.com.br\/?p=8371"},"modified":"2021-01-25T14:56:38","modified_gmt":"2021-01-25T17:56:38","slug":"biblioteca-da-universidade-ca-foscari-oferece-ferramenta-de-pesquisa-baseada-em-ia-para-estudantes-e-pesquisadores","status":"publish","type":"post","link":"https:\/\/mundobibliotecario.com.br\/index.php\/2021\/01\/27\/biblioteca-da-universidade-ca-foscari-oferece-ferramenta-de-pesquisa-baseada-em-ia-para-estudantes-e-pesquisadores\/","title":{"rendered":"Biblioteca da Universidade Ca &#8216;Foscari oferece ferramenta de pesquisa baseada em IA para estudantes e pesquisadores"},"content":{"rendered":"\n<div class=\"wp-block-image\"><figure class=\"aligncenter size-large\"><a href=\"http:\/\/mundobibliotecario.com.br\/wp-content\/uploads\/2021\/01\/markus-winkler-tGBXiHcPKrM-unsplash-1.jpg\"><img loading=\"lazy\" decoding=\"async\" width=\"640\" height=\"427\" src=\"http:\/\/mundobibliotecario.com.br\/wp-content\/uploads\/2021\/01\/markus-winkler-tGBXiHcPKrM-unsplash-1.jpg\" alt=\"\" class=\"wp-image-8372\" srcset=\"https:\/\/mundobibliotecario.com.br\/wp-content\/uploads\/2021\/01\/markus-winkler-tGBXiHcPKrM-unsplash-1.jpg 640w, https:\/\/mundobibliotecario.com.br\/wp-content\/uploads\/2021\/01\/markus-winkler-tGBXiHcPKrM-unsplash-1-300x200.jpg 300w\" sizes=\"auto, (max-width: 640px) 100vw, 640px\" \/><\/a><figcaption>Fonte: <a href=\"https:\/\/unsplash.com\/photos\/tGBXiHcPKrM\" target=\"_blank\" rel=\"noreferrer noopener\">Unsplash<\/a><\/figcaption><\/figure><\/div>\n\n\n\n<p>Yewno, um provedor l\u00edder de solu\u00e7\u00f5es de IA para a educa\u00e7\u00e3o, tem o prazer de anunciar que a Universidade Ca &#8216;Foscari em Veneza fornecer\u00e1 a seus alunos e pesquisadores acesso ao Yewno Discover, a plataforma de pesquisa de intelig\u00eancia artificial carro-chefe da Yewno.\u00a0A Ca &#8216;Foscari integrar\u00e1 o Yewno Discover em sua instala\u00e7\u00e3o Primo, o que permitir\u00e1 que a descoberta permane\u00e7a no ecossistema da biblioteca.<\/p>\n\n\n\n<p>Yewno Discover \u00e9 uma plataforma de pesquisa baseada na web que ajuda alunos, pesquisadores e aprendizes ao longo da vida a realizar pesquisas significativas em um curto espa\u00e7o de tempo.\u00a0Em um ambiente de pesquisa visual, os usu\u00e1rios pesquisam t\u00f3picos de interesse, entendem como esses t\u00f3picos se relacionam a outros conceitos e acessam conte\u00fado acad\u00eamico.\u00a0Ele funciona ingerindo e lendo conte\u00fado de texto completo e armazenando esse conte\u00fado em um gr\u00e1fico de conhecimento que \u00e9 apresentado em formato de gr\u00e1fico no front end.\u00a0Em uma \u00fanica sess\u00e3o, os usu\u00e1rios podem aprender o que, de outra forma, exigiria v\u00e1rias horas de t\u00f3picos de aprimoramento, localiza\u00e7\u00e3o de recursos, leitura, processamento e avalia\u00e7\u00e3o de informa\u00e7\u00f5es.<\/p>\n\n\n\n<hr class=\"wp-block-separator\"\/>\n\n\n\n<p>O trecho acima \u00e9 uma tradu\u00e7\u00e3o livre dos dois primeiros par\u00e1grafos da not\u00edcia <a rel=\"noreferrer noopener\" href=\"https:\/\/librarytechnology.org\/pr\/25860\" target=\"_blank\">Ca\u2019 Foscari University Library to offer AI-Based research tool to students and researchers<\/a>, originalmente publicada em ingl\u00eas, no <a href=\"https:\/\/librarytechnology.org\/\" target=\"_blank\" rel=\"noreferrer noopener\">Library Technology Guides<\/a>.<\/p>\n","protected":false},"excerpt":{"rendered":"<p>Yewno, um provedor l\u00edder de solu\u00e7\u00f5es de IA para a educa\u00e7\u00e3o, tem o prazer de anunciar que a Universidade Ca &#8216;Foscari em Veneza fornecer\u00e1 a seus alunos e pesquisadores acesso ao Yewno Discover, a plataforma de pesquisa de intelig\u00eancia artificial carro-chefe da Yewno.\u00a0A Ca &#8216;Foscari integrar\u00e1 o Yewno Discover em sua instala\u00e7\u00e3o Primo, o que &#8230; <a title=\"Biblioteca da Universidade Ca &#8216;Foscari oferece ferramenta de pesquisa baseada em IA para estudantes e pesquisadores\" class=\"read-more\" href=\"https:\/\/mundobibliotecario.com.br\/index.php\/2021\/01\/27\/biblioteca-da-universidade-ca-foscari-oferece-ferramenta-de-pesquisa-baseada-em-ia-para-estudantes-e-pesquisadores\/\" aria-label=\"Read more about Biblioteca da Universidade Ca &#8216;Foscari oferece ferramenta de pesquisa baseada em IA para estudantes e pesquisadores\">Ler mais<\/a><\/p>\n","protected":false},"author":1,"featured_media":0,"comment_status":"open","ping_status":"open","sticky":false,"template":"","format":"standard","meta":{"_mi_skip_tracking":false,"_exactmetrics_sitenote_active":false,"_exactmetrics_sitenote_note":"","_exactmetrics_sitenote_category":0,"_jetpack_newsletter_access":"","footnotes":""},"categories":[60],"tags":[373,34,1567,1943],"class_list":["post-8371","post","type-post","status-publish","format-standard","hentry","category-noticias","tag-biblioteca-universitaria","tag-bibliotecas-universitarias","tag-inteligencia-artificial","tag-yewno"],"jetpack_featured_media_url":"","jetpack_sharing_enabled":true,"jetpack-related-posts":[{"id":10266,"url":"https:\/\/mundobibliotecario.com.br\/index.php\/2023\/01\/24\/leia-o-que-uma-inteligencia-artificial-disse-sobre-o-trabalho-do-bibliotecario\/","url_meta":{"origin":8371,"position":0},"title":"Leia o que uma intelig\u00eancia artificial disse sobre o trabalho do bibliotec\u00e1rio","author":"mundobibliotecario","date":"24\/01\/2023","format":false,"excerpt":"O texto que voc\u00ea vai ler foi escrito por uma intelig\u00eancia artificial. N\u00e3o qualquer uma, mas a mais famosa do momento:\u00a0ChatGPT. Se voc\u00ea n\u00e3o conhece essa ferramenta, voc\u00ea pode saber o que \u00e9 e para que serve\u00a0aqui. Este texto foi inspirado no artigo de Pedro Fernando Nery, publicado em sua\u2026","rel":"","context":"Em &quot;Not\u00edcias&quot;","block_context":{"text":"Not\u00edcias","link":"https:\/\/mundobibliotecario.com.br\/index.php\/category\/noticias\/"},"img":{"alt_text":"","src":"https:\/\/i0.wp.com\/mundobibliotecario.com.br\/wp-content\/uploads\/2023\/01\/Atencao-Aviso-Amarelo-Com-Cores-Editaveis-Post-para-Instagram-1024x1024.png?resize=350%2C200&ssl=1","width":350,"height":200},"classes":[]},{"id":10313,"url":"https:\/\/mundobibliotecario.com.br\/index.php\/2023\/05\/10\/tese-o-escritorio-de-comunicacao-cientifica-como-perspectiva-de-atuacao-para-bibliotecas-universitarias-brasileiras\/","url_meta":{"origin":8371,"position":1},"title":"Tese &#8220;O escrit\u00f3rio de comunica\u00e7\u00e3o cient\u00edfica como perspectiva de atua\u00e7\u00e3o para bibliotecas universit\u00e1rias brasileiras&#8221;","author":"mundobibliotecario","date":"10\/05\/2023","format":false,"excerpt":"Informo que minha tese, intitulada \"O escrit\u00f3rio de comunica\u00e7\u00e3o cient\u00edfica como perspectiva de atua\u00e7\u00e3o para bibliotecas universit\u00e1rias brasileiras\" e orientada pelo Prof. Dr. Jos\u00e9 Augusto Chaves Guimar\u00e3es, est\u00e1 dispon\u00edvel para leitura e download no Reposit\u00f3rio Institucional da UNESP no link https:\/\/repositorio.unesp.br\/handle\/11449\/243319. Fonte: Canva Segue o resumo: As mudan\u00e7as ocorridas na\u2026","rel":"","context":"Em &quot;Not\u00edcias&quot;","block_context":{"text":"Not\u00edcias","link":"https:\/\/mundobibliotecario.com.br\/index.php\/category\/noticias\/"},"img":{"alt_text":"","src":"https:\/\/i0.wp.com\/mundobibliotecario.com.br\/wp-content\/uploads\/2023\/05\/tese-1.jpg?resize=350%2C200&ssl=1","width":350,"height":200},"classes":[]},{"id":5329,"url":"https:\/\/mundobibliotecario.com.br\/index.php\/2019\/10\/03\/2a-jornada-estagio-e-pesquisa-na-biblioteca-brasiliana\/","url_meta":{"origin":8371,"position":2},"title":"2\u00aa Jornada &#8211; Est\u00e1gio e Pesquisa na Biblioteca Brasiliana","author":"mundobibliotecario","date":"03\/10\/2019","format":false,"excerpt":"Ag\u00eancia FAPESP\u00a0\u2013 A Biblioteca Brasiliana Guita e Jos\u00e9 Mindlin (BBM) da Universidade de S\u00e3o Paulo (USP) organiza sua 2\u00aa Jornada - Est\u00e1gio e Pesquisa no dia 4 de outubro de 2019, em S\u00e3o Paulo. O evento reunir\u00e1 pesquisadores, bolsistas e estagi\u00e1rios que atualmente participam nos projetos da biblioteca para reiterar\u2026","rel":"","context":"Em &quot;Not\u00edcias&quot;","block_context":{"text":"Not\u00edcias","link":"https:\/\/mundobibliotecario.com.br\/index.php\/category\/noticias\/"},"img":{"alt_text":"","src":"","width":0,"height":0},"classes":[]},{"id":8417,"url":"https:\/\/mundobibliotecario.com.br\/index.php\/2021\/03\/09\/live-novos-servicos-de-apoio-a-pesquisa-em-bibliotecas-universitarias\/","url_meta":{"origin":8371,"position":3},"title":"Live &#8220;Novos servi\u00e7os de apoio \u00e0 pesquisa em bibliotecas universit\u00e1rias&#8221;","author":"mundobibliotecario","date":"09\/03\/2021","format":false,"excerpt":"Comemora\u00e7\u00e3o do Dia do Bibliotec\u00e1rio na UFSCar! A atua\u00e7\u00e3o tradicional dos bibliotec\u00e1rios foi se transformando, novos desafios surgiram, novas habilidades s\u00e3o exigidas e um novo perfil do profissional desponta. Para comemorar o Dia do Bibliotec\u00e1rio na UFSCar, o Sistema Integrado de Bibliotecas (SIBi) e o Departamento de Ci\u00eancia da Informa\u00e7\u00e3o(DCI)\u2026","rel":"","context":"Em &quot;Eventos&quot;","block_context":{"text":"Eventos","link":"https:\/\/mundobibliotecario.com.br\/index.php\/category\/eventos\/"},"img":{"alt_text":"","src":"","width":0,"height":0},"classes":[]},{"id":4381,"url":"https:\/\/mundobibliotecario.com.br\/index.php\/2016\/10\/26\/snbu-2016-dia-171016\/","url_meta":{"origin":8371,"position":4},"title":"SNBU 2016 &#8211; Dia 17\/10\/16","author":"mundobibliotecario","date":"26\/10\/2016","format":false,"excerpt":"No segundo dia do SNBU 2016, cujo eixo tem\u00e1tico foi \"Gest\u00e3o sustent\u00e1vel\", acompanhei a confer\u00eancia \"Gest\u00e3o da Biblioteca Universit\u00e1ria frente \u00e0s Demandas do Contexto Contempor\u00e2neo\", proferida por\u00a0Pedro Miguel Est\u00e1cio dos Santos, diretor da biblioteca de Letras da Universidade de Lisboa. Diferentemente do Brasil, as bibliotecas universit\u00e1rias portuguesas funcionam autonomamente, e\u2026","rel":"","context":"Em &quot;Eventos&quot;","block_context":{"text":"Eventos","link":"https:\/\/mundobibliotecario.com.br\/index.php\/category\/eventos\/"},"img":{"alt_text":"","src":"","width":0,"height":0},"classes":[]},{"id":5013,"url":"https:\/\/mundobibliotecario.com.br\/index.php\/2018\/10\/23\/anais-do-xx-seminario-nacional-de-bibliotecas-universitarias-snbu-2018\/","url_meta":{"origin":8371,"position":5},"title":"Anais do XX Semin\u00e1rio Nacional de Bibliotecas Universit\u00e1rias (SNBU 2018)","author":"mundobibliotecario","date":"23\/10\/2018","format":false,"excerpt":"Os anais do\u00a0Anais do XX Semin\u00e1rio Nacional de Bibliotecas Universit\u00e1rias (SNBU 2018) foram publicados e est\u00e3o dispon\u00edveis para download no Reposit\u00f3rio da UFBA:\u00a0https:\/\/repositorio.ufba.br\/ri\/handle\/ri\/27708. Veja abaixo o resumo da publica\u00e7\u00e3o: Em 2018, Salvador sediou o Semin\u00e1rio Nacional de Bibliotecas Universit\u00e1rias, o XX SNBU, organizado pelo Sistema Universit\u00e1rio de Bibliotecas da Universidade\u2026","rel":"","context":"Em &quot;Not\u00edcias&quot;","block_context":{"text":"Not\u00edcias","link":"https:\/\/mundobibliotecario.com.br\/index.php\/category\/noticias\/"},"img":{"alt_text":"","src":"","width":0,"height":0},"classes":[]}],"jetpack_likes_enabled":true,"jetpack_shortlink":"https:\/\/wp.me\/pcbzwa-2b1","_links":{"self":[{"href":"https:\/\/mundobibliotecario.com.br\/index.php\/wp-json\/wp\/v2\/posts\/8371","targetHints":{"allow":["GET"]}}],"collection":[{"href":"https:\/\/mundobibliotecario.com.br\/index.php\/wp-json\/wp\/v2\/posts"}],"about":[{"href":"https:\/\/mundobibliotecario.com.br\/index.php\/wp-json\/wp\/v2\/types\/post"}],"author":[{"embeddable":true,"href":"https:\/\/mundobibliotecario.com.br\/index.php\/wp-json\/wp\/v2\/users\/1"}],"replies":[{"embeddable":true,"href":"https:\/\/mundobibliotecario.com.br\/index.php\/wp-json\/wp\/v2\/comments?post=8371"}],"version-history":[{"count":2,"href":"https:\/\/mundobibliotecario.com.br\/index.php\/wp-json\/wp\/v2\/posts\/8371\/revisions"}],"predecessor-version":[{"id":8374,"href":"https:\/\/mundobibliotecario.com.br\/index.php\/wp-json\/wp\/v2\/posts\/8371\/revisions\/8374"}],"wp:attachment":[{"href":"https:\/\/mundobibliotecario.com.br\/index.php\/wp-json\/wp\/v2\/media?parent=8371"}],"wp:term":[{"taxonomy":"category","embeddable":true,"href":"https:\/\/mundobibliotecario.com.br\/index.php\/wp-json\/wp\/v2\/categories?post=8371"},{"taxonomy":"post_tag","embeddable":true,"href":"https:\/\/mundobibliotecario.com.br\/index.php\/wp-json\/wp\/v2\/tags?post=8371"}],"curies":[{"name":"wp","href":"https:\/\/api.w.org\/{rel}","templated":true}]}}