{"id":8381,"date":"2021-02-03T15:00:00","date_gmt":"2021-02-03T18:00:00","guid":{"rendered":"http:\/\/mundobibliotecario.com.br\/?p=8381"},"modified":"2021-02-02T22:10:06","modified_gmt":"2021-02-03T01:10:06","slug":"italia-define-destino-da-biblioteca-de-umberto-eco","status":"publish","type":"post","link":"https:\/\/mundobibliotecario.com.br\/index.php\/2021\/02\/03\/italia-define-destino-da-biblioteca-de-umberto-eco\/","title":{"rendered":"It\u00e1lia define destino da biblioteca de Umberto Eco"},"content":{"rendered":"\n<p>Cole\u00e7\u00e3o ser\u00e1 dividida entre biblioteca estatal e universidade<\/p>\n\n\n\n<p>Quase cinco anos ap\u00f3s a morte de Umberto Eco (1932-2016), seus herdeiros e o governo da It\u00e1lia sacramentaram o destino de sua rica cole\u00e7\u00e3o de livros, que ser\u00e1 dividida entre uma das principais bibliotecas estatais e a melhor universidade p\u00fablica de grande porte do pa\u00eds.<\/p>\n\n\n\n<div class=\"wp-block-image\"><figure class=\"aligncenter is-resized\"><img loading=\"lazy\" decoding=\"async\" src=\"https:\/\/p2.trrsf.com\/image\/fget\/cf\/460\/0\/images.terra.com\/2021\/02\/01\/32bac25be224ac60c4f83223ae75003d.jpg\" alt=\"Umberto Eco morreu em 19 de fevereiro de 2016, aos 84 anos\" width=\"460\" height=\"307\" title=\"Umberto Eco morreu em 19 de fevereiro de 2016, aos 84 anos\"\/><figcaption>Umberto Eco morreu em 19 de fevereiro de 2016, aos 84 anos<br><small>Foto: ANSA \/ Ansa &#8211; Brasil<\/small><\/figcaption><\/figure><\/div>\n\n\n\n<p>O Tribunal de Contas italiano aprovou o acordo que prev\u00ea a aquisi\u00e7\u00e3o da cole\u00e7\u00e3o de livros antigos de Eco pela Biblioteca Nacional Braidense, institui\u00e7\u00e3o do Estado em Mil\u00e3o e que re\u00fane cerca de 1,5 milh\u00e3o de exemplares, enquanto o cat\u00e1logo de volumes modernos e o arquivo do escritor ser\u00e3o entregues em comodato para a Universidade de Bolonha por 90 anos.<\/p>\n\n\n\n<p>A cole\u00e7\u00e3o de livros antigos de Umberto Eco inclui 1,2 mil volumes anteriores ao s\u00e9culo 20, incluindo 36 incun\u00e1bulos, obras impressas logo ap\u00f3s a inven\u00e7\u00e3o da imprensa, na segunda metade do s\u00e9culo 15.<\/p>\n\n\n\n<p>&#8220;A Biblioteca Braidense est\u00e1 entusiasmada com o fato de a heran\u00e7a de Eco ser colocada ao lado de sua cole\u00e7\u00e3o de livros raros e est\u00e1 agradecida ao Estado pela aquisi\u00e7\u00e3o&#8221;, disse James Bradburne, diretor da Pinacoteca de Brera, gestora da biblioteca.<\/p>\n\n\n\n<p>J\u00e1 a designa\u00e7\u00e3o da Universidade de Bolonha como destino da cole\u00e7\u00e3o de livros modernos e do arquivo de Eco tamb\u00e9m \u00e9 uma homenagem \u00e0 sua hist\u00f3ria: o escritor foi professor em\u00e9rito da institui\u00e7\u00e3o de ensino, eleita em 2020 como a melhor universidade p\u00fablica da It\u00e1lia com mais de 40 mil alunos.<\/p>\n\n\n\n<p>Umberto Eco morreu em 19 de fevereiro de 2016, aos 84 anos de idade, como um dos maiores escritores e intelectuais da It\u00e1lia.\u00a0Entre seus maiores sucessos liter\u00e1rios est\u00e3o &#8220;O nome da rosa&#8221; (1980) e &#8220;O p\u00eandulo de Foucault&#8221;, de 1988.<\/p>\n\n\n\n<p>Dispon\u00edvel em: <a href=\"https:\/\/www.terra.com.br\/diversao\/arte-e-cultura\/italia-define-destino-da-biblioteca-de-umberto-eco,d0a1b40488ba164d2f108a8e0dfeb14fqsv63efh.html\" target=\"_blank\" rel=\"noreferrer noopener\">https:\/\/www.terra.com.br\/diversao\/arte-e-cultura\/italia-define-destino-da-biblioteca-de-umberto-eco,d0a1b40488ba164d2f108a8e0dfeb14fqsv63efh.html<\/a>. Acesso em: 2 fev. 2021.<\/p>\n","protected":false},"excerpt":{"rendered":"<p>Cole\u00e7\u00e3o ser\u00e1 dividida entre biblioteca estatal e universidade Quase cinco anos ap\u00f3s a morte de Umberto Eco (1932-2016), seus herdeiros e o governo da It\u00e1lia sacramentaram o destino de sua rica cole\u00e7\u00e3o de livros, que ser\u00e1 dividida entre uma das principais bibliotecas estatais e a melhor universidade p\u00fablica de grande porte do pa\u00eds. O Tribunal &#8230; <a title=\"It\u00e1lia define destino da biblioteca de Umberto Eco\" class=\"read-more\" href=\"https:\/\/mundobibliotecario.com.br\/index.php\/2021\/02\/03\/italia-define-destino-da-biblioteca-de-umberto-eco\/\" aria-label=\"Read more about It\u00e1lia define destino da biblioteca de Umberto Eco\">Ler mais<\/a><\/p>\n","protected":false},"author":1,"featured_media":0,"comment_status":"open","ping_status":"open","sticky":false,"template":"","format":"standard","meta":{"_mi_skip_tracking":false,"_exactmetrics_sitenote_active":false,"_exactmetrics_sitenote_note":"","_exactmetrics_sitenote_category":0,"_jetpack_newsletter_access":"","footnotes":""},"categories":[60],"tags":[2,9,1604,395],"class_list":["post-8381","post","type-post","status-publish","format-standard","hentry","category-noticias","tag-biblioteca","tag-livro","tag-livros","tag-umberto-eco"],"jetpack_featured_media_url":"","jetpack_sharing_enabled":true,"jetpack-related-posts":[{"id":4890,"url":"https:\/\/mundobibliotecario.com.br\/index.php\/2012\/01\/01\/umberto-eco-o-excesso-de-informacao-provoca-amnesia-2\/","url_meta":{"origin":8381,"position":0},"title":"Umberto Eco: &quot;O excesso de informa\u00e7\u00e3o provoca amn\u00e9sia&quot;","author":"mundobibliotecario","date":"01\/01\/2012","format":false,"excerpt":"O escritor italiano diz que a internet \u00e9 perigosa para o ignorante e \u00fatil para o s\u00e1bio porque ela n\u00e3o filtra o conhecimento e congestiona a mem\u00f3ria do usu\u00e1rio LU\u00cdS ANT\u00d4NIO GIRON,\u00a0DE MIL\u00c3O PROFESSOR O pensador e romancista italiano Umberto Eco completa 80 anos nesta semana. Ele est\u00e1 escrevendo sua\u2026","rel":"","context":"Em &quot;Not\u00edcias&quot;","block_context":{"text":"Not\u00edcias","link":"https:\/\/mundobibliotecario.com.br\/index.php\/category\/noticias\/"},"img":{"alt_text":"","src":"https:\/\/i0.wp.com\/e.glbimg.com\/og\/ed\/f\/original\/2011\/12\/29\/711_umberto_eco.jpg?resize=350%2C200","width":350,"height":200},"classes":[]},{"id":4891,"url":"https:\/\/mundobibliotecario.com.br\/index.php\/2012\/01\/01\/umberto-eco-o-excesso-de-informacao-provoca-amnesia-2-2\/","url_meta":{"origin":8381,"position":1},"title":"Umberto Eco: &#034;O excesso de informa\u00e7\u00e3o provoca amn\u00e9sia&#034;","author":"mundobibliotecario","date":"01\/01\/2012","format":false,"excerpt":"O escritor italiano diz que a internet \u00e9 perigosa para o ignorante e \u00fatil para o s\u00e1bio porque ela n\u00e3o filtra o conhecimento e congestiona a mem\u00f3ria do usu\u00e1rio LU\u00cdS ANT\u00d4NIO GIRON,\u00a0DE MIL\u00c3O PROFESSOR O pensador e romancista italiano Umberto Eco completa 80 anos nesta semana. Ele est\u00e1 escrevendo sua\u2026","rel":"","context":"Em &quot;Not\u00edcias&quot;","block_context":{"text":"Not\u00edcias","link":"https:\/\/mundobibliotecario.com.br\/index.php\/category\/noticias\/"},"img":{"alt_text":"","src":"https:\/\/i0.wp.com\/e.glbimg.com\/og\/ed\/f\/original\/2011\/12\/29\/711_umberto_eco.jpg?resize=350%2C200","width":350,"height":200},"classes":[]},{"id":2378,"url":"https:\/\/mundobibliotecario.com.br\/index.php\/2012\/01\/01\/umberto-eco-o-excesso-de-informacao-provoca-amnesia\/","url_meta":{"origin":8381,"position":2},"title":"Umberto Eco: &#8220;O excesso de informa\u00e7\u00e3o provoca amn\u00e9sia&#8221;","author":"mundobibliotecario","date":"01\/01\/2012","format":false,"excerpt":"O escritor italiano diz que a internet \u00e9 perigosa para o ignorante e \u00fatil para o s\u00e1bio porque ela n\u00e3o filtra o conhecimento e congestiona a mem\u00f3ria do usu\u00e1rio LU\u00cdS ANT\u00d4NIO GIRON,\u00a0DE MIL\u00c3O PROFESSOR O pensador e romancista italiano Umberto Eco completa 80 anos nesta semana. Ele est\u00e1 escrevendo sua\u2026","rel":"","context":"Em &quot;Not\u00edcias&quot;","block_context":{"text":"Not\u00edcias","link":"https:\/\/mundobibliotecario.com.br\/index.php\/category\/noticias\/"},"img":{"alt_text":"","src":"https:\/\/i0.wp.com\/e.glbimg.com\/og\/ed\/f\/original\/2011\/12\/29\/711_umberto_eco.jpg?resize=350%2C200","width":350,"height":200},"classes":[]},{"id":637,"url":"https:\/\/mundobibliotecario.com.br\/index.php\/2009\/05\/15\/sobre-a-transitoriedade-dos-suportes\/","url_meta":{"origin":8381,"position":3},"title":"Sobre a transitoriedade dos suportes","author":"mundobibliotecario","date":"15\/05\/2009","format":false,"excerpt":"Quarta, 22 de abril de 2009, 13h52 http:\/\/terramagazine.terra.com.br\/interna\/0,,OI3718541-EI12929,00.html Umberto Eco Do The New York Times \u00a0 No encerramento da jornada Escola para Livreiros, destinada a Umberto e Elisabetta Mauro, em Veneza, falamos, entre outros assuntos, da transitoriedade dos suportes de informa\u00e7\u00e3o. O mon\u00f3lito eg\u00edpcio, a tabuleta de argila, o papiro,\u2026","rel":"","context":"Em &quot;Not\u00edcias&quot;","block_context":{"text":"Not\u00edcias","link":"https:\/\/mundobibliotecario.com.br\/index.php\/category\/noticias\/"},"img":{"alt_text":"","src":"","width":0,"height":0},"classes":[]},{"id":8973,"url":"https:\/\/mundobibliotecario.com.br\/index.php\/2021\/06\/07\/fux-defende-gestao-da-memoria-para-preservar-identidade-e-historia-do-judiciario\/","url_meta":{"origin":8381,"position":4},"title":"Fux defende gest\u00e3o da mem\u00f3ria para preservar identidade e hist\u00f3ria do Judici\u00e1rio","author":"mundobibliotecario","date":"07\/06\/2021","format":false,"excerpt":"Ministro Fux na abertura do I Encontro Nacional da Mem\u00f3ria do Poder Judici\u00e1rio. Foto: Gil Ferreira\/CNJ O presidente do Conselho Nacional de Justi\u00e7a (CNJ) e do Supremo Tribunal Federal (STF), ministro Luiz Fux, defendeu nesta ter\u00e7a-feira (18\/5) a import\u00e2ncia da gest\u00e3o da mem\u00f3ria institucional para a identidade e a hist\u00f3ria\u2026","rel":"","context":"Em &quot;Not\u00edcias&quot;","block_context":{"text":"Not\u00edcias","link":"https:\/\/mundobibliotecario.com.br\/index.php\/category\/noticias\/"},"img":{"alt_text":"","src":"https:\/\/i0.wp.com\/mundobibliotecario.com.br\/wp-content\/uploads\/2021\/06\/encontro-memoria.jpg?resize=350%2C200&ssl=1","width":350,"height":200},"classes":[]},{"id":4153,"url":"https:\/\/mundobibliotecario.com.br\/index.php\/2016\/03\/09\/52-bibliotecas-em-52-semanas-10\/","url_meta":{"origin":8381,"position":5},"title":"52 bibliotecas em 52 semanas (10)","author":"mundobibliotecario","date":"09\/03\/2016","format":false,"excerpt":"Trinity College Library A\u00a0Trinity College\u2019s Old Library\u00e9 a maior biblioteca da Irlanda. Aqui \u00e9 onde o livro original de Kells \u00e9 mantido. A biblioteca tamb\u00e9m tem direito a uma c\u00f3pia de todos os trabalhos publicados na Irlanda, por isso, a cole\u00e7\u00e3o fica cada vez maior. A Long Room \u00e9 uma\u2026","rel":"","context":"Em &quot;Not\u00edcias&quot;","block_context":{"text":"Not\u00edcias","link":"https:\/\/mundobibliotecario.com.br\/index.php\/category\/noticias\/"},"img":{"alt_text":"Trinity College Library","src":"https:\/\/i0.wp.com\/blog.uniplaces.com\/wp-content\/uploads\/2015\/08\/trinity-college-dublin.jpg?resize=350%2C200","width":350,"height":200},"classes":[]}],"jetpack_likes_enabled":true,"jetpack_shortlink":"https:\/\/wp.me\/pcbzwa-2bb","_links":{"self":[{"href":"https:\/\/mundobibliotecario.com.br\/index.php\/wp-json\/wp\/v2\/posts\/8381","targetHints":{"allow":["GET"]}}],"collection":[{"href":"https:\/\/mundobibliotecario.com.br\/index.php\/wp-json\/wp\/v2\/posts"}],"about":[{"href":"https:\/\/mundobibliotecario.com.br\/index.php\/wp-json\/wp\/v2\/types\/post"}],"author":[{"embeddable":true,"href":"https:\/\/mundobibliotecario.com.br\/index.php\/wp-json\/wp\/v2\/users\/1"}],"replies":[{"embeddable":true,"href":"https:\/\/mundobibliotecario.com.br\/index.php\/wp-json\/wp\/v2\/comments?post=8381"}],"version-history":[{"count":1,"href":"https:\/\/mundobibliotecario.com.br\/index.php\/wp-json\/wp\/v2\/posts\/8381\/revisions"}],"predecessor-version":[{"id":8382,"href":"https:\/\/mundobibliotecario.com.br\/index.php\/wp-json\/wp\/v2\/posts\/8381\/revisions\/8382"}],"wp:attachment":[{"href":"https:\/\/mundobibliotecario.com.br\/index.php\/wp-json\/wp\/v2\/media?parent=8381"}],"wp:term":[{"taxonomy":"category","embeddable":true,"href":"https:\/\/mundobibliotecario.com.br\/index.php\/wp-json\/wp\/v2\/categories?post=8381"},{"taxonomy":"post_tag","embeddable":true,"href":"https:\/\/mundobibliotecario.com.br\/index.php\/wp-json\/wp\/v2\/tags?post=8381"}],"curies":[{"name":"wp","href":"https:\/\/api.w.org\/{rel}","templated":true}]}}