{"id":8390,"date":"2021-02-11T12:00:00","date_gmt":"2021-02-11T15:00:00","guid":{"rendered":"http:\/\/mundobibliotecario.com.br\/?p=8390"},"modified":"2021-02-10T19:34:41","modified_gmt":"2021-02-10T22:34:41","slug":"artista-lanca-em-livro-digital-textos-escritos-por-mulheres-durante-a-pandemia","status":"publish","type":"post","link":"https:\/\/mundobibliotecario.com.br\/index.php\/2021\/02\/11\/artista-lanca-em-livro-digital-textos-escritos-por-mulheres-durante-a-pandemia\/","title":{"rendered":"Artista lan\u00e7a em livro digital textos escritos por mulheres durante a pandemia"},"content":{"rendered":"\n<div class=\"wp-block-image\"><figure class=\"aligncenter\"><img decoding=\"async\" src=\"https:\/\/agorarn.com.br\/files\/uploads\/2020\/12\/whatsapp-image-at-hb-1.jpg\" alt=\"Artista lan\u00e7a em livro digital textos escritos por mulheres durante a pandemia\" title=\"Artista lan\u00e7a em livro digital textos escritos por mulheres durante a pandemia\"\/><figcaption>Di\u00e1rios acolhem a rotina da casa e a vida que se passa na janela. Foto: Divulga\u00e7\u00e3o<\/figcaption><\/figure><\/div>\n\n\n\n<p>Ideia surgiu da percep\u00e7\u00e3o do potencial hist\u00f3rico e pol\u00edtico existente nos di\u00e1rios pessoais. Quando a vida passa a acontecer dentro de casa, o registro do momento atual tamb\u00e9m se d\u00e1 na esfera \u00edntima<\/p>\n\n\n\n<p>A publica\u00e7\u00e3o digital \u201cFazia Calor e Us\u00e1vamos M\u00e1scaras\u201d ser\u00e1 lan\u00e7ada nesta quinta-feira, 17 de dezembro e ficar\u00e1 dispon\u00edvel no site Organizado pela artista Lara Ov\u00eddio, o projeto re\u00fane textos de dezessete mulheres, produzidos durante a pandemia.<\/p>\n\n\n\n<p>A ideia surgiu da percep\u00e7\u00e3o do potencial hist\u00f3rico e pol\u00edtico existente nos di\u00e1rios pessoais. Quando a vida passa a acontecer dentro de casa, o registro do momento atual tamb\u00e9m se d\u00e1 na esfera \u00edntima.<\/p>\n\n\n\n<p>Lara escreve di\u00e1rios desde 2014 e passou a dedicar muitas horas por dia a essa atividade desde o come\u00e7o da quarentena. Os di\u00e1rios acolhem a rotina da casa, a vida que se passa na janela, a perda de controle dos dias, mas n\u00e3o s\u00f3 isso, tamb\u00e9m abordam a crise pol\u00edtica e sanit\u00e1ria do pa\u00eds.<\/p>\n\n\n\n<p>Quando o Brasil atingia os mais altos patamares de mortes e de casos de infec\u00e7\u00e3o por Covid-19, a artista convidou mulheres do Brasil e de outros pa\u00edses, com perfis diversos \u2013 artistas, escritoras, jornalistas, poetisas, mulheres que moravam sozinhas, em casas cheias, com e sem filhos \u2013 para lerem seus di\u00e1rios, textos e notas em uma live de Instagram. Escutar todas essas vozes juntas, motivou o projeto de publica\u00e7\u00e3o.<\/p>\n\n\n\n<p>\u201c\u00c0 medida que as mulheres foram lendo os textos, fomos percebendo que nossas exist\u00eancias eram semelhantes, em afazeres, sonhos e ang\u00fastias. Os textos eram de uma for\u00e7a enorme. Traziam uma perspectiva de g\u00eanero para tudo que est\u00e1vamos vivendo\u201d, diz Lara.<\/p>\n\n\n\n<p>Dispon\u00edvel em: <a rel=\"noreferrer noopener\" href=\"https:\/\/agorarn.com.br\/ultimas\/artista-lanca-em-livro-digital-textos-escritos-por-mulheres-durante-a-pandemia\/\" target=\"_blank\">https:\/\/agorarn.com.br\/ultimas\/artista-lanca-em-livro-digital-textos-escritos-por-mulheres-durante-a-pandemia\/<\/a>. Acesso em: 10 fev. 2021.<\/p>\n","protected":false},"excerpt":{"rendered":"<p>Ideia surgiu da percep\u00e7\u00e3o do potencial hist\u00f3rico e pol\u00edtico existente nos di\u00e1rios pessoais. Quando a vida passa a acontecer dentro de casa, o registro do momento atual tamb\u00e9m se d\u00e1 na esfera \u00edntima A publica\u00e7\u00e3o digital \u201cFazia Calor e Us\u00e1vamos M\u00e1scaras\u201d ser\u00e1 lan\u00e7ada nesta quinta-feira, 17 de dezembro e ficar\u00e1 dispon\u00edvel no site Organizado pela &#8230; <a title=\"Artista lan\u00e7a em livro digital textos escritos por mulheres durante a pandemia\" class=\"read-more\" href=\"https:\/\/mundobibliotecario.com.br\/index.php\/2021\/02\/11\/artista-lanca-em-livro-digital-textos-escritos-por-mulheres-durante-a-pandemia\/\" aria-label=\"Read more about Artista lan\u00e7a em livro digital textos escritos por mulheres durante a pandemia\">Ler mais<\/a><\/p>\n","protected":false},"author":1,"featured_media":0,"comment_status":"open","ping_status":"open","sticky":false,"template":"","format":"standard","meta":{"_mi_skip_tracking":false,"_exactmetrics_sitenote_active":false,"_exactmetrics_sitenote_note":"","_exactmetrics_sitenote_category":0,"_jetpack_newsletter_access":"","footnotes":""},"categories":[60],"tags":[1833,115,1949,1655],"class_list":["post-8390","post","type-post","status-publish","format-standard","hentry","category-noticias","tag-covid-19-2","tag-e-book","tag-mulheres","tag-pandemia"],"jetpack_featured_media_url":"","jetpack_sharing_enabled":true,"jetpack-related-posts":[{"id":9367,"url":"https:\/\/mundobibliotecario.com.br\/index.php\/2021\/08\/12\/impulsionadas-pela-pandemia-bibliotecas-digitais-ganham-espaco-no-mundo-da-educacao\/","url_meta":{"origin":8390,"position":0},"title":"Impulsionadas pela pandemia, bibliotecas digitais ganham espa\u00e7o no mundo da educa\u00e7\u00e3o","author":"mundobibliotecario","date":"12\/08\/2021","format":false,"excerpt":"Foto: pixabay Do papel pra tela. Assim, as letras e palavras encontraram linhas no meio digital. Que os livros est\u00e3o na internet n\u00e3o \u00e9 novidade. Mas a pandemia tornou as bibliotecas digitais essenciais em um momento em que as estruturas f\u00edsicas fecharam as portas. Tanto \u00e9 que o faturamento das\u2026","rel":"","context":"Em &quot;Not\u00edcias&quot;","block_context":{"text":"Not\u00edcias","link":"https:\/\/mundobibliotecario.com.br\/index.php\/category\/noticias\/"},"img":{"alt_text":"","src":"https:\/\/i0.wp.com\/sagresonline.com.br\/wp-content\/uploads\/2021\/08\/kindle.jpg?resize=350%2C200&ssl=1","width":350,"height":200},"classes":[]},{"id":5589,"url":"https:\/\/mundobibliotecario.com.br\/index.php\/2020\/04\/27\/biblioteca-municipal-de-campo-florido-cria-literatura-delivery-durante-a-pandemia-de-coronavirus\/","url_meta":{"origin":8390,"position":1},"title":"Biblioteca Municipal de Campo Florido cria &#8216;literatura delivery&#8217; durante a pandemia de coronav\u00edrus","author":"mundobibliotecario","date":"27\/04\/2020","format":false,"excerpt":"S\u00e3o mais de 20 mil exemplares dispon\u00edveis e o empr\u00e9stimo \u00e9 solicitado pelo Whatsapp. Literatura Delivery\/Campo Florido\/ Triangulo Mineiro \u2014 Foto: MG TV 1\u00ba Edi\u00e7\u00e3o\/ Uberaba A Biblioteca Municipal de Campo Florido encontrou uma forma de garantir o acesso da popula\u00e7\u00e3o \u00e0 leitura durante o per\u00edodo do isolamento social causado\u2026","rel":"","context":"Em &quot;Not\u00edcias&quot;","block_context":{"text":"Not\u00edcias","link":"https:\/\/mundobibliotecario.com.br\/index.php\/category\/noticias\/"},"img":{"alt_text":"","src":"","width":0,"height":0},"classes":[]},{"id":9015,"url":"https:\/\/mundobibliotecario.com.br\/index.php\/2021\/06\/16\/editores-de-audiobook-relatam-o-nono-ano-consecutivo-de-crescimento-de-dois-digitos-a-receita-cresceu-12-em-2020-mais-de-71-000-audiobooks-foram-publicados-em-2020\/","url_meta":{"origin":8390,"position":2},"title":"Editores de audiobook relatam o nono ano consecutivo de crescimento de dois d\u00edgitos, a receita cresceu 12% em 2020; mais de 71.000 audiobooks foram publicados em 2020","author":"mundobibliotecario","date":"16\/06\/2021","format":false,"excerpt":"Jukka Aalho - Unsplash A receita dos editores de audiobooks cresceu 12% em 2020 para US$ 1,3 bilh\u00f5es, o nono ano consecutivo do duplo crescimento com quatro d\u00edgitos, de acordo com a Audio Publishers Association\u2019s Sales Survey conduzida pela InterQ. A Pesquisa do Consumidor da APA com ouvintes norte-americanos de\u2026","rel":"","context":"Em &quot;Not\u00edcias&quot;","block_context":{"text":"Not\u00edcias","link":"https:\/\/mundobibliotecario.com.br\/index.php\/category\/noticias\/"},"img":{"alt_text":"","src":"https:\/\/i0.wp.com\/mundobibliotecario.com.br\/wp-content\/uploads\/2021\/06\/jukka-aalho-6pV3qV4HRVw-unsplash.jpg?resize=350%2C200&ssl=1","width":350,"height":200},"classes":[]},{"id":5564,"url":"https:\/\/mundobibliotecario.com.br\/index.php\/2020\/04\/19\/bibliotecas-publicas-apos-a-pandemia\/","url_meta":{"origin":8390,"position":3},"title":"Bibliotecas p\u00fablicas ap\u00f3s a pandemia","author":"mundobibliotecario","date":"19\/04\/2020","format":false,"excerpt":"por Sari Feldman - 17 abr. 2020 Sari FeldmanFonte: Publishers Weekly Como muitas pessoas em todo o pa\u00eds, passo muito da minha vida de quarentena obcecada com o futuro.\u00a0Como ser\u00e1 o nosso mundo quando finalmente superarmos a crise de sa\u00fade dos Covid-19?\u00a0Como todo mundo, eu desejo voltar ao normal.\u00a0Mas quando\u2026","rel":"","context":"Em &quot;Not\u00edcias&quot;","block_context":{"text":"Not\u00edcias","link":"https:\/\/mundobibliotecario.com.br\/index.php\/category\/noticias\/"},"img":{"alt_text":"","src":"","width":0,"height":0},"classes":[]},{"id":8270,"url":"https:\/\/mundobibliotecario.com.br\/index.php\/2021\/01\/05\/desafios-para-o-profissional-da-informacao-frente-a-pandemia-em-2020-tendencias-competencias-e-habilidades\/","url_meta":{"origin":8390,"position":4},"title":"Desafios para o profissional da informa\u00e7\u00e3o frente \u00e0 pandemia em 2020: tend\u00eancias, compet\u00eancias e habilidades","author":"mundobibliotecario","date":"05\/01\/2021","format":false,"excerpt":"Por\u00a0Lygia Canelas\u00a0e\u00a0Maralyza\u00a0. Diante do atual cen\u00e1rio mundial no qual a pandemia vem impactando direta ou indiretamente a vida das pessoas, algumas tend\u00eancias passaram a ser realidade em nossa rotina. Para os profissionais da informa\u00e7\u00e3o migrar para o universo digital foi uma dessas mudan\u00e7as, percebemos que de repente as redes sociais\u2026","rel":"","context":"Em &quot;Not\u00edcias&quot;","block_context":{"text":"Not\u00edcias","link":"https:\/\/mundobibliotecario.com.br\/index.php\/category\/noticias\/"},"img":{"alt_text":"","src":"","width":0,"height":0},"classes":[]},{"id":7967,"url":"https:\/\/mundobibliotecario.com.br\/index.php\/2020\/12\/15\/duas-grandes-editoras-lancam-selos-para-publicar-exclusivamente-livros-digitais\/","url_meta":{"origin":8390,"position":5},"title":"Duas grandes editoras lan\u00e7am selos para publicar exclusivamente livros digitais","author":"mundobibliotecario","date":"15\/12\/2020","format":false,"excerpt":"Como resposta ao crescimento do consumo de e-books por brasileiros, Saraiva Educa\u00e7\u00e3o e Record colocam no mercado selos por onde publicar\u00e3o t\u00edtulos exclusivamente no formato digital Como resposta ao crescimento do consumo de e-books por brasileiros, Saraiva Educa\u00e7\u00e3o e Record colocam no mercado selos por onde publicar\u00e3o t\u00edtulos exclusivamente no\u2026","rel":"","context":"Em &quot;Not\u00edcias&quot;","block_context":{"text":"Not\u00edcias","link":"https:\/\/mundobibliotecario.com.br\/index.php\/category\/noticias\/"},"img":{"alt_text":"","src":"","width":0,"height":0},"classes":[]}],"jetpack_likes_enabled":true,"jetpack_shortlink":"https:\/\/wp.me\/pcbzwa-2bk","_links":{"self":[{"href":"https:\/\/mundobibliotecario.com.br\/index.php\/wp-json\/wp\/v2\/posts\/8390","targetHints":{"allow":["GET"]}}],"collection":[{"href":"https:\/\/mundobibliotecario.com.br\/index.php\/wp-json\/wp\/v2\/posts"}],"about":[{"href":"https:\/\/mundobibliotecario.com.br\/index.php\/wp-json\/wp\/v2\/types\/post"}],"author":[{"embeddable":true,"href":"https:\/\/mundobibliotecario.com.br\/index.php\/wp-json\/wp\/v2\/users\/1"}],"replies":[{"embeddable":true,"href":"https:\/\/mundobibliotecario.com.br\/index.php\/wp-json\/wp\/v2\/comments?post=8390"}],"version-history":[{"count":1,"href":"https:\/\/mundobibliotecario.com.br\/index.php\/wp-json\/wp\/v2\/posts\/8390\/revisions"}],"predecessor-version":[{"id":8391,"href":"https:\/\/mundobibliotecario.com.br\/index.php\/wp-json\/wp\/v2\/posts\/8390\/revisions\/8391"}],"wp:attachment":[{"href":"https:\/\/mundobibliotecario.com.br\/index.php\/wp-json\/wp\/v2\/media?parent=8390"}],"wp:term":[{"taxonomy":"category","embeddable":true,"href":"https:\/\/mundobibliotecario.com.br\/index.php\/wp-json\/wp\/v2\/categories?post=8390"},{"taxonomy":"post_tag","embeddable":true,"href":"https:\/\/mundobibliotecario.com.br\/index.php\/wp-json\/wp\/v2\/tags?post=8390"}],"curies":[{"name":"wp","href":"https:\/\/api.w.org\/{rel}","templated":true}]}}