{"id":8400,"date":"2021-02-17T18:00:00","date_gmt":"2021-02-17T21:00:00","guid":{"rendered":"http:\/\/mundobibliotecario.com.br\/?p=8400"},"modified":"2021-02-14T21:31:33","modified_gmt":"2021-02-15T00:31:33","slug":"as-comunidades-de-bibliotecas-influenciam-as-politicas-publicas","status":"publish","type":"post","link":"https:\/\/mundobibliotecario.com.br\/index.php\/2021\/02\/17\/as-comunidades-de-bibliotecas-influenciam-as-politicas-publicas\/","title":{"rendered":"As comunidades de bibliotecas influenciam as pol\u00edticas p\u00fablicas?"},"content":{"rendered":"\n<div class=\"wp-block-image\"><figure class=\"aligncenter size-large\"><a href=\"http:\/\/mundobibliotecario.com.br\/wp-content\/uploads\/2021\/02\/katie-rodriguez-ERoXfV4-l1Q-unsplash.jpg\"><img loading=\"lazy\" decoding=\"async\" width=\"640\" height=\"960\" src=\"http:\/\/mundobibliotecario.com.br\/wp-content\/uploads\/2021\/02\/katie-rodriguez-ERoXfV4-l1Q-unsplash.jpg\" alt=\"\" class=\"wp-image-8401\" srcset=\"https:\/\/mundobibliotecario.com.br\/wp-content\/uploads\/2021\/02\/katie-rodriguez-ERoXfV4-l1Q-unsplash.jpg 640w, https:\/\/mundobibliotecario.com.br\/wp-content\/uploads\/2021\/02\/katie-rodriguez-ERoXfV4-l1Q-unsplash-200x300.jpg 200w\" sizes=\"auto, (max-width: 640px) 100vw, 640px\" \/><\/a><figcaption>Fonte: <a href=\"https:\/\/unsplash.com\/photos\/ERoXfV4-l1Q\" target=\"_blank\" rel=\"noreferrer noopener\">Katie Rodriguez &#8211; Unsplash<\/a><\/figcaption><\/figure><\/div>\n\n\n\n<p>Este ano particular de 2020, que sem d\u00favida ficar\u00e1 gravado na hist\u00f3ria da humanidade, permitiu \u00e0 comunidade bibliotec\u00e1ria participar como nunca de uma grande e variada oferta de palestras e treinamentos. Tanto na voz dos palestrantes quanto nas ativas trocas de opini\u00e3o que ocorreram nos chats, na \u00e2nsia de ser ouvido, por espa\u00e7os de participa\u00e7\u00e3o e na frustra\u00e7\u00e3o de sentir que bibliotecas e bibliotec\u00e1rios est\u00e3o fora da agenda p\u00fablica dos governos.<\/p>\n\n\n\n<p>Por isso, para come\u00e7ar pelo tratamento das pol\u00edticas bibliotec\u00e1rias, \u00e9 conveniente enfocar essa quest\u00e3o com um olhar cr\u00edtico e considerar algumas das \u00e1reas de atua\u00e7\u00e3o, ou seja, as diversas comunidades de bibliotecas onde o bibliotec\u00e1rio costuma atuar. Seguindo uma ordem l\u00f3gica, inicia-se com a institui\u00e7\u00e3o que disponibiliza ao profissional os estudos sistem\u00e1ticos e prossegue com os diversos espa\u00e7os onde ele pode exercer uma fun\u00e7\u00e3o espec\u00edfica.<\/p>\n\n\n\n<ul class=\"wp-block-list\"><li>Escolas de biblioteconomia.<\/li><li>Bibliotecas e outras unidades de informa\u00e7\u00e3o.<\/li><li>Associa\u00e7\u00f5es de bibliotecas e associa\u00e7\u00f5es profissionais.<\/li><li>Redes e sistemas de informa\u00e7\u00e3o.<\/li><li>Congressos, Confer\u00eancias e Reuni\u00f5es, entre outros.<\/li><\/ul>\n\n\n\n<hr class=\"wp-block-separator\"\/>\n\n\n\n<p>O trecho acima \u00e9 uma tradu\u00e7\u00e3o livre do in\u00edcio do texto <a href=\"https:\/\/www.infotecarios.com\/inciden-las-comunidades-bibliotecarias-en-las-politicas-publicas\/#.YCm0cnlv_IU\" target=\"_blank\" rel=\"noreferrer noopener\">\u00bfInciden las comunidades bibliotecarias en las pol\u00edticas p\u00fablicas?<\/a>, publicado no Infotecarios.com<\/p>\n","protected":false},"excerpt":{"rendered":"<p>Este ano particular de 2020, que sem d\u00favida ficar\u00e1 gravado na hist\u00f3ria da humanidade, permitiu \u00e0 comunidade bibliotec\u00e1ria participar como nunca de uma grande e variada oferta de palestras e treinamentos. Tanto na voz dos palestrantes quanto nas ativas trocas de opini\u00e3o que ocorreram nos chats, na \u00e2nsia de ser ouvido, por espa\u00e7os de participa\u00e7\u00e3o &#8230; <a title=\"As comunidades de bibliotecas influenciam as pol\u00edticas p\u00fablicas?\" class=\"read-more\" href=\"https:\/\/mundobibliotecario.com.br\/index.php\/2021\/02\/17\/as-comunidades-de-bibliotecas-influenciam-as-politicas-publicas\/\" aria-label=\"Read more about As comunidades de bibliotecas influenciam as pol\u00edticas p\u00fablicas?\">Ler mais<\/a><\/p>\n","protected":false},"author":1,"featured_media":0,"comment_status":"open","ping_status":"open","sticky":false,"template":"","format":"standard","meta":{"_mi_skip_tracking":false,"_exactmetrics_sitenote_active":false,"_exactmetrics_sitenote_note":"","_exactmetrics_sitenote_category":0,"_jetpack_newsletter_access":"","footnotes":""},"categories":[60],"tags":[2,1392,1953],"class_list":["post-8400","post","type-post","status-publish","format-standard","hentry","category-noticias","tag-biblioteca","tag-bibliotecas","tag-politica-publica"],"jetpack_featured_media_url":"","jetpack_sharing_enabled":true,"jetpack-related-posts":[{"id":3190,"url":"https:\/\/mundobibliotecario.com.br\/index.php\/2013\/08\/07\/declaracao-pelos-direitos-das-bibliotecas\/","url_meta":{"origin":8400,"position":0},"title":"Declara\u00e7\u00e3o pelos Direitos das Bibliotecas","author":"mundobibliotecario","date":"07\/08\/2013","format":false,"excerpt":"Embora a mensagem abaixo seja aplicada ao contexto norte-americano, vale a leitura da Declara\u00e7\u00e3o para inspirar para as lideran\u00e7as bibliotecon\u00f4micas brasileiras. *** Minha iniciativa presidencial, intitulado Bibliotecas mudam vidas, vai se concentrar em aumentar a compreens\u00e3o p\u00fablica do valor das bibliotecas, especialmente nos dom\u00ednios da alfabetiza\u00e7\u00e3o, inova\u00e7\u00e3o e envolvimento da\u2026","rel":"","context":"Em &quot;Not\u00edcias&quot;","block_context":{"text":"Not\u00edcias","link":"https:\/\/mundobibliotecario.com.br\/index.php\/category\/noticias\/"},"img":{"alt_text":"","src":"","width":0,"height":0},"classes":[]},{"id":9025,"url":"https:\/\/mundobibliotecario.com.br\/index.php\/2021\/06\/21\/nota-de-repudio\/","url_meta":{"origin":8400,"position":1},"title":"Nota de Rep\u00fadio","author":"mundobibliotecario","date":"21\/06\/2021","format":false,"excerpt":"O Conselho Federal de Biblioteconomia repudia a decis\u00e3o da Funda\u00e7\u00e3o Palmares de eliminar parte de seu acervo bibliogr\u00e1fico, ignorando, para isso, os crit\u00e9rios t\u00e9cnicos e cient\u00edficos da Biblioteconomia e dos princ\u00edpios que regem a Administra\u00e7\u00e3o P\u00fablica. Embora valendo-se do intitulado \u201cRetrato do Acervo: tr\u00eas d\u00e9cadas de domina\u00e7\u00e3o marxista na Funda\u00e7\u00e3o\u2026","rel":"","context":"Em &quot;Not\u00edcias&quot;","block_context":{"text":"Not\u00edcias","link":"https:\/\/mundobibliotecario.com.br\/index.php\/category\/noticias\/"},"img":{"alt_text":"","src":"","width":0,"height":0},"classes":[]},{"id":9617,"url":"https:\/\/mundobibliotecario.com.br\/index.php\/2021\/11\/13\/publicado-o-relatorio-anual-2020-2021-da-oclc\/","url_meta":{"origin":8400,"position":2},"title":"Publicado o relat\u00f3rio anual 2020-2021 da OCLC","author":"mundobibliotecario","date":"13\/11\/2021","format":false,"excerpt":"Convidamos voc\u00ea a ver o Relat\u00f3rio Anual da OCLC 2020\u20132021. O relat\u00f3rio celebra como as bibliotecas e a OCLC superaram os desafios e as circunst\u00e2ncias para servir nossas comunidades de novas maneiras e com um renovado senso de prop\u00f3sito. Entre as conquistas no FY21: 1. A comunidade se reuniu para\u2026","rel":"","context":"Em &quot;Not\u00edcias&quot;","block_context":{"text":"Not\u00edcias","link":"https:\/\/mundobibliotecario.com.br\/index.php\/category\/noticias\/"},"img":{"alt_text":"","src":"https:\/\/i0.wp.com\/mundobibliotecario.com.br\/wp-content\/uploads\/2021\/11\/oclc.png?resize=350%2C200&ssl=1","width":350,"height":200},"classes":[]},{"id":7755,"url":"https:\/\/mundobibliotecario.com.br\/index.php\/2020\/08\/10\/ibict-mapeia-bibliotecas-usuarias-do-software-livre-koha\/","url_meta":{"origin":8400,"position":3},"title":"Ibict mapeia bibliotecas usu\u00e1rias do software livre Koha","author":"mundobibliotecario","date":"10\/08\/2020","format":false,"excerpt":"Divulga\u00e7\u00e3o Ao responder o formul\u00e1rio, as bibliotecas passam a integrar o mapa da comunidade Koha no Brasil O Instituto Brasileiro de Informa\u00e7\u00e3o em Ci\u00eancia e Tecnologia (Ibict) convida as bibliotecas brasileiras a participar de um levantamento sobre a presen\u00e7a do software Koha no Brasil. O objetivo \u00e9 formar uma rede\u2026","rel":"","context":"Em &quot;Not\u00edcias&quot;","block_context":{"text":"Not\u00edcias","link":"https:\/\/mundobibliotecario.com.br\/index.php\/category\/noticias\/"},"img":{"alt_text":"","src":"","width":0,"height":0},"classes":[]},{"id":7984,"url":"https:\/\/mundobibliotecario.com.br\/index.php\/2020\/12\/23\/bibliotecas-publicas-respondem-a-pandemia-de-covid-19-criando-um-novo-modelo-de-servico\/","url_meta":{"origin":8400,"position":4},"title":"Bibliotecas p\u00fablicas respondem \u00e0 pandemia de COVID-19, criando um novo modelo de servi\u00e7o","author":"mundobibliotecario","date":"23\/12\/2020","format":false,"excerpt":"No editorial de dezembro de 2020 da revista Information Technology and Libraries, Jon Goddard faz uma breve retrospectiva de como as bibliotecas p\u00fablicas norte-americanas se reinventaram em 2020. Com a oferta de conta\u00e7\u00e3o de hist\u00f3rias online, empr\u00e9stimo de e-books e parcerias com escolas e outras institui\u00e7\u00f5es para melhor o sinal\u2026","rel":"","context":"Em &quot;Not\u00edcias&quot;","block_context":{"text":"Not\u00edcias","link":"https:\/\/mundobibliotecario.com.br\/index.php\/category\/noticias\/"},"img":{"alt_text":"","src":"https:\/\/i0.wp.com\/mundobibliotecario.com.br\/wp-content\/uploads\/2020\/12\/pandemic-5026719_640.jpg?resize=350%2C200&ssl=1","width":350,"height":200},"classes":[]},{"id":8667,"url":"https:\/\/mundobibliotecario.com.br\/index.php\/2021\/04\/06\/relatorio-do-estado-das-bibliotecas-dos-estados-unidos-relatorio-especial-covid-19\/","url_meta":{"origin":8400,"position":5},"title":"Relat\u00f3rio do Estado das Bibliotecas dos Estados Unidos &#8211; Relat\u00f3rio Especial: COVID-19","author":"mundobibliotecario","date":"06\/04\/2021","format":false,"excerpt":"A American Library Association publicou em seu site o\u00a0Relat\u00f3rio do Estado das Bibliotecas dos Estados Unidos - Relat\u00f3rio Especial: COVID-19. Em um ano n\u00e3o muito diferente do que vivemos no Brasil em 2019, o texto de apresenta\u00e7\u00e3o do relat\u00f3rio informa que os Estados Unidos enfrentaram n\u00e3o s\u00f3 desafios pol\u00edticos devido\u2026","rel":"","context":"Em &quot;Not\u00edcias&quot;","block_context":{"text":"Not\u00edcias","link":"https:\/\/mundobibliotecario.com.br\/index.php\/category\/noticias\/"},"img":{"alt_text":"covid-19","src":"https:\/\/i0.wp.com\/mundobibliotecario.com.br\/wp-content\/uploads\/2020\/07\/covid-19-4975604_640.png?resize=350%2C200&ssl=1","width":350,"height":200},"classes":[]}],"jetpack_likes_enabled":true,"jetpack_shortlink":"https:\/\/wp.me\/pcbzwa-2bu","_links":{"self":[{"href":"https:\/\/mundobibliotecario.com.br\/index.php\/wp-json\/wp\/v2\/posts\/8400","targetHints":{"allow":["GET"]}}],"collection":[{"href":"https:\/\/mundobibliotecario.com.br\/index.php\/wp-json\/wp\/v2\/posts"}],"about":[{"href":"https:\/\/mundobibliotecario.com.br\/index.php\/wp-json\/wp\/v2\/types\/post"}],"author":[{"embeddable":true,"href":"https:\/\/mundobibliotecario.com.br\/index.php\/wp-json\/wp\/v2\/users\/1"}],"replies":[{"embeddable":true,"href":"https:\/\/mundobibliotecario.com.br\/index.php\/wp-json\/wp\/v2\/comments?post=8400"}],"version-history":[{"count":1,"href":"https:\/\/mundobibliotecario.com.br\/index.php\/wp-json\/wp\/v2\/posts\/8400\/revisions"}],"predecessor-version":[{"id":8402,"href":"https:\/\/mundobibliotecario.com.br\/index.php\/wp-json\/wp\/v2\/posts\/8400\/revisions\/8402"}],"wp:attachment":[{"href":"https:\/\/mundobibliotecario.com.br\/index.php\/wp-json\/wp\/v2\/media?parent=8400"}],"wp:term":[{"taxonomy":"category","embeddable":true,"href":"https:\/\/mundobibliotecario.com.br\/index.php\/wp-json\/wp\/v2\/categories?post=8400"},{"taxonomy":"post_tag","embeddable":true,"href":"https:\/\/mundobibliotecario.com.br\/index.php\/wp-json\/wp\/v2\/tags?post=8400"}],"curies":[{"name":"wp","href":"https:\/\/api.w.org\/{rel}","templated":true}]}}