{"id":8413,"date":"2021-03-03T15:00:00","date_gmt":"2021-03-03T18:00:00","guid":{"rendered":"http:\/\/mundobibliotecario.com.br\/?p=8413"},"modified":"2021-02-27T21:59:21","modified_gmt":"2021-02-28T00:59:21","slug":"a-comunidade-de-biblioteconomia-e-ciencia-da-informacao-bci-esta-convidada-a-fornecer-feedback-sobre-o-rascunho-das-diretrizes-da-ifla-para-programas-educacionais-em-bci","status":"publish","type":"post","link":"https:\/\/mundobibliotecario.com.br\/index.php\/2021\/03\/03\/a-comunidade-de-biblioteconomia-e-ciencia-da-informacao-bci-esta-convidada-a-fornecer-feedback-sobre-o-rascunho-das-diretrizes-da-ifla-para-programas-educacionais-em-bci\/","title":{"rendered":"A comunidade de Biblioteconomia e Ci\u00eancia da Informa\u00e7\u00e3o (BCI) est\u00e1 convidada a fornecer feedback sobre o rascunho das &#8220;Diretrizes da IFLA para Programas Educacionais em BCI&#8221;"},"content":{"rendered":"\n<figure class=\"wp-block-image size-large\"><a href=\"http:\/\/mundobibliotecario.com.br\/wp-content\/uploads\/2021\/02\/2021-02-27_15-42-41-768x232-2.png\"><img loading=\"lazy\" decoding=\"async\" width=\"768\" height=\"232\" src=\"http:\/\/mundobibliotecario.com.br\/wp-content\/uploads\/2021\/02\/2021-02-27_15-42-41-768x232-2.png\" alt=\"\" class=\"wp-image-8415\" srcset=\"https:\/\/mundobibliotecario.com.br\/wp-content\/uploads\/2021\/02\/2021-02-27_15-42-41-768x232-2.png 768w, https:\/\/mundobibliotecario.com.br\/wp-content\/uploads\/2021\/02\/2021-02-27_15-42-41-768x232-2-300x91.png 300w\" sizes=\"auto, (max-width: 768px) 100vw, 768px\" \/><\/a><\/figure>\n\n\n\n<p>O\u00a0<a href=\"https:\/\/urldefense.com\/v3\/__https:\/www.ifla.org\/__;!!DZ3fjg!tqr76-1QRW2khohrBY7--HcaWhnzXhRsNQXJdyfMzY5Fj1ITV23POyWFmk7aIkjYGA$\">IFLA\u00a0<\/a><a href=\"https:\/\/urldefense.com\/v3\/__https:\/bslise.org\/__;!!DZ3fjg!tqr76-1QRW2khohrBY7--HcaWhnzXhRsNQXJdyfMzY5Fj1ITV23POyWFmk4oAnfl5A$\">Building Strong LIS Education Working Group<\/a>\u00a0convida a comunidade de Biblioteconomia e Ci\u00eancia da Informa\u00e7\u00e3o (BCI) a fornecer feedback sobre as\u00a0<a href=\"http:\/\/go.illinois.edu\/draftLISEguide\"><em>diretrizes<\/em><\/a>\u00a0preliminares da\u00a0<a href=\"http:\/\/go.illinois.edu\/draftLISEguide\"><em>IFLA para Programas Educacionais em Biblioteconomia e Ci\u00eancia da Informa\u00e7\u00e3o (BCI)<\/em><\/a>\u00a0\u00a0preenchendo um formul\u00e1rio de feedback e\/ou participando de um f\u00f3rum online.\u00a0As Diretrizes servem como estrutura para programas de educa\u00e7\u00e3o em BCI e auxiliam as partes interessadas no planejamento, desenvolvimento e avalia\u00e7\u00e3o da qualidade da educa\u00e7\u00e3o em BCI e na identifica\u00e7\u00e3o das \u00e1reas de conhecimento que um profissional de BCI deve praticar e continuar a se desenvolver.\u00a0Foi criado para ser aplic\u00e1vel a qualquer n\u00edvel de ensino superior.<\/p>\n\n\n\n<p>Gostar\u00edamos de receber coment\u00e1rios (por exemplo, pontos fortes, lacunas, etc.) sobre cada se\u00e7\u00e3o das Diretrizes, seu uso como uma ferramenta para o desenvolvimento da qualidade na educa\u00e7\u00e3o BCI e seu potencial para ado\u00e7\u00e3o, apoio ou promo\u00e7\u00e3o para melhorar a qualidade de educa\u00e7\u00e3o em BCI local e globalmente.<\/p>\n\n\n\n<p><em>Preencha o formul\u00e1rio de feedback<\/em>\u00a0em\u00a0<a href=\"http:\/\/go.illinois.edu\/LISEsurvey\">go.illinois.edu\/LISEsurvey<\/a>\u00a0at\u00e9 31 de mar\u00e7o de 2021.<\/p>\n\n\n\n<hr class=\"wp-block-separator\"\/>\n\n\n\n<p>Tradu\u00e7\u00e3o livre do artigo <a rel=\"noreferrer noopener\" href=\"https:\/\/www.infodocket.com\/2021\/02\/27\/community-invited-to-provide-feedback-on-draft-of-ifla-guidelines-for-professional-library-and-information-science-lis-education-programmes\/\" target=\"_blank\">&#8220;LIS Community Invited to Provide Feedback on Draft of &#8216;IFLA Guidelines for Professional Library and Information Science (LIS) Education Programmes'&#8221;<\/a>, publicado no Infodocket em 27 de fevereiro de 2021.<\/p>\n","protected":false},"excerpt":{"rendered":"<p>O\u00a0IFLA\u00a0Building Strong LIS Education Working Group\u00a0convida a comunidade de Biblioteconomia e Ci\u00eancia da Informa\u00e7\u00e3o (BCI) a fornecer feedback sobre as\u00a0diretrizes\u00a0preliminares da\u00a0IFLA para Programas Educacionais em Biblioteconomia e Ci\u00eancia da Informa\u00e7\u00e3o (BCI)\u00a0\u00a0preenchendo um formul\u00e1rio de feedback e\/ou participando de um f\u00f3rum online.\u00a0As Diretrizes servem como estrutura para programas de educa\u00e7\u00e3o em BCI e auxiliam as partes &#8230; <a title=\"A comunidade de Biblioteconomia e Ci\u00eancia da Informa\u00e7\u00e3o (BCI) est\u00e1 convidada a fornecer feedback sobre o rascunho das &#8220;Diretrizes da IFLA para Programas Educacionais em BCI&#8221;\" class=\"read-more\" href=\"https:\/\/mundobibliotecario.com.br\/index.php\/2021\/03\/03\/a-comunidade-de-biblioteconomia-e-ciencia-da-informacao-bci-esta-convidada-a-fornecer-feedback-sobre-o-rascunho-das-diretrizes-da-ifla-para-programas-educacionais-em-bci\/\" aria-label=\"Read more about A comunidade de Biblioteconomia e Ci\u00eancia da Informa\u00e7\u00e3o (BCI) est\u00e1 convidada a fornecer feedback sobre o rascunho das &#8220;Diretrizes da IFLA para Programas Educacionais em BCI&#8221;\">Ler mais<\/a><\/p>\n","protected":false},"author":1,"featured_media":0,"comment_status":"open","ping_status":"open","sticky":false,"template":"","format":"standard","meta":{"_mi_skip_tracking":false,"_exactmetrics_sitenote_active":false,"_exactmetrics_sitenote_note":"","_exactmetrics_sitenote_category":0,"_jetpack_newsletter_access":"","footnotes":""},"categories":[60],"tags":[63,40,327,1094],"class_list":["post-8413","post","type-post","status-publish","format-standard","hentry","category-noticias","tag-biblioteconomia","tag-ciencia-da-informacao","tag-educacao","tag-ifla"],"jetpack_featured_media_url":"","jetpack_sharing_enabled":true,"jetpack-related-posts":[{"id":2561,"url":"https:\/\/mundobibliotecario.com.br\/index.php\/2012\/04\/26\/saber-profissional-e-tema-de-evento-promovido-pelo-pet-bci-no-dia-4-de-maio\/","url_meta":{"origin":8413,"position":0},"title":"Saber profissional \u00e9 tema de evento promovido pelo PET-BCI no dia 4 de maio","author":"mundobibliotecario","date":"26\/04\/2012","format":false,"excerpt":"No dia 4 de maio, acontece na UFSCar o \"II Semin\u00e1rio O saber profissional\", realizado pelo Programa de Educa\u00e7\u00e3o Tutorial em Biblioteconomia e Ci\u00eancia da Informa\u00e7\u00e3o (Grupo PET - BCI). Durante o evento, trabalhos acad\u00eamicos e bibliotec\u00e1rios desenvolvidos por alunos egressos do curso de Biblioteconomia e Ci\u00eancia da Informa\u00e7\u00e3o da\u2026","rel":"","context":"Em &quot;Not\u00edcias&quot;","block_context":{"text":"Not\u00edcias","link":"https:\/\/mundobibliotecario.com.br\/index.php\/category\/noticias\/"},"img":{"alt_text":"","src":"","width":0,"height":0},"classes":[]},{"id":9522,"url":"https:\/\/mundobibliotecario.com.br\/index.php\/2021\/10\/18\/biblioteca-municipal-da-escola-janete-maria-martinelli-lia-e-nomeada-biblioteca-municipal-professora-vera-regina-casari-boccato\/","url_meta":{"origin":8413,"position":1},"title":"Biblioteca municipal da escola &#8220;Janete Maria Martinelli Lia&#8221; \u00e9 nomeada Biblioteca Municipal &#8220;Professora Vera Regina Casari Boccato&#8221;","author":"mundobibliotecario","date":"18\/10\/2021","format":false,"excerpt":"Cr\u00e9dito: PET BCI No dia 14 de junho, a Prefeitura Municipal de S\u00e3o Carlos aprovou a lei n\u00ba 20.149 que denomina a Biblioteca Municipal localizada anexa \u00e0 EMEB \u201cJanete Maria Martinelli Lia\u201d de Biblioteca Municipal \u201cProfessora Vera Regina Casari Boccato\u201dA Profa. Vera foi a grande idealizadora da cria\u00e7\u00e3o do Programa\u2026","rel":"","context":"Em &quot;Not\u00edcias&quot;","block_context":{"text":"Not\u00edcias","link":"https:\/\/mundobibliotecario.com.br\/index.php\/category\/noticias\/"},"img":{"alt_text":"","src":"https:\/\/i0.wp.com\/mundobibliotecario.com.br\/wp-content\/uploads\/2021\/10\/vera.jpg?resize=350%2C200&ssl=1","width":350,"height":200},"classes":[]},{"id":2177,"url":"https:\/\/mundobibliotecario.com.br\/index.php\/2011\/09\/06\/palestra-conservacao-preservacao-e-pesquisa\/","url_meta":{"origin":8413,"position":2},"title":"Palestra &#8211; Conserva\u00e7\u00e3o, preserva\u00e7\u00e3o e pesquisa","author":"mundobibliotecario","date":"06\/09\/2011","format":false,"excerpt":"Divulgando evento recebido por e-mail. Desde j\u00e1, parab\u00e9ns ao PET - BCI UFSCar! ********** Prezados(as) colegas! O Programa de Educa\u00e7\u00e3o Tutorial em Biblioteconomia e Ci\u00eancia da Informa\u00e7\u00e3o da UFSCar (PET - BCI UFSCar) tem a honra de convid\u00e1-los a participar de nosso Semin\u00e1rio de Car\u00e1ter T\u00e9cnico Cientifico sobre \u201cConserva\u00e7\u00e3o, preserva\u00e7\u00e3o\u2026","rel":"","context":"Em &quot;Eventos&quot;","block_context":{"text":"Eventos","link":"https:\/\/mundobibliotecario.com.br\/index.php\/category\/eventos\/"},"img":{"alt_text":"","src":"","width":0,"height":0},"classes":[]},{"id":2045,"url":"https:\/\/mundobibliotecario.com.br\/index.php\/2011\/05\/24\/pet-em-biblioteconomia-e-ciencia-da-informacao-da-ufscar-promove-o-seminario-o-saber-profissional\/","url_meta":{"origin":8413,"position":3},"title":"PET em Biblioteconomia e Ci\u00eancia da Informa\u00e7\u00e3o da UFSCar promove o semin\u00e1rio &#8220;O Saber Profissional&#8221;","author":"mundobibliotecario","date":"24\/05\/2011","format":false,"excerpt":"O Programa de Educa\u00e7\u00e3o Tutorial em Biblioteconomia e Ci\u00eancia da Informa\u00e7\u00e3o (PET-BCI) da UFSCar realiza, no dia 3 de junho, o semin\u00e1rio \"O Saber Profissional\". O objetivo da atividade \u00e9 conhecer os trabalhos desenvolvidos por ex-alunos do Curso de Biblioteconomia e Ci\u00eancia da Informa\u00e7\u00e3o da UFSCar em diferentes segmentos de\u2026","rel":"","context":"Em &quot;Eventos&quot;","block_context":{"text":"Eventos","link":"https:\/\/mundobibliotecario.com.br\/index.php\/category\/eventos\/"},"img":{"alt_text":"","src":"","width":0,"height":0},"classes":[]},{"id":4879,"url":"https:\/\/mundobibliotecario.com.br\/index.php\/2011\/05\/24\/pet-em-biblioteconomia-e-ciencia-da-informacao-da-ufscar-promove-o-seminario-o-saber-profissional-2\/","url_meta":{"origin":8413,"position":4},"title":"PET em Biblioteconomia e Ci\u00eancia da Informa\u00e7\u00e3o da UFSCar promove o semin\u00e1rio &quot;O Saber Profissional&quot;","author":"mundobibliotecario","date":"24\/05\/2011","format":false,"excerpt":"O Programa de Educa\u00e7\u00e3o Tutorial em Biblioteconomia e Ci\u00eancia da Informa\u00e7\u00e3o (PET-BCI) da UFSCar realiza, no dia 3 de junho, o semin\u00e1rio \"O Saber Profissional\". O objetivo da atividade \u00e9 conhecer os trabalhos desenvolvidos por ex-alunos do Curso de Biblioteconomia e Ci\u00eancia da Informa\u00e7\u00e3o da UFSCar em diferentes segmentos de\u2026","rel":"","context":"Em &quot;Eventos&quot;","block_context":{"text":"Eventos","link":"https:\/\/mundobibliotecario.com.br\/index.php\/category\/eventos\/"},"img":{"alt_text":"","src":"","width":0,"height":0},"classes":[]},{"id":4882,"url":"https:\/\/mundobibliotecario.com.br\/index.php\/2011\/05\/24\/pet-em-biblioteconomia-e-ciencia-da-informacao-da-ufscar-promove-o-seminario-o-saber-profissional-2-2\/","url_meta":{"origin":8413,"position":5},"title":"PET em Biblioteconomia e Ci\u00eancia da Informa\u00e7\u00e3o da UFSCar promove o semin\u00e1rio &#034;O Saber Profissional&#034;","author":"mundobibliotecario","date":"24\/05\/2011","format":false,"excerpt":"O Programa de Educa\u00e7\u00e3o Tutorial em Biblioteconomia e Ci\u00eancia da Informa\u00e7\u00e3o (PET-BCI) da UFSCar realiza, no dia 3 de junho, o semin\u00e1rio \"O Saber Profissional\". O objetivo da atividade \u00e9 conhecer os trabalhos desenvolvidos por ex-alunos do Curso de Biblioteconomia e Ci\u00eancia da Informa\u00e7\u00e3o da UFSCar em diferentes segmentos de\u2026","rel":"","context":"Em &quot;Eventos&quot;","block_context":{"text":"Eventos","link":"https:\/\/mundobibliotecario.com.br\/index.php\/category\/eventos\/"},"img":{"alt_text":"","src":"","width":0,"height":0},"classes":[]}],"jetpack_likes_enabled":true,"jetpack_shortlink":"https:\/\/wp.me\/pcbzwa-2bH","_links":{"self":[{"href":"https:\/\/mundobibliotecario.com.br\/index.php\/wp-json\/wp\/v2\/posts\/8413","targetHints":{"allow":["GET"]}}],"collection":[{"href":"https:\/\/mundobibliotecario.com.br\/index.php\/wp-json\/wp\/v2\/posts"}],"about":[{"href":"https:\/\/mundobibliotecario.com.br\/index.php\/wp-json\/wp\/v2\/types\/post"}],"author":[{"embeddable":true,"href":"https:\/\/mundobibliotecario.com.br\/index.php\/wp-json\/wp\/v2\/users\/1"}],"replies":[{"embeddable":true,"href":"https:\/\/mundobibliotecario.com.br\/index.php\/wp-json\/wp\/v2\/comments?post=8413"}],"version-history":[{"count":1,"href":"https:\/\/mundobibliotecario.com.br\/index.php\/wp-json\/wp\/v2\/posts\/8413\/revisions"}],"predecessor-version":[{"id":8416,"href":"https:\/\/mundobibliotecario.com.br\/index.php\/wp-json\/wp\/v2\/posts\/8413\/revisions\/8416"}],"wp:attachment":[{"href":"https:\/\/mundobibliotecario.com.br\/index.php\/wp-json\/wp\/v2\/media?parent=8413"}],"wp:term":[{"taxonomy":"category","embeddable":true,"href":"https:\/\/mundobibliotecario.com.br\/index.php\/wp-json\/wp\/v2\/categories?post=8413"},{"taxonomy":"post_tag","embeddable":true,"href":"https:\/\/mundobibliotecario.com.br\/index.php\/wp-json\/wp\/v2\/tags?post=8413"}],"curies":[{"name":"wp","href":"https:\/\/api.w.org\/{rel}","templated":true}]}}