{"id":8417,"date":"2021-03-09T15:00:00","date_gmt":"2021-03-09T18:00:00","guid":{"rendered":"http:\/\/mundobibliotecario.com.br\/?p=8417"},"modified":"2021-03-07T15:24:55","modified_gmt":"2021-03-07T18:24:55","slug":"live-novos-servicos-de-apoio-a-pesquisa-em-bibliotecas-universitarias","status":"publish","type":"post","link":"https:\/\/mundobibliotecario.com.br\/index.php\/2021\/03\/09\/live-novos-servicos-de-apoio-a-pesquisa-em-bibliotecas-universitarias\/","title":{"rendered":"Live &#8220;Novos servi\u00e7os de apoio \u00e0 pesquisa em bibliotecas universit\u00e1rias&#8221;"},"content":{"rendered":"\n<p>Comemora\u00e7\u00e3o do Dia do Bibliotec\u00e1rio na UFSCar!<\/p>\n\n\n\n<figure class=\"wp-block-image\"><img decoding=\"async\" src=\"https:\/\/ci5.googleusercontent.com\/proxy\/J-bbMo_7FgwJf7kuCBXzxUCCkzVO8X1E_7kcNwmW7fM6wDdBL0Qg9DISeTwy3dIepYPppwXXpiiCQ1C3B1qaiz4TMIpuflonOCmewEAnIe86XYOEG87aYl9-h7k1AqEGCE1sVzpm9F8rR1dGJ1uF7BgnRbcHhfUyV9a2jVU-vjjyiqEhHw=s0-d-e1-ft#https:\/\/www.bso.ufscar.br\/imagens\/dia_do_bibliotecario_sibi.jpg\/@@images\/a2e9f4ed-9012-429c-be39-e4315108f8d0.jpeg\" alt=\"Dia_do_bibliotecario_SIBi.jpg\" title=\"Dia_do_bibliotecario_SIBi.jpg\"\/><\/figure>\n\n\n\n<p>A atua\u00e7\u00e3o tradicional dos bibliotec\u00e1rios foi se transformando, novos desafios surgiram, novas habilidades s\u00e3o exigidas e um novo perfil do profissional desponta.<\/p>\n\n\n\n<p>Para comemorar o Dia do Bibliotec\u00e1rio na UFSCar, o Sistema Integrado de Bibliotecas (SIBi) e o Departamento de Ci\u00eancia da Informa\u00e7\u00e3o(DCI) organizaram a live&nbsp;<strong>&#8220;Novos servi\u00e7os de apoio \u00e0 pesquisa em bibliotecas universit\u00e1rias&#8221;<\/strong>, no dia 12 de mar\u00e7o das 14h30 \u00e0s 16h.<\/p>\n\n\n\n<p>A live contar\u00e1 com a participa\u00e7\u00e3o da convidada&nbsp;<strong>Paula Carina de Ara\u00fajo<\/strong>, docente do Departamento de Ci\u00eancia e Gest\u00e3o da Informa\u00e7\u00e3o e do Programa de P\u00f3s Gradua\u00e7\u00e3o em Gest\u00e3o da Informa\u00e7\u00e3o da UFPR e como moderadora&nbsp;<strong>Luciana Gracioso<\/strong>, docente do Departamento de Ci\u00eancia da Informa\u00e7\u00e3o da UFSCar. O evento \u00e9 gratuito! A inscri\u00e7\u00e3o est\u00e1 dispon\u00edvel&nbsp;<a href=\"https:\/\/forms.gle\/AVU5j4yVytgj5XrN9\" target=\"_blank\" rel=\"noreferrer noopener\">aqui&nbsp;<\/a>.<\/p>\n\n\n\n<p>Haver\u00e1 emiss\u00e3o de certificados.<\/p>\n\n\n\n<p>A apresenta\u00e7\u00e3o acontece ao vivo pelo&nbsp;<a href=\"https:\/\/www.youtube.com\/c\/SIBiUFSCar\" target=\"_blank\" rel=\"noreferrer noopener\">Canal do SIBi no Youtube<\/a>&nbsp; e haver\u00e1 int\u00e9rprete de Libras.<\/p>\n\n\n\n<p><strong>Contamos com a presen\u00e7a de voc\u00eas. PARTICIPEM!!!<\/strong><\/p>\n\n\n\n<p><em>Contribui\u00e7\u00e3o: Vera Lui (Bibliotec\u00e1ria da UFSCar)<br><\/em><\/p>\n","protected":false},"excerpt":{"rendered":"<p>Comemora\u00e7\u00e3o do Dia do Bibliotec\u00e1rio na UFSCar! A atua\u00e7\u00e3o tradicional dos bibliotec\u00e1rios foi se transformando, novos desafios surgiram, novas habilidades s\u00e3o exigidas e um novo perfil do profissional desponta. Para comemorar o Dia do Bibliotec\u00e1rio na UFSCar, o Sistema Integrado de Bibliotecas (SIBi) e o Departamento de Ci\u00eancia da Informa\u00e7\u00e3o(DCI) organizaram a live&nbsp;&#8220;Novos servi\u00e7os de &#8230; <a title=\"Live &#8220;Novos servi\u00e7os de apoio \u00e0 pesquisa em bibliotecas universit\u00e1rias&#8221;\" class=\"read-more\" href=\"https:\/\/mundobibliotecario.com.br\/index.php\/2021\/03\/09\/live-novos-servicos-de-apoio-a-pesquisa-em-bibliotecas-universitarias\/\" aria-label=\"Read more about Live &#8220;Novos servi\u00e7os de apoio \u00e0 pesquisa em bibliotecas universit\u00e1rias&#8221;\">Ler mais<\/a><\/p>\n","protected":false},"author":1,"featured_media":0,"comment_status":"open","ping_status":"open","sticky":false,"template":"","format":"standard","meta":{"_mi_skip_tracking":false,"_exactmetrics_sitenote_active":false,"_exactmetrics_sitenote_note":"","_exactmetrics_sitenote_category":0,"_jetpack_newsletter_access":"","footnotes":""},"categories":[27],"tags":[1954,373,533],"class_list":["post-8417","post","type-post","status-publish","format-standard","hentry","category-eventos","tag-apoio-a-pesquisa","tag-biblioteca-universitaria","tag-dia-do-bibliotecario"],"jetpack_featured_media_url":"","jetpack_sharing_enabled":true,"jetpack-related-posts":[{"id":9838,"url":"https:\/\/mundobibliotecario.com.br\/index.php\/2022\/03\/04\/live-panorama-das-bibliotecas-em-relacao-a-agenda-2030-10-03\/","url_meta":{"origin":8417,"position":0},"title":"Live: Panorama das bibliotecas em rela\u00e7\u00e3o \u00e0 Agenda 2030 \u2013 10\/03","author":"mundobibliotecario","date":"04\/03\/2022","format":false,"excerpt":"Para comemorar o\u00a0Dia do Bibliotec\u00e1rio\u00a0e dar continuidade \u00e0 s\u00e9rie de\u00a0lives\u00a0que abordam as necessidades atuais das bibliotecas universit\u00e1rias e da comunidade acad\u00eamica, o Sistema Integrado de Bibliotecas (SIBi-UFSCar) e o\u00a0Departamento de Ci\u00eancia da Informa\u00e7\u00e3o organizaram a\u00a0live\u00a0\u201cOito anos pela frente e o panorama das bibliotecas em rela\u00e7\u00e3o \u00e0 Agenda 2030\u201d.\u00a0\u00a0Restam apenas oito\u2026","rel":"","context":"Em &quot;Not\u00edcias&quot;","block_context":{"text":"Not\u00edcias","link":"https:\/\/mundobibliotecario.com.br\/index.php\/category\/noticias\/"},"img":{"alt_text":"dia do bibliotecario ufscar","src":"https:\/\/i0.wp.com\/mundobibliotecario.com.br\/wp-content\/uploads\/2022\/03\/image-1.jpeg?resize=350%2C200&ssl=1","width":350,"height":200},"classes":[]},{"id":9374,"url":"https:\/\/mundobibliotecario.com.br\/index.php\/2021\/08\/16\/sibi-ufscar-promove-live-sobre-gestao-de-dados-de-pesquisa-com-a-ferramenta-dmptool\/","url_meta":{"origin":8417,"position":1},"title":"SIBi-UFSCar promove live sobre gest\u00e3o de dados de pesquisa com a ferramenta DMPTool","author":"mundobibliotecario","date":"16\/08\/2021","format":false,"excerpt":"No pr\u00f3ximo dia\u00a019 de agosto\u00a0(5\u00aa. Feira) dando continuidade \u00e0 s\u00e9rie de\u00a0lives\u00a0que abordam necessidades atuais das bibliotecas universit\u00e1rias, o Sistema Integrado de Bibliotecas (SIBi), da UFSCar, promove o bate-papo virtual, intitulado\u00a0Por que usar a DMPTool\u00a0para a gest\u00e3o de dados de pesquisa?\u00a0A ferramenta DMPTool\u00a0\u00e9 utilizada para elaborar o Plano de gest\u00e3o de\u2026","rel":"","context":"Em &quot;Not\u00edcias&quot;","block_context":{"text":"Not\u00edcias","link":"https:\/\/mundobibliotecario.com.br\/index.php\/category\/noticias\/"},"img":{"alt_text":"","src":"https:\/\/i0.wp.com\/mundobibliotecario.com.br\/wp-content\/uploads\/2021\/08\/live-gestao-dados-ufscar.png?resize=350%2C200&ssl=1","width":350,"height":200},"classes":[]},{"id":10105,"url":"https:\/\/mundobibliotecario.com.br\/index.php\/2022\/09\/26\/live-acessibilidade-em-bibliotecas-universitarias-para-pessoas-com-deficiencia-visual\/","url_meta":{"origin":8417,"position":2},"title":"Live: Acessibilidade em bibliotecas universit\u00e1rias para pessoas com defici\u00eancia visual","author":"mundobibliotecario","date":"26\/09\/2022","format":false,"excerpt":"Em continuidade \u00e0 s\u00e9rie de lives\u00a0que abordam as necessidades atuais das bibliotecas universit\u00e1rias, o Sistema Integrado de Bibliotecas (SIBi-UFSCar) est\u00e1 organizando a\u00a0live\u00a0Acessibilidade em bibliotecas universit\u00e1rias para pessoas com defici\u00eancia visual.\u00a0O evento\u00a0acontece\u00a0no dia 29 de setembro (5\u00aa. Feira), das 14h30 \u00e0s 16h\u00a0e ter\u00e1\u00a0transmiss\u00e3o\u00a0pelo\u00a0canal do SIBi no YouTube\u00a0com tradu\u00e7\u00e3o em Libras. Ela\u2026","rel":"","context":"Em &quot;Eventos&quot;","block_context":{"text":"Eventos","link":"https:\/\/mundobibliotecario.com.br\/index.php\/category\/eventos\/"},"img":{"alt_text":"","src":"https:\/\/i0.wp.com\/mundobibliotecario.com.br\/wp-content\/uploads\/2022\/09\/live-sibi-ufscar.png?resize=350%2C200&ssl=1","width":350,"height":200},"classes":[]},{"id":10358,"url":"https:\/\/mundobibliotecario.com.br\/index.php\/2025\/03\/11\/como-nao-ser-chamado-de-senhor-no-dia-do-bibliotecario-em-2026\/","url_meta":{"origin":8417,"position":3},"title":"Como n\u00e3o ser chamado de senhor no Dia do Bibliotec\u00e1rio em 2026","author":"mundobibliotecario","date":"11\/03\/2025","format":false,"excerpt":"Outro dia, um aluno me chamou de \"senhor\" na biblioteca. De novo. Se fosse um caso isolado, tudo bem. Mas agora \u00e9 frequente. Os alunos me olham como se eu tivesse nascido junto com os primeiros manuscritos da Biblioteca de Alexandria. E, claro, os colegas n\u00e3o perdem a chance de\u2026","rel":"","context":"Em &quot;Curso&quot;","block_context":{"text":"Curso","link":"https:\/\/mundobibliotecario.com.br\/index.php\/category\/curso\/"},"img":{"alt_text":"","src":"https:\/\/i0.wp.com\/mundobibliotecario.com.br\/wp-content\/uploads\/2025\/03\/pos-ucs.jpg?resize=350%2C200&ssl=1","width":350,"height":200},"classes":[]},{"id":9610,"url":"https:\/\/mundobibliotecario.com.br\/index.php\/2021\/11\/12\/live-plagio-academico-identificacao-prevencao-e-consequencias\/","url_meta":{"origin":8417,"position":4},"title":"Live: Pl\u00e1gio acad\u00eamico: identifica\u00e7\u00e3o, preven\u00e7\u00e3o e consequ\u00eancias","author":"mundobibliotecario","date":"12\/11\/2021","format":false,"excerpt":"No pr\u00f3ximo dia\u00a025 de novembro\u00a0(5\u00aa. Feira) dando continuidade \u00e0 s\u00e9rie de\u00a0lives\u00a0que abordam as necessidades atuais das bibliotecas universit\u00e1rias e da comunidade acad\u00eamica, o Sistema Integrado de Bibliotecas (SIBi) e as Pr\u00f3-Reitorias de Gradua\u00e7\u00e3o, de Pesquisa e P\u00f3s-Gradua\u00e7\u00e3o da UFSCar, promovem a palestra virtual, intitulada\u00a0Pl\u00e1gio acad\u00eamico: identifica\u00e7\u00e3o, preven\u00e7\u00e3o e consequ\u00eancias.\u00a0No cen\u00e1rio\u2026","rel":"","context":"Em &quot;Eventos&quot;","block_context":{"text":"Eventos","link":"https:\/\/mundobibliotecario.com.br\/index.php\/category\/eventos\/"},"img":{"alt_text":"","src":"https:\/\/i0.wp.com\/mundobibliotecario.com.br\/wp-content\/uploads\/2021\/11\/image-1024x1024.jpeg?resize=350%2C200&ssl=1","width":350,"height":200},"classes":[]},{"id":3738,"url":"https:\/\/mundobibliotecario.com.br\/index.php\/2015\/06\/10\/vaga-de-bibliotecario-de-referencia-em-biblioteca-universitaria\/","url_meta":{"origin":8417,"position":5},"title":"Vaga de Bibliotec\u00e1rio de Refer\u00eancia em Biblioteca Universit\u00e1ria","author":"mundobibliotecario","date":"10\/06\/2015","format":false,"excerpt":"REQUISITOS PARA A VAGA de Bibliotec\u00e1rio de Refer\u00eancia Forma\u00e7\u00e3o: - Gradua\u00e7\u00e3o em Biblioteconomia\/Ci\u00eancia da Informa\u00e7\u00e3o, com p\u00f3s gradua\u00e7\u00e3o na \u00e1rea ou \u00e1reas afins; - Ingl\u00eas intermedi\u00e1rio\/avan\u00e7ado; - Experi\u00eancia de pelo menos 3 anos como \u2018bibliotec\u00e1rio de refer\u00eancia\u2019 em Biblioteca Universit\u00e1ria Compet\u00eancias: - Excelente comunica\u00e7\u00e3o escrita e oral; - Capacidade de\u2026","rel":"","context":"Em &quot;Emprego&quot;","block_context":{"text":"Emprego","link":"https:\/\/mundobibliotecario.com.br\/index.php\/category\/emprego\/"},"img":{"alt_text":"","src":"","width":0,"height":0},"classes":[]}],"jetpack_likes_enabled":true,"jetpack_shortlink":"https:\/\/wp.me\/pcbzwa-2bL","_links":{"self":[{"href":"https:\/\/mundobibliotecario.com.br\/index.php\/wp-json\/wp\/v2\/posts\/8417","targetHints":{"allow":["GET"]}}],"collection":[{"href":"https:\/\/mundobibliotecario.com.br\/index.php\/wp-json\/wp\/v2\/posts"}],"about":[{"href":"https:\/\/mundobibliotecario.com.br\/index.php\/wp-json\/wp\/v2\/types\/post"}],"author":[{"embeddable":true,"href":"https:\/\/mundobibliotecario.com.br\/index.php\/wp-json\/wp\/v2\/users\/1"}],"replies":[{"embeddable":true,"href":"https:\/\/mundobibliotecario.com.br\/index.php\/wp-json\/wp\/v2\/comments?post=8417"}],"version-history":[{"count":1,"href":"https:\/\/mundobibliotecario.com.br\/index.php\/wp-json\/wp\/v2\/posts\/8417\/revisions"}],"predecessor-version":[{"id":8418,"href":"https:\/\/mundobibliotecario.com.br\/index.php\/wp-json\/wp\/v2\/posts\/8417\/revisions\/8418"}],"wp:attachment":[{"href":"https:\/\/mundobibliotecario.com.br\/index.php\/wp-json\/wp\/v2\/media?parent=8417"}],"wp:term":[{"taxonomy":"category","embeddable":true,"href":"https:\/\/mundobibliotecario.com.br\/index.php\/wp-json\/wp\/v2\/categories?post=8417"},{"taxonomy":"post_tag","embeddable":true,"href":"https:\/\/mundobibliotecario.com.br\/index.php\/wp-json\/wp\/v2\/tags?post=8417"}],"curies":[{"name":"wp","href":"https:\/\/api.w.org\/{rel}","templated":true}]}}