{"id":8461,"date":"2021-03-17T17:00:00","date_gmt":"2021-03-17T20:00:00","guid":{"rendered":"http:\/\/mundobibliotecario.com.br\/?p=8461"},"modified":"2021-03-14T12:45:08","modified_gmt":"2021-03-14T15:45:08","slug":"cidade-gaucha-tera-a-primeira-aviaoteca-do-pais","status":"publish","type":"post","link":"https:\/\/mundobibliotecario.com.br\/index.php\/2021\/03\/17\/cidade-gaucha-tera-a-primeira-aviaoteca-do-pais\/","title":{"rendered":"Cidade ga\u00facha ter\u00e1 a primeira \u2018Avi\u00e3oteca\u2019 do pa\u00eds"},"content":{"rendered":"\n<p>Uma viagem ao mundo em torno de uma Avi\u00e3oteca. Com essa proposta, a Prefeitura de Canoas, nos arredores de Porto Alegre, planeja inaugurar um complexo cultural no Parque Municipal Eduardo Gomes.<\/p>\n\n\n\n<figure class=\"wp-block-image\"><img decoding=\"async\" src=\"https:\/\/www.aeroin.net\/wp-content\/uploads\/2021\/02\/aviaoteca1-1024x614.jpg\" alt=\"\" class=\"wp-image-130574\"\/><figcaption>Divulga\u00e7\u00e3o: Thobias Wolff<\/figcaption><\/figure>\n\n\n\n<p>O projeto in\u00e9dito, idealizado pelo secret\u00e1rio municipal da Cultura, Pinheiro Neto, consiste em uma biblioteca no interior de um avi\u00e3o de grande porte, preservando a estrutura original. No entorno da aeronave, est\u00e3o previstos um mirante com mini museu da avia\u00e7\u00e3o, cafeteria, ecobikes, galeria de artes e espa\u00e7os demarcados que apresentam, de forma l\u00fadica, os principais pontos tur\u00edsticos dos seis continentes do planeta terra: Am\u00e9rica, Europa, \u00c1sia, \u00c1frica, Oceania e Ant\u00e1rtida.<\/p>\n\n\n\n<p>Quem visitar a Avi\u00e3oteca, al\u00e9m de contar com o acervo de livros f\u00edsicos e digitais, ter\u00e1 a experi\u00eancia de um simulador de voo. \u201cEsse projeto \u00e9 multidisciplinar e deve contar com patroc\u00ednio privado\u201d, adianta Pinheiro Neto.<\/p>\n\n\n\n<p>Al\u00e9m da sinergia entre cultura e educa\u00e7\u00e3o, a iniciativa est\u00e1 preocupada com a responsabilidade ambiental, prevendo pain\u00e9is de capta\u00e7\u00e3o de energia solar. O secret\u00e1rio destaca que desconhece a exist\u00eancia de um complexo de Avi\u00e3oteca semelhante e que todos os elementos previstos marcam um ineditismo internacional para o empreendimento. &nbsp;<\/p>\n\n\n\n<h2 class=\"wp-block-heading\">Cidade do Avi\u00e3o<\/h2>\n\n\n\n<figure class=\"wp-block-image\"><img decoding=\"async\" src=\"https:\/\/www.aeroin.net\/wp-content\/uploads\/2021\/02\/aviaoteca2-1024x576-1.jpg\" alt=\"\" class=\"wp-image-130575\"\/><\/figure>\n\n\n\n<p>Canoas tem um forte v\u00ednculo e identidade com a avia\u00e7\u00e3o, Pra\u00e7a do Avi\u00e3o, Base A\u00e9rea de Canoas (BACO) e o 5\u00b0COMAR. Dessa forma, o prefeito Jairo Jorge e o secret\u00e1rio municipal de Cultura Pinheiro Neto, convidaram o deputado estadual tenente-coronel Zucco para ser o embaixador do projeto Complexo Cultural Avi\u00e3oteca de Canoas.<\/p>\n\n\n\n<p>O parlamentar protocolou, nesta segunda-feira (22), um projeto de lei que reconhece, atrav\u00e9s de lei, o munic\u00edpio de Canoas como a cidade do avi\u00e3o.<\/p>\n\n\n\n<p><em>Pela Assesoria de Imprensa da Prefeitura de Canoas<\/em><\/p>\n\n\n\n<p>Dispon\u00edvel em: 14 mar. 2021.<\/p>\n","protected":false},"excerpt":{"rendered":"<p>Uma viagem ao mundo em torno de uma Avi\u00e3oteca. Com essa proposta, a Prefeitura de Canoas, nos arredores de Porto Alegre, planeja inaugurar um complexo cultural no Parque Municipal Eduardo Gomes. O projeto in\u00e9dito, idealizado pelo secret\u00e1rio municipal da Cultura, Pinheiro Neto, consiste em uma biblioteca no interior de um avi\u00e3o de grande porte, preservando &#8230; <a title=\"Cidade ga\u00facha ter\u00e1 a primeira \u2018Avi\u00e3oteca\u2019 do pa\u00eds\" class=\"read-more\" href=\"https:\/\/mundobibliotecario.com.br\/index.php\/2021\/03\/17\/cidade-gaucha-tera-a-primeira-aviaoteca-do-pais\/\" aria-label=\"Read more about Cidade ga\u00facha ter\u00e1 a primeira \u2018Avi\u00e3oteca\u2019 do pa\u00eds\">Ler mais<\/a><\/p>\n","protected":false},"author":1,"featured_media":0,"comment_status":"open","ping_status":"open","sticky":false,"template":"","format":"standard","meta":{"_mi_skip_tracking":false,"_exactmetrics_sitenote_active":false,"_exactmetrics_sitenote_note":"","_exactmetrics_sitenote_category":0,"_jetpack_newsletter_access":"","footnotes":""},"categories":[60],"tags":[1956,1955,1957,2,1392,1958],"class_list":["post-8461","post","type-post","status-publish","format-standard","hentry","category-noticias","tag-aviao","tag-aviaoteca","tag-avioes","tag-biblioteca","tag-bibliotecas","tag-canoas"],"jetpack_featured_media_url":"","jetpack_sharing_enabled":true,"jetpack-related-posts":[{"id":9522,"url":"https:\/\/mundobibliotecario.com.br\/index.php\/2021\/10\/18\/biblioteca-municipal-da-escola-janete-maria-martinelli-lia-e-nomeada-biblioteca-municipal-professora-vera-regina-casari-boccato\/","url_meta":{"origin":8461,"position":0},"title":"Biblioteca municipal da escola &#8220;Janete Maria Martinelli Lia&#8221; \u00e9 nomeada Biblioteca Municipal &#8220;Professora Vera Regina Casari Boccato&#8221;","author":"mundobibliotecario","date":"18\/10\/2021","format":false,"excerpt":"Cr\u00e9dito: PET BCI No dia 14 de junho, a Prefeitura Municipal de S\u00e3o Carlos aprovou a lei n\u00ba 20.149 que denomina a Biblioteca Municipal localizada anexa \u00e0 EMEB \u201cJanete Maria Martinelli Lia\u201d de Biblioteca Municipal \u201cProfessora Vera Regina Casari Boccato\u201dA Profa. Vera foi a grande idealizadora da cria\u00e7\u00e3o do Programa\u2026","rel":"","context":"Em &quot;Not\u00edcias&quot;","block_context":{"text":"Not\u00edcias","link":"https:\/\/mundobibliotecario.com.br\/index.php\/category\/noticias\/"},"img":{"alt_text":"","src":"https:\/\/i0.wp.com\/mundobibliotecario.com.br\/wp-content\/uploads\/2021\/10\/vera.jpg?resize=350%2C200&ssl=1","width":350,"height":200},"classes":[]},{"id":175,"url":"https:\/\/mundobibliotecario.com.br\/index.php\/2008\/11\/18\/palestras-do-1%c2%ba-encontro-do-sistema-municipal-de-bibliotecas-publicas-de-sao-paulo-desafios-e-propostas-de-atuacao\/","url_meta":{"origin":8461,"position":1},"title":"Palestras do 1\u00ba Encontro do Sistema Municipal de Bibliotecas P\u00fablicas de S\u00e3o Paulo: desafios e propostas de atua\u00e7\u00e3o","author":"mundobibliotecario","date":"18\/11\/2008","format":false,"excerpt":"As palestras do primeiro Encontro do Sistema Municipal de Bibliotecas P\u00fablicas de S\u00e3o Paulo, ocorrido de 3 a 5 de novembro, est\u00e3o sendo preparadas em .pdf e estar\u00e3o a disposi\u00e7\u00e3o a partir de 2\u00aa feira, dia 17 de novembro de 2008 http:\/\/www.prefeitura.sp.gov.br\/cidade\/secretarias\/cultura\/bibliotecas\/ Fonte: BOB NEWS, S\u00e3o Paulo, 14 de novembro\u2026","rel":"","context":"Em &quot;Not\u00edcias&quot;","block_context":{"text":"Not\u00edcias","link":"https:\/\/mundobibliotecario.com.br\/index.php\/category\/noticias\/"},"img":{"alt_text":"","src":"","width":0,"height":0},"classes":[]},{"id":5697,"url":"https:\/\/mundobibliotecario.com.br\/index.php\/2020\/07\/11\/projeto-da-biblioteca-municipal-de-juiz-de-fora-incentiva-a-leitura-no-ambiente-virtual\/","url_meta":{"origin":8461,"position":2},"title":"Projeto da Biblioteca Municipal de Juiz de Fora incentiva a leitura no ambiente virtual","author":"mundobibliotecario","date":"11\/07\/2020","format":false,"excerpt":"Mensalmente, o projeto 'Da Estante' lan\u00e7ar\u00e1 v\u00eddeos com a leitura e an\u00e1lise cr\u00edtica de uma obra liter\u00e1ria. O primeiro epis\u00f3dio ser\u00e1 liberado neste s\u00e1bado (11). Projeto da Biblioteca Municipal de Juiz de Fora incentiva a leitura no ambiente virtual \u2014 Foto: MG1\/Reprodu\u00e7\u00e3o A fim de criar uma nova alternativa de\u2026","rel":"","context":"Em &quot;Not\u00edcias&quot;","block_context":{"text":"Not\u00edcias","link":"https:\/\/mundobibliotecario.com.br\/index.php\/category\/noticias\/"},"img":{"alt_text":"","src":"","width":0,"height":0},"classes":[]},{"id":4500,"url":"https:\/\/mundobibliotecario.com.br\/index.php\/2017\/03\/30\/sao-manuel-tem-exposicao-de-orquideas-na-biblioteca-municipal\/","url_meta":{"origin":8461,"position":3},"title":"S\u00e3o Manuel tem exposi\u00e7\u00e3o de Orqu\u00eddeas na Biblioteca Municipal","author":"mundobibliotecario","date":"30\/03\/2017","format":false,"excerpt":"Exposi\u00e7\u00e3o de Orqu\u00eddeas na Biblioteca Municipal \u201cDr. Francisco C\u00e2mara Ferreira\u201d \u00a0 Na manh\u00e3 desta quinta-feira (30), foi inaugurada a Exposi\u00e7\u00e3o de Orqu\u00eddeas na Biblioteca Municipal \u201cDr. Francisco C\u00e2mara Ferreira\u201d, dando in\u00edcio \u00e0s comemora\u00e7\u00f5es de anivers\u00e1rio da biblioteca, que celebrar\u00e1 73 anos de exist\u00eancia no pr\u00f3ximo dia 27 de abril. Mais\u2026","rel":"","context":"Em &quot;Not\u00edcias&quot;","block_context":{"text":"Not\u00edcias","link":"https:\/\/mundobibliotecario.com.br\/index.php\/category\/noticias\/"},"img":{"alt_text":"","src":"","width":0,"height":0},"classes":[]},{"id":5094,"url":"https:\/\/mundobibliotecario.com.br\/index.php\/2019\/01\/10\/bibliotecas-publicas-de-18-municipios-serao-modernizadas-com-apoio-do-governo-federal\/","url_meta":{"origin":8461,"position":4},"title":"Bibliotecas p\u00fablicas de 18 munic\u00edpios ser\u00e3o modernizadas com apoio do governo federal","author":"mundobibliotecario","date":"10\/01\/2019","format":false,"excerpt":"Vencedoras do Edital de Bibliotecas Digitais 2018, institui\u00e7\u00f5es de sete unidades federativas de todas as regi\u00f5es do Pa\u00eds receber\u00e3o R$ 100 mil publicado: 09\/01\/2019 17h03, \u00faltima modifica\u00e7\u00e3o: 09\/01\/2019 19h24 As comunidades de 18 munic\u00edpios de sete unidades federativas das cinco regi\u00f5es do Pa\u00eds passar\u00e3o a ter acesso a bibliotecas p\u00fablicas\u2026","rel":"","context":"Em &quot;Not\u00edcias&quot;","block_context":{"text":"Not\u00edcias","link":"https:\/\/mundobibliotecario.com.br\/index.php\/category\/noticias\/"},"img":{"alt_text":"","src":"","width":0,"height":0},"classes":[]},{"id":709,"url":"https:\/\/mundobibliotecario.com.br\/index.php\/2009\/06\/28\/feiras-do-livro-de-canoas-e-ribeirao-preto\/","url_meta":{"origin":8461,"position":5},"title":"Feiras do Livro de Canoas e Ribeir\u00e3o Preto","author":"mundobibliotecario","date":"28\/06\/2009","format":false,"excerpt":"Continua at\u00e9 o dia 4 de julho a 25\u00aa Feira do Livro em Canoas, no Rio Grande do Sul, que este ano tem o tema \"Os livros ensinam a voar\". O jornal Zero Hora destacou algumas das atividades programadas, entre encontros com escritores, o Semin\u00e1rio Comemorativo aos 70 anos de\u2026","rel":"","context":"Em &quot;Eventos&quot;","block_context":{"text":"Eventos","link":"https:\/\/mundobibliotecario.com.br\/index.php\/category\/eventos\/"},"img":{"alt_text":"","src":"","width":0,"height":0},"classes":[]}],"jetpack_likes_enabled":true,"jetpack_shortlink":"https:\/\/wp.me\/pcbzwa-2ct","_links":{"self":[{"href":"https:\/\/mundobibliotecario.com.br\/index.php\/wp-json\/wp\/v2\/posts\/8461","targetHints":{"allow":["GET"]}}],"collection":[{"href":"https:\/\/mundobibliotecario.com.br\/index.php\/wp-json\/wp\/v2\/posts"}],"about":[{"href":"https:\/\/mundobibliotecario.com.br\/index.php\/wp-json\/wp\/v2\/types\/post"}],"author":[{"embeddable":true,"href":"https:\/\/mundobibliotecario.com.br\/index.php\/wp-json\/wp\/v2\/users\/1"}],"replies":[{"embeddable":true,"href":"https:\/\/mundobibliotecario.com.br\/index.php\/wp-json\/wp\/v2\/comments?post=8461"}],"version-history":[{"count":1,"href":"https:\/\/mundobibliotecario.com.br\/index.php\/wp-json\/wp\/v2\/posts\/8461\/revisions"}],"predecessor-version":[{"id":8462,"href":"https:\/\/mundobibliotecario.com.br\/index.php\/wp-json\/wp\/v2\/posts\/8461\/revisions\/8462"}],"wp:attachment":[{"href":"https:\/\/mundobibliotecario.com.br\/index.php\/wp-json\/wp\/v2\/media?parent=8461"}],"wp:term":[{"taxonomy":"category","embeddable":true,"href":"https:\/\/mundobibliotecario.com.br\/index.php\/wp-json\/wp\/v2\/categories?post=8461"},{"taxonomy":"post_tag","embeddable":true,"href":"https:\/\/mundobibliotecario.com.br\/index.php\/wp-json\/wp\/v2\/tags?post=8461"}],"curies":[{"name":"wp","href":"https:\/\/api.w.org\/{rel}","templated":true}]}}