{"id":8481,"date":"2021-03-29T14:00:00","date_gmt":"2021-03-29T17:00:00","guid":{"rendered":"http:\/\/mundobibliotecario.com.br\/?p=8481"},"modified":"2021-03-28T17:12:56","modified_gmt":"2021-03-28T20:12:56","slug":"desvendando-a-biblioteca-do-mast","status":"publish","type":"post","link":"https:\/\/mundobibliotecario.com.br\/index.php\/2021\/03\/29\/desvendando-a-biblioteca-do-mast\/","title":{"rendered":"Desvendando a Biblioteca do MAST"},"content":{"rendered":"\n<figure class=\"wp-block-image size-large\"><a href=\"http:\/\/mundobibliotecario.com.br\/wp-content\/uploads\/2021\/03\/Desvendando-a-Biblioteca-do-MAST-2.jpg\"><img loading=\"lazy\" decoding=\"async\" width=\"801\" height=\"451\" src=\"http:\/\/mundobibliotecario.com.br\/wp-content\/uploads\/2021\/03\/Desvendando-a-Biblioteca-do-MAST-2.jpg\" alt=\"\" class=\"wp-image-8482\" srcset=\"https:\/\/mundobibliotecario.com.br\/wp-content\/uploads\/2021\/03\/Desvendando-a-Biblioteca-do-MAST-2.jpg 801w, https:\/\/mundobibliotecario.com.br\/wp-content\/uploads\/2021\/03\/Desvendando-a-Biblioteca-do-MAST-2-300x169.jpg 300w, https:\/\/mundobibliotecario.com.br\/wp-content\/uploads\/2021\/03\/Desvendando-a-Biblioteca-do-MAST-2-768x432.jpg 768w\" sizes=\"auto, (max-width: 801px) 100vw, 801px\" \/><\/a><\/figure>\n\n\n\n<p>Live apresenta a hist\u00f3ria e curiosidades sobre o rico acervo de obras cient\u00edficas e os servi\u00e7os oferecidos pela Biblioteca Henrique Morize<\/p>\n\n\n\n<p><br>A import\u00e2ncia de uma biblioteca na difus\u00e3o e fomento do conhecimento por meio da leitura \u00e9 fundamental. E isso se deve ao papel do bibliotec\u00e1rio, respons\u00e1vel n\u00e3o somente pela qualidade do acervo, mas por atuar com criatividade para cativar, educar e levar cultura \u00e0 sociedade. Para enaltecer a fun\u00e7\u00e3o destes dedicados profissionais e celebrar o m\u00eas em que se comemora o Dia do Bibliotec\u00e1rio, o Museu de Astronomia e Ci\u00eancias Afins (MAST) realiza a Live Desvendando a Biblioteca do MAST, no dia 30 de Mar\u00e7o, a partir das 15h, no Canal do MAST no YouTube, acess\u00edvel pelo link\u00a0<a rel=\"noreferrer noopener\" href=\"https:\/\/youtu.be\/glXIfLp8Lsw\" target=\"_blank\">https:\/\/youtu.be\/glXIfLp8Lsw<\/a>.<\/p>\n\n\n\n<p>O bate-papo virtual ser\u00e1 com Samantha Pontes, Lorena Kovac e Magna Farias, profissionais respons\u00e1veis pela Biblioteca Henrique Morize. O p\u00fablico vai conhecer a hist\u00f3ria desta biblioteca no Campus do MAST e seu acervo, composto por milhares de t\u00edtulos sobre hist\u00f3ria da ci\u00eancia, astronomia, educa\u00e7\u00e3o, divulga\u00e7\u00e3o cient\u00edfica, museologia, preserva\u00e7\u00e3o e patrim\u00f4nio de ci\u00eancia e tecnologia. Tamb\u00e9m ser\u00e3o destacadas as formas de organiza\u00e7\u00e3o e disponibiliza\u00e7\u00e3o dos arquivos para consultas e os procedimentos para acessar as cole\u00e7\u00f5es sob o cuidado da equipe da Biblioteca Henrique Morize.<\/p>\n","protected":false},"excerpt":{"rendered":"<p>Live apresenta a hist\u00f3ria e curiosidades sobre o rico acervo de obras cient\u00edficas e os servi\u00e7os oferecidos pela Biblioteca Henrique Morize A import\u00e2ncia de uma biblioteca na difus\u00e3o e fomento do conhecimento por meio da leitura \u00e9 fundamental. E isso se deve ao papel do bibliotec\u00e1rio, respons\u00e1vel n\u00e3o somente pela qualidade do acervo, mas por &#8230; <a title=\"Desvendando a Biblioteca do MAST\" class=\"read-more\" href=\"https:\/\/mundobibliotecario.com.br\/index.php\/2021\/03\/29\/desvendando-a-biblioteca-do-mast\/\" aria-label=\"Read more about Desvendando a Biblioteca do MAST\">Ler mais<\/a><\/p>\n","protected":false},"author":1,"featured_media":0,"comment_status":"open","ping_status":"open","sticky":false,"template":"","format":"standard","meta":{"_mi_skip_tracking":false,"_exactmetrics_sitenote_active":false,"_exactmetrics_sitenote_note":"","_exactmetrics_sitenote_category":0,"_jetpack_newsletter_access":"","footnotes":""},"categories":[27],"tags":[2,1392,1966,1965],"class_list":["post-8481","post","type-post","status-publish","format-standard","hentry","category-eventos","tag-biblioteca","tag-bibliotecas","tag-mast","tag-museu-de-astronomia-e-ciencias-afins"],"jetpack_featured_media_url":"","jetpack_sharing_enabled":true,"jetpack-related-posts":[{"id":9550,"url":"https:\/\/mundobibliotecario.com.br\/index.php\/2021\/10\/22\/mast-e-unirio-lancam-a-segunda-edicao-de-2021-da-revista-museologia-e-patrimonio\/","url_meta":{"origin":8481,"position":0},"title":"MAST e UNIRIO lan\u00e7am a segunda edi\u00e7\u00e3o de 2021 da &#8216;Revista Museologia e Patrim\u00f4nio&#8217;","author":"mundobibliotecario","date":"22\/10\/2021","format":false,"excerpt":"Revista Museologia e Patrim\u00f4nio \u2013 Segunda edi\u00e7\u00e3o de 2021 Novo n\u00famero da publica\u00e7\u00e3o eletr\u00f4nica lan\u00e7ada pelo MAST e UNIRIO apresenta conte\u00fados bem fundamentados e esclarecedores no \u00e2mbito da Museologia e dos estudos sobre Patrim\u00f4nio O Programa de P\u00f3s-Gradua\u00e7\u00e3o em Museologia e Patrim\u00f4nio (PPG-PGMUS), da\u00a0Universidade Federal do Estado do Rio de\u2026","rel":"","context":"Em &quot;Not\u00edcias&quot;","block_context":{"text":"Not\u00edcias","link":"https:\/\/mundobibliotecario.com.br\/index.php\/category\/noticias\/"},"img":{"alt_text":"","src":"https:\/\/i0.wp.com\/mundobibliotecario.com.br\/wp-content\/uploads\/2021\/10\/Revista-Museologia_patrimonio-2a-edicao-2021.jpg?resize=350%2C200&ssl=1","width":350,"height":200},"classes":[]},{"id":8417,"url":"https:\/\/mundobibliotecario.com.br\/index.php\/2021\/03\/09\/live-novos-servicos-de-apoio-a-pesquisa-em-bibliotecas-universitarias\/","url_meta":{"origin":8481,"position":1},"title":"Live &#8220;Novos servi\u00e7os de apoio \u00e0 pesquisa em bibliotecas universit\u00e1rias&#8221;","author":"mundobibliotecario","date":"09\/03\/2021","format":false,"excerpt":"Comemora\u00e7\u00e3o do Dia do Bibliotec\u00e1rio na UFSCar! A atua\u00e7\u00e3o tradicional dos bibliotec\u00e1rios foi se transformando, novos desafios surgiram, novas habilidades s\u00e3o exigidas e um novo perfil do profissional desponta. Para comemorar o Dia do Bibliotec\u00e1rio na UFSCar, o Sistema Integrado de Bibliotecas (SIBi) e o Departamento de Ci\u00eancia da Informa\u00e7\u00e3o(DCI)\u2026","rel":"","context":"Em &quot;Eventos&quot;","block_context":{"text":"Eventos","link":"https:\/\/mundobibliotecario.com.br\/index.php\/category\/eventos\/"},"img":{"alt_text":"","src":"","width":0,"height":0},"classes":[]},{"id":3738,"url":"https:\/\/mundobibliotecario.com.br\/index.php\/2015\/06\/10\/vaga-de-bibliotecario-de-referencia-em-biblioteca-universitaria\/","url_meta":{"origin":8481,"position":2},"title":"Vaga de Bibliotec\u00e1rio de Refer\u00eancia em Biblioteca Universit\u00e1ria","author":"mundobibliotecario","date":"10\/06\/2015","format":false,"excerpt":"REQUISITOS PARA A VAGA de Bibliotec\u00e1rio de Refer\u00eancia Forma\u00e7\u00e3o: - Gradua\u00e7\u00e3o em Biblioteconomia\/Ci\u00eancia da Informa\u00e7\u00e3o, com p\u00f3s gradua\u00e7\u00e3o na \u00e1rea ou \u00e1reas afins; - Ingl\u00eas intermedi\u00e1rio\/avan\u00e7ado; - Experi\u00eancia de pelo menos 3 anos como \u2018bibliotec\u00e1rio de refer\u00eancia\u2019 em Biblioteca Universit\u00e1ria Compet\u00eancias: - Excelente comunica\u00e7\u00e3o escrita e oral; - Capacidade de\u2026","rel":"","context":"Em &quot;Emprego&quot;","block_context":{"text":"Emprego","link":"https:\/\/mundobibliotecario.com.br\/index.php\/category\/emprego\/"},"img":{"alt_text":"","src":"","width":0,"height":0},"classes":[]},{"id":4709,"url":"https:\/\/mundobibliotecario.com.br\/index.php\/2018\/03\/08\/mulheres-inspiradoras-na-biblioteconomia\/","url_meta":{"origin":8481,"position":3},"title":"Mulheres inspiradoras na Biblioteconomia","author":"mundobibliotecario","date":"08\/03\/2018","format":false,"excerpt":"Todo fim de ano surgem listas do tipo \u201cmelhores do ano\u201d pela internet. Melhores pessoas, melhores livros, filmes, viagens, projetos, enfim, muitas coisas. Eu adoro! Acho bacana valorizarmos pessoas que fazem mais que o comum pra que a gente viva em uma sociedade bacana. Esse m\u00eas foi divulgado no site\u2026","rel":"","context":"Em &quot;Not\u00edcias&quot;","block_context":{"text":"Not\u00edcias","link":"https:\/\/mundobibliotecario.com.br\/index.php\/category\/noticias\/"},"img":{"alt_text":"","src":"","width":0,"height":0},"classes":[]},{"id":5653,"url":"https:\/\/mundobibliotecario.com.br\/index.php\/2020\/06\/14\/bibliotecas-do-senado-e-da-camara-promovem-live-para-divulgar-acervos-digitais\/","url_meta":{"origin":8481,"position":4},"title":"Bibliotecas do Senado e da C\u00e2mara promovem &#8216;live&#8217; para divulgar acervos digitais","author":"mundobibliotecario","date":"14\/06\/2020","format":false,"excerpt":"Biblioteca do Senado est\u00e1 fechada fisicamente desde o in\u00edcio da pandemia. Evento on-line em parceria com a Biblioteca da C\u00e2mara possibilita que usu\u00e1rios continuem acessando o acervo pela internetRoque de S\u00e1\/Ag\u00eancia Senado As bibliotecas do\u00a0Senado Federal\u00a0e da\u00a0C\u00e2mara dos Deputados\u00a0promoveram a primeira\u00a0live\u00a0da iniciativa Parlabiblio, que pretende apresentar ao p\u00fablico os servi\u00e7os\u2026","rel":"","context":"Em &quot;Not\u00edcias&quot;","block_context":{"text":"Not\u00edcias","link":"https:\/\/mundobibliotecario.com.br\/index.php\/category\/noticias\/"},"img":{"alt_text":"","src":"","width":0,"height":0},"classes":[]},{"id":9838,"url":"https:\/\/mundobibliotecario.com.br\/index.php\/2022\/03\/04\/live-panorama-das-bibliotecas-em-relacao-a-agenda-2030-10-03\/","url_meta":{"origin":8481,"position":5},"title":"Live: Panorama das bibliotecas em rela\u00e7\u00e3o \u00e0 Agenda 2030 \u2013 10\/03","author":"mundobibliotecario","date":"04\/03\/2022","format":false,"excerpt":"Para comemorar o\u00a0Dia do Bibliotec\u00e1rio\u00a0e dar continuidade \u00e0 s\u00e9rie de\u00a0lives\u00a0que abordam as necessidades atuais das bibliotecas universit\u00e1rias e da comunidade acad\u00eamica, o Sistema Integrado de Bibliotecas (SIBi-UFSCar) e o\u00a0Departamento de Ci\u00eancia da Informa\u00e7\u00e3o organizaram a\u00a0live\u00a0\u201cOito anos pela frente e o panorama das bibliotecas em rela\u00e7\u00e3o \u00e0 Agenda 2030\u201d.\u00a0\u00a0Restam apenas oito\u2026","rel":"","context":"Em &quot;Not\u00edcias&quot;","block_context":{"text":"Not\u00edcias","link":"https:\/\/mundobibliotecario.com.br\/index.php\/category\/noticias\/"},"img":{"alt_text":"dia do bibliotecario ufscar","src":"https:\/\/i0.wp.com\/mundobibliotecario.com.br\/wp-content\/uploads\/2022\/03\/image-1.jpeg?resize=350%2C200&ssl=1","width":350,"height":200},"classes":[]}],"jetpack_likes_enabled":true,"jetpack_shortlink":"https:\/\/wp.me\/pcbzwa-2cN","_links":{"self":[{"href":"https:\/\/mundobibliotecario.com.br\/index.php\/wp-json\/wp\/v2\/posts\/8481","targetHints":{"allow":["GET"]}}],"collection":[{"href":"https:\/\/mundobibliotecario.com.br\/index.php\/wp-json\/wp\/v2\/posts"}],"about":[{"href":"https:\/\/mundobibliotecario.com.br\/index.php\/wp-json\/wp\/v2\/types\/post"}],"author":[{"embeddable":true,"href":"https:\/\/mundobibliotecario.com.br\/index.php\/wp-json\/wp\/v2\/users\/1"}],"replies":[{"embeddable":true,"href":"https:\/\/mundobibliotecario.com.br\/index.php\/wp-json\/wp\/v2\/comments?post=8481"}],"version-history":[{"count":1,"href":"https:\/\/mundobibliotecario.com.br\/index.php\/wp-json\/wp\/v2\/posts\/8481\/revisions"}],"predecessor-version":[{"id":8483,"href":"https:\/\/mundobibliotecario.com.br\/index.php\/wp-json\/wp\/v2\/posts\/8481\/revisions\/8483"}],"wp:attachment":[{"href":"https:\/\/mundobibliotecario.com.br\/index.php\/wp-json\/wp\/v2\/media?parent=8481"}],"wp:term":[{"taxonomy":"category","embeddable":true,"href":"https:\/\/mundobibliotecario.com.br\/index.php\/wp-json\/wp\/v2\/categories?post=8481"},{"taxonomy":"post_tag","embeddable":true,"href":"https:\/\/mundobibliotecario.com.br\/index.php\/wp-json\/wp\/v2\/tags?post=8481"}],"curies":[{"name":"wp","href":"https:\/\/api.w.org\/{rel}","templated":true}]}}