{"id":8667,"date":"2021-04-06T10:00:00","date_gmt":"2021-04-06T13:00:00","guid":{"rendered":"https:\/\/mundobibliotecario.com.br\/?p=8667"},"modified":"2021-04-05T21:52:51","modified_gmt":"2021-04-06T00:52:51","slug":"relatorio-do-estado-das-bibliotecas-dos-estados-unidos-relatorio-especial-covid-19","status":"publish","type":"post","link":"https:\/\/mundobibliotecario.com.br\/index.php\/2021\/04\/06\/relatorio-do-estado-das-bibliotecas-dos-estados-unidos-relatorio-especial-covid-19\/","title":{"rendered":"Relat\u00f3rio do Estado das Bibliotecas dos Estados Unidos &#8211; Relat\u00f3rio Especial: COVID-19"},"content":{"rendered":"\t\t<div data-elementor-type=\"wp-post\" data-elementor-id=\"8667\" class=\"elementor elementor-8667\">\n\t\t\t\t\t\t<div class=\"elementor-inner\">\n\t\t\t\t<div class=\"elementor-section-wrap\">\n\t\t\t\t\t\t\t\t\t<section class=\"elementor-section elementor-top-section elementor-element elementor-element-5212a7a elementor-section-boxed elementor-section-height-default elementor-section-height-default\" data-id=\"5212a7a\" data-element_type=\"section\">\n\t\t\t\t\t\t<div class=\"elementor-container elementor-column-gap-default\">\n\t\t\t\t\t\t\t<div class=\"elementor-row\">\n\t\t\t\t\t<div class=\"elementor-column elementor-col-100 elementor-top-column elementor-element elementor-element-0e2cf12\" data-id=\"0e2cf12\" data-element_type=\"column\">\n\t\t\t<div class=\"elementor-column-wrap elementor-element-populated\">\n\t\t\t\t\t\t\t<div class=\"elementor-widget-wrap\">\n\t\t\t\t\t\t<div class=\"elementor-element elementor-element-6ad14e6 elementor-widget elementor-widget-image\" data-id=\"6ad14e6\" data-element_type=\"widget\" data-widget_type=\"image.default\">\n\t\t\t\t<div class=\"elementor-widget-container\">\n\t\t\t\t\t\t\t\t<div class=\"elementor-image\">\n\t\t\t\t\t\t\t\t\t\t\t\t<img loading=\"lazy\" decoding=\"async\" width=\"640\" height=\"427\" src=\"https:\/\/mundobibliotecario.com.br\/wp-content\/uploads\/2020\/07\/covid-19-4975604_640.png\" class=\"attachment-large size-large wp-image-7724\" alt=\"covid-19\" srcset=\"https:\/\/mundobibliotecario.com.br\/wp-content\/uploads\/2020\/07\/covid-19-4975604_640.png 640w, https:\/\/mundobibliotecario.com.br\/wp-content\/uploads\/2020\/07\/covid-19-4975604_640-300x200.png 300w\" sizes=\"auto, (max-width: 640px) 100vw, 640px\" \/>\t\t\t\t\t\t\t\t\t\t\t\t\t\t<\/div>\n\t\t\t\t\t\t<\/div>\n\t\t\t\t<\/div>\n\t\t\t\t\t\t<\/div>\n\t\t\t\t\t<\/div>\n\t\t<\/div>\n\t\t\t\t\t\t\t\t<\/div>\n\t\t\t\t\t<\/div>\n\t\t<\/section>\n\t\t\t\t<section class=\"elementor-section elementor-top-section elementor-element elementor-element-7c5f1c5 elementor-section-boxed elementor-section-height-default elementor-section-height-default\" data-id=\"7c5f1c5\" data-element_type=\"section\">\n\t\t\t\t\t\t<div class=\"elementor-container elementor-column-gap-default\">\n\t\t\t\t\t\t\t<div class=\"elementor-row\">\n\t\t\t\t\t<div class=\"elementor-column elementor-col-100 elementor-top-column elementor-element elementor-element-7dda931\" data-id=\"7dda931\" data-element_type=\"column\">\n\t\t\t<div class=\"elementor-column-wrap elementor-element-populated\">\n\t\t\t\t\t\t\t<div class=\"elementor-widget-wrap\">\n\t\t\t\t\t\t<div class=\"elementor-element elementor-element-9b4ae53 elementor-widget elementor-widget-text-editor\" data-id=\"9b4ae53\" data-element_type=\"widget\" data-widget_type=\"text-editor.default\">\n\t\t\t\t<div class=\"elementor-widget-container\">\n\t\t\t\t\t\t\t\t<div class=\"elementor-text-editor elementor-clearfix\">\n\t\t\t\t<p>A American Library Association publicou em seu site o\u00a0<a href=\"http:\/\/www.ala.org\/news\/state-americas-libraries-report-2021\" target=\"_blank\" rel=\"noopener\">Relat\u00f3rio do Estado das Bibliotecas dos Estados Unidos &#8211; Relat\u00f3rio Especial: COVID-19<\/a>.<\/p><p>Em um ano n\u00e3o muito diferente do que vivemos no Brasil em 2019, o texto de apresenta\u00e7\u00e3o do relat\u00f3rio informa que os Estados Unidos enfrentaram n\u00e3o s\u00f3 desafios pol\u00edticos devido \u00e0s elei\u00e7\u00f5es, mas tamb\u00e9m precisaram enfrentar o combate \u00e0 desinforma\u00e7\u00e3o pol\u00edtica, o desemprego, a crise na sa\u00fade e na educa\u00e7\u00e3o.\u00a0<\/p><p>As bibliotecas norte-americanas responderam aos desafios impostos pela pandemia, principalmente, por meio da oferta de servi\u00e7os e produtos remotos. Tamb\u00e9m disponibilizarem seu entorno (por exemplo, estacionamento) para suas comunidades utilizarem a rede wifi, quando foi poss\u00edvel, al\u00e9m de servirem como locais onde a popula\u00e7\u00e3o poderia obter <a href=\"https:\/\/www.abccolumbia.com\/2021\/04\/05\/richland-library-hosting-covid-19-vaccine-tele-town-hall-monday-evening\/\">informa\u00e7\u00f5es confi\u00e1veis sobre a COVID-19 com especialistas e locais de vacina\u00e7\u00e3o<\/a>.<\/p><p>O relat\u00f3rio\u00a0State of America&#8217;s Libraries Report 2021 &#8211; Special Report: COVID-19 pode ser acessado\u00a0<a href=\"http:\/\/www.ala.org\/news\/sites\/ala.org.news\/files\/content\/State-of-Americas-Libraries-Report-2021.pdf\" target=\"_blank\" rel=\"noopener\">aqui<\/a>.<\/p>\t\t\t\t\t<\/div>\n\t\t\t\t\t\t<\/div>\n\t\t\t\t<\/div>\n\t\t\t\t\t\t<\/div>\n\t\t\t\t\t<\/div>\n\t\t<\/div>\n\t\t\t\t\t\t\t\t<\/div>\n\t\t\t\t\t<\/div>\n\t\t<\/section>\n\t\t\t\t\t\t\t\t\t<\/div>\n\t\t\t<\/div>\n\t\t\t\t\t<\/div>\n\t\t","protected":false},"excerpt":{"rendered":"<p>A American Library Association publicou em seu site o&nbsp;Relat\u00f3rio do Estado das Bibliotecas dos Estados Unidos &#8211; Relat\u00f3rio Especial: COVID-19. Em um ano n\u00e3o muito diferente do que vivemos no Brasil em 2019, o texto de apresenta\u00e7\u00e3o do relat\u00f3rio informa que os Estados Unidos enfrentaram n\u00e3o s\u00f3 desafios pol\u00edticos devido \u00e0s elei\u00e7\u00f5es, mas tamb\u00e9m precisaram &#8230; <a title=\"Relat\u00f3rio do Estado das Bibliotecas dos Estados Unidos &#8211; Relat\u00f3rio Especial: COVID-19\" class=\"read-more\" href=\"https:\/\/mundobibliotecario.com.br\/index.php\/2021\/04\/06\/relatorio-do-estado-das-bibliotecas-dos-estados-unidos-relatorio-especial-covid-19\/\" aria-label=\"Read more about Relat\u00f3rio do Estado das Bibliotecas dos Estados Unidos &#8211; Relat\u00f3rio Especial: COVID-19\">Ler mais<\/a><\/p>\n","protected":false},"author":1,"featured_media":0,"comment_status":"open","ping_status":"open","sticky":false,"template":"","format":"standard","meta":{"_mi_skip_tracking":false,"_exactmetrics_sitenote_active":false,"_exactmetrics_sitenote_note":"","_exactmetrics_sitenote_category":0,"_jetpack_newsletter_access":"","footnotes":""},"categories":[60],"tags":[2,1392,1451,1833,1655],"class_list":["post-8667","post","type-post","status-publish","format-standard","hentry","category-noticias","tag-biblioteca","tag-bibliotecas","tag-coronavirus","tag-covid-19-2","tag-pandemia"],"jetpack_featured_media_url":"","jetpack_sharing_enabled":true,"jetpack-related-posts":[{"id":7586,"url":"https:\/\/mundobibliotecario.com.br\/index.php\/2020\/07\/23\/relatorio-da-unesco-sobre-museus-ao-redor-do-mundo-em-face-do-covid-19-esta-disponivel-online\/","url_meta":{"origin":8667,"position":0},"title":"Relat\u00f3rio da UNESCO sobre museus ao redor do mundo em face do COVID-19 est\u00e1 dispon\u00edvel online","author":"mundobibliotecario","date":"23\/07\/2020","format":false,"excerpt":"A UNESCO lan\u00e7ou um novo relat\u00f3rio sobre museus ao redor do mundo em face do COVID-19, fruto de uma pesquisa internacional direcionada a museus, profissionais da cultura e Estados-Membros. Este relat\u00f3rio, apresentando uma primeira avalia\u00e7\u00e3o do impacto do COVID-19 no setor de museus, lan\u00e7a uma nova luz sobre as principais\u2026","rel":"","context":"Em &quot;museologia&quot;","block_context":{"text":"museologia","link":"https:\/\/mundobibliotecario.com.br\/index.php\/category\/museologia\/"},"img":{"alt_text":"","src":"","width":0,"height":0},"classes":[]},{"id":8967,"url":"https:\/\/mundobibliotecario.com.br\/index.php\/2021\/06\/02\/bibliotecas-e-museus-como-locais-de-vacinacao\/","url_meta":{"origin":8667,"position":1},"title":"Bibliotecas e museus como locais de vacina\u00e7\u00e3o","author":"mundobibliotecario","date":"02\/06\/2021","format":false,"excerpt":"\"Bem-vindo. Voc\u00ea gostaria de uma vacina com sua dose de cultura hoje?\" Foto: Museu Americano de Hist\u00f3ria Natural, D. Finnin;\u00a0vacinas foramoferecidas sob a baleia. Bibliotecas e museus s\u00e3o centros comunit\u00e1rios inovadores e, ao longo da pandemia COVID-19, foram essenciais para a comunidade e a resposta nacional.\u00a0Al\u00e9m de continuar a fornecer\u2026","rel":"","context":"Em &quot;Not\u00edcias&quot;","block_context":{"text":"Not\u00edcias","link":"https:\/\/mundobibliotecario.com.br\/index.php\/category\/noticias\/"},"img":{"alt_text":"","src":"","width":0,"height":0},"classes":[]},{"id":7984,"url":"https:\/\/mundobibliotecario.com.br\/index.php\/2020\/12\/23\/bibliotecas-publicas-respondem-a-pandemia-de-covid-19-criando-um-novo-modelo-de-servico\/","url_meta":{"origin":8667,"position":2},"title":"Bibliotecas p\u00fablicas respondem \u00e0 pandemia de COVID-19, criando um novo modelo de servi\u00e7o","author":"mundobibliotecario","date":"23\/12\/2020","format":false,"excerpt":"No editorial de dezembro de 2020 da revista Information Technology and Libraries, Jon Goddard faz uma breve retrospectiva de como as bibliotecas p\u00fablicas norte-americanas se reinventaram em 2020. Com a oferta de conta\u00e7\u00e3o de hist\u00f3rias online, empr\u00e9stimo de e-books e parcerias com escolas e outras institui\u00e7\u00f5es para melhor o sinal\u2026","rel":"","context":"Em &quot;Not\u00edcias&quot;","block_context":{"text":"Not\u00edcias","link":"https:\/\/mundobibliotecario.com.br\/index.php\/category\/noticias\/"},"img":{"alt_text":"","src":"https:\/\/i0.wp.com\/mundobibliotecario.com.br\/wp-content\/uploads\/2020\/12\/pandemic-5026719_640.jpg?resize=350%2C200&ssl=1","width":350,"height":200},"classes":[]},{"id":7829,"url":"https:\/\/mundobibliotecario.com.br\/index.php\/2020\/09\/07\/biblioteca-nacional-da-espanha-adota-novo-periodo-de-quarentena-para-materiais-bibliograficos\/","url_meta":{"origin":8667,"position":3},"title":"Biblioteca Nacional da Espanha adota novo per\u00edodo de quarentena para materiais bibliogr\u00e1ficos","author":"mundobibliotecario","date":"07\/09\/2020","format":false,"excerpt":"A Biblioteca Nacional da Espanha (BNE) reduziu de 14 para 7 dias o per\u00edodo de quarentena de materiais bibliogr\u00e1ficos. Confira abaixo uma tradu\u00e7\u00e3o livre da not\u00edcia Nuevos per\u00edodos de cuarentena para materiales bibliogr\u00e1ficos, publicada no blog da BNE. *** Fonte: BNE A BNE reduzir\u00e1 o tempo de quarentena de seus\u2026","rel":"","context":"Em &quot;Not\u00edcias&quot;","block_context":{"text":"Not\u00edcias","link":"https:\/\/mundobibliotecario.com.br\/index.php\/category\/noticias\/"},"img":{"alt_text":"","src":"","width":0,"height":0},"classes":[]},{"id":5734,"url":"https:\/\/mundobibliotecario.com.br\/index.php\/2020\/07\/20\/painel-funesc-debate-a-biblioteca-publica-antes-e-depois-da-pandemia\/","url_meta":{"origin":8667,"position":4},"title":"Painel Funesc debate \u2018A Biblioteca P\u00fablica antes e depois da pandemia","author":"mundobibliotecario","date":"20\/07\/2020","format":false,"excerpt":"Para a bibliotec\u00e1ria Cybelle Macedo, levar\u00e1 um tempo at\u00e9 que as bibliotecas voltem a ser pontos de converg\u00eancia A Funda\u00e7\u00e3o Espa\u00e7o Cultural da Para\u00edba (Funesc) realiza, nesta ter\u00e7a-feira (21), a segunda edi\u00e7\u00e3o do \u2018Painel Funesc\u2019, a partir das 19h. O tema em debate vai ser \u2018A Biblioteca P\u00fablica antes e\u2026","rel":"","context":"Em &quot;Not\u00edcias&quot;","block_context":{"text":"Not\u00edcias","link":"https:\/\/mundobibliotecario.com.br\/index.php\/category\/noticias\/"},"img":{"alt_text":"","src":"","width":0,"height":0},"classes":[]},{"id":5663,"url":"https:\/\/mundobibliotecario.com.br\/index.php\/2020\/06\/16\/ambac-publicacao-diretrizes-para-a-reabertura-de-bibliotecas-em-face-da-emergencia-de-saude-devido-a-covid-19\/","url_meta":{"origin":8667,"position":5},"title":"AMBAC &#8211; Publica\u00e7\u00e3o &#8220;Diretrizes para a reabertura de bibliotecas em face da emerg\u00eancia de sa\u00fade devido \u00e0 COVID-19&#8221;","author":"mundobibliotecario","date":"16\/06\/2020","format":false,"excerpt":"Fonte: AMBAC Informamos que as \"Diretrizes para a reabertura de bibliotecas em face da emerg\u00eancia de sa\u00fade devido \u00e0 COVID-19\" est\u00e3o agora dispon\u00edveis para consulta. Este documento \u00e9 o resultado de um processo de pesquisa de gabinete, pesquisa em bancos de dados bibliogr\u00e1ficos de literatura especializada, revis\u00e3o de literatura e\u2026","rel":"","context":"Em &quot;Not\u00edcias&quot;","block_context":{"text":"Not\u00edcias","link":"https:\/\/mundobibliotecario.com.br\/index.php\/category\/noticias\/"},"img":{"alt_text":"","src":"https:\/\/i0.wp.com\/mundobibliotecario.com.br\/wp-content\/uploads\/2020\/06\/image-2.png?resize=350%2C200&ssl=1","width":350,"height":200},"classes":[]}],"jetpack_likes_enabled":true,"jetpack_shortlink":"https:\/\/wp.me\/pcbzwa-2fN","_links":{"self":[{"href":"https:\/\/mundobibliotecario.com.br\/index.php\/wp-json\/wp\/v2\/posts\/8667","targetHints":{"allow":["GET"]}}],"collection":[{"href":"https:\/\/mundobibliotecario.com.br\/index.php\/wp-json\/wp\/v2\/posts"}],"about":[{"href":"https:\/\/mundobibliotecario.com.br\/index.php\/wp-json\/wp\/v2\/types\/post"}],"author":[{"embeddable":true,"href":"https:\/\/mundobibliotecario.com.br\/index.php\/wp-json\/wp\/v2\/users\/1"}],"replies":[{"embeddable":true,"href":"https:\/\/mundobibliotecario.com.br\/index.php\/wp-json\/wp\/v2\/comments?post=8667"}],"version-history":[{"count":4,"href":"https:\/\/mundobibliotecario.com.br\/index.php\/wp-json\/wp\/v2\/posts\/8667\/revisions"}],"predecessor-version":[{"id":8671,"href":"https:\/\/mundobibliotecario.com.br\/index.php\/wp-json\/wp\/v2\/posts\/8667\/revisions\/8671"}],"wp:attachment":[{"href":"https:\/\/mundobibliotecario.com.br\/index.php\/wp-json\/wp\/v2\/media?parent=8667"}],"wp:term":[{"taxonomy":"category","embeddable":true,"href":"https:\/\/mundobibliotecario.com.br\/index.php\/wp-json\/wp\/v2\/categories?post=8667"},{"taxonomy":"post_tag","embeddable":true,"href":"https:\/\/mundobibliotecario.com.br\/index.php\/wp-json\/wp\/v2\/tags?post=8667"}],"curies":[{"name":"wp","href":"https:\/\/api.w.org\/{rel}","templated":true}]}}