{"id":8725,"date":"2021-04-13T20:00:00","date_gmt":"2021-04-13T23:00:00","guid":{"rendered":"https:\/\/mundobibliotecario.com.br\/?p=8725"},"modified":"2021-04-12T20:15:50","modified_gmt":"2021-04-12T23:15:50","slug":"ataque-ao-conhecimento-e-a-maior-ameaca-global-na-era-da-pos-verdade-diz-pesquisadora","status":"publish","type":"post","link":"https:\/\/mundobibliotecario.com.br\/index.php\/2021\/04\/13\/ataque-ao-conhecimento-e-a-maior-ameaca-global-na-era-da-pos-verdade-diz-pesquisadora\/","title":{"rendered":"Ataque ao conhecimento \u00e9 a maior amea\u00e7a global na era da p\u00f3s-verdade, diz pesquisadora"},"content":{"rendered":"\t\t<div data-elementor-type=\"wp-post\" data-elementor-id=\"8725\" class=\"elementor elementor-8725\">\n\t\t\t\t\t\t<div class=\"elementor-inner\">\n\t\t\t\t<div class=\"elementor-section-wrap\">\n\t\t\t\t\t\t\t\t\t<section class=\"elementor-section elementor-top-section elementor-element elementor-element-8d17c82 elementor-section-boxed elementor-section-height-default elementor-section-height-default\" data-id=\"8d17c82\" data-element_type=\"section\">\n\t\t\t\t\t\t<div class=\"elementor-container elementor-column-gap-default\">\n\t\t\t\t\t\t\t<div class=\"elementor-row\">\n\t\t\t\t\t<div class=\"elementor-column elementor-col-100 elementor-top-column elementor-element elementor-element-78d454e\" data-id=\"78d454e\" data-element_type=\"column\">\n\t\t\t<div class=\"elementor-column-wrap elementor-element-populated\">\n\t\t\t\t\t\t\t<div class=\"elementor-widget-wrap\">\n\t\t\t\t\t\t<div class=\"elementor-element elementor-element-4c984f7 elementor-widget elementor-widget-image\" data-id=\"4c984f7\" data-element_type=\"widget\" data-widget_type=\"image.default\">\n\t\t\t\t<div class=\"elementor-widget-container\">\n\t\t\t\t\t\t\t\t<div class=\"elementor-image\">\n\t\t\t\t\t\t\t\t\t\t\t\t<img loading=\"lazy\" decoding=\"async\" width=\"800\" height=\"450\" src=\"https:\/\/mundobibliotecario.com.br\/wp-content\/uploads\/2021\/04\/117552303_foto_01.jpg\" class=\"attachment-large size-large wp-image-8711\" alt=\"\" srcset=\"https:\/\/mundobibliotecario.com.br\/wp-content\/uploads\/2021\/04\/117552303_foto_01.jpg 800w, https:\/\/mundobibliotecario.com.br\/wp-content\/uploads\/2021\/04\/117552303_foto_01-300x169.jpg 300w, https:\/\/mundobibliotecario.com.br\/wp-content\/uploads\/2021\/04\/117552303_foto_01-768x432.jpg 768w\" sizes=\"auto, (max-width: 800px) 100vw, 800px\" \/>\t\t\t\t\t\t\t\t\t\t\t\t\t\t<\/div>\n\t\t\t\t\t\t<\/div>\n\t\t\t\t<\/div>\n\t\t\t\t\t\t<\/div>\n\t\t\t\t\t<\/div>\n\t\t<\/div>\n\t\t\t\t\t\t\t\t<\/div>\n\t\t\t\t\t<\/div>\n\t\t<\/section>\n\t\t\t\t<section class=\"elementor-section elementor-top-section elementor-element elementor-element-3f63321 elementor-section-boxed elementor-section-height-default elementor-section-height-default\" data-id=\"3f63321\" data-element_type=\"section\">\n\t\t\t\t\t\t<div class=\"elementor-container elementor-column-gap-default\">\n\t\t\t\t\t\t\t<div class=\"elementor-row\">\n\t\t\t\t\t<div class=\"elementor-column elementor-col-100 elementor-top-column elementor-element elementor-element-158a81b\" data-id=\"158a81b\" data-element_type=\"column\">\n\t\t\t<div class=\"elementor-column-wrap elementor-element-populated\">\n\t\t\t\t\t\t\t<div class=\"elementor-widget-wrap\">\n\t\t\t\t\t\t<div class=\"elementor-element elementor-element-f678c1b elementor-widget elementor-widget-text-editor\" data-id=\"f678c1b\" data-element_type=\"widget\" data-widget_type=\"text-editor.default\">\n\t\t\t\t<div class=\"elementor-widget-container\">\n\t\t\t\t\t\t\t\t<div class=\"elementor-text-editor elementor-clearfix\">\n\t\t\t\t<div class=\"bbc-19j92fr e57qer20\" dir=\"ltr\"><p class=\"bbc-bm53ic e1cc2ql70\" dir=\"ltr\" style=\"text-align: justify;\"><b>A pandemia de covid-19 deixou uma coisa clara: \u00e9 muito dif\u00edcil coordenar o comportamento de uma sociedade inteira \u2014 mesmo quando se trata de uma quest\u00e3o de vida ou morte.<\/b><\/p><\/div><div class=\"bbc-19j92fr e57qer20\" dir=\"ltr\"><p class=\"bbc-bm53ic e1cc2ql70\" dir=\"ltr\" style=\"text-align: justify;\">Pense na rea\u00e7\u00e3o das pessoas \u00e0 vacina\u00e7\u00e3o. Para que o mundo derrote o novo coronav\u00edrus, a maioria da popula\u00e7\u00e3o precisa concordar em tomar a vacina, e poucos governos democr\u00e1ticos optariam por torn\u00e1-la obrigat\u00f3ria.<\/p><div class=\"bbc-19j92fr e57qer20\" dir=\"ltr\"><p class=\"bbc-bm53ic e1cc2ql70\" dir=\"ltr\" style=\"text-align: justify;\">No entanto, ainda existe uma hesita\u00e7\u00e3o significativa em rela\u00e7\u00e3o \u00e0 vacina no mundo todo. Se esse grupo fosse grande o suficiente, uma das nossas rotas mais promissoras para acabar com a pandemia estaria comprometida.<\/p><\/div><div class=\"bbc-19j92fr e57qer20\" dir=\"ltr\"><p class=\"bbc-bm53ic e1cc2ql70\" dir=\"ltr\" style=\"text-align: justify;\">A recusa desses indiv\u00edduos afetaria todo mundo, at\u00e9 quem foi vacinado.<\/p><div class=\"bbc-19j92fr e57qer20\" dir=\"ltr\"><p class=\"bbc-bm53ic e1cc2ql70\" dir=\"ltr\" style=\"text-align: justify;\">Esse tem sido um tema recorrente na pandemia: em v\u00e1rios momentos, autoridades de sa\u00fade p\u00fablica e pol\u00edticos tentaram persuadir as pessoas a adotar comportamentos que beneficiam tanto a si pr\u00f3prias quanto suas comunidades, desde o distanciamento social at\u00e9 o uso de m\u00e1scaras.<\/p><\/div><div class=\"bbc-19j92fr e57qer20\" dir=\"ltr\" style=\"text-align: justify;\"><p class=\"bbc-bm53ic e1cc2ql70\" dir=\"ltr\">Muitas pessoas aderiram, mas algumas foram mais resistentes \u00e0s recomenda\u00e7\u00f5es. Informa\u00e7\u00f5es falsas sobre vacinas e m\u00e1scaras, tratamentos ineficazes e rumores infundados sobre as origens da covid-19 tornaram extremamente dif\u00edcil coordenar o comportamento dos cidad\u00e3os.<\/p><\/div><div class=\"bbc-19j92fr e57qer20\" dir=\"ltr\" style=\"text-align: justify;\"><p class=\"bbc-bm53ic e1cc2ql70\" dir=\"ltr\">Esta resposta fragmentada a um grande evento mundial demonstra uma tend\u00eancia preocupante que \u00e9 um mau press\u00e1gio para outras crises que poderemos enfrentar no s\u00e9culo 21, de futuras pandemias \u00e0s mudan\u00e7as clim\u00e1ticas.<\/p><\/div><div class=\"bbc-19j92fr e57qer20\" dir=\"ltr\"><p class=\"bbc-bm53ic e1cc2ql70\" dir=\"ltr\" style=\"text-align: justify;\">Na era da p\u00f3s-verdade, est\u00e1 se tornando cada vez mais dif\u00edcil garantir que todos estejam bem informados. Em outras palavras, mesmo que estivesse claro como salvar o mundo, um ecossistema de informa\u00e7\u00f5es degradado e n\u00e3o confi\u00e1vel poderia impedir que isso acontecesse.<\/p><\/div><\/div><\/div>\t\t\t\t\t<\/div>\n\t\t\t\t\t\t<\/div>\n\t\t\t\t<\/div>\n\t\t\t\t\t\t<\/div>\n\t\t\t\t\t<\/div>\n\t\t<\/div>\n\t\t\t\t\t\t\t\t<\/div>\n\t\t\t\t\t<\/div>\n\t\t<\/section>\n\t\t\t\t<section class=\"elementor-section elementor-top-section elementor-element elementor-element-e922dfc elementor-section-boxed elementor-section-height-default elementor-section-height-default\" data-id=\"e922dfc\" data-element_type=\"section\">\n\t\t\t\t\t\t<div class=\"elementor-container elementor-column-gap-default\">\n\t\t\t\t\t\t\t<div class=\"elementor-row\">\n\t\t\t\t\t<div class=\"elementor-column elementor-col-100 elementor-top-column elementor-element elementor-element-d88fd74\" data-id=\"d88fd74\" data-element_type=\"column\">\n\t\t\t<div class=\"elementor-column-wrap elementor-element-populated\">\n\t\t\t\t\t\t\t<div class=\"elementor-widget-wrap\">\n\t\t\t\t\t\t<div class=\"elementor-element elementor-element-e14ea7a elementor-widget elementor-widget-image\" data-id=\"e14ea7a\" data-element_type=\"widget\" data-widget_type=\"image.default\">\n\t\t\t\t<div class=\"elementor-widget-container\">\n\t\t\t\t\t\t\t\t<div class=\"elementor-image\">\n\t\t\t\t\t\t\t\t\t\t\t\t<img loading=\"lazy\" decoding=\"async\" width=\"800\" height=\"450\" src=\"https:\/\/mundobibliotecario.com.br\/wp-content\/uploads\/2021\/04\/117552304_foto_02.jpg\" class=\"attachment-large size-large wp-image-8712\" alt=\"\" srcset=\"https:\/\/mundobibliotecario.com.br\/wp-content\/uploads\/2021\/04\/117552304_foto_02.jpg 800w, https:\/\/mundobibliotecario.com.br\/wp-content\/uploads\/2021\/04\/117552304_foto_02-300x169.jpg 300w, https:\/\/mundobibliotecario.com.br\/wp-content\/uploads\/2021\/04\/117552304_foto_02-768x432.jpg 768w\" sizes=\"auto, (max-width: 800px) 100vw, 800px\" \/>\t\t\t\t\t\t\t\t\t\t\t\t\t\t<\/div>\n\t\t\t\t\t\t<\/div>\n\t\t\t\t<\/div>\n\t\t\t\t\t\t<\/div>\n\t\t\t\t\t<\/div>\n\t\t<\/div>\n\t\t\t\t\t\t\t\t<\/div>\n\t\t\t\t\t<\/div>\n\t\t<\/section>\n\t\t\t\t<section class=\"elementor-section elementor-top-section elementor-element elementor-element-e0a7337 elementor-section-boxed elementor-section-height-default elementor-section-height-default\" data-id=\"e0a7337\" data-element_type=\"section\">\n\t\t\t\t\t\t<div class=\"elementor-container elementor-column-gap-default\">\n\t\t\t\t\t\t\t<div class=\"elementor-row\">\n\t\t\t\t\t<div class=\"elementor-column elementor-col-100 elementor-top-column elementor-element elementor-element-13d0678\" data-id=\"13d0678\" data-element_type=\"column\">\n\t\t\t<div class=\"elementor-column-wrap elementor-element-populated\">\n\t\t\t\t\t\t\t<div class=\"elementor-widget-wrap\">\n\t\t\t\t\t\t<div class=\"elementor-element elementor-element-309e6b8 elementor-widget elementor-widget-text-editor\" data-id=\"309e6b8\" data-element_type=\"widget\" data-widget_type=\"text-editor.default\">\n\t\t\t\t<div class=\"elementor-widget-container\">\n\t\t\t\t\t\t\t\t<div class=\"elementor-text-editor elementor-clearfix\">\n\t\t\t\t<div class=\"bbc-19j92fr e57qer20\" dir=\"ltr\"><p class=\"bbc-bm53ic e1cc2ql70\" dir=\"ltr\" style=\"text-align: justify;\">Em um\u00a0<a class=\"bbc-n8oauk e1cs6q200\" href=\"https:\/\/www.turing.ac.uk\/sites\/default\/files\/2020-10\/epistemic-security-report_final.pdf\" aria-label=\"relat\u00f3rio recente, externo\">relat\u00f3rio recente<\/a>\u00a0(em ingl\u00eas) publicado pelo Instituto Alan Turing, no Reino Unido, meus colegas e eu argumentamos que essa mudan\u00e7a \u00e9 nada menos do que uma amea\u00e7a \u00e0 pr\u00f3pria seguran\u00e7a global.<\/p><\/div><div class=\"bbc-19j92fr e57qer20\" dir=\"ltr\"><p class=\"bbc-bm53ic e1cc2ql70\" dir=\"ltr\">Os termos &#8220;seguran\u00e7a nacional&#8221; ou &#8220;ciberseguran\u00e7a&#8221; s\u00e3o familiares. Mas defendemos que mais aten\u00e7\u00e3o deve ser dada \u00e0 &#8220;seguran\u00e7a epist\u00eamica&#8221; \u2014 porque sem ela, nossas sociedades perder\u00e3o a capacidade de responder aos riscos mais graves que enfrentaremos no futuro.<\/p><\/div><div class=\"bbc-19j92fr e57qer20\" dir=\"ltr\"><p class=\"bbc-bm53ic e1cc2ql70\" dir=\"ltr\">Se a seguran\u00e7a dom\u00e9stica diz respeito a garantir que nossos pertences est\u00e3o seguros, a seguran\u00e7a financeira se prop\u00f5e a manter nosso dinheiro seguro, e a seguran\u00e7a nacional trata de manter nosso pa\u00eds seguro, ent\u00e3o seguran\u00e7a epist\u00eamica significa manter nosso conhecimento seguro.<\/p><\/div><div class=\"bbc-19j92fr e57qer20\" dir=\"ltr\"><p class=\"bbc-bm53ic e1cc2ql70\" dir=\"ltr\"><i class=\"bbc-h1y5j7 ewc4zcb0\">Episteme<\/i>\u00a0\u00e9 um termo filos\u00f3fico grego que significa &#8220;saber&#8221;. A seguran\u00e7a epist\u00eamica, portanto, envolve a garantia de que realmente sabemos o que sabemos, que podemos identificar alega\u00e7\u00f5es sem fundamento ou que n\u00e3o s\u00e3o verdadeiras, e que nossos sistemas de informa\u00e7\u00e3o s\u00e3o robustos a &#8220;amea\u00e7as epist\u00eamicas&#8221;, como not\u00edcias falsas.<\/p><\/div><div class=\"bbc-19j92fr e57qer20\" dir=\"ltr\"><p class=\"bbc-bm53ic e1cc2ql70\" dir=\"ltr\">Em nosso relat\u00f3rio, analisamos potenciais contra-medidas e \u00e1reas de pesquisa que podem ajudar a preservar a seguran\u00e7a epist\u00eamica em sociedades democr\u00e1ticas.<\/p><\/div><div class=\"bbc-19j92fr e57qer20\" dir=\"ltr\"><p class=\"bbc-bm53ic e1cc2ql70\" dir=\"ltr\">Mas neste artigo, vamos examinar quatro tend\u00eancias principais que exacerbaram o problema e tornaram cada vez mais dif\u00edcil para as sociedades responderem a desafios e crises urgentes:<\/p><\/div><div class=\"bbc-19j92fr e57qer20\" dir=\"ltr\"><h2 id=\"1-Escassez-de-aten\u00e7\u00e3o\" class=\"bbc-l3e97o e14hemmw0\" tabindex=\"-1\">1. Escassez de aten\u00e7\u00e3o<\/h2><\/div><div class=\"bbc-19j92fr e57qer20\" dir=\"ltr\"><p class=\"bbc-bm53ic e1cc2ql70\" dir=\"ltr\">No s\u00e9culo 13 \u2014 bem antes da inven\u00e7\u00e3o da imprensa na Europa \u2014, estudiosos j\u00e1 reclamavam da sobrecarga de informa\u00e7\u00f5es. Em 1255, o dominicano Vicente de Beauvais escreveu sobre &#8220;a infinidade de livros, a falta de tempo e os deslizes da mem\u00f3ria&#8221;.<\/p><\/div><div class=\"bbc-19j92fr e57qer20\" dir=\"ltr\"><p class=\"bbc-bm53ic e1cc2ql70\" dir=\"ltr\" style=\"text-align: justify;\">No entanto, a internet tornou quantidades enormes de informa\u00e7\u00f5es dif\u00edceis de verificar mais facilmente acess\u00edveis do que nunca. \u00c9 complicado filtrar que boatos s\u00e3o verdadeiros e quais n\u00e3o s\u00e3o. Nossa capacidade limitada de aten\u00e7\u00e3o \u00e9 simplesmente muito dispersa.<\/p><\/div>\t\t\t\t\t<\/div>\n\t\t\t\t\t\t<\/div>\n\t\t\t\t<\/div>\n\t\t\t\t\t\t<\/div>\n\t\t\t\t\t<\/div>\n\t\t<\/div>\n\t\t\t\t\t\t\t\t<\/div>\n\t\t\t\t\t<\/div>\n\t\t<\/section>\n\t\t\t\t<section class=\"elementor-section elementor-top-section elementor-element elementor-element-81dca54 elementor-section-boxed elementor-section-height-default elementor-section-height-default\" data-id=\"81dca54\" data-element_type=\"section\">\n\t\t\t\t\t\t<div class=\"elementor-container elementor-column-gap-default\">\n\t\t\t\t\t\t\t<div class=\"elementor-row\">\n\t\t\t\t\t<div class=\"elementor-column elementor-col-100 elementor-top-column elementor-element elementor-element-ab862c3\" data-id=\"ab862c3\" data-element_type=\"column\">\n\t\t\t<div class=\"elementor-column-wrap elementor-element-populated\">\n\t\t\t\t\t\t\t<div class=\"elementor-widget-wrap\">\n\t\t\t\t\t\t<div class=\"elementor-element elementor-element-7e1e06a elementor-widget elementor-widget-image\" data-id=\"7e1e06a\" data-element_type=\"widget\" data-widget_type=\"image.default\">\n\t\t\t\t<div class=\"elementor-widget-container\">\n\t\t\t\t\t\t\t\t<div class=\"elementor-image\">\n\t\t\t\t\t\t\t\t\t\t\t\t<img loading=\"lazy\" decoding=\"async\" width=\"800\" height=\"450\" src=\"https:\/\/mundobibliotecario.com.br\/wp-content\/uploads\/2021\/04\/117552305_foto_03.jpg\" class=\"attachment-large size-large wp-image-8713\" alt=\"\" srcset=\"https:\/\/mundobibliotecario.com.br\/wp-content\/uploads\/2021\/04\/117552305_foto_03.jpg 800w, https:\/\/mundobibliotecario.com.br\/wp-content\/uploads\/2021\/04\/117552305_foto_03-300x169.jpg 300w, https:\/\/mundobibliotecario.com.br\/wp-content\/uploads\/2021\/04\/117552305_foto_03-768x432.jpg 768w\" sizes=\"auto, (max-width: 800px) 100vw, 800px\" \/>\t\t\t\t\t\t\t\t\t\t\t\t\t\t<\/div>\n\t\t\t\t\t\t<\/div>\n\t\t\t\t<\/div>\n\t\t\t\t\t\t<\/div>\n\t\t\t\t\t<\/div>\n\t\t<\/div>\n\t\t\t\t\t\t\t\t<\/div>\n\t\t\t\t\t<\/div>\n\t\t<\/section>\n\t\t\t\t<section class=\"elementor-section elementor-top-section elementor-element elementor-element-636339b elementor-section-boxed elementor-section-height-default elementor-section-height-default\" data-id=\"636339b\" data-element_type=\"section\">\n\t\t\t\t\t\t<div class=\"elementor-container elementor-column-gap-default\">\n\t\t\t\t\t\t\t<div class=\"elementor-row\">\n\t\t\t\t\t<div class=\"elementor-column elementor-col-100 elementor-top-column elementor-element elementor-element-fe28ae4\" data-id=\"fe28ae4\" data-element_type=\"column\">\n\t\t\t<div class=\"elementor-column-wrap elementor-element-populated\">\n\t\t\t\t\t\t\t<div class=\"elementor-widget-wrap\">\n\t\t\t\t\t\t<div class=\"elementor-element elementor-element-ea38f2e elementor-widget elementor-widget-text-editor\" data-id=\"ea38f2e\" data-element_type=\"widget\" data-widget_type=\"text-editor.default\">\n\t\t\t\t<div class=\"elementor-widget-container\">\n\t\t\t\t\t\t\t\t<div class=\"elementor-text-editor elementor-clearfix\">\n\t\t\t\t<div class=\"bbc-19j92fr e57qer20\" dir=\"ltr\"><p class=\"bbc-bm53ic e1cc2ql70\" dir=\"ltr\" style=\"text-align: justify;\">A abund\u00e2ncia de informa\u00e7\u00f5es e as limita\u00e7\u00f5es de aten\u00e7\u00e3o criaram uma &#8220;economia da aten\u00e7\u00e3o&#8221; feroz, na qual governos, jornalistas, grupos de interesse, entre outros, precisam competir por visualiza\u00e7\u00f5es.<\/p><\/div><div class=\"bbc-19j92fr e57qer20\" dir=\"ltr\" style=\"text-align: justify;\"><p class=\"bbc-bm53ic e1cc2ql70\" dir=\"ltr\">Infelizmente, algumas das estrat\u00e9gias mais eficazes para chamar a aten\u00e7\u00e3o apelam para as emo\u00e7\u00f5es e cren\u00e7as existentes das pessoas, e essas fontes s\u00e3o ambivalentes quanto \u00e0 verdade.<\/p><\/div><div class=\"bbc-19j92fr e57qer20\" dir=\"ltr\" style=\"text-align: justify;\"><h2 id=\"2-Filtro-bolha-e-racionalidade-limitada\" class=\"bbc-l3e97o e14hemmw0\" tabindex=\"-1\">2. Filtro bolha e racionalidade limitada<\/h2><\/div><div class=\"bbc-19j92fr e57qer20\" dir=\"ltr\" style=\"text-align: justify;\"><p class=\"bbc-bm53ic e1cc2ql70\" dir=\"ltr\">Uma consequ\u00eancia particularmente preocupante da economia da aten\u00e7\u00e3o \u00e9 a forma\u00e7\u00e3o de filtros bolha, em que as pessoas s\u00e3o expostas sobretudo \u00e0s suas pr\u00f3prias cren\u00e7as, e pontos de vista divergentes s\u00e3o filtrados.<\/p><\/div><div class=\"bbc-19j92fr e57qer20\" dir=\"ltr\" style=\"text-align: justify;\"><p class=\"bbc-bm53ic e1cc2ql70\" dir=\"ltr\">Diante da sobrecarga de informa\u00e7\u00f5es, as pessoas preferem naturalmente prestar mais aten\u00e7\u00e3o a indiv\u00edduos com a mesma mentalidade que pertencem a suas pr\u00f3prias comunidades do que a desconhecidos de fora.<\/p><\/div><div class=\"bbc-19j92fr e57qer20\" dir=\"ltr\" style=\"text-align: justify;\"><p class=\"bbc-bm53ic e1cc2ql70\" dir=\"ltr\">Por meio das plataformas de rede social, \u00e9 mais f\u00e1cil do que nunca formar e fazer parte de comunidades unificadas por cren\u00e7as e valores compartilhados.<\/p><\/div><div class=\"bbc-19j92fr e57qer20\" dir=\"ltr\" style=\"text-align: justify;\"><p class=\"bbc-bm53ic e1cc2ql70\" dir=\"ltr\">A consequ\u00eancia epist\u00eamica dos filtros bolha \u00e9 chamada de &#8220;racionalidade limitada&#8221;. Se o acesso \u00e0 informa\u00e7\u00e3o \u00e9 a base do bom racioc\u00ednio e da tomada de decis\u00e3o, ent\u00e3o limitar o acesso de algu\u00e9m a informa\u00e7\u00f5es potencialmente relevantes, ao ficar entrincheirado em filtros bolha, limitar\u00e1 a capacidade de raciocinar bem.<\/p><\/div><div class=\"bbc-19j92fr e57qer20\" dir=\"ltr\" style=\"text-align: justify;\"><h2 id=\"3-Advers\u00e1rios-e-desajeitados\" class=\"bbc-l3e97o e14hemmw0\" tabindex=\"-1\">3. Advers\u00e1rios e desajeitados<\/h2><\/div><div class=\"bbc-19j92fr e57qer20\" dir=\"ltr\" style=\"text-align: justify;\"><p class=\"bbc-bm53ic e1cc2ql70\" dir=\"ltr\">\u00c9 mais f\u00e1cil do que nunca distribuir e acessar informa\u00e7\u00f5es. A desvantagem \u00e9 que essas mesmas tecnologias tamb\u00e9m tornam mais f\u00e1cil para as pessoas espalhar informa\u00e7\u00f5es falsas ou enganosas \u2014 seja intencional ou acidentalmente.<\/p><\/div><div class=\"bbc-19j92fr e57qer20\" dir=\"ltr\" style=\"text-align: justify;\"><p class=\"bbc-bm53ic e1cc2ql70\" dir=\"ltr\">Atores (indiv\u00edduos, organiza\u00e7\u00f5es ou Estados) que manipulam informa\u00e7\u00f5es intencionalmente para confundir ou enganar os destinat\u00e1rios de forma maliciosa, a fim de lev\u00e1-los a cren\u00e7as falsas, s\u00e3o chamados de &#8220;advers\u00e1rios&#8221;.<\/p><\/div><div class=\"bbc-19j92fr e57qer20\" dir=\"ltr\" style=\"text-align: justify;\"><p class=\"bbc-bm53ic e1cc2ql70\" dir=\"ltr\">Os advers\u00e1rios organizam &#8220;ataques&#8221; para incitar as pessoas a agirem com base em informa\u00e7\u00f5es enganosas ou falsas. Por exemplo, uma campanha pol\u00edtica pode usar a tecnologia deepfake para produzir v\u00eddeos incriminat\u00f3rios de outros candidatos a fim de manipular os resultados das elei\u00e7\u00f5es a seu favor.<\/p><\/div><div class=\"bbc-19j92fr e57qer20\" dir=\"ltr\" style=\"text-align: justify;\"><p class=\"bbc-bm53ic e1cc2ql70\" dir=\"ltr\">Por outro lado, os atores que espalham cren\u00e7as falsas ou pouco fundamentadas de forma bem-intencionada ou acidental s\u00e3o chamados de &#8220;desajeitados&#8221;.<\/p><\/div><div class=\"bbc-19j92fr e57qer20\" dir=\"ltr\" style=\"text-align: justify;\"><p class=\"bbc-bm53ic e1cc2ql70\" dir=\"ltr\">Por exemplo, um pesquisador de vacinas cauteloso com os efeitos colaterais e desconfiado da autoridade m\u00e9dica pode fazer um coment\u00e1rio bem-intencionado, mas ligeiramente alarmista, durante uma entrevista, que pode ent\u00e3o ser captado e divulgado nas redes sociais, instigando uma ampla campanha antivacina\u00e7\u00e3o.<\/p><\/div><div class=\"bbc-19j92fr e57qer20\" dir=\"ltr\" style=\"text-align: justify;\"><h2 id=\"3-Eros\u00e3o-da-confian\u00e7a\" class=\"bbc-l3e97o e14hemmw0\" tabindex=\"-1\">3. Eros\u00e3o da confian\u00e7a<\/h2><\/div><div class=\"bbc-19j92fr e57qer20\" dir=\"ltr\" style=\"text-align: justify;\"><p class=\"bbc-bm53ic e1cc2ql70\" dir=\"ltr\">Os humanos desenvolveram t\u00e9cnicas naturais para decidir quando confiar nos outros.<\/p><\/div><div class=\"bbc-19j92fr e57qer20\" dir=\"ltr\"><p class=\"bbc-bm53ic e1cc2ql70\" dir=\"ltr\" style=\"text-align: justify;\">Por exemplo, temos mais probabilidade de confiar em algu\u00e9m se um grande n\u00famero de pessoas acredita nessa pessoa, e estamos ainda mais dispostos a acreditar em uma pessoa que \u00e9 membro da nossa pr\u00f3pria comunidade \u2014 um sinal de que ela possui valores e interesses semelhantes aos nossos.<\/p><\/div>\t\t\t\t\t<\/div>\n\t\t\t\t\t\t<\/div>\n\t\t\t\t<\/div>\n\t\t\t\t\t\t<\/div>\n\t\t\t\t\t<\/div>\n\t\t<\/div>\n\t\t\t\t\t\t\t\t<\/div>\n\t\t\t\t\t<\/div>\n\t\t<\/section>\n\t\t\t\t<section class=\"elementor-section elementor-top-section elementor-element elementor-element-e9b2b7f elementor-section-boxed elementor-section-height-default elementor-section-height-default\" data-id=\"e9b2b7f\" data-element_type=\"section\">\n\t\t\t\t\t\t<div class=\"elementor-container elementor-column-gap-default\">\n\t\t\t\t\t\t\t<div class=\"elementor-row\">\n\t\t\t\t\t<div class=\"elementor-column elementor-col-100 elementor-top-column elementor-element elementor-element-2671224\" data-id=\"2671224\" data-element_type=\"column\">\n\t\t\t<div class=\"elementor-column-wrap elementor-element-populated\">\n\t\t\t\t\t\t\t<div class=\"elementor-widget-wrap\">\n\t\t\t\t\t\t<div class=\"elementor-element elementor-element-3de2c7e elementor-widget elementor-widget-image\" data-id=\"3de2c7e\" data-element_type=\"widget\" data-widget_type=\"image.default\">\n\t\t\t\t<div class=\"elementor-widget-container\">\n\t\t\t\t\t\t\t\t<div class=\"elementor-image\">\n\t\t\t\t\t\t\t\t\t\t\t\t<img loading=\"lazy\" decoding=\"async\" width=\"800\" height=\"450\" src=\"https:\/\/mundobibliotecario.com.br\/wp-content\/uploads\/2021\/04\/117552306_foto_04.jpg\" class=\"attachment-large size-large wp-image-8714\" alt=\"\" srcset=\"https:\/\/mundobibliotecario.com.br\/wp-content\/uploads\/2021\/04\/117552306_foto_04.jpg 800w, https:\/\/mundobibliotecario.com.br\/wp-content\/uploads\/2021\/04\/117552306_foto_04-300x169.jpg 300w, https:\/\/mundobibliotecario.com.br\/wp-content\/uploads\/2021\/04\/117552306_foto_04-768x432.jpg 768w\" sizes=\"auto, (max-width: 800px) 100vw, 800px\" \/>\t\t\t\t\t\t\t\t\t\t\t\t\t\t<\/div>\n\t\t\t\t\t\t<\/div>\n\t\t\t\t<\/div>\n\t\t\t\t\t\t<\/div>\n\t\t\t\t\t<\/div>\n\t\t<\/div>\n\t\t\t\t\t\t\t\t<\/div>\n\t\t\t\t\t<\/div>\n\t\t<\/section>\n\t\t\t\t<section class=\"elementor-section elementor-top-section elementor-element elementor-element-32e52b7 elementor-section-boxed elementor-section-height-default elementor-section-height-default\" data-id=\"32e52b7\" data-element_type=\"section\">\n\t\t\t\t\t\t<div class=\"elementor-container elementor-column-gap-default\">\n\t\t\t\t\t\t\t<div class=\"elementor-row\">\n\t\t\t\t\t<div class=\"elementor-column elementor-col-100 elementor-top-column elementor-element elementor-element-5dab5ac\" data-id=\"5dab5ac\" data-element_type=\"column\">\n\t\t\t<div class=\"elementor-column-wrap elementor-element-populated\">\n\t\t\t\t\t\t\t<div class=\"elementor-widget-wrap\">\n\t\t\t\t\t\t<div class=\"elementor-element elementor-element-2d246c8 elementor-widget elementor-widget-text-editor\" data-id=\"2d246c8\" data-element_type=\"widget\" data-widget_type=\"text-editor.default\">\n\t\t\t\t<div class=\"elementor-widget-container\">\n\t\t\t\t\t\t\t\t<div class=\"elementor-text-editor elementor-clearfix\">\n\t\t\t\t<div class=\"bbc-19j92fr e57qer20\" dir=\"ltr\"><p class=\"bbc-bm53ic e1cc2ql70\" dir=\"ltr\">Tamb\u00e9m usamos linguagem corporal, entona\u00e7\u00e3o vocal e padr\u00f5es de fala para julgar a honestidade. Essas estrat\u00e9gias s\u00e3o pass\u00edveis de falha, mas, em geral, t\u00eam servido bem aos seres humanos.<\/p><\/div><div class=\"bbc-19j92fr e57qer20\" dir=\"ltr\"><p class=\"bbc-bm53ic e1cc2ql70\" dir=\"ltr\">No entanto, as tecnologias de informa\u00e7\u00e3o modernas podem minar esses artif\u00edcios. Por exemplo, o surgimento de filtros bolha pode tornar as opini\u00f5es de minorias muito mais vis\u00edveis, parecendo que s\u00e3o muito mais amplamente aceitas do que realmente s\u00e3o.<\/p><\/div><div class=\"bbc-19j92fr e57qer20\" dir=\"ltr\"><p class=\"bbc-bm53ic e1cc2ql70\" dir=\"ltr\">Embora algumas perspectivas minorit\u00e1rias devam se tornar mais vis\u00edveis, h\u00e1 um problema quando narrativas perigosas e extremistas parecem muito mais convencionais do que realmente s\u00e3o.<\/p><\/div><div class=\"bbc-19j92fr e57qer20\" dir=\"ltr\"><p class=\"bbc-bm53ic e1cc2ql70\" dir=\"ltr\">Algumas tecnologias tamb\u00e9m interferem na nossa tend\u00eancia subconsciente de procurar sinais de honestidade e falta de sinceridade nos padr\u00f5es vocais e na linguagem corporal.<\/p><\/div><div class=\"bbc-19j92fr e57qer20\" dir=\"ltr\"><p class=\"bbc-bm53ic e1cc2ql70\" dir=\"ltr\">Discursos gerados artificialmente ou v\u00eddeos deepfake n\u00e3o s\u00e3o afetados pelos pequenos sinais que nos avisam quando algu\u00e9m est\u00e1 mentindo.<\/p><\/div><div class=\"bbc-19j92fr e57qer20\" dir=\"ltr\"><h2 id=\"O-que-tudo-isso-significa\" class=\"bbc-l3e97o e14hemmw0\" tabindex=\"-1\">O que tudo isso significa?<\/h2><\/div><div class=\"bbc-19j92fr e57qer20\" dir=\"ltr\"><p class=\"bbc-bm53ic e1cc2ql70\" dir=\"ltr\">Para aqueles que est\u00e3o dispostos a se esfor\u00e7ar, uma dieta rica e balanceada de imprensa est\u00e1 mais acess\u00edvel do que nunca.<\/p><\/div><div class=\"bbc-19j92fr e57qer20\" dir=\"ltr\"><p class=\"bbc-bm53ic e1cc2ql70\" dir=\"ltr\">No entanto, estar bem informado \u00e9 muitas vezes um privil\u00e9gio de tempo e recursos pelo qual a maioria das pessoas n\u00e3o pode pagar facilmente.<\/p><\/div><div class=\"bbc-19j92fr e57qer20\" dir=\"ltr\"><p class=\"bbc-bm53ic e1cc2ql70\" dir=\"ltr\">Portanto, quando se trata de enfrentar desafios complexos como a covid-19 \u2014 desafios que exigem tomada de decis\u00e3o oportuna e a coordena\u00e7\u00e3o de ampla a\u00e7\u00e3o coletiva \u2014 \u00e9 importante lembrar que recomenda\u00e7\u00f5es sensatas de sa\u00fade p\u00fablica e vacinas seguras n\u00e3o s\u00e3o suficientes.<\/p><\/div><div class=\"bbc-19j92fr e57qer20\" dir=\"ltr\"><p class=\"bbc-bm53ic e1cc2ql70\" dir=\"ltr\">As pessoas tamb\u00e9m t\u00eam que acreditar nas solu\u00e7\u00f5es e em quem as oferece.<\/p><\/div><div class=\"bbc-19j92fr e57qer20\" dir=\"ltr\"><p class=\"bbc-bm53ic e1cc2ql70\" dir=\"ltr\">Em nosso relat\u00f3rio, analisamos algumas das poss\u00edveis consequ\u00eancias se n\u00e3o agirmos. Um dos piores cen\u00e1rios \u00e9 o que chamamos de &#8220;balbucio epist\u00eamico&#8221;. Nesse futuro, a capacidade da popula\u00e7\u00e3o em geral de diferenciar entre a verdade e a fic\u00e7\u00e3o se perde completamente.<\/p><\/div><div class=\"bbc-19j92fr e57qer20\" dir=\"ltr\"><p class=\"bbc-bm53ic e1cc2ql70\" dir=\"ltr\">Embora as informa\u00e7\u00f5es estejam facilmente dispon\u00edveis, as pessoas n\u00e3o sabem dizer se algo que veem, leem ou ouvem \u00e9 confi\u00e1vel ou n\u00e3o. Ent\u00e3o, quando surgir a pr\u00f3xima pandemia, a coopera\u00e7\u00e3o de toda a sociedade vai se tornar imposs\u00edvel.<\/p><\/div><div class=\"bbc-19j92fr e57qer20\" dir=\"ltr\"><p class=\"bbc-bm53ic e1cc2ql70\" dir=\"ltr\">\u00c9 uma ideia assustadora \u2014 mas a covid-19 mostrou que estamos mais perto disso do que poder\u00edamos imaginar.<\/p><\/div><div class=\"bbc-19j92fr e57qer20\" dir=\"ltr\"><p class=\"bbc-bm53ic e1cc2ql70\" dir=\"ltr\"><i class=\"bbc-h1y5j7 ewc4zcb0\">* Elizabeth Seger \u00e9 pesquisadora da Universidade de Cambridge e do Centro Leverhulme para o Futuro da Intelig\u00eancia, no Reino Unido.<\/i><\/p><\/div><div class=\"bbc-19j92fr e57qer20\" dir=\"ltr\"><p class=\"bbc-bm53ic e1cc2ql70\" dir=\"ltr\"><b>Leia a\u00a0<\/b><a class=\"bbc-n8oauk e1cs6q200\" href=\"https:\/\/www.bbc.com\/future\/article\/20210209-the-greatest-security-threat-of-the-post-truth-age?ocid=global_future_rss\">vers\u00e3o original<\/a><b>\u00a0desta reportagem (em ingl\u00eas) no site\u00a0<\/b><a class=\"bbc-n8oauk e1cs6q200\" href=\"http:\/\/www.bbc.com\/future\">BBC Future<\/a><b>.<\/b><\/p><p dir=\"ltr\">Dispon\u00edvel em:\u00a0<a href=\"https:\/\/www.bbc.com\/portuguese\/vert-fut-56379568\">https:\/\/www.bbc.com\/portuguese\/vert-fut-56379568<\/a>. Acesso em: 12 abr. 2021.<\/p><\/div>\t\t\t\t\t<\/div>\n\t\t\t\t\t\t<\/div>\n\t\t\t\t<\/div>\n\t\t\t\t\t\t<\/div>\n\t\t\t\t\t<\/div>\n\t\t<\/div>\n\t\t\t\t\t\t\t\t<\/div>\n\t\t\t\t\t<\/div>\n\t\t<\/section>\n\t\t\t\t\t\t\t\t\t<\/div>\n\t\t\t<\/div>\n\t\t\t\t\t<\/div>\n\t\t","protected":false},"excerpt":{"rendered":"<p>A pandemia de covid-19 deixou uma coisa clara: \u00e9 muito dif\u00edcil coordenar o comportamento de uma sociedade inteira \u2014 mesmo quando se trata de uma quest\u00e3o de vida ou morte. Pense na rea\u00e7\u00e3o das pessoas \u00e0 vacina\u00e7\u00e3o. Para que o mundo derrote o novo coronav\u00edrus, a maioria da popula\u00e7\u00e3o precisa concordar em tomar a vacina, &#8230; <a title=\"Ataque ao conhecimento \u00e9 a maior amea\u00e7a global na era da p\u00f3s-verdade, diz pesquisadora\" class=\"read-more\" href=\"https:\/\/mundobibliotecario.com.br\/index.php\/2021\/04\/13\/ataque-ao-conhecimento-e-a-maior-ameaca-global-na-era-da-pos-verdade-diz-pesquisadora\/\" aria-label=\"Read more about Ataque ao conhecimento \u00e9 a maior amea\u00e7a global na era da p\u00f3s-verdade, diz pesquisadora\">Ler mais<\/a><\/p>\n","protected":false},"author":1,"featured_media":0,"comment_status":"open","ping_status":"open","sticky":false,"template":"","format":"standard","meta":{"_mi_skip_tracking":false,"_exactmetrics_sitenote_active":false,"_exactmetrics_sitenote_note":"","_exactmetrics_sitenote_category":0,"_jetpack_newsletter_access":"","footnotes":""},"categories":[60],"tags":[1139,1978],"class_list":["post-8725","post","type-post","status-publish","format-standard","hentry","category-noticias","tag-desinformacao","tag-pos-verdade"],"jetpack_featured_media_url":"","jetpack_sharing_enabled":true,"jetpack-related-posts":[{"id":8967,"url":"https:\/\/mundobibliotecario.com.br\/index.php\/2021\/06\/02\/bibliotecas-e-museus-como-locais-de-vacinacao\/","url_meta":{"origin":8725,"position":0},"title":"Bibliotecas e museus como locais de vacina\u00e7\u00e3o","author":"mundobibliotecario","date":"02\/06\/2021","format":false,"excerpt":"\"Bem-vindo. Voc\u00ea gostaria de uma vacina com sua dose de cultura hoje?\" Foto: Museu Americano de Hist\u00f3ria Natural, D. Finnin;\u00a0vacinas foramoferecidas sob a baleia. Bibliotecas e museus s\u00e3o centros comunit\u00e1rios inovadores e, ao longo da pandemia COVID-19, foram essenciais para a comunidade e a resposta nacional.\u00a0Al\u00e9m de continuar a fornecer\u2026","rel":"","context":"Em &quot;Not\u00edcias&quot;","block_context":{"text":"Not\u00edcias","link":"https:\/\/mundobibliotecario.com.br\/index.php\/category\/noticias\/"},"img":{"alt_text":"","src":"","width":0,"height":0},"classes":[]},{"id":5543,"url":"https:\/\/mundobibliotecario.com.br\/index.php\/2020\/04\/02\/grupos-antivacina-mudam-foco-para-covid-19-e-trazem-serios-problemas-a-saude-publica\/","url_meta":{"origin":8725,"position":1},"title":"Grupos antivacina mudam foco para covid-19 e trazem s\u00e9rios problemas \u00e0 sa\u00fade p\u00fablica","author":"mundobibliotecario","date":"02\/04\/2020","format":false,"excerpt":"An\u00e1lise feita por projeto da USP em postagens de rede social mostra altera\u00e7\u00e3o na tem\u00e1tica durante pandemia; conte\u00fado vai desde informa\u00e7\u00f5es falsas at\u00e9 uso de produtos t\u00f3xicos como cura Por\u00a0Thais Cardoso Montagem sobre foto \u2013 Teksomolika via Freepik, Altemar Alcantara \/ Semcom via Fotos P\u00fablicas e UpVacina Enquanto\u00a0autoridades, profissionais de\u2026","rel":"","context":"Em &quot;Not\u00edcias&quot;","block_context":{"text":"Not\u00edcias","link":"https:\/\/mundobibliotecario.com.br\/index.php\/category\/noticias\/"},"img":{"alt_text":"","src":"","width":0,"height":0},"classes":[]},{"id":2066,"url":"https:\/\/mundobibliotecario.com.br\/index.php\/2011\/06\/06\/estagio-centro-de-documentacao-cientifica-brasil\/","url_meta":{"origin":8725,"position":2},"title":"Est\u00e1gio Centro de Documenta\u00e7\u00e3o Cient\u00edfica \/ Brasil","author":"mundobibliotecario","date":"06\/06\/2011","format":false,"excerpt":"Est\u00e1gio Centro de Documenta\u00e7\u00e3o Cient\u00edfica Atividades da posi\u00e7\u00e3o: Conhecer o mecanismo para realiza\u00e7\u00e3o de pesquisas bibliogr\u00e1ficas em bases de dados, como por exemplo, Medline\/Pubme, Embase, Lilacs e Internet; Conhecer os elementos de identifica\u00e7\u00e3o de um trabalho cient\u00edfico para elabora\u00e7\u00e3o de refer\u00eancias bibliogr\u00e1ficas; Conhecer as rotinas de um Centro de Documenta\u00e7\u00e3o\u2026","rel":"","context":"Em &quot;Est\u00e1gio&quot;","block_context":{"text":"Est\u00e1gio","link":"https:\/\/mundobibliotecario.com.br\/index.php\/category\/estagio\/"},"img":{"alt_text":"","src":"","width":0,"height":0},"classes":[]},{"id":4287,"url":"https:\/\/mundobibliotecario.com.br\/index.php\/2016\/06\/13\/o-efeito-universidade-google\/","url_meta":{"origin":8725,"position":3},"title":"O Efeito Universidade Google","author":"mundobibliotecario","date":"13\/06\/2016","format":false,"excerpt":"Rafa Spoladore Fundador e Evangelista na ScientifiCloud A democratiza\u00e7\u00e3o da informa\u00e7\u00e3o levou a uma falsa sensa\u00e7\u00e3o de democratiza\u00e7\u00e3o do conhecimento por Steven Novella* Mantenho uma infind\u00e1vel fascina\u00e7\u00e3o pelo incr\u00edvel experimento social que todos n\u00f3s temos vivido ao longo da \u00faltima d\u00e9cada (e posso dizer que, se voc\u00ea estiver lendo isto,\u2026","rel":"","context":"Em &quot;Not\u00edcias&quot;","block_context":{"text":"Not\u00edcias","link":"https:\/\/mundobibliotecario.com.br\/index.php\/category\/noticias\/"},"img":{"alt_text":"","src":"","width":0,"height":0},"classes":[]},{"id":3556,"url":"https:\/\/mundobibliotecario.com.br\/index.php\/2014\/08\/25\/inscricoes-abertas-para-pos-graduacao-em-ged\/","url_meta":{"origin":8725,"position":4},"title":"Inscri\u00e7\u00f5es abertas para p\u00f3s-gradua\u00e7\u00e3o em GED","author":"mundobibliotecario","date":"25\/08\/2014","format":false,"excerpt":"Est\u00e3o abertas as inscri\u00e7\u00f5es para o Curso de P\u00f3s-Gradua\u00e7\u00e3o em Gest\u00e3o Eletr\u00f4nica de Documentos - GED da UNISUAM (RJ). Carga hor\u00e1ria total: 360h P\u00fablico-Alvo: Arquivistas, bibliotec\u00e1rios, profissionais de tecnologia da informa\u00e7\u00e3o e demais profissionais que atuem em unidades de informa\u00e7\u00e3o e que desejam construir carreira em uma das \u00e1reas de\u2026","rel":"","context":"Em &quot;Curso de P\u00f3s-Gradua\u00e7\u00e3o&quot;","block_context":{"text":"Curso de P\u00f3s-Gradua\u00e7\u00e3o","link":"https:\/\/mundobibliotecario.com.br\/index.php\/category\/curso-de-pos-graduacao\/"},"img":{"alt_text":"","src":"https:\/\/mundobibliotecario.files.wordpress.com\/2014\/08\/ged_2014-2.jpg?w=350&h=200&crop=1","width":350,"height":200},"classes":[]},{"id":8667,"url":"https:\/\/mundobibliotecario.com.br\/index.php\/2021\/04\/06\/relatorio-do-estado-das-bibliotecas-dos-estados-unidos-relatorio-especial-covid-19\/","url_meta":{"origin":8725,"position":5},"title":"Relat\u00f3rio do Estado das Bibliotecas dos Estados Unidos &#8211; Relat\u00f3rio Especial: COVID-19","author":"mundobibliotecario","date":"06\/04\/2021","format":false,"excerpt":"A American Library Association publicou em seu site o\u00a0Relat\u00f3rio do Estado das Bibliotecas dos Estados Unidos - Relat\u00f3rio Especial: COVID-19. Em um ano n\u00e3o muito diferente do que vivemos no Brasil em 2019, o texto de apresenta\u00e7\u00e3o do relat\u00f3rio informa que os Estados Unidos enfrentaram n\u00e3o s\u00f3 desafios pol\u00edticos devido\u2026","rel":"","context":"Em &quot;Not\u00edcias&quot;","block_context":{"text":"Not\u00edcias","link":"https:\/\/mundobibliotecario.com.br\/index.php\/category\/noticias\/"},"img":{"alt_text":"covid-19","src":"https:\/\/i0.wp.com\/mundobibliotecario.com.br\/wp-content\/uploads\/2020\/07\/covid-19-4975604_640.png?resize=350%2C200&ssl=1","width":350,"height":200},"classes":[]}],"jetpack_likes_enabled":true,"jetpack_shortlink":"https:\/\/wp.me\/pcbzwa-2gJ","_links":{"self":[{"href":"https:\/\/mundobibliotecario.com.br\/index.php\/wp-json\/wp\/v2\/posts\/8725","targetHints":{"allow":["GET"]}}],"collection":[{"href":"https:\/\/mundobibliotecario.com.br\/index.php\/wp-json\/wp\/v2\/posts"}],"about":[{"href":"https:\/\/mundobibliotecario.com.br\/index.php\/wp-json\/wp\/v2\/types\/post"}],"author":[{"embeddable":true,"href":"https:\/\/mundobibliotecario.com.br\/index.php\/wp-json\/wp\/v2\/users\/1"}],"replies":[{"embeddable":true,"href":"https:\/\/mundobibliotecario.com.br\/index.php\/wp-json\/wp\/v2\/comments?post=8725"}],"version-history":[{"count":8,"href":"https:\/\/mundobibliotecario.com.br\/index.php\/wp-json\/wp\/v2\/posts\/8725\/revisions"}],"predecessor-version":[{"id":8733,"href":"https:\/\/mundobibliotecario.com.br\/index.php\/wp-json\/wp\/v2\/posts\/8725\/revisions\/8733"}],"wp:attachment":[{"href":"https:\/\/mundobibliotecario.com.br\/index.php\/wp-json\/wp\/v2\/media?parent=8725"}],"wp:term":[{"taxonomy":"category","embeddable":true,"href":"https:\/\/mundobibliotecario.com.br\/index.php\/wp-json\/wp\/v2\/categories?post=8725"},{"taxonomy":"post_tag","embeddable":true,"href":"https:\/\/mundobibliotecario.com.br\/index.php\/wp-json\/wp\/v2\/tags?post=8725"}],"curies":[{"name":"wp","href":"https:\/\/api.w.org\/{rel}","templated":true}]}}