{"id":8735,"date":"2021-04-19T10:00:00","date_gmt":"2021-04-19T13:00:00","guid":{"rendered":"https:\/\/mundobibliotecario.com.br\/?p=8735"},"modified":"2021-04-17T11:20:49","modified_gmt":"2021-04-17T14:20:49","slug":"unirio-e-uff-se-unem-para-oferecer-o-curso-de-biblioteconomia-a-distancia","status":"publish","type":"post","link":"https:\/\/mundobibliotecario.com.br\/index.php\/2021\/04\/19\/unirio-e-uff-se-unem-para-oferecer-o-curso-de-biblioteconomia-a-distancia\/","title":{"rendered":"UNIRIO e UFF se unem para oferecer o curso de Biblioteconomia a dist\u00e2ncia"},"content":{"rendered":"\n<p>Na \u00faltima semana o <a href=\"https:\/\/santabiblioteconomia.com.br\/\">Santa Biblioteconomia<\/a> publicou no seu Instagram uma not\u00edcia muito boa sobre o novo curso EAD de Biblioteconomia.<\/p>\n\n\n\n<p>Confira o texto reproduzido do <a href=\"https:\/\/www.instagram.com\/p\/CNnAjurDzTG\/\">Instagram do Santa Biblioteconomia<\/a>!<\/p>\n\n\n\n<p><em>Nada ser\u00e1 como antes&#8230;<br>E o informativo da Unirio de mar\u00e7o\/abril trouxe como destaque o novo curso na modalidade EAD para biblioteconomia.<br>S\u00e3o 23 professores envolvidos, um curr\u00edculo de 4 anos de dura\u00e7\u00e3o, e com oferta de 150 vagas.<br>Voc\u00ea encontra mais informa\u00e7\u00f5es sobre esse projeto no pr\u00f3prio informativo. O link \u00e9 <a rel=\"noreferrer noopener\" href=\"http:\/\/www.unirio.br\/comunicacaosocial\/arquivos\/em-foco\/EmFoco3_21.pdf\" target=\"_blank\">http:\/\/www.unirio.br\/comunicacaosocial\/arquivos\/em-foco\/EmFoco3_21.pdf<\/a> mas voc\u00ea tamb\u00e9m encontra link direto nos nossos stories, arrastando pra cima!<\/em><\/p>\n\n\n\n<div class=\"wp-block-image\"><figure class=\"aligncenter size-large\"><a href=\"https:\/\/mundobibliotecario.com.br\/wp-content\/uploads\/2021\/04\/biblioteconomia-ead.png\"><img loading=\"lazy\" decoding=\"async\" width=\"493\" height=\"706\" src=\"https:\/\/mundobibliotecario.com.br\/wp-content\/uploads\/2021\/04\/biblioteconomia-ead.png\" alt=\"biblioteconomia ead\" class=\"wp-image-8736\" srcset=\"https:\/\/mundobibliotecario.com.br\/wp-content\/uploads\/2021\/04\/biblioteconomia-ead.png 493w, https:\/\/mundobibliotecario.com.br\/wp-content\/uploads\/2021\/04\/biblioteconomia-ead-209x300.png 209w\" sizes=\"auto, (max-width: 493px) 100vw, 493px\" \/><\/a><figcaption>Fonte: <a href=\"http:\/\/www.unirio.br\/comunicacaosocial\/arquivos\/em-foco\/EmFoco3_21.pdf\" target=\"_blank\" rel=\"noreferrer noopener\">Informativo UNIRIO &#8211; Edi\u00e7\u00e3o 24 &#8211; Mar\u00e7o-Abril\/2021<\/a><\/figcaption><\/figure><\/div>\n","protected":false},"excerpt":{"rendered":"<p>Na \u00faltima semana o Santa Biblioteconomia publicou no seu Instagram uma not\u00edcia muito boa sobre o novo curso EAD de Biblioteconomia. Confira o texto reproduzido do Instagram do Santa Biblioteconomia! Nada ser\u00e1 como antes&#8230;E o informativo da Unirio de mar\u00e7o\/abril trouxe como destaque o novo curso na modalidade EAD para biblioteconomia.S\u00e3o 23 professores envolvidos, um &#8230; <a title=\"UNIRIO e UFF se unem para oferecer o curso de Biblioteconomia a dist\u00e2ncia\" class=\"read-more\" href=\"https:\/\/mundobibliotecario.com.br\/index.php\/2021\/04\/19\/unirio-e-uff-se-unem-para-oferecer-o-curso-de-biblioteconomia-a-distancia\/\" aria-label=\"Read more about UNIRIO e UFF se unem para oferecer o curso de Biblioteconomia a dist\u00e2ncia\">Ler mais<\/a><\/p>\n","protected":false},"author":1,"featured_media":0,"comment_status":"open","ping_status":"open","sticky":false,"template":"","format":"standard","meta":{"_mi_skip_tracking":false,"_exactmetrics_sitenote_active":false,"_exactmetrics_sitenote_note":"","_exactmetrics_sitenote_category":0,"_jetpack_newsletter_access":"","footnotes":""},"categories":[252],"tags":[63,834,1394,1395,556,1006,704],"class_list":["post-8735","post","type-post","status-publish","format-standard","hentry","category-curso","tag-biblioteconomia","tag-biblioteconomia-a-distancia","tag-biblioteconomia-ead","tag-biblioteconomia-ead-gratuito","tag-curso-2","tag-curso-de-biblioteconomia-a-distancia","tag-ead"],"jetpack_featured_media_url":"","jetpack_sharing_enabled":true,"jetpack-related-posts":[{"id":4963,"url":"https:\/\/mundobibliotecario.com.br\/index.php\/2018\/08\/02\/curso-de-biblioteconomia-ead-aprovado-em-11-universidades\/","url_meta":{"origin":8735,"position":0},"title":"Curso de Biblioteconomia EaD aprovado em 11 universidades!","author":"mundobibliotecario","date":"02\/08\/2018","format":false,"excerpt":"O curso de Biblioteconomia na modalidade de Ensino a Dist\u00e2ncia (EaD) que foi lan\u00e7ado em mar\u00e7o deste ano, com apoio do CFB, est\u00e1 pr\u00f3ximo! A CAPES j\u00e1 informou quais universidades tiveram o processo de sele\u00e7\u00e3o deferido. Confira a lista das Institui\u00e7\u00f5es P\u00fablicas de Ensino Superior: FURG \u2013 Universidade Federal de\u2026","rel":"","context":"Em &quot;Not\u00edcias&quot;","block_context":{"text":"Not\u00edcias","link":"https:\/\/mundobibliotecario.com.br\/index.php\/category\/noticias\/"},"img":{"alt_text":"biblioteconomia a dist\u00c3\u00a2ncia","src":"https:\/\/i0.wp.com\/mundobibliotecario.com.br\/wp-content\/uploads\/2018\/08\/biblioteconomia-ead.jpg?resize=350%2C200","width":350,"height":200},"classes":[]},{"id":3568,"url":"https:\/\/mundobibliotecario.com.br\/index.php\/2014\/08\/30\/projeto-pedagogico-do-curso-de-biblioteconomia-ead\/","url_meta":{"origin":8735,"position":1},"title":"Projeto pedag\u00f3gico do curso de Biblioteconomia EaD","author":"mundobibliotecario","date":"30\/08\/2014","format":false,"excerpt":"Segue mensagem divulgada pela Prof\u00aa Daniela Spudeit no Facebook sobre o projeto pedag\u00f3gico do curso de Biblioteconomia a dist\u00e2ncia. *** Ol\u00e1, agora que est\u00e1 dispon\u00edvel ao p\u00fablico, divulgo com muito prazer o projeto pedag\u00f3gico do curso de gradua\u00e7\u00e3o em Biblioteconomia na modalidade a dist\u00e2ncia que est\u00e1 sendo organizado pela CAPES\/CFB\/UFRJ\u2026","rel":"","context":"Em &quot;Not\u00edcias&quot;","block_context":{"text":"Not\u00edcias","link":"https:\/\/mundobibliotecario.com.br\/index.php\/category\/noticias\/"},"img":{"alt_text":"","src":"","width":0,"height":0},"classes":[]},{"id":1759,"url":"https:\/\/mundobibliotecario.com.br\/index.php\/2011\/02\/17\/cursos-de-biblioteconomia-a-distancia-estao-proximos-de-serem-uma-realidade\/","url_meta":{"origin":8735,"position":2},"title":"Cursos de biblioteconomia a dist\u00e2ncia est\u00e3o pr\u00f3ximos de serem uma realidade","author":"mundobibliotecario","date":"17\/02\/2011","format":false,"excerpt":"O t\u00edtulo deste post na realidade \u00e9 um tweet do Alexandre Berbe, do blog Web Librarian. Vale a pena conferir o link que ele postou, \u00e9 um boletim eletr\u00f4nico do CFB\u00a0sobre o assunto!","rel":"","context":"Em &quot;Not\u00edcias&quot;","block_context":{"text":"Not\u00edcias","link":"https:\/\/mundobibliotecario.com.br\/index.php\/category\/noticias\/"},"img":{"alt_text":"","src":"","width":0,"height":0},"classes":[]},{"id":4735,"url":"https:\/\/mundobibliotecario.com.br\/index.php\/2018\/04\/02\/lancamento-do-curso-nacional-de-biblioteconomia-na-modalidade-a-distancia-bibead\/","url_meta":{"origin":8735,"position":3},"title":"Lan\u00e7amento do curso Nacional de Biblioteconomia na modalidade \u00e0 dist\u00e2ncia (BibEaD)","author":"mundobibliotecario","date":"02\/04\/2018","format":false,"excerpt":"http:\/\/www.youtube.com\/watch?v=K8XZevNDadw","rel":"","context":"Em &quot;Not\u00edcias&quot;","block_context":{"text":"Not\u00edcias","link":"https:\/\/mundobibliotecario.com.br\/index.php\/category\/noticias\/"},"img":{"alt_text":"","src":"https:\/\/i0.wp.com\/img.youtube.com\/vi\/K8XZevNDadw\/0.jpg?resize=350%2C200","width":350,"height":200},"classes":[]},{"id":3164,"url":"https:\/\/mundobibliotecario.com.br\/index.php\/2013\/07\/14\/curso-de-biblioteconomia-ead-ucs\/","url_meta":{"origin":8735,"position":4},"title":"Curso de Biblioteconomia EaD &#8211; UCS","author":"mundobibliotecario","date":"14\/07\/2013","format":false,"excerpt":"\u00a0 \u00a0 Dispon\u00edvel em: <http:\/\/arb.org.br\/2013\/06\/curso-de-biblioteconomia-ead-ucs\/>. Acesso em: 14 jul. 2013.","rel":"","context":"Em &quot;Not\u00edcias&quot;","block_context":{"text":"Not\u00edcias","link":"https:\/\/mundobibliotecario.com.br\/index.php\/category\/noticias\/"},"img":{"alt_text":"","src":"https:\/\/mundobibliotecario.files.wordpress.com\/2013\/07\/biblioteconomia-ucs-ead-212x300.png?w=350&h=200&crop=1","width":350,"height":200},"classes":[]},{"id":2967,"url":"https:\/\/mundobibliotecario.com.br\/index.php\/2013\/02\/27\/vaga-de-tutor-ead-para-o-curso-de-biblioteconomia-da-ucs\/","url_meta":{"origin":8735,"position":5},"title":"Vaga de Tutor EAD para o curso de Biblioteconomia da UCS","author":"mundobibliotecario","date":"27\/02\/2013","format":false,"excerpt":"Oportunidade para graduados em Biblioteconomia atuarem como tutores do curso de Biblioteconomia EAD da Universidade de Caxias do Sul (UCS). Interessados devem enviar curr\u00edculo aos cuidados de\u00a0Simone Souza\u00a0para o e-mail:simone.rsouza@yahoo.com.br","rel":"","context":"Em &quot;Emprego&quot;","block_context":{"text":"Emprego","link":"https:\/\/mundobibliotecario.com.br\/index.php\/category\/emprego\/"},"img":{"alt_text":"","src":"","width":0,"height":0},"classes":[]}],"jetpack_likes_enabled":true,"jetpack_shortlink":"https:\/\/wp.me\/pcbzwa-2gT","_links":{"self":[{"href":"https:\/\/mundobibliotecario.com.br\/index.php\/wp-json\/wp\/v2\/posts\/8735","targetHints":{"allow":["GET"]}}],"collection":[{"href":"https:\/\/mundobibliotecario.com.br\/index.php\/wp-json\/wp\/v2\/posts"}],"about":[{"href":"https:\/\/mundobibliotecario.com.br\/index.php\/wp-json\/wp\/v2\/types\/post"}],"author":[{"embeddable":true,"href":"https:\/\/mundobibliotecario.com.br\/index.php\/wp-json\/wp\/v2\/users\/1"}],"replies":[{"embeddable":true,"href":"https:\/\/mundobibliotecario.com.br\/index.php\/wp-json\/wp\/v2\/comments?post=8735"}],"version-history":[{"count":2,"href":"https:\/\/mundobibliotecario.com.br\/index.php\/wp-json\/wp\/v2\/posts\/8735\/revisions"}],"predecessor-version":[{"id":8738,"href":"https:\/\/mundobibliotecario.com.br\/index.php\/wp-json\/wp\/v2\/posts\/8735\/revisions\/8738"}],"wp:attachment":[{"href":"https:\/\/mundobibliotecario.com.br\/index.php\/wp-json\/wp\/v2\/media?parent=8735"}],"wp:term":[{"taxonomy":"category","embeddable":true,"href":"https:\/\/mundobibliotecario.com.br\/index.php\/wp-json\/wp\/v2\/categories?post=8735"},{"taxonomy":"post_tag","embeddable":true,"href":"https:\/\/mundobibliotecario.com.br\/index.php\/wp-json\/wp\/v2\/tags?post=8735"}],"curies":[{"name":"wp","href":"https:\/\/api.w.org\/{rel}","templated":true}]}}