{"id":8753,"date":"2021-04-21T15:00:00","date_gmt":"2021-04-21T18:00:00","guid":{"rendered":"https:\/\/mundobibliotecario.com.br\/?p=8753"},"modified":"2021-04-17T12:50:42","modified_gmt":"2021-04-17T15:50:42","slug":"site-da-biblioteca-nacional-e-retirado-do-ar-apos-ataque-hacker","status":"publish","type":"post","link":"https:\/\/mundobibliotecario.com.br\/index.php\/2021\/04\/21\/site-da-biblioteca-nacional-e-retirado-do-ar-apos-ataque-hacker\/","title":{"rendered":"Site da Biblioteca Nacional \u00e9 retirado do ar ap\u00f3s ataque hacker"},"content":{"rendered":"\n<blockquote class=\"wp-block-quote is-layout-flow wp-block-quote-is-layout-flow\"><p>A assessoria da biblioteca informou que a invas\u00e3o come\u00e7ou neste domingo (11). Todos os servidores foram desligados como preven\u00e7\u00e3o contra novas invas\u00f5es. Em nota, a assessoria afirmou ainda que o estrago foi m\u00ednimo e os poucos documentos atingidos poder\u00e3o ser recuperados.<\/p><\/blockquote>\n\n\n\n<figure class=\"wp-block-image size-large\"><a href=\"https:\/\/mundobibliotecario.com.br\/wp-content\/uploads\/2021\/04\/biblioteca-nacional.jpg\"><img loading=\"lazy\" decoding=\"async\" width=\"984\" height=\"621\" src=\"https:\/\/mundobibliotecario.com.br\/wp-content\/uploads\/2021\/04\/biblioteca-nacional.jpg\" alt=\"biblioteca nacional brasileira\" class=\"wp-image-8754\" srcset=\"https:\/\/mundobibliotecario.com.br\/wp-content\/uploads\/2021\/04\/biblioteca-nacional.jpg 984w, https:\/\/mundobibliotecario.com.br\/wp-content\/uploads\/2021\/04\/biblioteca-nacional-300x189.jpg 300w, https:\/\/mundobibliotecario.com.br\/wp-content\/uploads\/2021\/04\/biblioteca-nacional-768x485.jpg 768w\" sizes=\"auto, (max-width: 984px) 100vw, 984px\" \/><\/a><figcaption>Biblioteca Nacional, na Cinel\u00e2ndia, Centro do Rio \u2014 Foto: Lilian Quaino\/G1<\/figcaption><\/figure>\n\n\n\n<p>O site da&nbsp;<strong>Biblioteca Nacional<\/strong>&nbsp;(BN) foi retirado do ar ap\u00f3s uma invas\u00e3o hacker iniciada no \u00faltimo domingo (11), por volta das 18h, segundo a assessoria da biblioteca. O desligamento dos servidores foi realizado como preven\u00e7\u00e3o contra novas invas\u00f5es.<\/p>\n\n\n\n<p>A biblioteca informou que o tratamento dos incidentes do fim de semana foi iniciado na manh\u00e3 desta segunda (12). Por volta das 10h, a equipe de tecnologia constatou que a indisponibilidade aconteceu devido a um ataque, e o desligamento dos servidores foi autorizado.<\/p>\n\n\n\n<p>Em nota, a assessoria afirmou que&nbsp;a invas\u00e3o causou um estrago m\u00ednimo que pode at\u00e9 ser zerado.<\/p>\n\n\n\n<p>&#8220;Muito poucos documentos foram atingidos pelo v\u00edrus. \u00c9 prov\u00e1vel que tudo seja recuperado. Reiteramos que o desligamento dos servidores se deu para prevenirmos novas invas\u00f5es, ao mesmo tempo em que lutamos contra os v\u00edrus j\u00e1 existentes e refor\u00e7amos a prote\u00e7\u00e3o&#8221;.<\/p>\n\n\n\n<p>Ainda n\u00e3o h\u00e1 previs\u00e3o para volta do funcionamento do site e do acervo digital da Biblioteca Nacional.<\/p>\n\n\n\n<p>&#8220;S\u00e3o muitos dados que est\u00e3o sendo varridos e analisados. E se voltarem ao ar, ficam expostos a novas infesta\u00e7\u00f5es, o que aconteceu ter\u00e7a-feira de manh\u00e3, quando restabelecemos o acesso\u201d, consta no texto.<\/p>\n\n\n\n<p>O\u00a0<strong>gabinete de Seguran\u00e7a Institucional da Presid\u00eancia da Rep\u00fablica<\/strong>\u00a0foi notificado para realizar investiga\u00e7\u00e3o sobre o ataque aos servidores do governo federal.<\/p>\n\n\n\n<p>Dispon\u00edvel em: <a href=\"https:\/\/g1.globo.com\/rj\/rio-de-janeiro\/noticia\/2021\/04\/15\/site-da-biblioteca-nacional-e-retirado-do-ar-apos-ataque-hacker.ghtml\" target=\"_blank\" rel=\"noreferrer noopener\">https:\/\/g1.globo.com\/rj\/rio-de-janeiro\/noticia\/2021\/04\/15\/site-da-biblioteca-nacional-e-retirado-do-ar-apos-ataque-hacker.ghtml<\/a>. Acesso em: 17 jan. 2021.<\/p>\n","protected":false},"excerpt":{"rendered":"<p>A assessoria da biblioteca informou que a invas\u00e3o come\u00e7ou neste domingo (11). Todos os servidores foram desligados como preven\u00e7\u00e3o contra novas invas\u00f5es. Em nota, a assessoria afirmou ainda que o estrago foi m\u00ednimo e os poucos documentos atingidos poder\u00e3o ser recuperados. O site da&nbsp;Biblioteca Nacional&nbsp;(BN) foi retirado do ar ap\u00f3s uma invas\u00e3o hacker iniciada no &#8230; <a title=\"Site da Biblioteca Nacional \u00e9 retirado do ar ap\u00f3s ataque hacker\" class=\"read-more\" href=\"https:\/\/mundobibliotecario.com.br\/index.php\/2021\/04\/21\/site-da-biblioteca-nacional-e-retirado-do-ar-apos-ataque-hacker\/\" aria-label=\"Read more about Site da Biblioteca Nacional \u00e9 retirado do ar ap\u00f3s ataque hacker\">Ler mais<\/a><\/p>\n","protected":false},"author":1,"featured_media":0,"comment_status":"open","ping_status":"open","sticky":false,"template":"","format":"standard","meta":{"_mi_skip_tracking":false,"_exactmetrics_sitenote_active":false,"_exactmetrics_sitenote_note":"","_exactmetrics_sitenote_category":0,"_jetpack_newsletter_access":"","footnotes":""},"categories":[60],"tags":[877,1980,1979],"class_list":["post-8753","post","type-post","status-publish","format-standard","hentry","category-noticias","tag-fundacao-biblioteca-nacional","tag-hackers","tag-invasao"],"jetpack_featured_media_url":"","jetpack_sharing_enabled":true,"jetpack-related-posts":[{"id":1540,"url":"https:\/\/mundobibliotecario.com.br\/index.php\/2010\/11\/03\/1540\/","url_meta":{"origin":8753,"position":0},"title":"Biblioteca Nacional: 200 anos!","author":"mundobibliotecario","date":"03\/11\/2010","format":false,"excerpt":"\ufeffFonte: www.bn.br A Biblioteca Nacional do Brasil comemora seus 200 anos. Considerada pela Unesco como uma das dez maiores bibliotecas nacionais do mundo, neste ano, a institui\u00e7\u00e3o comemora, tamb\u00e9m, o centen\u00e1rio de funda\u00e7\u00e3o do pr\u00e9dio, localizado na Cinel\u00e2ndia, no Rio de Janeiro. Sob sua guarda, somam-se mais de 9 milh\u00f5es\u2026","rel":"","context":"Em &quot;Not\u00edcias&quot;","block_context":{"text":"Not\u00edcias","link":"https:\/\/mundobibliotecario.com.br\/index.php\/category\/noticias\/"},"img":{"alt_text":"","src":"","width":0,"height":0},"classes":[]},{"id":3178,"url":"https:\/\/mundobibliotecario.com.br\/index.php\/2013\/07\/22\/relatorio-da-cgu-mostra-falta-de-condicoes-da-biblioteca-nacional-em-gerenciar-contratos\/","url_meta":{"origin":8753,"position":1},"title":"Relat\u00f3rio da CGU mostra falta de condi\u00e7\u00f5es da Biblioteca Nacional em gerenciar contratos","author":"mundobibliotecario","date":"22\/07\/2013","format":false,"excerpt":"Em Silva Jardim, foram comprados 16 mil livros para a bilbioteca da cidade, que tem cerca de 20 mil habitantesANA BRANCO \/ AG\u00caNCIA O GLOBO RIO \u2014 O relat\u00f3rio preliminar da Controladoria Geral da Uni\u00e3o (CGU), ao qual O GLOBO teve acesso e que revelou ontem casos de superfaturamento, conflitos\u2026","rel":"","context":"Em &quot;Not\u00edcias&quot;","block_context":{"text":"Not\u00edcias","link":"https:\/\/mundobibliotecario.com.br\/index.php\/category\/noticias\/"},"img":{"alt_text":"","src":"","width":0,"height":0},"classes":[]},{"id":2394,"url":"https:\/\/mundobibliotecario.com.br\/index.php\/2012\/01\/07\/biblioteca-nacional-tera-visitas-gratuitas-ate-fevereiro\/","url_meta":{"origin":8753,"position":2},"title":"Biblioteca Nacional ter\u00e1 visitas gratuitas at\u00e9 fevereiro","author":"mundobibliotecario","date":"07\/01\/2012","format":false,"excerpt":"Neste per\u00edodo de f\u00e9rias, a Biblioteca Nacional presenteia turistas e moradores do Rio de Janeiro, com visitas guiadas gratuitas. At\u00e9 fevereiro, as visitas n\u00e3o ser\u00e3o cobradas (nos outros meses do ano, \u00e9 cobrado o valor de R$2,00 por pessoa, com meia entrada para estudantes e gratuidade para maiores de 60\u2026","rel":"","context":"Em &quot;Not\u00edcias&quot;","block_context":{"text":"Not\u00edcias","link":"https:\/\/mundobibliotecario.com.br\/index.php\/category\/noticias\/"},"img":{"alt_text":"","src":"","width":0,"height":0},"classes":[]},{"id":2571,"url":"https:\/\/mundobibliotecario.com.br\/index.php\/2012\/05\/04\/inundacao-na-biblioteca-nacional-causou-danos-maiores-do-que-os-anunciados-pela-instituicao\/","url_meta":{"origin":8753,"position":3},"title":"Inunda\u00e7\u00e3o na Biblioteca Nacional causou danos maiores do que os anunciados pela institui\u00e7\u00e3o","author":"mundobibliotecario","date":"04\/05\/2012","format":false,"excerpt":"Vazamento de \u00e1gua aconteceu na quarta-feira e danificou obras e jornais a aconteceu na quarta-feira e danificou obras e jornais Andr\u00e9 Miranda Publicado: 3\/05\/12 - 23h00 Atualizado: 3\/05\/12 - 23h00 Envios por mail: 4 \u00a0 \u00a0 \u00a0 Peri\u00f3dicos pendurados em varais no pr\u00f3prio armaz\u00e9m Divulga\u00e7\u00e3o\u00a0 RIO - A inunda\u00e7\u00e3o na\u2026","rel":"","context":"Em &quot;Not\u00edcias&quot;","block_context":{"text":"Not\u00edcias","link":"https:\/\/mundobibliotecario.com.br\/index.php\/category\/noticias\/"},"img":{"alt_text":"","src":"","width":0,"height":0},"classes":[]},{"id":3054,"url":"https:\/\/mundobibliotecario.com.br\/index.php\/2013\/04\/04\/a-biblioteca-nacional-digital-americana-esta-no-ar\/","url_meta":{"origin":8753,"position":4},"title":"A Biblioteca Nacional Digital americana est\u00e1 no ar","author":"mundobibliotecario","date":"04\/04\/2013","format":false,"excerpt":"PublishNews - 03\/04\/2013 - Iona Teixeira Stevens \u00a0Projeto comandado por Robert Darnton ser\u00e1 lan\u00e7ado dia 18 \u00a0Robert Darnton, velho conhecido dos analistas sobre o futuro dos livros, anunciou no New York Review of Books o lan\u00e7amento da t\u00e3o aguardada e pol\u00eamica Biblioteca Digital, no dia 18 de abril. At\u00e9 l\u00e1,\u2026","rel":"","context":"Em &quot;Not\u00edcias&quot;","block_context":{"text":"Not\u00edcias","link":"https:\/\/mundobibliotecario.com.br\/index.php\/category\/noticias\/"},"img":{"alt_text":"","src":"","width":0,"height":0},"classes":[]},{"id":4909,"url":"https:\/\/mundobibliotecario.com.br\/index.php\/2012\/07\/11\/enb-iv-encontro-nacional-de-bibliotecarios-de-ies-iv-encontro-nacional-de-bibliotecarios-escolares-2\/","url_meta":{"origin":8753,"position":5},"title":"ENB &#8211; IV Encontro Nacional de Bibliotec\u00e1rios de IES &#038; IV Encontro Nacional de Bibliotec\u00e1rios Escolares","author":"mundobibliotecario","date":"11\/07\/2012","format":false,"excerpt":"Colabora\u00e7\u00e3o de Gabriele Monique. *** Encontro Nacional de Bibliotec\u00e1rios de Institui\u00e7\u00f5es de Ensino \u00a0Novos Caminhos para Novas Necessidades No mundo globalizado em que vivemos atualmente, a nova gera\u00e7\u00e3o exige constantes mudan\u00e7as nas institui\u00e7\u00f5es de ensino, inclusive na biblioteca. Para compreender mais sobre as novas oportunidades e novidades do segmento, a\u2026","rel":"","context":"Em &quot;Eventos&quot;","block_context":{"text":"Eventos","link":"https:\/\/mundobibliotecario.com.br\/index.php\/category\/eventos\/"},"img":{"alt_text":"","src":"","width":0,"height":0},"classes":[]}],"jetpack_likes_enabled":true,"jetpack_shortlink":"https:\/\/wp.me\/pcbzwa-2hb","_links":{"self":[{"href":"https:\/\/mundobibliotecario.com.br\/index.php\/wp-json\/wp\/v2\/posts\/8753","targetHints":{"allow":["GET"]}}],"collection":[{"href":"https:\/\/mundobibliotecario.com.br\/index.php\/wp-json\/wp\/v2\/posts"}],"about":[{"href":"https:\/\/mundobibliotecario.com.br\/index.php\/wp-json\/wp\/v2\/types\/post"}],"author":[{"embeddable":true,"href":"https:\/\/mundobibliotecario.com.br\/index.php\/wp-json\/wp\/v2\/users\/1"}],"replies":[{"embeddable":true,"href":"https:\/\/mundobibliotecario.com.br\/index.php\/wp-json\/wp\/v2\/comments?post=8753"}],"version-history":[{"count":2,"href":"https:\/\/mundobibliotecario.com.br\/index.php\/wp-json\/wp\/v2\/posts\/8753\/revisions"}],"predecessor-version":[{"id":8756,"href":"https:\/\/mundobibliotecario.com.br\/index.php\/wp-json\/wp\/v2\/posts\/8753\/revisions\/8756"}],"wp:attachment":[{"href":"https:\/\/mundobibliotecario.com.br\/index.php\/wp-json\/wp\/v2\/media?parent=8753"}],"wp:term":[{"taxonomy":"category","embeddable":true,"href":"https:\/\/mundobibliotecario.com.br\/index.php\/wp-json\/wp\/v2\/categories?post=8753"},{"taxonomy":"post_tag","embeddable":true,"href":"https:\/\/mundobibliotecario.com.br\/index.php\/wp-json\/wp\/v2\/tags?post=8753"}],"curies":[{"name":"wp","href":"https:\/\/api.w.org\/{rel}","templated":true}]}}