{"id":881,"date":"2009-09-24T08:10:12","date_gmt":"2009-09-24T11:10:12","guid":{"rendered":"http:\/\/mundobibliotecario.wordpress.com\/?p=881"},"modified":"2020-07-18T22:13:03","modified_gmt":"2020-07-19T01:13:03","slug":"biblioteca-escolar","status":"publish","type":"post","link":"https:\/\/mundobibliotecario.com.br\/index.php\/2009\/09\/24\/biblioteca-escolar\/","title":{"rendered":"Biblioteca escolar"},"content":{"rendered":"<p>Tramita no Congresso Nacional o Projeto de Lei 4536\/08, que d\u00e1 prazo<br \/>\nde cinco anos para que todas as escolas p\u00fablicas e privadas do Pa\u00eds<br \/>\ntenham bibliotecas. O projeto do deputado Marcelo Almeida (PMDB-PR)<br \/>\nconsidera como acervo ideal a m\u00e9dia de tr\u00eas livros por aluno<br \/>\nmatriculado, mas n\u00e3o fixa prazo para essa meta ser alcan\u00e7ada. Sejam<br \/>\nobrigat\u00f3rias ou n\u00e3o, o fato \u00e9 que as bibliotecas auxiliam no estudo e<br \/>\naproximam escola e aluno. Confira nesta reportagem detalhes de como<br \/>\nmontar uma biblioteca para institui\u00e7\u00f5es de ensino, tornando-as mais<br \/>\natrativas e estimulando a leitura.<\/p>\n<p>Para criar um espa\u00e7o de troca de conhecimento e tornar os<br \/>\nalunos ass\u00edduos, a escola pode apostar em algumas estrat\u00e9gias. A<br \/>\nbiblioteconomista Andrea de Oliveira Alves, de S\u00e3o Paulo (SP), afirma<br \/>\nque o processo come\u00e7a com a an\u00e1lise da faixa et\u00e1ria do p\u00fablico e de<br \/>\nsuas necessidades. \u00c9 preciso verificar o perfil dos alunos: a classe<br \/>\nsocioecon\u00f4mica, o n\u00edvel de escolaridade e se h\u00e1 estudantes deficientes<br \/>\nvisuais ou motores.<\/p>\n<p>\u00c9 preciso contratar uma pessoa para organizar esse local<br \/>\ndentro da institui\u00e7\u00e3o. &#8220;O bibliotec\u00e1rio \u00e9 o mais apto para analisar o<br \/>\np\u00fablico e possui c\u00f3digos para cataloga\u00e7\u00e3o e classifica\u00e7\u00e3o do acervo&#8221;,<br \/>\nafirma Andrea. Tamb\u00e9m s\u00e3o fun\u00e7\u00f5es desse profissional: desenvolver uma<br \/>\npol\u00edtica de cole\u00e7\u00e3o de acervo e us\u00e1-la constantemente, organizar os<br \/>\nmateriais para que sejam encontrados posteriormente, elaborar e usar<br \/>\nvocabul\u00e1rio controlado de acordo com seus usu\u00e1rios e prestar o suporte<br \/>\nnecess\u00e1rio na refer\u00eancia ao usu\u00e1rio, ajudando-o a desenvolver<br \/>\nestrat\u00e9gias de pesquisa. &#8220;O bibliotec\u00e1rio tamb\u00e9m \u00e9 o mais h\u00e1bil para<br \/>\ncontornar qualquer problema relacionado \u00e0 falta de estrutura ou de<br \/>\ninstrumentos para a execu\u00e7\u00e3o do seu trabalho. Na falta de um c\u00f3digo de<br \/>\ncataloga\u00e7\u00e3o, por exemplo, ele \u00e9 capaz de criar um que lhe atenda e<br \/>\nsirva aos frequentadores da biblioteca&#8221;, esclarece a biblioteconomista.<\/p>\n<p>Os livros devem atender as necessidades dos alunos: n\u00e3o<br \/>\nexistem modelos de bibliotecas prontos. Tudo depende da realidade do<br \/>\np\u00fablico, por\u00e9m, tratando-se de uma biblioteca escolar, \u00e9 indispens\u00e1vel<br \/>\nque existam livros did\u00e1ticos e de literatura, de acordo com a faixa<br \/>\net\u00e1ria dos estudantes, para que sirvam de apoio e incentivo \u00e0<br \/>\ninstru\u00e7\u00e3o do aluno.<\/p>\n<p>O acesso \u00e0 informa\u00e7\u00e3o n\u00e3o pode ser limitado apenas a<br \/>\nlivros e materiais impressos. &#8220;H\u00e1 diversos suportes que permitem uma<br \/>\nmaior intera\u00e7\u00e3o do usu\u00e1rio com a informa\u00e7\u00e3o, tornando-a mais atrativa,<br \/>\ncomo suportes virtuais (acess\u00edveis por computador), auditivos e<br \/>\nvisuais, como CDs de m\u00fasica e filmes em DVDs&#8221;, ressalta a<br \/>\nbiblioteconomista.<\/p>\n<p>Caso exista f\u00e1cil acesso a computadores e \u00e0 internet, a<br \/>\nbiblioteca do col\u00e9gio pode incluir em seu acervo materiais cujos<br \/>\ndireitos autorais j\u00e1 est\u00e3o em dom\u00ednio p\u00fablico. A busca pode ser feita,<br \/>\npor exemplo, pelo site Dom\u00ednio P\u00fablico (www.dominiopublico<\/p>\n<p>.gov.br).<\/p>\n<p>A biblioteca iniciante tamb\u00e9m pode contar com o programa<br \/>\ndo governo federal de cria\u00e7\u00e3o desses espa\u00e7os, dispon\u00edvel no site do<br \/>\nSistema Nacional de Bibliotecas P\u00fablicas da Biblioteca Nacional<br \/>\n(www.bn.br\/snbp). O sistema \u00e9 v\u00e1lido tamb\u00e9m para escolas p\u00fablicas.<\/p>\n<p>O Conselho Federal de Biblioteconomia (CFB) sugere que o<br \/>\nespa\u00e7o destinado aos livros seja &#8220;aconchegante, iluminado, arejado e<br \/>\ntranquilo, permitindo aos frequentadores discutirem e trocar<br \/>\nexperi\u00eancias sem atrapalhar os usu\u00e1rios que precisam de sil\u00eancio&#8221;.<br \/>\n\u00c1rea para leitura e cabines individuais ou para grupos tamb\u00e9m s\u00e3o<br \/>\nrecomendadas. Como muitas bibliotecas n\u00e3o disp\u00f5em de espa\u00e7o adequado<br \/>\nsequer para seu acervo, o CFB indica que o bibliotec\u00e1rio estabele\u00e7a<br \/>\nhor\u00e1rios para estudos em grupo e individuais.<\/p>\n<p>O estudante tamb\u00e9m deve se sentir confort\u00e1vel, seja no<br \/>\nch\u00e3o &#8211; com tapetes, pufes e almofadas &#8211; ou em mesas e cadeiras. As<br \/>\nestantes pecisam ser acess\u00edveis e de materiais resistentes. Se forem<br \/>\nde madeira, com tratamento contra cupins e outras pragas que podem<br \/>\natacar os livros. \u00c9 indicado que as prateleiras sejam m\u00f3veis, para que<br \/>\nse adequem ao tamanho dos livros e, assim, proporcionem um melhor<br \/>\naproveitamento do espa\u00e7o.<\/p>\n<p>A especialista Andrea ainda defende o uso de softwares de<br \/>\ngerenciamento que facilitam o trabalho de administra\u00e7\u00e3o do acervo.<br \/>\n&#8220;Eles permitem controle de entrada e sa\u00edda dos livros, possibilitam<br \/>\nmelhor conhecimento dos interesses de seus usu\u00e1rios e evitam perdas e<br \/>\npreju\u00edzos. Tamb\u00e9m ajudam na pesquisa e confer\u00eancia do acervo. Para<br \/>\nisso, n\u00e3o h\u00e1 necessidade de grande investimento financeiro, uma vez<br \/>\nque existem softwares gratuitos que atendem as necessidades de<br \/>\nbibliotecas pequenas e m\u00e9dias&#8221;, lembra. Se a biblioteca n\u00e3o possuir<br \/>\nrecursos para adquirir um computador, pode-se recorrer a m\u00e9todos mais<br \/>\nconvencionais, como fichas de empr\u00e9stimo.<\/p>\n<p>Texto de Guilherme Soares Dias publicado na edi\u00e7\u00e3o de<br \/>\nsetembro da revista Gest\u00e3o Educacional. Contato:<br \/>\n<a href=\"http:\/\/mundobibliotecario.com.br\/index.php\/2009\/09\/24\/biblioteca-escolar\/\">editorial@humanaeditorial.com.br<\/a><\/p>\n","protected":false},"excerpt":{"rendered":"<p>Tramita no Congresso Nacional o Projeto de Lei 4536\/08, que d\u00e1 prazo de cinco anos para que todas as escolas p\u00fablicas e privadas do Pa\u00eds tenham bibliotecas. O projeto do deputado Marcelo Almeida (PMDB-PR) considera como acervo ideal a m\u00e9dia de tr\u00eas livros por aluno matriculado, mas n\u00e3o fixa prazo para essa meta ser alcan\u00e7ada. &#8230; <a title=\"Biblioteca escolar\" class=\"read-more\" href=\"https:\/\/mundobibliotecario.com.br\/index.php\/2009\/09\/24\/biblioteca-escolar\/\" aria-label=\"Read more about Biblioteca escolar\">Ler mais<\/a><\/p>\n","protected":false},"author":1,"featured_media":0,"comment_status":"open","ping_status":"open","sticky":false,"template":"","format":"standard","meta":{"_mi_skip_tracking":false,"_exactmetrics_sitenote_active":false,"_exactmetrics_sitenote_note":"","_exactmetrics_sitenote_category":0,"_jetpack_newsletter_access":"","footnotes":""},"categories":[60],"tags":[462,463],"class_list":["post-881","post","type-post","status-publish","format-standard","hentry","category-noticias","tag-biblioteca-escolar","tag-organizacao-de-biblioteca"],"jetpack_featured_media_url":"","jetpack_sharing_enabled":true,"jetpack-related-posts":[{"id":388,"url":"https:\/\/mundobibliotecario.com.br\/index.php\/2009\/02\/15\/projeto-fixa-prazo-de-cinco-anos-para-escolas-terem-bibliotecas\/","url_meta":{"origin":881,"position":0},"title":"Projeto fixa prazo de cinco anos para escolas terem bibliotecas","author":"mundobibliotecario","date":"15\/02\/2009","format":false,"excerpt":"NOT\u00cdCIAS \u00a0Quinta-feira, dia 12 de Fevereiro de 2009 \u00e0s 17:20hs http:\/\/www2.camara.gov.br\/internet\/homeagencia\/materias.html?pk=131004 O Projeto de Lei 4536\/08, em tramita\u00e7\u00e3o na C\u00e2mara, d\u00e1 prazo de cinco anos para que todas as escolas, p\u00fablicas e privadas, tenham bibliotecas. De autoria do deputado Marcelo Almeida (PMDB-PR), o projeto considera como acervo ideal a m\u00e9dia\u2026","rel":"","context":"Em &quot;Not\u00edcias&quot;","block_context":{"text":"Not\u00edcias","link":"https:\/\/mundobibliotecario.com.br\/index.php\/category\/noticias\/"},"img":{"alt_text":"","src":"","width":0,"height":0},"classes":[]},{"id":3528,"url":"https:\/\/mundobibliotecario.com.br\/index.php\/2014\/07\/10\/por-que-os-alunos-abandonam-as-bibliotecas-conforme-crescem\/","url_meta":{"origin":881,"position":1},"title":"Por que os alunos abandonam as bibliotecas conforme crescem?","author":"mundobibliotecario","date":"10\/07\/2014","format":false,"excerpt":"BIA REIS Sexta-Feira 04\/07\/14 Levantamento do Todos pela Educa\u00e7\u00e3o mostra que porcentual de alunos que nunca ou quase nunca utiliza a biblioteca escolar salta de 18,5% para 35,1% do 5.\u00ba para o 9.\u00ba ano do ensino fundamental O h\u00e1bito da leitura \u00e9 um prazer a ser descoberto e conquistado \u2013\u2026","rel":"","context":"Em &quot;Not\u00edcias&quot;","block_context":{"text":"Not\u00edcias","link":"https:\/\/mundobibliotecario.com.br\/index.php\/category\/noticias\/"},"img":{"alt_text":"","src":"","width":0,"height":0},"classes":[]},{"id":1227,"url":"https:\/\/mundobibliotecario.com.br\/index.php\/2010\/04\/22\/projeto-de-lobbe-neto-sobre-universalizacao-das-bibliotecas-escolares-se-tornara-lei-em-breve\/","url_meta":{"origin":881,"position":2},"title":"Projeto de Lobbe Neto sobre universaliza\u00e7\u00e3o das bibliotecas escolares se tornar\u00e1 lei em breve","author":"mundobibliotecario","date":"22\/04\/2010","format":false,"excerpt":"O Senado Federal aprovou\u00a0 esta semana, em Bras\u00edlia, um projeto de autoria do deputado Lobbe Neto (PSDB\/SP) que disp\u00f5e sobre a universaliza\u00e7\u00e3o das bibliotecas nas institui\u00e7\u00f5es de ensino do Pa\u00eds. \u00a0 Pelo projeto, as institui\u00e7\u00f5es de ensino p\u00fablicas e privadas de todos os sistemas de ensino do Pa\u00eds contar\u00e3o com\u2026","rel":"","context":"Em &quot;Not\u00edcias&quot;","block_context":{"text":"Not\u00edcias","link":"https:\/\/mundobibliotecario.com.br\/index.php\/category\/noticias\/"},"img":{"alt_text":"","src":"","width":0,"height":0},"classes":[]},{"id":2792,"url":"https:\/\/mundobibliotecario.com.br\/index.php\/2013\/01\/13\/pronta-para-votacao-na-ce-proposta-que-obriga-escolas-a-terem-bibliotecas\/","url_meta":{"origin":881,"position":3},"title":"Pronta para vota\u00e7\u00e3o na CE proposta que obriga escolas a terem bibliotecas","author":"mundobibliotecario","date":"13\/01\/2013","format":false,"excerpt":"Est\u00e1 pronta para entrar na pauta da Comiss\u00e3o de Educa\u00e7\u00e3o (CE)\u00a0proposta que obriga toda escolap\u00fablicas de ensino b\u00e1sico a manter biblioteca, com profissional capacitado a atender os alunos.\u00a0O\u00a0PLC 28\/2012, do deputado Sandes J\u00fanior (PP-GO),\u00a0acrescenta dois artigos \u00e0 Lei de Diretrizes e Bases da Educa\u00e7\u00e3o (Lei 9.394\/1996) na parte\u00a0que trata das\u00a0diretrizes\u2026","rel":"","context":"Em &quot;Not\u00edcias&quot;","block_context":{"text":"Not\u00edcias","link":"https:\/\/mundobibliotecario.com.br\/index.php\/category\/noticias\/"},"img":{"alt_text":"","src":"","width":0,"height":0},"classes":[]},{"id":5135,"url":"https:\/\/mundobibliotecario.com.br\/index.php\/2019\/05\/06\/investir-em-educacao-e-investir-em-biblioteca-escolar\/","url_meta":{"origin":881,"position":4},"title":"Investir em Educa\u00e7\u00e3o \u00e9 investir em Biblioteca Escolar!","author":"mundobibliotecario","date":"06\/05\/2019","format":false,"excerpt":"PUBLISHNEWS, VOLNEI CAN\u00d4NICA, 03\/05\/2019 Em sua coluna, Volnei Can\u00f4nica explica detalhes da pesquisa sobre bibliotecas escolares realizada recentemente pelo Instituto Pr\u00f3-Livro Infelizmente tornou-se comum ouvir not\u00edcias de que, pela falta de estrutura e investimentos nas escolas, ou devido ao n\u00famero crescente de crian\u00e7as fora delas, gestores p\u00fablicos fecham as bibliotecas\u2026","rel":"","context":"Em &quot;Not\u00edcias&quot;","block_context":{"text":"Not\u00edcias","link":"https:\/\/mundobibliotecario.com.br\/index.php\/category\/noticias\/"},"img":{"alt_text":"","src":"https:\/\/i0.wp.com\/www.publishnews.com.br\/estaticos\/uploads\/2019\/05\/204x272xPiEAxv3Lrein8HUGtIZexuUnIn31e4Q9nLrf9JL6dybZDs4ZLsVvO55wHiUhF3Ec6nzCwKHARuZ758RI.jpeg.pagespeed.ic.fSrQwYe4oG.webp?resize=350%2C200&ssl=1","width":350,"height":200},"classes":[]},{"id":1299,"url":"https:\/\/mundobibliotecario.com.br\/index.php\/2010\/06\/05\/escolas-do-brasil-fazem-aluno-odiar-leitura-diz-professor\/","url_meta":{"origin":881,"position":5},"title":"Escolas do Brasil fazem aluno odiar leitura, diz professor","author":"mundobibliotecario","date":"05\/06\/2010","format":false,"excerpt":"Ana Cl\u00e1udia Barros \"Na verdade, ter uma biblioteca n\u00e3o garante que as pessoas v\u00e3o ler\". O coment\u00e1rio \u00e9 do autor do livro Educa\u00e7\u00e3o como exerc\u00edcio do poder - Cr\u00edtica ao senso-comum em educa\u00e7\u00e3o , o professor da Universidade de S\u00e3o Paulo (USP), V\u00edtor Henrique Paro. Ao falar sobre a lei\u2026","rel":"","context":"Em &quot;Not\u00edcias&quot;","block_context":{"text":"Not\u00edcias","link":"https:\/\/mundobibliotecario.com.br\/index.php\/category\/noticias\/"},"img":{"alt_text":"","src":"","width":0,"height":0},"classes":[]}],"jetpack_likes_enabled":true,"jetpack_shortlink":"https:\/\/wp.me\/pcbzwa-ed","_links":{"self":[{"href":"https:\/\/mundobibliotecario.com.br\/index.php\/wp-json\/wp\/v2\/posts\/881","targetHints":{"allow":["GET"]}}],"collection":[{"href":"https:\/\/mundobibliotecario.com.br\/index.php\/wp-json\/wp\/v2\/posts"}],"about":[{"href":"https:\/\/mundobibliotecario.com.br\/index.php\/wp-json\/wp\/v2\/types\/post"}],"author":[{"embeddable":true,"href":"https:\/\/mundobibliotecario.com.br\/index.php\/wp-json\/wp\/v2\/users\/1"}],"replies":[{"embeddable":true,"href":"https:\/\/mundobibliotecario.com.br\/index.php\/wp-json\/wp\/v2\/comments?post=881"}],"version-history":[{"count":1,"href":"https:\/\/mundobibliotecario.com.br\/index.php\/wp-json\/wp\/v2\/posts\/881\/revisions"}],"predecessor-version":[{"id":5810,"href":"https:\/\/mundobibliotecario.com.br\/index.php\/wp-json\/wp\/v2\/posts\/881\/revisions\/5810"}],"wp:attachment":[{"href":"https:\/\/mundobibliotecario.com.br\/index.php\/wp-json\/wp\/v2\/media?parent=881"}],"wp:term":[{"taxonomy":"category","embeddable":true,"href":"https:\/\/mundobibliotecario.com.br\/index.php\/wp-json\/wp\/v2\/categories?post=881"},{"taxonomy":"post_tag","embeddable":true,"href":"https:\/\/mundobibliotecario.com.br\/index.php\/wp-json\/wp\/v2\/tags?post=881"}],"curies":[{"name":"wp","href":"https:\/\/api.w.org\/{rel}","templated":true}]}}