{"id":8822,"date":"2021-05-06T15:00:00","date_gmt":"2021-05-06T18:00:00","guid":{"rendered":"https:\/\/mundobibliotecario.com.br\/?p=8822"},"modified":"2021-05-05T20:50:37","modified_gmt":"2021-05-05T23:50:37","slug":"live-direitos-autorais-consideracoes-sobre-o-uso-legal-e-etico-da-informacao","status":"publish","type":"post","link":"https:\/\/mundobibliotecario.com.br\/index.php\/2021\/05\/06\/live-direitos-autorais-consideracoes-sobre-o-uso-legal-e-etico-da-informacao\/","title":{"rendered":"Live &#8220;Direitos autorais: considera\u00e7\u00f5es sobre o uso legal e \u00e9tico da informa\u00e7\u00e3o&#8221;"},"content":{"rendered":"\t\t<div data-elementor-type=\"wp-post\" data-elementor-id=\"8822\" class=\"elementor elementor-8822\">\n\t\t\t\t\t\t<div class=\"elementor-inner\">\n\t\t\t\t<div class=\"elementor-section-wrap\">\n\t\t\t\t\t\t\t\t\t<section class=\"elementor-section elementor-top-section elementor-element elementor-element-fd071de elementor-section-boxed elementor-section-height-default elementor-section-height-default\" data-id=\"fd071de\" data-element_type=\"section\">\n\t\t\t\t\t\t<div class=\"elementor-container elementor-column-gap-default\">\n\t\t\t\t\t\t\t<div class=\"elementor-row\">\n\t\t\t\t\t<div class=\"elementor-column elementor-col-100 elementor-top-column elementor-element elementor-element-a21234d\" data-id=\"a21234d\" data-element_type=\"column\">\n\t\t\t<div class=\"elementor-column-wrap elementor-element-populated\">\n\t\t\t\t\t\t\t<div class=\"elementor-widget-wrap\">\n\t\t\t\t\t\t<div class=\"elementor-element elementor-element-387d72c elementor-widget elementor-widget-image\" data-id=\"387d72c\" data-element_type=\"widget\" data-widget_type=\"image.default\">\n\t\t\t\t<div class=\"elementor-widget-container\">\n\t\t\t\t\t\t\t\t<div class=\"elementor-image\">\n\t\t\t\t\t\t\t\t\t\t\t\t<img loading=\"lazy\" decoding=\"async\" width=\"1024\" height=\"1024\" src=\"https:\/\/mundobibliotecario.com.br\/wp-content\/uploads\/2021\/05\/WhatsApp-Image-2021-05-05-at-16.08.39-1024x1024.jpeg\" class=\"attachment-large size-large wp-image-8824\" alt=\"Live Direitos Autorais\" srcset=\"https:\/\/mundobibliotecario.com.br\/wp-content\/uploads\/2021\/05\/WhatsApp-Image-2021-05-05-at-16.08.39-1024x1024.jpeg 1024w, https:\/\/mundobibliotecario.com.br\/wp-content\/uploads\/2021\/05\/WhatsApp-Image-2021-05-05-at-16.08.39-300x300.jpeg 300w, https:\/\/mundobibliotecario.com.br\/wp-content\/uploads\/2021\/05\/WhatsApp-Image-2021-05-05-at-16.08.39-150x150.jpeg 150w, https:\/\/mundobibliotecario.com.br\/wp-content\/uploads\/2021\/05\/WhatsApp-Image-2021-05-05-at-16.08.39-768x768.jpeg 768w, https:\/\/mundobibliotecario.com.br\/wp-content\/uploads\/2021\/05\/WhatsApp-Image-2021-05-05-at-16.08.39.jpeg 1080w\" sizes=\"auto, (max-width: 1024px) 100vw, 1024px\" \/>\t\t\t\t\t\t\t\t\t\t\t\t\t\t<\/div>\n\t\t\t\t\t\t<\/div>\n\t\t\t\t<\/div>\n\t\t\t\t\t\t<\/div>\n\t\t\t\t\t<\/div>\n\t\t<\/div>\n\t\t\t\t\t\t\t\t<\/div>\n\t\t\t\t\t<\/div>\n\t\t<\/section>\n\t\t\t\t<section class=\"elementor-section elementor-top-section elementor-element elementor-element-1e6679b elementor-section-boxed elementor-section-height-default elementor-section-height-default\" data-id=\"1e6679b\" data-element_type=\"section\">\n\t\t\t\t\t\t<div class=\"elementor-container elementor-column-gap-default\">\n\t\t\t\t\t\t\t<div class=\"elementor-row\">\n\t\t\t\t\t<div class=\"elementor-column elementor-col-100 elementor-top-column elementor-element elementor-element-0df293e\" data-id=\"0df293e\" data-element_type=\"column\">\n\t\t\t<div class=\"elementor-column-wrap elementor-element-populated\">\n\t\t\t\t\t\t\t<div class=\"elementor-widget-wrap\">\n\t\t\t\t\t\t<div class=\"elementor-element elementor-element-5ad6aa9 elementor-widget elementor-widget-text-editor\" data-id=\"5ad6aa9\" data-element_type=\"widget\" data-widget_type=\"text-editor.default\">\n\t\t\t\t<div class=\"elementor-widget-container\">\n\t\t\t\t\t\t\t\t<div class=\"elementor-text-editor elementor-clearfix\">\n\t\t\t\t<p style=\"margin-bottom: 10px; color: #4d4d4d; font-family: 'Open Sans', Roboto, 'Helvetica Neue', Helvetica, Arial, sans-serif; background-color: #fafafa; text-align: justify;\">Dando seguimento \u00e0 realiza\u00e7\u00e3o da s\u00e9rie de\u00a0<i>lives<\/i>\u00a0que abordam necessidades atuais das bibliotecas universit\u00e1rias, o Sistema Integrado de Bibliotecas (SIBi) da UFSCar est\u00e1 organizando a\u00a0<i>live<\/i>\u00a0<b>Direitos autorais<\/b>:\u00a0<b>considera\u00e7\u00f5es sobre o uso legal e \u00e9tico da informa\u00e7\u00e3o<\/b>, no dia 13 de maio (5\u00aa. Feira)<b>.<\/b>\u00a0No cen\u00e1rio atual, esse tema interessa n\u00e3o s\u00f3 aos bibliotec\u00e1rios como tamb\u00e9m aos docentes que se encontram na modalidade de ensino n\u00e3o presencial. O uso intenso do meio digital mudou a forma de cria\u00e7\u00e3o, acesso e uso da informa\u00e7\u00e3o. Da mesma forma, o interesse nos direitos autorais tornou-se crescente, \u00e0 medida que as novas possibilidades oferecidas pelo meio digital geram d\u00favidas sobre o que pode ou n\u00e3o ser feito em rela\u00e7\u00e3o \u00e0 informa\u00e7\u00e3o. Nesta\u00a0<i>live<\/i>, os direitos autorais ser\u00e3o abordados sob o ponto de vista legal e \u00e9tico da informa\u00e7\u00e3o. No\u00a0<i>aspecto<\/i>\u00a0<i>legal<\/i>, ser\u00e3o apresentados alguns t\u00f3picos sobre a legisla\u00e7\u00e3o de direitos autorais e suas limita\u00e7\u00f5es e exce\u00e7\u00f5es, assim como assuntos relacionados, a exemplo de direitos autorais no ambiente eletr\u00f4nico, as licen\u00e7as\u00a0<i>Creative Commons<\/i>\u00a0e os Recursos Educacionais Abertos (REA). No\u00a0<i>aspecto \u00e9tico<\/i>, ser\u00e3o apresentados t\u00f3picos como autoria, pl\u00e1gio, revistas predat\u00f3rias e boas pr\u00e1ticas cient\u00edficas.\u00a0O convidado \u00e9\u00a0<b>Eduardo Graziosi Silva<\/b>, bibliotec\u00e1rio pela UFSCar, doutorando e mestre em Ci\u00eancia da Informa\u00e7\u00e3o pela UNESP\u2013Mar\u00edlia e Chefe da Se\u00e7\u00e3o de Atendimento ao Usu\u00e1rio da Biblioteca Prof. Dr. S\u00e9rgio Rodrigues Fontes (EESC-USP). A Profa. Dra.\u00a0<b>Ariadne Chloe Furnival<\/b>, do Departamento de Ci\u00eancia da Informa\u00e7\u00e3o (UFSCar) far\u00e1 a media\u00e7\u00e3o do evento. As inscri\u00e7\u00f5es est\u00e3o dispon\u00edveis\u00a0<a style=\"background-image: initial; background-position: initial; background-size: initial; background-repeat: initial; background-attachment: initial; background-origin: initial; background-clip: initial; color: #007bb3; border-bottom-width: initial; border-bottom-style: none;\" href=\"https:\/\/docs.google.com\/forms\/d\/e\/1FAIpQLSfCnY5OYBRgKrmVDwUVTdhEs2kuJ0mOV2Qmzi_HtYGZrR6dYw\/viewform\">aqui.<\/a><\/p><p style=\"margin-bottom: 10px; color: #4d4d4d; font-family: 'Open Sans', Roboto, 'Helvetica Neue', Helvetica, Arial, sans-serif; background-color: #fafafa;\">Haver\u00e1 emiss\u00e3o de certificados e int\u00e9rprete de Libras.<\/p><p style=\"margin-bottom: 10px; color: #4d4d4d; font-family: 'Open Sans', Roboto, 'Helvetica Neue', Helvetica, Arial, sans-serif; background-color: #fafafa;\">O evento,\u00a0<i>online<\/i>, ocorre a partir das 14h30, com transmiss\u00e3o ao vivo pelo\u00a0canal do\u00a0<a style=\"background-image: initial; background-position: initial; background-size: initial; background-repeat: initial; background-attachment: initial; background-origin: initial; background-clip: initial; color: #007bb3; border-bottom-width: initial; border-bottom-style: none;\" href=\"https:\/\/www.youtube.com\/watch?v=hEBrz-9LPO0\">SIBi no YouTube.<\/a><\/p><p style=\"margin-bottom: 10px; color: #4d4d4d; font-family: 'Open Sans', Roboto, 'Helvetica Neue', Helvetica, Arial, sans-serif; background-color: #fafafa;\"><b>Contamos com a presen\u00e7a de voc\u00eas. PARTICIPEM!!!<\/b><\/p>\t\t\t\t\t<\/div>\n\t\t\t\t\t\t<\/div>\n\t\t\t\t<\/div>\n\t\t\t\t\t\t<\/div>\n\t\t\t\t\t<\/div>\n\t\t<\/div>\n\t\t\t\t\t\t\t\t<\/div>\n\t\t\t\t\t<\/div>\n\t\t<\/section>\n\t\t\t\t\t\t\t\t\t<\/div>\n\t\t\t<\/div>\n\t\t\t\t\t<\/div>\n\t\t","protected":false},"excerpt":{"rendered":"<p>Dando seguimento \u00e0 realiza\u00e7\u00e3o da s\u00e9rie de&nbsp;lives&nbsp;que abordam necessidades atuais das bibliotecas universit\u00e1rias, o Sistema Integrado de Bibliotecas (SIBi) da UFSCar est\u00e1 organizando a&nbsp;live&nbsp;Direitos autorais:&nbsp;considera\u00e7\u00f5es sobre o uso legal e \u00e9tico da informa\u00e7\u00e3o, no dia 13 de maio (5\u00aa. Feira).&nbsp;No cen\u00e1rio atual, esse tema interessa n\u00e3o s\u00f3 aos bibliotec\u00e1rios como tamb\u00e9m aos docentes que se &#8230; <a title=\"Live &#8220;Direitos autorais: considera\u00e7\u00f5es sobre o uso legal e \u00e9tico da informa\u00e7\u00e3o&#8221;\" class=\"read-more\" href=\"https:\/\/mundobibliotecario.com.br\/index.php\/2021\/05\/06\/live-direitos-autorais-consideracoes-sobre-o-uso-legal-e-etico-da-informacao\/\" aria-label=\"Read more about Live &#8220;Direitos autorais: considera\u00e7\u00f5es sobre o uso legal e \u00e9tico da informa\u00e7\u00e3o&#8221;\">Ler mais<\/a><\/p>\n","protected":false},"author":1,"featured_media":0,"comment_status":"open","ping_status":"open","sticky":false,"template":"","format":"standard","meta":{"_mi_skip_tracking":false,"_exactmetrics_sitenote_active":false,"_exactmetrics_sitenote_note":"","_exactmetrics_sitenote_category":0,"_jetpack_newsletter_access":"","footnotes":""},"categories":[27],"tags":[76,858],"class_list":["post-8822","post","type-post","status-publish","format-standard","hentry","category-eventos","tag-direito-autoral","tag-direitos-autorais"],"jetpack_featured_media_url":"","jetpack_sharing_enabled":true,"jetpack-related-posts":[{"id":8999,"url":"https:\/\/mundobibliotecario.com.br\/index.php\/2021\/06\/14\/live-papel-das-licencas-creative-commons-no-ambiente-digital\/","url_meta":{"origin":8822,"position":0},"title":"Live &#8220;Papel das licen\u00e7as Creative Commons no ambiente digital&#8221;","author":"mundobibliotecario","date":"14\/06\/2021","format":false,"excerpt":"O SIBi (Sistema Integrado de Bibliotecas) da UFSCar realiza sua pr\u00f3xima\u00a0Live\u00a0Papel das licen\u00e7as Creative Commons no ambiente digital\u00a0no pr\u00f3ximo dia\u00a017 de junho \u00e0s 14h30. Continuando a abordar a tem\u00e1tica do\u00a0direito autoral, pois esta \u00e9 central para as atividades das universidades, principalmente neste momento de ensino remoto, \u00e0 medida que as\u2026","rel":"","context":"Em &quot;Eventos&quot;","block_context":{"text":"Eventos","link":"https:\/\/mundobibliotecario.com.br\/index.php\/category\/eventos\/"},"img":{"alt_text":"","src":"https:\/\/i0.wp.com\/mundobibliotecario.com.br\/wp-content\/uploads\/2021\/06\/live-creative-commons-ufscar-1024x1024.jpg?resize=350%2C200&ssl=1","width":350,"height":200},"classes":[]},{"id":1372,"url":"https:\/\/mundobibliotecario.com.br\/index.php\/2010\/07\/18\/direitos-autorais-um-debate-com-toda-a-sociedade\/","url_meta":{"origin":8822,"position":1},"title":"Direitos Autorais: um debate com toda a sociedade","author":"mundobibliotecario","date":"18\/07\/2010","format":false,"excerpt":"Fonte: Semin\u00e1rio em S\u00e3o Paulo 'Direitos Autorais: um debate com toda a sociedade', na segunda-feira, 19 de julho Nesta segunda-feira, 19 de julho, a partir das 9h, em Tucarena (Rua Monte Alegre, 1024, Perdizes), em S\u00e3o Paulo, acontece o semin\u00e1rio Direitos Autorais: um debate com toda a sociedade. Organizado pelo\u2026","rel":"","context":"Em &quot;Eventos&quot;","block_context":{"text":"Eventos","link":"https:\/\/mundobibliotecario.com.br\/index.php\/category\/eventos\/"},"img":{"alt_text":"","src":"","width":0,"height":0},"classes":[]},{"id":9935,"url":"https:\/\/mundobibliotecario.com.br\/index.php\/2022\/04\/23\/dia-mundial-do-livro-e-do-direito-de-autor\/","url_meta":{"origin":8822,"position":2},"title":"Dia Mundial do Livro e do Direito de Autor","author":"mundobibliotecario","date":"23\/04\/2022","format":false,"excerpt":"livro","rel":"","context":"Em &quot;Not\u00edcias&quot;","block_context":{"text":"Not\u00edcias","link":"https:\/\/mundobibliotecario.com.br\/index.php\/category\/noticias\/"},"img":{"alt_text":"","src":"https:\/\/i0.wp.com\/mundobibliotecario.com.br\/wp-content\/uploads\/2022\/04\/dia-do-livro.png?resize=350%2C200&ssl=1","width":350,"height":200},"classes":[]},{"id":1172,"url":"https:\/\/mundobibliotecario.com.br\/index.php\/2010\/03\/17\/seminario-sobre-educacao-e-direitos-autorais\/","url_meta":{"origin":8822,"position":3},"title":"Semin\u00e1rio sobre educa\u00e7\u00e3o e direitos autorais","author":"mundobibliotecario","date":"17\/03\/2010","format":false,"excerpt":"Semin\u00e1rio debate direito \u00e0 educa\u00e7\u00e3o e os limites da atual lei de direitos autorais Evento acontece no pr\u00f3ximo s\u00e1bado (13\/03), das 10h \u00e0s 17h, em S\u00e3o Paulo. Inscri\u00e7\u00f5es s\u00e3o gratuitas. As tecnologias digitais ampliaram consideravelmente as possibilidades de acesso \u00e0 informa\u00e7\u00e3o e ao conhecimento e t\u00eam entusiasmado educadores, pesquisadores e\u2026","rel":"","context":"Em &quot;Not\u00edcias&quot;","block_context":{"text":"Not\u00edcias","link":"https:\/\/mundobibliotecario.com.br\/index.php\/category\/noticias\/"},"img":{"alt_text":"","src":"","width":0,"height":0},"classes":[]},{"id":9610,"url":"https:\/\/mundobibliotecario.com.br\/index.php\/2021\/11\/12\/live-plagio-academico-identificacao-prevencao-e-consequencias\/","url_meta":{"origin":8822,"position":4},"title":"Live: Pl\u00e1gio acad\u00eamico: identifica\u00e7\u00e3o, preven\u00e7\u00e3o e consequ\u00eancias","author":"mundobibliotecario","date":"12\/11\/2021","format":false,"excerpt":"No pr\u00f3ximo dia\u00a025 de novembro\u00a0(5\u00aa. Feira) dando continuidade \u00e0 s\u00e9rie de\u00a0lives\u00a0que abordam as necessidades atuais das bibliotecas universit\u00e1rias e da comunidade acad\u00eamica, o Sistema Integrado de Bibliotecas (SIBi) e as Pr\u00f3-Reitorias de Gradua\u00e7\u00e3o, de Pesquisa e P\u00f3s-Gradua\u00e7\u00e3o da UFSCar, promovem a palestra virtual, intitulada\u00a0Pl\u00e1gio acad\u00eamico: identifica\u00e7\u00e3o, preven\u00e7\u00e3o e consequ\u00eancias.\u00a0No cen\u00e1rio\u2026","rel":"","context":"Em &quot;Eventos&quot;","block_context":{"text":"Eventos","link":"https:\/\/mundobibliotecario.com.br\/index.php\/category\/eventos\/"},"img":{"alt_text":"","src":"https:\/\/i0.wp.com\/mundobibliotecario.com.br\/wp-content\/uploads\/2021\/11\/image-1024x1024.jpeg?resize=350%2C200&ssl=1","width":350,"height":200},"classes":[]},{"id":3928,"url":"https:\/\/mundobibliotecario.com.br\/index.php\/2015\/09\/14\/um-ambiente-ideal-para-a-investigacao-em-direitos-autorais-na-era-digital-a-perspectiva-europeia\/","url_meta":{"origin":8822,"position":5},"title":"Um ambiente ideal para a investiga\u00e7\u00e3o em direitos autorais na era digital: a perspectiva europeia","author":"mundobibliotecario","date":"14\/09\/2015","format":false,"excerpt":"Vale a pena ver a apresenta\u00e7\u00e3o A research-friendly copyright environment in the digital age: a European perspective. Ela apresenta alguns t\u00f3picos sobre o tratamento que a lei europeia\u00a0vem dando aos direitos autorais no contexto digital. A apresenta\u00e7\u00e3o est\u00e1 dispon\u00edvel no link acima em ingl\u00eas. Boa leitura!","rel":"","context":"Em &quot;Not\u00edcias&quot;","block_context":{"text":"Not\u00edcias","link":"https:\/\/mundobibliotecario.com.br\/index.php\/category\/noticias\/"},"img":{"alt_text":"","src":"","width":0,"height":0},"classes":[]}],"jetpack_likes_enabled":true,"jetpack_shortlink":"https:\/\/wp.me\/pcbzwa-2ii","_links":{"self":[{"href":"https:\/\/mundobibliotecario.com.br\/index.php\/wp-json\/wp\/v2\/posts\/8822","targetHints":{"allow":["GET"]}}],"collection":[{"href":"https:\/\/mundobibliotecario.com.br\/index.php\/wp-json\/wp\/v2\/posts"}],"about":[{"href":"https:\/\/mundobibliotecario.com.br\/index.php\/wp-json\/wp\/v2\/types\/post"}],"author":[{"embeddable":true,"href":"https:\/\/mundobibliotecario.com.br\/index.php\/wp-json\/wp\/v2\/users\/1"}],"replies":[{"embeddable":true,"href":"https:\/\/mundobibliotecario.com.br\/index.php\/wp-json\/wp\/v2\/comments?post=8822"}],"version-history":[{"count":5,"href":"https:\/\/mundobibliotecario.com.br\/index.php\/wp-json\/wp\/v2\/posts\/8822\/revisions"}],"predecessor-version":[{"id":8828,"href":"https:\/\/mundobibliotecario.com.br\/index.php\/wp-json\/wp\/v2\/posts\/8822\/revisions\/8828"}],"wp:attachment":[{"href":"https:\/\/mundobibliotecario.com.br\/index.php\/wp-json\/wp\/v2\/media?parent=8822"}],"wp:term":[{"taxonomy":"category","embeddable":true,"href":"https:\/\/mundobibliotecario.com.br\/index.php\/wp-json\/wp\/v2\/categories?post=8822"},{"taxonomy":"post_tag","embeddable":true,"href":"https:\/\/mundobibliotecario.com.br\/index.php\/wp-json\/wp\/v2\/tags?post=8822"}],"curies":[{"name":"wp","href":"https:\/\/api.w.org\/{rel}","templated":true}]}}