{"id":8847,"date":"2021-05-12T18:00:00","date_gmt":"2021-05-12T21:00:00","guid":{"rendered":"https:\/\/mundobibliotecario.com.br\/?p=8847"},"modified":"2021-05-09T21:04:44","modified_gmt":"2021-05-10T00:04:44","slug":"o-guia-da-biblioteca-para-o-tiktok-os-pros-e-os-contras-de-ingressar-em-uma-das-plataformas-de-midia-social-mais-eficientes","status":"publish","type":"post","link":"https:\/\/mundobibliotecario.com.br\/index.php\/2021\/05\/12\/o-guia-da-biblioteca-para-o-tiktok-os-pros-e-os-contras-de-ingressar-em-uma-das-plataformas-de-midia-social-mais-eficientes\/","title":{"rendered":"O guia da biblioteca para o TikTok: os pr\u00f3s e os contras de ingressar em uma das plataformas de m\u00eddia social mais eficientes"},"content":{"rendered":"\t\t<div data-elementor-type=\"wp-post\" data-elementor-id=\"8847\" class=\"elementor elementor-8847\">\n\t\t\t\t\t\t<div class=\"elementor-inner\">\n\t\t\t\t<div class=\"elementor-section-wrap\">\n\t\t\t\t\t\t\t\t\t<section class=\"elementor-section elementor-top-section elementor-element elementor-element-047a72e elementor-section-boxed elementor-section-height-default elementor-section-height-default\" data-id=\"047a72e\" data-element_type=\"section\">\n\t\t\t\t\t\t<div class=\"elementor-container elementor-column-gap-default\">\n\t\t\t\t\t\t\t<div class=\"elementor-row\">\n\t\t\t\t\t<div class=\"elementor-column elementor-col-100 elementor-top-column elementor-element elementor-element-32c832f\" data-id=\"32c832f\" data-element_type=\"column\">\n\t\t\t<div class=\"elementor-column-wrap elementor-element-populated\">\n\t\t\t\t\t\t\t<div class=\"elementor-widget-wrap\">\n\t\t\t\t\t\t<div class=\"elementor-element elementor-element-3771360 elementor-widget elementor-widget-image\" data-id=\"3771360\" data-element_type=\"widget\" data-widget_type=\"image.default\">\n\t\t\t\t<div class=\"elementor-widget-container\">\n\t\t\t\t\t\t\t\t<div class=\"elementor-image\">\n\t\t\t\t\t\t\t\t\t<figure class=\"wp-caption\">\n\t\t\t\t\t\t\t\t\t\t\t<a href=\"https:\/\/pixabay.com\/pt\/photos\/tiktok-tik-tok-app-smartphone-5390055\/\" target=\"_blank\">\n\t\t\t\t\t\t\t<img loading=\"lazy\" decoding=\"async\" width=\"1024\" height=\"628\" src=\"https:\/\/mundobibliotecario.com.br\/wp-content\/uploads\/2021\/05\/tiktok-5390055_1280-1024x628.jpg\" class=\"attachment-large size-large wp-image-8849\" alt=\"\" srcset=\"https:\/\/mundobibliotecario.com.br\/wp-content\/uploads\/2021\/05\/tiktok-5390055_1280-1024x628.jpg 1024w, https:\/\/mundobibliotecario.com.br\/wp-content\/uploads\/2021\/05\/tiktok-5390055_1280-300x184.jpg 300w, https:\/\/mundobibliotecario.com.br\/wp-content\/uploads\/2021\/05\/tiktok-5390055_1280-768x471.jpg 768w, https:\/\/mundobibliotecario.com.br\/wp-content\/uploads\/2021\/05\/tiktok-5390055_1280.jpg 1280w\" sizes=\"auto, (max-width: 1024px) 100vw, 1024px\" \/>\t\t\t\t\t\t\t\t<\/a>\n\t\t\t\t\t\t\t\t\t\t\t<figcaption class=\"widget-image-caption wp-caption-text\">Cr\u00e9dito: nikuga - Pixabay<\/figcaption>\n\t\t\t\t\t\t\t\t\t\t<\/figure>\n\t\t\t\t\t\t\t\t<\/div>\n\t\t\t\t\t\t<\/div>\n\t\t\t\t<\/div>\n\t\t\t\t\t\t<\/div>\n\t\t\t\t\t<\/div>\n\t\t<\/div>\n\t\t\t\t\t\t\t\t<\/div>\n\t\t\t\t\t<\/div>\n\t\t<\/section>\n\t\t\t\t<section class=\"elementor-section elementor-top-section elementor-element elementor-element-afdf412 elementor-section-boxed elementor-section-height-default elementor-section-height-default\" data-id=\"afdf412\" data-element_type=\"section\">\n\t\t\t\t\t\t<div class=\"elementor-container elementor-column-gap-default\">\n\t\t\t\t\t\t\t<div class=\"elementor-row\">\n\t\t\t\t\t<div class=\"elementor-column elementor-col-100 elementor-top-column elementor-element elementor-element-d8d1323\" data-id=\"d8d1323\" data-element_type=\"column\">\n\t\t\t<div class=\"elementor-column-wrap elementor-element-populated\">\n\t\t\t\t\t\t\t<div class=\"elementor-widget-wrap\">\n\t\t\t\t\t\t<div class=\"elementor-element elementor-element-3597848 elementor-widget elementor-widget-text-editor\" data-id=\"3597848\" data-element_type=\"widget\" data-widget_type=\"text-editor.default\">\n\t\t\t\t<div class=\"elementor-widget-container\">\n\t\t\t\t\t\t\t\t<div class=\"elementor-text-editor elementor-clearfix\">\n\t\t\t\t<p>O Super Library Marketing publicou uma s\u00e9rie de pr\u00f3s e contras sobre o uso do TikTok para bibliotecas.<\/p>\n<p>Resumidamente, os pontos a favor s\u00e3o:<\/p>\n<ul>\n<li>O algoritmo TikTok \u00e9 mais gentil com as bibliotecas<\/li>\n<li>N\u00e3o h\u00e1 tanto conte\u00fado sobre bibliotecas e leitura<\/li>\n<li>Voc\u00ea pode ser super criativo no TikTok<\/li>\n<\/ul>\n<div>\n<p>Por outro lado, os pontos negativos s\u00e3o:<\/p>\n<\/div>\n<div>\n<ul>\n<li>Um \u00f3timo conte\u00fado no TikTok n\u00e3o \u00e9 sin\u00f4nimo de marketing eficaz<\/li>\n<li>Leva tempo para aprender a criar conte\u00fado TikTok<\/li>\n<li>A publicidade no TikTok \u00e9 cara<\/li>\n<\/ul>\n<div>Mesmo assim, vale a pena experimentar se essa rede social \u00e9 interessante ou n\u00e3o para a biblioteca!<\/div>\n<div>&nbsp;<\/div>\n<div>Siga as dicas abaixo!<\/div>\n<div>&nbsp;<\/div>\n<div>\n<ul>\n<li>Defina um per\u00edodo experimental de um a dois meses.<\/li>\n<li>Decida um padr\u00e3o de postagem consistente, como uma vez por semana ou todas as segundas e sextas-feiras. Em seguida, siga-o por todo o per\u00edodo experimental.<\/li>\n<li>Mantenha um registro para acompanhar o desempenho de suas postagens. Comece uma planilha e registre o tipo de postagem que voc\u00ea cria, quando a publica, a dura\u00e7\u00e3o do seu v\u00eddeo, o que afeta voc\u00ea usa e quanto engajamento voc\u00ea consegue. Se voc\u00ea estiver usando seus v\u00eddeos para aumentar o comparecimento a um evento ou aumentar a circula\u00e7\u00e3o, certifique-se de rastrear isso.<\/li>\n<\/ul>\n<div>Parte do conte\u00fado deste texto foi traduzido livremente do artigo&nbsp;<a href=\"https:\/\/superlibrarymarketing.com\/2021\/04\/26\/librarytiktok\/\" target=\"_blank\">The Library\u2019s Guide to TikTok: The Pros and Cons of Joining One of the Hottest Social Media Platforms<\/a>, publicado no Super Library Marketing.<\/div>\n<\/div>\n<\/div>\t\t\t\t\t<\/div>\n\t\t\t\t\t\t<\/div>\n\t\t\t\t<\/div>\n\t\t\t\t\t\t<\/div>\n\t\t\t\t\t<\/div>\n\t\t<\/div>\n\t\t\t\t\t\t\t\t<\/div>\n\t\t\t\t\t<\/div>\n\t\t<\/section>\n\t\t\t\t\t\t\t\t\t<\/div>\n\t\t\t<\/div>\n\t\t\t\t\t<\/div>\n\t\t","protected":false},"excerpt":{"rendered":"<p>Cr\u00e9dito: nikuga &#8211; Pixabay O Super Library Marketing publicou uma s\u00e9rie de pr\u00f3s e contras sobre o uso do TikTok para bibliotecas. Resumidamente, os pontos a favor s\u00e3o: O algoritmo TikTok \u00e9 mais gentil com as bibliotecas N\u00e3o h\u00e1 tanto conte\u00fado sobre bibliotecas e leitura Voc\u00ea pode ser super criativo no TikTok Por outro lado, &#8230; <a title=\"O guia da biblioteca para o TikTok: os pr\u00f3s e os contras de ingressar em uma das plataformas de m\u00eddia social mais eficientes\" class=\"read-more\" href=\"https:\/\/mundobibliotecario.com.br\/index.php\/2021\/05\/12\/o-guia-da-biblioteca-para-o-tiktok-os-pros-e-os-contras-de-ingressar-em-uma-das-plataformas-de-midia-social-mais-eficientes\/\" aria-label=\"Read more about O guia da biblioteca para o TikTok: os pr\u00f3s e os contras de ingressar em uma das plataformas de m\u00eddia social mais eficientes\">Ler mais<\/a><\/p>\n","protected":false},"author":1,"featured_media":0,"comment_status":"open","ping_status":"open","sticky":false,"template":"","format":"standard","meta":{"_mi_skip_tracking":false,"_exactmetrics_sitenote_active":false,"_exactmetrics_sitenote_note":"","_exactmetrics_sitenote_category":0,"_jetpack_newsletter_access":"","footnotes":""},"categories":[60],"tags":[2,1392,1773],"class_list":["post-8847","post","type-post","status-publish","format-standard","hentry","category-noticias","tag-biblioteca","tag-bibliotecas","tag-tiktok"],"jetpack_featured_media_url":"","jetpack_sharing_enabled":true,"jetpack-related-posts":[{"id":9744,"url":"https:\/\/mundobibliotecario.com.br\/index.php\/2022\/01\/17\/guias-de-melhores-praticas-em-redes-sociais-para-bibliotecas-para-2022\/","url_meta":{"origin":8847,"position":0},"title":"Guias de melhores pr\u00e1ticas em redes sociais para bibliotecas para 2022","author":"mundobibliotecario","date":"17\/01\/2022","format":false,"excerpt":"O site Super Library Marketing preparou uma s\u00e9rie de guias de melhores pr\u00e1ticas para redes sociais para bibliotecas em 2022. Est\u00e3o dispon\u00edveis guias para as seguintes redes: Facebook Instagram TikTok YouTube Pinterest LinkedIn Os guias apresentam algumas estat\u00edsticas de uso dessas redes, al\u00e9m de dicas sobre o melhor tipo de\u2026","rel":"","context":"Em &quot;Not\u00edcias&quot;","block_context":{"text":"Not\u00edcias","link":"https:\/\/mundobibliotecario.com.br\/index.php\/category\/noticias\/"},"img":{"alt_text":"redes sociais","src":"https:\/\/i0.wp.com\/mundobibliotecario.com.br\/wp-content\/uploads\/2022\/01\/28188286432_3353c1c7ed_w.jpg?resize=350%2C200&ssl=1","width":350,"height":200},"classes":[]},{"id":8753,"url":"https:\/\/mundobibliotecario.com.br\/index.php\/2021\/04\/21\/site-da-biblioteca-nacional-e-retirado-do-ar-apos-ataque-hacker\/","url_meta":{"origin":8847,"position":1},"title":"Site da Biblioteca Nacional \u00e9 retirado do ar ap\u00f3s ataque hacker","author":"mundobibliotecario","date":"21\/04\/2021","format":false,"excerpt":"A assessoria da biblioteca informou que a invas\u00e3o come\u00e7ou neste domingo (11). Todos os servidores foram desligados como preven\u00e7\u00e3o contra novas invas\u00f5es. Em nota, a assessoria afirmou ainda que o estrago foi m\u00ednimo e os poucos documentos atingidos poder\u00e3o ser recuperados. Biblioteca Nacional, na Cinel\u00e2ndia, Centro do Rio \u2014 Foto:\u2026","rel":"","context":"Em &quot;Not\u00edcias&quot;","block_context":{"text":"Not\u00edcias","link":"https:\/\/mundobibliotecario.com.br\/index.php\/category\/noticias\/"},"img":{"alt_text":"biblioteca nacional brasileira","src":"https:\/\/i0.wp.com\/mundobibliotecario.com.br\/wp-content\/uploads\/2021\/04\/biblioteca-nacional.jpg?resize=350%2C200&ssl=1","width":350,"height":200},"classes":[]},{"id":2898,"url":"https:\/\/mundobibliotecario.com.br\/index.php\/2013\/02\/19\/25-escritores-sobre-a-importancia-das-bibliotecas\/","url_meta":{"origin":8847,"position":2},"title":"25 escritores sobre a import\u00e2ncia das bibliotecas","author":"mundobibliotecario","date":"19\/02\/2013","format":false,"excerpt":"O autor brit\u00e2nico infantil Terry Deary - mais conhecido por sua s\u00e9rie Horrible Histories e conversas pol\u00eamicas sobre os sistemas escolares da na\u00e7\u00e3o - disse ao Guardian que pensa que as bibliotecas \"j\u00e1 tiveram o seu dia.\" Ele preferiria que as pessoas comprassem seus livros em vez de emprest\u00e1-los, alegando\u2026","rel":"","context":"Em &quot;Not\u00edcias&quot;","block_context":{"text":"Not\u00edcias","link":"https:\/\/mundobibliotecario.com.br\/index.php\/category\/noticias\/"},"img":{"alt_text":"","src":"","width":0,"height":0},"classes":[]},{"id":8339,"url":"https:\/\/mundobibliotecario.com.br\/index.php\/2021\/01\/19\/bibliotecas-publicas-promovem-carreiras-digitais-e-ajudam-quem-procura-emprego\/","url_meta":{"origin":8847,"position":3},"title":"Bibliotecas p\u00fablicas promovem carreiras digitais e ajudam quem procura emprego","author":"mundobibliotecario","date":"19\/01\/2021","format":false,"excerpt":"A pandemia global necessariamente colocou um holofote brilhante no forte contraste entre as classes nos Estados Unidos, ao criar uma das piores crises econ\u00f4micas e de empregos da hist\u00f3ria moderna.\u00a0Garantir que o treinamento seja relevante para os empregos mais demandados nunca foi t\u00e3o cr\u00edtico.\u00a0\u00c0 medida que as bibliotecas continuam a\u2026","rel":"","context":"Em &quot;Not\u00edcias&quot;","block_context":{"text":"Not\u00edcias","link":"https:\/\/mundobibliotecario.com.br\/index.php\/category\/noticias\/"},"img":{"alt_text":"","src":"","width":0,"height":0},"classes":[]},{"id":3180,"url":"https:\/\/mundobibliotecario.com.br\/index.php\/2013\/07\/26\/biblioteca-com-vista-para-o-mar\/","url_meta":{"origin":8847,"position":4},"title":"Biblioteca com vista para o mar","author":"mundobibliotecario","date":"26\/07\/2013","format":false,"excerpt":"De f\u00e9rias na praia, h\u00e1 que ter um bom livro na m\u00e3o. Para o caso de algu\u00e9m se esquecer do acess\u00f3rio essencial, acaba de abrir a primeira biblioteca de praia, em Albena na Bulg\u00e1ria, frente ao mar Negro. Ao ar livre e feita de um material resistente ao sol, ao\u2026","rel":"","context":"Em &quot;Not\u00edcias&quot;","block_context":{"text":"Not\u00edcias","link":"https:\/\/mundobibliotecario.com.br\/index.php\/category\/noticias\/"},"img":{"alt_text":"","src":"","width":0,"height":0},"classes":[]},{"id":87,"url":"https:\/\/mundobibliotecario.com.br\/index.php\/2008\/09\/07\/velorio-de-livros-na-bahia\/","url_meta":{"origin":8847,"position":5},"title":"Vel\u00f3rio de livros na Bahia","author":"mundobibliotecario","date":"07\/09\/2008","format":false,"excerpt":"Funcion\u00e1rios da Universidade do Estado da Bahia fizeram um vel\u00f3rio simb\u00f3lico para protestar contra o descaso com o acervo da biblioteca local. Segundo os funcion\u00e1rios da biblioteca, a campanha \u201cPreserva\u00e7\u00e3o do Acervo\u201d pretende conscientizar sobre a utiliza\u00e7\u00e3o do material, com mensagens educativas e exposi\u00e7\u00e3o de exemplares danificados. De acordo com\u2026","rel":"","context":"Em &quot;Reflex\u00f5es&quot;","block_context":{"text":"Reflex\u00f5es","link":"https:\/\/mundobibliotecario.com.br\/index.php\/category\/reflexoes\/"},"img":{"alt_text":"","src":"","width":0,"height":0},"classes":[]}],"jetpack_likes_enabled":true,"jetpack_shortlink":"https:\/\/wp.me\/pcbzwa-2iH","_links":{"self":[{"href":"https:\/\/mundobibliotecario.com.br\/index.php\/wp-json\/wp\/v2\/posts\/8847","targetHints":{"allow":["GET"]}}],"collection":[{"href":"https:\/\/mundobibliotecario.com.br\/index.php\/wp-json\/wp\/v2\/posts"}],"about":[{"href":"https:\/\/mundobibliotecario.com.br\/index.php\/wp-json\/wp\/v2\/types\/post"}],"author":[{"embeddable":true,"href":"https:\/\/mundobibliotecario.com.br\/index.php\/wp-json\/wp\/v2\/users\/1"}],"replies":[{"embeddable":true,"href":"https:\/\/mundobibliotecario.com.br\/index.php\/wp-json\/wp\/v2\/comments?post=8847"}],"version-history":[{"count":5,"href":"https:\/\/mundobibliotecario.com.br\/index.php\/wp-json\/wp\/v2\/posts\/8847\/revisions"}],"predecessor-version":[{"id":8853,"href":"https:\/\/mundobibliotecario.com.br\/index.php\/wp-json\/wp\/v2\/posts\/8847\/revisions\/8853"}],"wp:attachment":[{"href":"https:\/\/mundobibliotecario.com.br\/index.php\/wp-json\/wp\/v2\/media?parent=8847"}],"wp:term":[{"taxonomy":"category","embeddable":true,"href":"https:\/\/mundobibliotecario.com.br\/index.php\/wp-json\/wp\/v2\/categories?post=8847"},{"taxonomy":"post_tag","embeddable":true,"href":"https:\/\/mundobibliotecario.com.br\/index.php\/wp-json\/wp\/v2\/tags?post=8847"}],"curies":[{"name":"wp","href":"https:\/\/api.w.org\/{rel}","templated":true}]}}