{"id":8890,"date":"2021-05-17T15:00:00","date_gmt":"2021-05-17T18:00:00","guid":{"rendered":"https:\/\/mundobibliotecario.com.br\/?p=8890"},"modified":"2021-05-17T13:53:19","modified_gmt":"2021-05-17T16:53:19","slug":"semana-academica-da-biblioteca-campus-araras-ufscar","status":"publish","type":"post","link":"https:\/\/mundobibliotecario.com.br\/index.php\/2021\/05\/17\/semana-academica-da-biblioteca-campus-araras-ufscar\/","title":{"rendered":"Semana Acad\u00eamica da Biblioteca Campus Araras UFSCar"},"content":{"rendered":"\t\t<div data-elementor-type=\"wp-post\" data-elementor-id=\"8890\" class=\"elementor elementor-8890\">\n\t\t\t\t\t\t<div class=\"elementor-inner\">\n\t\t\t\t<div class=\"elementor-section-wrap\">\n\t\t\t\t\t\t\t\t\t<section class=\"elementor-section elementor-top-section elementor-element elementor-element-22af4ef elementor-section-boxed elementor-section-height-default elementor-section-height-default\" data-id=\"22af4ef\" data-element_type=\"section\">\n\t\t\t\t\t\t<div class=\"elementor-container elementor-column-gap-default\">\n\t\t\t\t\t\t\t<div class=\"elementor-row\">\n\t\t\t\t\t<div class=\"elementor-column elementor-col-100 elementor-top-column elementor-element elementor-element-3ad0bc2\" data-id=\"3ad0bc2\" data-element_type=\"column\">\n\t\t\t<div class=\"elementor-column-wrap elementor-element-populated\">\n\t\t\t\t\t\t\t<div class=\"elementor-widget-wrap\">\n\t\t\t\t\t\t<div class=\"elementor-element elementor-element-14b90c1 elementor-widget elementor-widget-image\" data-id=\"14b90c1\" data-element_type=\"widget\" data-widget_type=\"image.default\">\n\t\t\t\t<div class=\"elementor-widget-container\">\n\t\t\t\t\t\t\t\t<div class=\"elementor-image\">\n\t\t\t\t\t\t\t\t\t\t\t\t<img loading=\"lazy\" decoding=\"async\" width=\"768\" height=\"1087\" src=\"https:\/\/mundobibliotecario.com.br\/wp-content\/uploads\/2021\/05\/WhatsApp-Image-2021-05-13-at-16.48.33-768x1087.jpeg\" class=\"attachment-medium_large size-medium_large wp-image-8892\" alt=\"Semana Acad\u00eamica da Biblioteca Campus Araras UFSCar\" srcset=\"https:\/\/mundobibliotecario.com.br\/wp-content\/uploads\/2021\/05\/WhatsApp-Image-2021-05-13-at-16.48.33-768x1087.jpeg 768w, https:\/\/mundobibliotecario.com.br\/wp-content\/uploads\/2021\/05\/WhatsApp-Image-2021-05-13-at-16.48.33-212x300.jpeg 212w, https:\/\/mundobibliotecario.com.br\/wp-content\/uploads\/2021\/05\/WhatsApp-Image-2021-05-13-at-16.48.33-723x1024.jpeg 723w, https:\/\/mundobibliotecario.com.br\/wp-content\/uploads\/2021\/05\/WhatsApp-Image-2021-05-13-at-16.48.33.jpeg 904w\" sizes=\"auto, (max-width: 768px) 100vw, 768px\" \/>\t\t\t\t\t\t\t\t\t\t\t\t\t\t<\/div>\n\t\t\t\t\t\t<\/div>\n\t\t\t\t<\/div>\n\t\t\t\t\t\t<\/div>\n\t\t\t\t\t<\/div>\n\t\t<\/div>\n\t\t\t\t\t\t\t\t<\/div>\n\t\t\t\t\t<\/div>\n\t\t<\/section>\n\t\t\t\t\t\t\t\t\t<\/div>\n\t\t\t<\/div>\n\t\t\t\t\t<\/div>\n\t\t","protected":false},"excerpt":{"rendered":"","protected":false},"author":1,"featured_media":0,"comment_status":"open","ping_status":"open","sticky":false,"template":"","format":"standard","meta":{"_mi_skip_tracking":false,"_exactmetrics_sitenote_active":false,"_exactmetrics_sitenote_note":"","_exactmetrics_sitenote_category":0,"_jetpack_newsletter_access":"","footnotes":""},"categories":[27],"tags":[1986,879],"class_list":["post-8890","post","type-post","status-publish","format-standard","hentry","category-eventos","tag-autocuidado","tag-estudo"],"jetpack_featured_media_url":"","jetpack_sharing_enabled":true,"jetpack-related-posts":[{"id":4251,"url":"https:\/\/mundobibliotecario.com.br\/index.php\/2016\/04\/02\/abril-mes-do-curriculo-lattes\/","url_meta":{"origin":8890,"position":0},"title":"Abril: m\u00eas do Curr\u00edculo Lattes!","author":"mundobibliotecario","date":"02\/04\/2016","format":false,"excerpt":"Neste m\u00eas, participarei de dois eventos nos quais fui convidado para falar sobre o Curr\u00edculo Lattes! No dia 13\/04\/16, das 9h00 \u00e0s 12h00, ministrarei\u00a0o minicurso \"Apresentando-se bem com o Curr\u00edculo Lattes\" na Biblioteca da UFSCar de Araras, durante o evento \"1\u00aa Semana Acad\u00eamica da Biblioteca Campus Araras\". O evento foi\u2026","rel":"","context":"Em &quot;Eventos&quot;","block_context":{"text":"Eventos","link":"https:\/\/mundobibliotecario.com.br\/index.php\/category\/eventos\/"},"img":{"alt_text":"","src":"","width":0,"height":0},"classes":[]},{"id":1181,"url":"https:\/\/mundobibliotecario.com.br\/index.php\/2010\/03\/27\/ministro-da-educacao-participa-da-inauguracao-da-biblioteca-da-ufscar-em-araras\/","url_meta":{"origin":8890,"position":1},"title":"Ministro da Educa\u00e7\u00e3o participa da inaugura\u00e7\u00e3o da Biblioteca da UFSCar em Araras","author":"mundobibliotecario","date":"27\/03\/2010","format":false,"excerpt":"26\/03\/2010 - 14:47 No dia 25 de mar\u00e7o, o Ministro da Educa\u00e7\u00e3o, Fernando Haddad participou da inaugura\u00e7\u00e3o do novo edif\u00edcio da Biblioteca Setorial do Centro de Ci\u00eancias Agr\u00e1rias da UFSCar, em Araras. Convidado pelo Reitor da UFSCar, Targino de Ara\u00fajo Filho, e pelo Diretor do Centro de Ci\u00eancias Agr\u00e1rias (CCA),\u2026","rel":"","context":"Em &quot;Not\u00edcias&quot;","block_context":{"text":"Not\u00edcias","link":"https:\/\/mundobibliotecario.com.br\/index.php\/category\/noticias\/"},"img":{"alt_text":"","src":"","width":0,"height":0},"classes":[]},{"id":10105,"url":"https:\/\/mundobibliotecario.com.br\/index.php\/2022\/09\/26\/live-acessibilidade-em-bibliotecas-universitarias-para-pessoas-com-deficiencia-visual\/","url_meta":{"origin":8890,"position":2},"title":"Live: Acessibilidade em bibliotecas universit\u00e1rias para pessoas com defici\u00eancia visual","author":"mundobibliotecario","date":"26\/09\/2022","format":false,"excerpt":"Em continuidade \u00e0 s\u00e9rie de lives\u00a0que abordam as necessidades atuais das bibliotecas universit\u00e1rias, o Sistema Integrado de Bibliotecas (SIBi-UFSCar) est\u00e1 organizando a\u00a0live\u00a0Acessibilidade em bibliotecas universit\u00e1rias para pessoas com defici\u00eancia visual.\u00a0O evento\u00a0acontece\u00a0no dia 29 de setembro (5\u00aa. Feira), das 14h30 \u00e0s 16h\u00a0e ter\u00e1\u00a0transmiss\u00e3o\u00a0pelo\u00a0canal do SIBi no YouTube\u00a0com tradu\u00e7\u00e3o em Libras. Ela\u2026","rel":"","context":"Em &quot;Eventos&quot;","block_context":{"text":"Eventos","link":"https:\/\/mundobibliotecario.com.br\/index.php\/category\/eventos\/"},"img":{"alt_text":"","src":"https:\/\/i0.wp.com\/mundobibliotecario.com.br\/wp-content\/uploads\/2022\/09\/live-sibi-ufscar.png?resize=350%2C200&ssl=1","width":350,"height":200},"classes":[]},{"id":8674,"url":"https:\/\/mundobibliotecario.com.br\/index.php\/2021\/04\/07\/live-producao-de-conteudo-em-midias-sociais-para-bibliotecas\/","url_meta":{"origin":8890,"position":3},"title":"Live &#8220;Produ\u00e7\u00e3o de conte\u00fado em m\u00eddias sociais para bibliotecas&#8221;","author":"mundobibliotecario","date":"07\/04\/2021","format":false,"excerpt":"No pr\u00f3ximo dia\u00a015 de abril\u00a0acontece a\u00a0Live\u00a0Produ\u00e7\u00e3o de conte\u00fado em m\u00eddias sociais para bibliotecas, organizada pelo Sistema Integrado de Bibliotecas (SIBi-UFSCar). Dando continuidade \u00e0 apresenta\u00e7\u00e3o das transforma\u00e7\u00f5es por que passam as bibliotecas universit\u00e1rias, desta vez o foco \u00e9 a utiliza\u00e7\u00e3o das m\u00eddias sociais, de forma consciente e respons\u00e1vel, como um agente\u2026","rel":"","context":"Em &quot;Eventos&quot;","block_context":{"text":"Eventos","link":"https:\/\/mundobibliotecario.com.br\/index.php\/category\/eventos\/"},"img":{"alt_text":"","src":"https:\/\/i0.wp.com\/mundobibliotecario.com.br\/wp-content\/uploads\/2021\/04\/image.png?resize=350%2C200&ssl=1","width":350,"height":200},"classes":[]},{"id":1937,"url":"https:\/\/mundobibliotecario.com.br\/index.php\/2011\/04\/06\/primeira-edicao-da-jornada-sobre-trabalhos-academicos-e-cientificos-acontece-de-18-a-20-de-abril-em-sao-carlos\/","url_meta":{"origin":8890,"position":4},"title":"Primeira edi\u00e7\u00e3o da Jornada sobre Trabalhos Acad\u00eamicos e Cient\u00edficos acontece de 18 a 20 de abril, em S\u00e3o Carlos","author":"mundobibliotecario","date":"06\/04\/2011","format":false,"excerpt":"A I Jornada sobre Trabalhos Acad\u00eamicos e Cient\u00edficos da UFSCar ser\u00e1 realizada entre os dias 18 e 20 de abril. O evento volta-se ao estudo e compreens\u00e3o de normas, t\u00e9cnicas e metodologias de trabalho a serem adotadas em trabalhos acad\u00eamicos e cient\u00edficos, desenvolvidos tanto por alunos de gradua\u00e7\u00e3o quanto de\u2026","rel":"","context":"Em &quot;Eventos&quot;","block_context":{"text":"Eventos","link":"https:\/\/mundobibliotecario.com.br\/index.php\/category\/eventos\/"},"img":{"alt_text":"","src":"","width":0,"height":0},"classes":[]},{"id":2561,"url":"https:\/\/mundobibliotecario.com.br\/index.php\/2012\/04\/26\/saber-profissional-e-tema-de-evento-promovido-pelo-pet-bci-no-dia-4-de-maio\/","url_meta":{"origin":8890,"position":5},"title":"Saber profissional \u00e9 tema de evento promovido pelo PET-BCI no dia 4 de maio","author":"mundobibliotecario","date":"26\/04\/2012","format":false,"excerpt":"No dia 4 de maio, acontece na UFSCar o \"II Semin\u00e1rio O saber profissional\", realizado pelo Programa de Educa\u00e7\u00e3o Tutorial em Biblioteconomia e Ci\u00eancia da Informa\u00e7\u00e3o (Grupo PET - BCI). Durante o evento, trabalhos acad\u00eamicos e bibliotec\u00e1rios desenvolvidos por alunos egressos do curso de Biblioteconomia e Ci\u00eancia da Informa\u00e7\u00e3o da\u2026","rel":"","context":"Em &quot;Not\u00edcias&quot;","block_context":{"text":"Not\u00edcias","link":"https:\/\/mundobibliotecario.com.br\/index.php\/category\/noticias\/"},"img":{"alt_text":"","src":"","width":0,"height":0},"classes":[]}],"jetpack_likes_enabled":true,"jetpack_shortlink":"https:\/\/wp.me\/pcbzwa-2jo","_links":{"self":[{"href":"https:\/\/mundobibliotecario.com.br\/index.php\/wp-json\/wp\/v2\/posts\/8890","targetHints":{"allow":["GET"]}}],"collection":[{"href":"https:\/\/mundobibliotecario.com.br\/index.php\/wp-json\/wp\/v2\/posts"}],"about":[{"href":"https:\/\/mundobibliotecario.com.br\/index.php\/wp-json\/wp\/v2\/types\/post"}],"author":[{"embeddable":true,"href":"https:\/\/mundobibliotecario.com.br\/index.php\/wp-json\/wp\/v2\/users\/1"}],"replies":[{"embeddable":true,"href":"https:\/\/mundobibliotecario.com.br\/index.php\/wp-json\/wp\/v2\/comments?post=8890"}],"version-history":[{"count":5,"href":"https:\/\/mundobibliotecario.com.br\/index.php\/wp-json\/wp\/v2\/posts\/8890\/revisions"}],"predecessor-version":[{"id":8896,"href":"https:\/\/mundobibliotecario.com.br\/index.php\/wp-json\/wp\/v2\/posts\/8890\/revisions\/8896"}],"wp:attachment":[{"href":"https:\/\/mundobibliotecario.com.br\/index.php\/wp-json\/wp\/v2\/media?parent=8890"}],"wp:term":[{"taxonomy":"category","embeddable":true,"href":"https:\/\/mundobibliotecario.com.br\/index.php\/wp-json\/wp\/v2\/categories?post=8890"},{"taxonomy":"post_tag","embeddable":true,"href":"https:\/\/mundobibliotecario.com.br\/index.php\/wp-json\/wp\/v2\/tags?post=8890"}],"curies":[{"name":"wp","href":"https:\/\/api.w.org\/{rel}","templated":true}]}}