{"id":891,"date":"2009-09-28T08:11:39","date_gmt":"2009-09-28T11:11:39","guid":{"rendered":"http:\/\/mundobibliotecario.wordpress.com\/2009\/09\/28\/vaga-de-estagio-na-fundacao-getulio-vargas\/"},"modified":"2009-09-28T08:11:39","modified_gmt":"2009-09-28T11:11:39","slug":"vaga-de-estagio-na-fundacao-getulio-vargas","status":"publish","type":"post","link":"https:\/\/mundobibliotecario.com.br\/index.php\/2009\/09\/28\/vaga-de-estagio-na-fundacao-getulio-vargas\/","title":{"rendered":"Vaga de est\u00e1gio na Funda\u00e7\u00e3o Getulio Vargas"},"content":{"rendered":"<p>Para trabalhar no setor de refer\u00eancia<br \/>\n(n\u00e3o \u00e9 necess\u00e1rio experi\u00eancia)<\/p>\n<p>Hor\u00e1rio: 16h-22h<br \/>\nBolsa: R$ 675,00 + VT + VR<\/p>\n<p>Enviar curr\u00edculo para: sandra.maldonado@fgv.br <\/p>\n","protected":false},"excerpt":{"rendered":"<p>Para trabalhar no setor de refer\u00eancia (n\u00e3o \u00e9 necess\u00e1rio experi\u00eancia) Hor\u00e1rio: 16h-22h Bolsa: R$ 675,00 + VT + VR Enviar curr\u00edculo para: sandra.maldonado@fgv.br<\/p>\n","protected":false},"author":1,"featured_media":0,"comment_status":"open","ping_status":"open","sticky":false,"template":"","format":"standard","meta":{"_mi_skip_tracking":false,"_exactmetrics_sitenote_active":false,"_exactmetrics_sitenote_note":"","_exactmetrics_sitenote_category":0,"_jetpack_newsletter_access":"","footnotes":""},"categories":[468],"tags":[193],"class_list":["post-891","post","type-post","status-publish","format-standard","hentry","category-nao-classificado","tag-estagio-de-biblioteconomia"],"jetpack_featured_media_url":"","jetpack_sharing_enabled":true,"jetpack-related-posts":[{"id":9940,"url":"https:\/\/mundobibliotecario.com.br\/index.php\/2022\/05\/09\/estagios-de-biblioteconomia-maio-2022\/","url_meta":{"origin":891,"position":0},"title":"Est\u00e1gios de Biblioteconomia &#8211; Maio\/2022","author":"mundobibliotecario","date":"09\/05\/2022","format":false,"excerpt":"Prefeitura de Belo Horizonte (MG) Vagas: n\u00e3o especificadas Inscri\u00e7\u00f5es: ao longo do ano no\u00a0Banco de Est\u00e1gios 2022 Remunera\u00e7\u00e3o:\u00a0Superior (4 horas): R$ 742,66,\u00a0Superior (5 horas): R$ 928,35,\u00a0Superior (6 horas): R$ 1.114 Mais informa\u00e7\u00f5es:\u00a0https:\/\/prefeitura.pbh.gov.br\/noticias\/pbh-contratara-127-estudantes-para-estagio-com-salarios-de-ate-r-1439 Instituto Euvaldo Lodi (Manaus - AM) Vagas: 1 Inscri\u00e7\u00f5es:\u00a0IEL Amazonas Remunera\u00e7\u00e3o:\u00a0de R$ 500 a R$ 1.011 mais aux\u00edlio\u2026","rel":"","context":"Em &quot;Est\u00e1gio&quot;","block_context":{"text":"Est\u00e1gio","link":"https:\/\/mundobibliotecario.com.br\/index.php\/category\/estagio\/"},"img":{"alt_text":"","src":"https:\/\/i0.wp.com\/mundobibliotecario.com.br\/wp-content\/uploads\/2022\/05\/Estagiario-de-Biblioteconomia-1024x1024.jpg?resize=350%2C200&ssl=1","width":350,"height":200},"classes":[]},{"id":669,"url":"https:\/\/mundobibliotecario.com.br\/index.php\/2009\/06\/06\/estagio-ufscar-2\/","url_meta":{"origin":891,"position":1},"title":"Est\u00e1gio &#8211; UFSCar","author":"mundobibliotecario","date":"06\/06\/2009","format":false,"excerpt":"A Universidade Federal de S\u00e3o Carlos (UFSCar) est\u00e1 com 1\u00a0vaga aberta para estagi\u00e1rio (a)\u00a0de Biblioteconomia. A carga hor\u00e1ria \u00e9 de 20\u00a0ou 30 horas semanais.\u00a0Para inscrever-se, o candidato dever\u00e1 acessar o endere\u00e7o www.srh.ufscar.br, no per\u00edodo de 08\/06 a\u00a0 03\/07\/2009. REQUISITO: Estar devidamente matriculado, freq\u00fcentando e cursando, no m\u00ednimo o 2\u00ba (segundo)\u2026","rel":"","context":"Em &quot;Est\u00e1gio&quot;","block_context":{"text":"Est\u00e1gio","link":"https:\/\/mundobibliotecario.com.br\/index.php\/category\/estagio\/"},"img":{"alt_text":"","src":"","width":0,"height":0},"classes":[]},{"id":68,"url":"https:\/\/mundobibliotecario.com.br\/index.php\/2008\/08\/24\/estagio-sesi\/","url_meta":{"origin":891,"position":2},"title":"Est\u00e1gio &#8211; SESI","author":"mundobibliotecario","date":"24\/08\/2008","format":false,"excerpt":"O SESI de S\u00e3o Paulo (Av. Paulista) est\u00e1 contratando estagi\u00e1rios de biblioteconomia cursando a partir do 2\u00ba ano. Confira! Est\u00e1gio \u2013 SESI \u2013 Av. Paulista, 1313\u00a0 - Servi\u00e7o de Caixas de Cultura Cursando Superior em Biblioteconomia, a partir do 2\u00ba ano. Fun\u00e7\u00f5es a serem desempenhadas: Aux\u00edlio na classifica\u00e7\u00e3o, cataloga\u00e7\u00e3o, com\u2026","rel":"","context":"Em &quot;Est\u00e1gio&quot;","block_context":{"text":"Est\u00e1gio","link":"https:\/\/mundobibliotecario.com.br\/index.php\/category\/estagio\/"},"img":{"alt_text":"","src":"","width":0,"height":0},"classes":[]},{"id":1462,"url":"https:\/\/mundobibliotecario.com.br\/index.php\/2010\/09\/18\/estagio-em-biblioteconomia-na-electrolux\/","url_meta":{"origin":891,"position":3},"title":"Est\u00e1gio em Biblioteconomia na Electrolux","author":"mundobibliotecario","date":"18\/09\/2010","format":false,"excerpt":"Oportunidade de est\u00e1gio para alunos de Biblioteconomia na Electrolux. Vejam aqui!","rel":"","context":"Em &quot;Est\u00e1gio&quot;","block_context":{"text":"Est\u00e1gio","link":"https:\/\/mundobibliotecario.com.br\/index.php\/category\/estagio\/"},"img":{"alt_text":"","src":"","width":0,"height":0},"classes":[]},{"id":810,"url":"https:\/\/mundobibliotecario.com.br\/index.php\/2009\/08\/15\/estagio-de-biblioteconomia-cpfl\/","url_meta":{"origin":891,"position":4},"title":"Est\u00e1gio de biblioteconomia &#8211; CPFL","author":"mundobibliotecario","date":"15\/08\/2009","format":false,"excerpt":"A CPFL est\u00e1 com inscri\u00e7\u00f5es abertas para o seu programa de est\u00e1gio de 2010. Informa\u00e7\u00f5es completas est\u00e3o dispon\u00edveis no site do Jornal dos Concursos.","rel":"","context":"Em &quot;Est\u00e1gio&quot;","block_context":{"text":"Est\u00e1gio","link":"https:\/\/mundobibliotecario.com.br\/index.php\/category\/estagio\/"},"img":{"alt_text":"","src":"","width":0,"height":0},"classes":[]},{"id":809,"url":"https:\/\/mundobibliotecario.com.br\/index.php\/2009\/08\/14\/estagio-de-biblioteconomia-petrobras\/","url_meta":{"origin":891,"position":5},"title":"Est\u00e1gio de biblioteconomia &#8211; Petrobr\u00e1s","author":"mundobibliotecario","date":"14\/08\/2009","format":false,"excerpt":"A Petrobr\u00e1s est\u00e1 oferecendo 370 vagas no seu programa de est\u00e1gio de 2009. A vaga dispon\u00edvel para alunos de biblioteconomia \u00e9 para o Rio de Janeiro. Informa\u00e7\u00f5es completas no site Editais Basil.","rel":"","context":"Em &quot;Est\u00e1gio&quot;","block_context":{"text":"Est\u00e1gio","link":"https:\/\/mundobibliotecario.com.br\/index.php\/category\/estagio\/"},"img":{"alt_text":"","src":"","width":0,"height":0},"classes":[]}],"jetpack_likes_enabled":true,"jetpack_shortlink":"https:\/\/wp.me\/pcbzwa-en","_links":{"self":[{"href":"https:\/\/mundobibliotecario.com.br\/index.php\/wp-json\/wp\/v2\/posts\/891","targetHints":{"allow":["GET"]}}],"collection":[{"href":"https:\/\/mundobibliotecario.com.br\/index.php\/wp-json\/wp\/v2\/posts"}],"about":[{"href":"https:\/\/mundobibliotecario.com.br\/index.php\/wp-json\/wp\/v2\/types\/post"}],"author":[{"embeddable":true,"href":"https:\/\/mundobibliotecario.com.br\/index.php\/wp-json\/wp\/v2\/users\/1"}],"replies":[{"embeddable":true,"href":"https:\/\/mundobibliotecario.com.br\/index.php\/wp-json\/wp\/v2\/comments?post=891"}],"version-history":[{"count":0,"href":"https:\/\/mundobibliotecario.com.br\/index.php\/wp-json\/wp\/v2\/posts\/891\/revisions"}],"wp:attachment":[{"href":"https:\/\/mundobibliotecario.com.br\/index.php\/wp-json\/wp\/v2\/media?parent=891"}],"wp:term":[{"taxonomy":"category","embeddable":true,"href":"https:\/\/mundobibliotecario.com.br\/index.php\/wp-json\/wp\/v2\/categories?post=891"},{"taxonomy":"post_tag","embeddable":true,"href":"https:\/\/mundobibliotecario.com.br\/index.php\/wp-json\/wp\/v2\/tags?post=891"}],"curies":[{"name":"wp","href":"https:\/\/api.w.org\/{rel}","templated":true}]}}