{"id":8945,"date":"2021-05-31T11:00:00","date_gmt":"2021-05-31T14:00:00","guid":{"rendered":"https:\/\/mundobibliotecario.com.br\/?p=8945"},"modified":"2021-05-30T11:45:59","modified_gmt":"2021-05-30T14:45:59","slug":"tecnologia-rfid-coloca-bibliotecas-em-uma-nova-era","status":"publish","type":"post","link":"https:\/\/mundobibliotecario.com.br\/index.php\/2021\/05\/31\/tecnologia-rfid-coloca-bibliotecas-em-uma-nova-era\/","title":{"rendered":"Tecnologia RFID coloca bibliotecas em uma nova era"},"content":{"rendered":"\t\t<div data-elementor-type=\"wp-post\" data-elementor-id=\"8945\" class=\"elementor elementor-8945\">\n\t\t\t\t\t\t<div class=\"elementor-inner\">\n\t\t\t\t<div class=\"elementor-section-wrap\">\n\t\t\t\t\t\t\t\t\t<section class=\"elementor-section elementor-top-section elementor-element elementor-element-57de000 elementor-section-boxed elementor-section-height-default elementor-section-height-default\" data-id=\"57de000\" data-element_type=\"section\">\n\t\t\t\t\t\t<div class=\"elementor-container elementor-column-gap-default\">\n\t\t\t\t\t\t\t<div class=\"elementor-row\">\n\t\t\t\t\t<div class=\"elementor-column elementor-col-100 elementor-top-column elementor-element elementor-element-7da68db\" data-id=\"7da68db\" data-element_type=\"column\">\n\t\t\t<div class=\"elementor-column-wrap elementor-element-populated\">\n\t\t\t\t\t\t\t<div class=\"elementor-widget-wrap\">\n\t\t\t\t\t\t<div class=\"elementor-element elementor-element-2b293a0 elementor-widget elementor-widget-text-editor\" data-id=\"2b293a0\" data-element_type=\"widget\" data-widget_type=\"text-editor.default\">\n\t\t\t\t<div class=\"elementor-widget-container\">\n\t\t\t\t\t\t\t\t<div class=\"elementor-text-editor elementor-clearfix\">\n\t\t\t\t<p class=\"MsoNormal\"><span style=\"font-size: 9.0pt; line-height: 107%; font-family: 'Inter',sans-serif;\">O RFID, em ingl\u00eas Radio Frequency Identification, \u00e9 um m\u00e9todo de identifica\u00e7\u00e3o autom\u00e1tica feito por meio de sinais de r\u00e1dio. Al\u00e9m de identificar o produto que conter a tag, ele tamb\u00e9m rastreia a sua localiza\u00e7\u00e3o \u2013 o que quer dizer que ele pode ser colocado em uma gama de objetos, como malas em aeroportos, embalagens, produtos, cargas e, muito eficientemente, em livros. Isso faz desta tecnologia uma grande aliada das bibliotecas.<\/span><\/p><p class=\"MsoNormal\"><span style=\"font-size: 9.0pt; line-height: 107%; font-family: 'Inter',sans-serif;\">\u00c9 uma alternativa aos c\u00f3digos de barra, porque consegue fazer a identifica\u00e7\u00e3o da tag a dist\u00e2ncia. Tais etiquetas podem ser tamb\u00e9m ativas, de modo que enviem sinais da sua localiza\u00e7\u00e3o. O RFID \u00e9 usado com sucesso no rastreio de bagagens, dando \u00e0s companhias a\u00e9reas, aeroportos e passageiros, muito mais seguran\u00e7a e confiabilidade.<\/span><\/p><p><span style=\"font-size: 9.0pt; line-height: 107%; font-family: 'Inter',sans-serif; mso-fareast-font-family: Calibri; mso-fareast-theme-font: minor-latin; mso-bidi-font-family: 'Times New Roman'; mso-bidi-theme-font: minor-bidi; mso-ansi-language: PT-BR; mso-fareast-language: EN-US; mso-bidi-language: AR-SA;\">E quando transportamos isso para dentro de uma biblioteca? As vantagens s\u00e3o imensas, com potencial para dinamizar toda a l\u00f3gica de organiza\u00e7\u00e3o e processos. Com o RFID, a gest\u00e3o da biblioteca \u00e9 totalmente modernizada. A primeira delas \u00e9 que o seu invent\u00e1rio pode ser feito periodicamente de forma pr\u00e1tica sem retirar os livros das estantes.<\/span><\/p>\t\t\t\t\t<\/div>\n\t\t\t\t\t\t<\/div>\n\t\t\t\t<\/div>\n\t\t\t\t\t\t<\/div>\n\t\t\t\t\t<\/div>\n\t\t<\/div>\n\t\t\t\t\t\t\t\t<\/div>\n\t\t\t\t\t<\/div>\n\t\t<\/section>\n\t\t\t\t<section class=\"elementor-section elementor-top-section elementor-element elementor-element-fa99b75 elementor-section-boxed elementor-section-height-default elementor-section-height-default\" data-id=\"fa99b75\" data-element_type=\"section\">\n\t\t\t\t\t\t<div class=\"elementor-container elementor-column-gap-default\">\n\t\t\t\t\t\t\t<div class=\"elementor-row\">\n\t\t\t\t\t<div class=\"elementor-column elementor-col-100 elementor-top-column elementor-element elementor-element-6e65757\" data-id=\"6e65757\" data-element_type=\"column\">\n\t\t\t<div class=\"elementor-column-wrap elementor-element-populated\">\n\t\t\t\t\t\t\t<div class=\"elementor-widget-wrap\">\n\t\t\t\t\t\t<div class=\"elementor-element elementor-element-1dc80d1 elementor-widget elementor-widget-image\" data-id=\"1dc80d1\" data-element_type=\"widget\" data-widget_type=\"image.default\">\n\t\t\t\t<div class=\"elementor-widget-container\">\n\t\t\t\t\t\t\t\t<div class=\"elementor-image\">\n\t\t\t\t\t\t\t\t\t<figure class=\"wp-caption\">\n\t\t\t\t\t\t\t\t\t\t<img loading=\"lazy\" decoding=\"async\" width=\"841\" height=\"560\" src=\"https:\/\/mundobibliotecario.com.br\/wp-content\/uploads\/2021\/05\/Imagem1.jpg\" class=\"attachment-large size-large wp-image-8947\" alt=\"\" srcset=\"https:\/\/mundobibliotecario.com.br\/wp-content\/uploads\/2021\/05\/Imagem1.jpg 841w, https:\/\/mundobibliotecario.com.br\/wp-content\/uploads\/2021\/05\/Imagem1-300x200.jpg 300w, https:\/\/mundobibliotecario.com.br\/wp-content\/uploads\/2021\/05\/Imagem1-768x511.jpg 768w\" sizes=\"auto, (max-width: 841px) 100vw, 841px\" \/>\t\t\t\t\t\t\t\t\t\t\t<figcaption class=\"widget-image-caption wp-caption-text\">Bibliotec\u00e1rio realizando invent\u00e1rio em livros com tecnologia RFID <\/figcaption>\n\t\t\t\t\t\t\t\t\t\t<\/figure>\n\t\t\t\t\t\t\t\t<\/div>\n\t\t\t\t\t\t<\/div>\n\t\t\t\t<\/div>\n\t\t\t\t\t\t<\/div>\n\t\t\t\t\t<\/div>\n\t\t<\/div>\n\t\t\t\t\t\t\t\t<\/div>\n\t\t\t\t\t<\/div>\n\t\t<\/section>\n\t\t\t\t<section class=\"elementor-section elementor-top-section elementor-element elementor-element-a988a57 elementor-section-boxed elementor-section-height-default elementor-section-height-default\" data-id=\"a988a57\" data-element_type=\"section\">\n\t\t\t\t\t\t<div class=\"elementor-container elementor-column-gap-default\">\n\t\t\t\t\t\t\t<div class=\"elementor-row\">\n\t\t\t\t\t<div class=\"elementor-column elementor-col-100 elementor-top-column elementor-element elementor-element-17e857e\" data-id=\"17e857e\" data-element_type=\"column\">\n\t\t\t<div class=\"elementor-column-wrap elementor-element-populated\">\n\t\t\t\t\t\t\t<div class=\"elementor-widget-wrap\">\n\t\t\t\t\t\t<div class=\"elementor-element elementor-element-cb4a0ee elementor-widget elementor-widget-text-editor\" data-id=\"cb4a0ee\" data-element_type=\"widget\" data-widget_type=\"text-editor.default\">\n\t\t\t\t<div class=\"elementor-widget-container\">\n\t\t\t\t\t\t\t\t<div class=\"elementor-text-editor elementor-clearfix\">\n\t\t\t\t<p><span style=\"font-size: 9.0pt; line-height: 107%; font-family: 'Inter',sans-serif;\">Isso economiza recursos e otimiza muito o tempo de\u00a0gerenciamento da biblioteca como um todo, uma vez que as etiquetas s\u00e3o\u00a0inteligentes e capazes de gerenciar dados que se traduzem em praticidade,\u00a0seguran\u00e7a e agilidade. Desta forma, todos os processos s\u00e3o agilizados,\u00a0incluindo empr\u00e9stimos e devolu\u00e7\u00f5es. <\/span><\/p><p><span style=\"font-size: 9.0pt; line-height: 107%; font-family: 'Inter',sans-serif;\">No caso dos empr\u00e9stimos, o RFID \u00e9 capaz de fazer uma\u00a0automa\u00e7\u00e3o total dos processos, haja vista que permite as opera\u00e7\u00f5es de\u00a0empr\u00e9stimo, devolu\u00e7\u00e3o e renova\u00e7\u00e3o por meio de terminais de autoatendimento.\u00a0Neles, usu\u00e1rios, s\u00f3cios e alunos \u2013 dependendo do tipo de biblioteca \u2013 podem\u00a0fazer isso sozinhos de forma f\u00e1cil e intuitiva.<\/span><\/p><p><span style=\"font-size: 9.0pt; line-height: 107%; font-family: 'Inter',sans-serif;\">Outra vantagem da implanta\u00e7\u00e3o da tecnologia RFID em\u00a0bibliotecas \u00e9 o dispositivo antifurto. Com as etiquetas inteligentes, \u00e9\u00a0poss\u00edvel monitorar se um exemplar foi retirado indevidamente do acervo. Al\u00e9m\u00a0disso, pode existir um alarme \u2013 assim como em lojas do varejo -, para que ele\u00a0indique que h\u00e1 um livro passando indevidamente pela porta de sa\u00edda. <\/span><\/p><p><span style=\"font-size: 9.0pt; line-height: 107%; font-family: 'Inter',sans-serif;\">A agilidade est\u00e1 presente tamb\u00e9m no cadastro de novas\u00a0obras, economizando o tempo dos colaboradores e recursos. H\u00e1 ainda mais\u00a0vantagens em contar com esta tecnologia, que \u00e9 a localiza\u00e7\u00e3o de uma obra dentro\u00a0da pr\u00f3pria biblioteca. Mesmo se ele estiver, por engano, em uma prateleira\u00a0indevida, com o RFID \u00e9 poss\u00edvel localiz\u00e1-lo dentro do ambiente da biblioteca. <\/span><\/p><p><span style=\"font-family: Inter, sans-serif; font-size: 9pt; color: var( --e-global-color-text ); font-weight: var( --e-global-typography-text-font-weight );\">Todas essas vantagens j\u00e1 come\u00e7am a ser percebidas por\u00a0bibliotecas do mundo todo, inclusive no Brasil. Estima-se que h\u00e1 uma redu\u00e7\u00e3o\u00a0geral de 50% no tempo das opera\u00e7\u00f5es executadas pelos bibliotec\u00e1rios. Para citar\u00a0um exemplo pr\u00e1tico, imagine uma pilha de livros a serem cadastrados. Ao inv\u00e9s\u00a0de ler o c\u00f3digo de barras manualmente de cada um deles, \u00e9 poss\u00edvel realizar a\u00a0leitura de todos os livros de uma s\u00f3 vez.<\/span><\/p><p class=\"MsoNormal\"><b><span style=\"font-size: 9.0pt; line-height: 107%; font-family: 'Inter',sans-serif;\">BIBILIOTECA NO AMAZONAS IMPLEMENTA RFID <\/span><\/b><\/p><p class=\"MsoNormal\"><span style=\"font-size: 9.0pt; line-height: 107%; font-family: 'Inter',sans-serif;\">Para citar um exemplo, a Universidade do Estado do Amazonas (UEA) implementou a tecnologia RFID da Bibliotheca em 2014 em 5 bibliotecas e se preparar para expans\u00e3o para mais 2 bibliotecas em Parintins e Tef\u00e9. <\/span><\/p><p class=\"MsoNormal\"><span style=\"font-size: 9.0pt; line-height: 107%; font-family: 'Inter',sans-serif;\">Isso possibilitou que a biblioteca da UEA tornasse todo o seu acervo aberto. Desta forma, houve um aumento de circula\u00e7\u00e3o de usu\u00e1rios dentro da biblioteca, que se tornou a primeira do estado a trabalhar com o sistema de autoatendimento em 2017.<\/span><\/p><p><span style=\"font-size: 9.0pt; line-height: 107%; font-family: 'Inter',sans-serif; mso-fareast-font-family: Calibri; mso-fareast-theme-font: minor-latin; mso-bidi-font-family: 'Open Sans'; color: black; mso-themecolor: text1; mso-ansi-language: PT-BR; mso-fareast-language: EN-US; mso-bidi-language: AR-SA;\">Para conhecer mais sobre o case na Universidade do Estado do Amazonas,\u00a0<\/span><span style=\"font-size: 11.0pt; line-height: 107%; font-family: 'Calibri',sans-serif; mso-ascii-theme-font: minor-latin; mso-fareast-font-family: Calibri; mso-fareast-theme-font: minor-latin; mso-hansi-theme-font: minor-latin; mso-bidi-font-family: 'Times New Roman'; mso-bidi-theme-font: minor-bidi; mso-ansi-language: PT-BR; mso-fareast-language: EN-US; mso-bidi-language: AR-SA;\"><a href=\"about:blank\"><span style=\"font-size: 9.0pt; line-height: 107%; font-family: 'Inter',sans-serif; mso-bidi-font-family: 'Open Sans'; color: #00a651;\">acesse este link.<\/span><\/a><\/span><span style=\"font-family: Inter, sans-serif; font-size: 9pt; color: var( --e-global-color-text ); font-weight: var( --e-global-typography-text-font-weight );\"><br \/><\/span><\/p>\t\t\t\t\t<\/div>\n\t\t\t\t\t\t<\/div>\n\t\t\t\t<\/div>\n\t\t\t\t\t\t<\/div>\n\t\t\t\t\t<\/div>\n\t\t<\/div>\n\t\t\t\t\t\t\t\t<\/div>\n\t\t\t\t\t<\/div>\n\t\t<\/section>\n\t\t\t\t<section class=\"elementor-section elementor-top-section elementor-element elementor-element-ff5b510 elementor-section-boxed elementor-section-height-default elementor-section-height-default\" data-id=\"ff5b510\" data-element_type=\"section\">\n\t\t\t\t\t\t<div class=\"elementor-container elementor-column-gap-default\">\n\t\t\t\t\t\t\t<div class=\"elementor-row\">\n\t\t\t\t\t<div class=\"elementor-column elementor-col-100 elementor-top-column elementor-element elementor-element-acecb38\" data-id=\"acecb38\" data-element_type=\"column\">\n\t\t\t<div class=\"elementor-column-wrap elementor-element-populated\">\n\t\t\t\t\t\t\t<div class=\"elementor-widget-wrap\">\n\t\t\t\t\t\t<div class=\"elementor-element elementor-element-24facae elementor-widget elementor-widget-image\" data-id=\"24facae\" data-element_type=\"widget\" data-widget_type=\"image.default\">\n\t\t\t\t<div class=\"elementor-widget-container\">\n\t\t\t\t\t\t\t\t<div class=\"elementor-image\">\n\t\t\t\t\t\t\t\t\t<figure class=\"wp-caption\">\n\t\t\t\t\t\t\t\t\t\t<img loading=\"lazy\" decoding=\"async\" width=\"521\" height=\"276\" src=\"https:\/\/mundobibliotecario.com.br\/wp-content\/uploads\/2021\/05\/Imagem2.jpg\" class=\"attachment-large size-large wp-image-8948\" alt=\"\" srcset=\"https:\/\/mundobibliotecario.com.br\/wp-content\/uploads\/2021\/05\/Imagem2.jpg 521w, https:\/\/mundobibliotecario.com.br\/wp-content\/uploads\/2021\/05\/Imagem2-300x159.jpg 300w\" sizes=\"auto, (max-width: 521px) 100vw, 521px\" \/>\t\t\t\t\t\t\t\t\t\t\t<figcaption class=\"widget-image-caption wp-caption-text\">RFID Gate na Universidade do Estado do Amazonas<\/figcaption>\n\t\t\t\t\t\t\t\t\t\t<\/figure>\n\t\t\t\t\t\t\t\t<\/div>\n\t\t\t\t\t\t<\/div>\n\t\t\t\t<\/div>\n\t\t\t\t\t\t<\/div>\n\t\t\t\t\t<\/div>\n\t\t<\/div>\n\t\t\t\t\t\t\t\t<\/div>\n\t\t\t\t\t<\/div>\n\t\t<\/section>\n\t\t\t\t<section class=\"elementor-section elementor-top-section elementor-element elementor-element-a56d723 elementor-section-boxed elementor-section-height-default elementor-section-height-default\" data-id=\"a56d723\" data-element_type=\"section\">\n\t\t\t\t\t\t<div class=\"elementor-container elementor-column-gap-default\">\n\t\t\t\t\t\t\t<div class=\"elementor-row\">\n\t\t\t\t\t<div class=\"elementor-column elementor-col-100 elementor-top-column elementor-element elementor-element-68a78ba\" data-id=\"68a78ba\" data-element_type=\"column\">\n\t\t\t<div class=\"elementor-column-wrap elementor-element-populated\">\n\t\t\t\t\t\t\t<div class=\"elementor-widget-wrap\">\n\t\t\t\t\t\t<div class=\"elementor-element elementor-element-278f5c1 elementor-widget elementor-widget-text-editor\" data-id=\"278f5c1\" data-element_type=\"widget\" data-widget_type=\"text-editor.default\">\n\t\t\t\t<div class=\"elementor-widget-container\">\n\t\t\t\t\t\t\t\t<div class=\"elementor-text-editor elementor-clearfix\">\n\t\t\t\t<p class=\"MsoNormal\" style=\"text-align: justify;\"><span style=\"font-size: 9.0pt; line-height: 107%; font-family: 'Inter',sans-serif;\">Em resumo, para uma biblioteca, o RFID simplifica todos os\u00a0processos, reduzindo a carga de trabalho de busca, alterando a desconex\u00e3o entre\u00a0o processo de gest\u00e3o de empr\u00e9stimos e omiss\u00e3o de seguran\u00e7a, melhorando tamb\u00e9m a<br \/>efici\u00eancia do trabalho de estoque e reduzindo o custo com m\u00e3o de obra. \u00c9 a\u00a0tecnologia a favor do conhecimento.<\/span><\/p><p>\u00a0<\/p><p style=\"margin: 0cm; background-image: initial; background-position: initial; background-size: initial; background-repeat: initial; background-attachment: initial; background-origin: initial; background-clip: initial;\"><span style=\"font-size: 9.0pt; font-family: 'Inter',sans-serif; mso-bidi-font-family: 'Open Sans'; color: black; mso-themecolor: text1;\">Convidamos voc\u00ea para conhecer um pouco mais sobre como RFID pode ajudar\u00a0a melhorar a gest\u00e3o da sua biblioteca<\/span><span style=\"font-size: 9.0pt; font-family: 'Inter',sans-serif; mso-bidi-font-family: 'Open Sans'; color: #40454f;\">,\u00a0<\/span><span style=\"color: black; mso-color-alt: windowtext;\"><a href=\"about:blank\"><span style=\"font-size: 9.0pt; font-family: 'Inter',sans-serif; mso-bidi-font-family: 'Open Sans'; color: #00a651;\">clique aqui<\/span><\/a><\/span><span style=\"font-size: 9.0pt; font-family: 'Inter',sans-serif; mso-bidi-font-family: 'Open Sans'; color: #40454f;\">!<\/span><\/p><p style=\"margin: 0cm; background-image: initial; background-position: initial; background-size: initial; background-repeat: initial; background-attachment: initial; background-origin: initial; background-clip: initial;\"><span style=\"font-size: 9.0pt; font-family: 'Inter',sans-serif; mso-bidi-font-family: 'Open Sans'; color: #40454f;\">\u00a0<\/span><\/p><p class=\"MsoNormal\"><b><span style=\"font-size: 9.0pt; line-height: 107%; font-family: 'Inter',sans-serif;\">SOBRE A BIBLIOTHECA <\/span><\/b><\/p><p style=\"margin: 0cm; background-image: initial; background-position: initial; background-size: initial; background-repeat: initial; background-attachment: initial; background-origin: initial; background-clip: initial;\"><span style=\"font-size: 9.0pt; line-height: 107%; font-family: 'Inter',sans-serif; mso-fareast-font-family: Calibri; mso-fareast-theme-font: minor-latin; mso-bidi-font-family: 'Times New Roman'; mso-bidi-theme-font: minor-bidi; mso-ansi-language: PT-BR; mso-fareast-language: EN-US; mso-bidi-language: AR-SA;\">Por mais de 50 anos, a Bibliotheca \u00e9 parceira de bibliotecas para atender \u00e0s necessidades das suas comunidades em todo o mundo. Hoje, as bibliotecas est\u00e3o competindo com o melhor das tecnologias e n\u00e3o podem se dar ao luxo de se manterem estagnadas. Na Bibliotheca, n\u00e3o estamos apenas aguardando que o tempo passe, estamos inventando o futuro. Por meio da tecnologia integrada, reinventamos o funcionamento das bibliotecas para inspirar e encantar todo o tipo de pessoas, onde quer que elas estejam: em casa, em tr\u00e2nsito ou dentro das quatro paredes da biblioteca.\u00a0 A Bibliotheca \u00e9 parceira de 30.000 bibliotecas em todo o mundo para tornar a experi\u00eancia da biblioteca \u2013 f\u00edsica e digital \u2013 simples, intuitiva e inclusiva. Combinamos uma vis\u00e3o global com um suporte local forte, ent\u00e3o, n\u00e3o importa onde voc\u00ea esteja, teremos por perto uma equipe para ajudar a garantir que sua biblioteca esteja pronta para tudo.<\/span><span style=\"font-size: 9.0pt; font-family: 'Inter',sans-serif; mso-bidi-font-family: 'Open Sans'; color: #40454f;\"><br \/><\/span><\/p>\t\t\t\t\t<\/div>\n\t\t\t\t\t\t<\/div>\n\t\t\t\t<\/div>\n\t\t\t\t\t\t<\/div>\n\t\t\t\t\t<\/div>\n\t\t<\/div>\n\t\t\t\t\t\t\t\t<\/div>\n\t\t\t\t\t<\/div>\n\t\t<\/section>\n\t\t\t\t\t\t\t\t\t<\/div>\n\t\t\t<\/div>\n\t\t\t\t\t<\/div>\n\t\t","protected":false},"excerpt":{"rendered":"<p>O RFID, em ingl\u00eas Radio Frequency Identification, \u00e9 um m\u00e9todo de identifica\u00e7\u00e3o autom\u00e1tica feito por meio de sinais de r\u00e1dio. Al\u00e9m de identificar o produto que conter a tag, ele tamb\u00e9m rastreia a sua localiza\u00e7\u00e3o \u2013 o que quer dizer que ele pode ser colocado em uma gama de objetos, como malas em aeroportos, embalagens, &#8230; <a title=\"Tecnologia RFID coloca bibliotecas em uma nova era\" class=\"read-more\" href=\"https:\/\/mundobibliotecario.com.br\/index.php\/2021\/05\/31\/tecnologia-rfid-coloca-bibliotecas-em-uma-nova-era\/\" aria-label=\"Read more about Tecnologia RFID coloca bibliotecas em uma nova era\">Ler mais<\/a><\/p>\n","protected":false},"author":1,"featured_media":0,"comment_status":"open","ping_status":"open","sticky":false,"template":"","format":"standard","meta":{"_mi_skip_tracking":false,"_exactmetrics_sitenote_active":false,"_exactmetrics_sitenote_note":"","_exactmetrics_sitenote_category":0,"_jetpack_newsletter_access":"","footnotes":""},"categories":[60],"tags":[2,1392,1994,1717],"class_list":["post-8945","post","type-post","status-publish","format-standard","hentry","category-noticias","tag-biblioteca","tag-bibliotecas","tag-bibliotheca","tag-rfid"],"jetpack_featured_media_url":"","jetpack_sharing_enabled":true,"jetpack-related-posts":[{"id":4381,"url":"https:\/\/mundobibliotecario.com.br\/index.php\/2016\/10\/26\/snbu-2016-dia-171016\/","url_meta":{"origin":8945,"position":0},"title":"SNBU 2016 &#8211; Dia 17\/10\/16","author":"mundobibliotecario","date":"26\/10\/2016","format":false,"excerpt":"No segundo dia do SNBU 2016, cujo eixo tem\u00e1tico foi \"Gest\u00e3o sustent\u00e1vel\", acompanhei a confer\u00eancia \"Gest\u00e3o da Biblioteca Universit\u00e1ria frente \u00e0s Demandas do Contexto Contempor\u00e2neo\", proferida por\u00a0Pedro Miguel Est\u00e1cio dos Santos, diretor da biblioteca de Letras da Universidade de Lisboa. Diferentemente do Brasil, as bibliotecas universit\u00e1rias portuguesas funcionam autonomamente, e\u2026","rel":"","context":"Em &quot;Eventos&quot;","block_context":{"text":"Eventos","link":"https:\/\/mundobibliotecario.com.br\/index.php\/category\/eventos\/"},"img":{"alt_text":"","src":"","width":0,"height":0},"classes":[]},{"id":9505,"url":"https:\/\/mundobibliotecario.com.br\/index.php\/2021\/09\/27\/biblioteca-em-parintins-abre-as-portas-para-o-futuro\/","url_meta":{"origin":8945,"position":1},"title":"Biblioteca em Parintins abre as portas para o futuro","author":"mundobibliotecario","date":"27\/09\/2021","format":false,"excerpt":"Parintins \u00e9 um lugar \u00fanico: a ilha, no meio da maior floresta tropical do mundo, a 20 horas de barco de Manaus, exporta cultura e recebe tecnologia. A biblioteca da Universidade do Estado do Amazonas \u2013 UEA \u2013 em Parintins, abriu a porta do futuro, investindo em uma solu\u00e7\u00e3o completa\u2026","rel":"","context":"Em &quot;Not\u00edcias&quot;","block_context":{"text":"Not\u00edcias","link":"https:\/\/mundobibliotecario.com.br\/index.php\/category\/noticias\/"},"img":{"alt_text":"","src":"https:\/\/i0.wp.com\/img.youtube.com\/vi\/H-WPaJqGglI\/0.jpg?resize=350%2C200","width":350,"height":200},"classes":[]},{"id":3613,"url":"https:\/\/mundobibliotecario.com.br\/index.php\/2014\/10\/16\/xvii-semana-do-livro-e-da-biblioteca-na-usp-programacao-da-biblioteca-eescusp\/","url_meta":{"origin":8945,"position":2},"title":"XVII Semana do Livro e da Biblioteca na USP &#8211; Programa\u00e7\u00e3o da Biblioteca EESC\/USP","author":"mundobibliotecario","date":"16\/10\/2014","format":false,"excerpt":"XVII semana do livro e da biblioteca Participem! Inscrevam-se! Divulguem! Esperamos todos voc\u00eas! At\u00e9 l\u00e1! Nosso site da Semana e para inscri\u00e7\u00f5es:\u00a0http:\/\/www.eesc.usp.br\/eesc\/administracao\/biblioteca\/pub\/semana_livro2014\/index.php Programa\u00e7\u00e3o \u00a0 20\/10\/2014 - segunda-feira 09h00 \u00e0s 11h00 Acesso a Biblioteca Digital de Teses e Disserta\u00e7\u00f5es da USP Teresinha das Gra\u00e7as Coletta (EESC\/USP) 14h30 \u00e0s 16h00 Apresenta\u00e7\u00e3o de\u2026","rel":"","context":"Em &quot;Eventos&quot;","block_context":{"text":"Eventos","link":"https:\/\/mundobibliotecario.com.br\/index.php\/category\/eventos\/"},"img":{"alt_text":"","src":"","width":0,"height":0},"classes":[]},{"id":10057,"url":"https:\/\/mundobibliotecario.com.br\/index.php\/2022\/08\/09\/baile-nostalgico-e-atracao-gratuita-na-biblioteca-infantil-na-noite-desta-quinta-feira-11\/","url_meta":{"origin":8945,"position":3},"title":"Baile Nost\u00e1lgico \u00e9 atra\u00e7\u00e3o gratuita na Biblioteca Infantil na noite desta quinta-feira (11)","author":"mundobibliotecario","date":"09\/08\/2022","format":false,"excerpt":"A popula\u00e7\u00e3o pode participar gratuitamente, nesta quinta-feira (11), das 19h \u00e0s 22h, do Baile Nost\u00e1lgico, na Biblioteca Infantil Municipal \u201cRenato S\u00eaneca de S\u00e1 Fleury\u201d, localizada no Centro de Sorocaba. A respons\u00e1vel por animar a noite ser\u00e1 a cantora F\u00e1tima Silveira, que estar\u00e1 acompanhada pelo tecladista Zinho. Promovido pela Prefeitura de\u2026","rel":"","context":"Em &quot;Not\u00edcias&quot;","block_context":{"text":"Not\u00edcias","link":"https:\/\/mundobibliotecario.com.br\/index.php\/category\/noticias\/"},"img":{"alt_text":"","src":"https:\/\/i0.wp.com\/mundobibliotecario.com.br\/wp-content\/uploads\/2022\/08\/noticias.sorocaba.sp_.gov_.br-show-da-cantora-fatima-silveira-e-atracao-gratuita-na-biblioteca-infantil-de-sorocaba-neste-sabado-23-img-20220714-wa00321.jpg?resize=350%2C200&ssl=1","width":350,"height":200},"classes":[]},{"id":5390,"url":"https:\/\/mundobibliotecario.com.br\/index.php\/2019\/12\/30\/estudo-de-usuarios-na-web-conheca-duas-tecnicas-que-o-curso-de-biblioteconomia-nao-ensina\/","url_meta":{"origin":8945,"position":4},"title":"Estudo de usu\u00e1rios na web: conhe\u00e7a duas t\u00e9cnicas que o curso de Biblioteconomia n\u00e3o ensina","author":"mundobibliotecario","date":"30\/12\/2019","format":false,"excerpt":"Se voc\u00ea \u00e9 o respons\u00e1vel pelo gerenciamento das redes sociais da biblioteca, provavelmente j\u00e1 deve ter visto gr\u00e1ficos e n\u00fameros fornecidas pelas pr\u00f3prias redes. Eles variam desde a quantidade de compartilhamentos, curtidas, informa\u00e7\u00f5es demogr\u00e1ficas e outras. \u00c9 preciso ir al\u00e9m desses dados e entender como eles podem ser aplicados na\u2026","rel":"","context":"Em &quot;Not\u00edcias&quot;","block_context":{"text":"Not\u00edcias","link":"https:\/\/mundobibliotecario.com.br\/index.php\/category\/noticias\/"},"img":{"alt_text":"","src":"https:\/\/i0.wp.com\/mundobibliotecario.com.br\/wp-content\/uploads\/2020\/01\/instagram.png?resize=350%2C200&ssl=1","width":350,"height":200},"classes":[]},{"id":155,"url":"https:\/\/mundobibliotecario.com.br\/index.php\/2008\/11\/01\/biblioteca-mais-avancada-da-america-do-sul-sera-inaugurada-em-novembro\/","url_meta":{"origin":8945,"position":5},"title":"Biblioteca mais avan\u00e7ada da Am\u00e9rica do Sul ser\u00e1 inaugurada em novembro","author":"mundobibliotecario","date":"01\/11\/2008","format":false,"excerpt":"A cidade de Porto Alegre (Rio Grande do Sul, Brasil) recebe em novembro um novo espa\u00e7o cultural, para leitura, aprendizado e reflex\u00e3o. A PUCRS inaugura a sua nova Biblioteca Central Irm\u00e3o Jos\u00e9 Ot\u00e3o, com 21 mil metros quadrados distribu\u00eddos em 14 pavimentos, com tecnologia avan\u00e7ada de rastreamento e identifica\u00e7\u00e3o de\u2026","rel":"","context":"Em &quot;Not\u00edcias&quot;","block_context":{"text":"Not\u00edcias","link":"https:\/\/mundobibliotecario.com.br\/index.php\/category\/noticias\/"},"img":{"alt_text":"","src":"","width":0,"height":0},"classes":[]}],"jetpack_likes_enabled":true,"jetpack_shortlink":"https:\/\/wp.me\/pcbzwa-2kh","_links":{"self":[{"href":"https:\/\/mundobibliotecario.com.br\/index.php\/wp-json\/wp\/v2\/posts\/8945","targetHints":{"allow":["GET"]}}],"collection":[{"href":"https:\/\/mundobibliotecario.com.br\/index.php\/wp-json\/wp\/v2\/posts"}],"about":[{"href":"https:\/\/mundobibliotecario.com.br\/index.php\/wp-json\/wp\/v2\/types\/post"}],"author":[{"embeddable":true,"href":"https:\/\/mundobibliotecario.com.br\/index.php\/wp-json\/wp\/v2\/users\/1"}],"replies":[{"embeddable":true,"href":"https:\/\/mundobibliotecario.com.br\/index.php\/wp-json\/wp\/v2\/comments?post=8945"}],"version-history":[{"count":5,"href":"https:\/\/mundobibliotecario.com.br\/index.php\/wp-json\/wp\/v2\/posts\/8945\/revisions"}],"predecessor-version":[{"id":8952,"href":"https:\/\/mundobibliotecario.com.br\/index.php\/wp-json\/wp\/v2\/posts\/8945\/revisions\/8952"}],"wp:attachment":[{"href":"https:\/\/mundobibliotecario.com.br\/index.php\/wp-json\/wp\/v2\/media?parent=8945"}],"wp:term":[{"taxonomy":"category","embeddable":true,"href":"https:\/\/mundobibliotecario.com.br\/index.php\/wp-json\/wp\/v2\/categories?post=8945"},{"taxonomy":"post_tag","embeddable":true,"href":"https:\/\/mundobibliotecario.com.br\/index.php\/wp-json\/wp\/v2\/tags?post=8945"}],"curies":[{"name":"wp","href":"https:\/\/api.w.org\/{rel}","templated":true}]}}