{"id":897,"date":"2009-10-03T16:07:00","date_gmt":"2009-10-03T19:07:00","guid":{"rendered":"http:\/\/mundobibliotecario.wordpress.com\/?p=897"},"modified":"2009-10-03T16:07:00","modified_gmt":"2009-10-03T19:07:00","slug":"concurso-ceb-distribuicao-sa","status":"publish","type":"post","link":"https:\/\/mundobibliotecario.com.br\/index.php\/2009\/10\/03\/concurso-ceb-distribuicao-sa\/","title":{"rendered":"Concurso &#8211; CEB DISTRIBUI\u00c7\u00c3O S\/A"},"content":{"rendered":"<p>O CEB DISTRIBUI\u00c7\u00c3O S\/A abriu concurso para bibliotec\u00e1rio e outras fun\u00e7\u00f5es.\u00a0O edital publicado\u00a0no Di\u00e1rio Oficial do Distrito Federal pode ser acessado no link: <a href=\"http:\/\/www.buriti.df.gov.br\/ftp\/diariooficial\/2009\/10_Outubro\/DODF%20191%2001-10-09\/Se%C3%A7%C3%A3o03-%20191.pdf\">http:\/\/www.buriti.df.gov.br\/ftp\/diariooficial\/2009\/10_Outubro\/DODF%20191%2001-10-09\/Se%C3%A7%C3%A3o03-%20191.pdf<\/a>.\u00a0Confira abaixo!<\/p>\n<p>2.5. EMPREGO: BIBLIOTEC\u00c1RIO (C\u00d3DIGO 105)<\/p>\n<p>\u00a02.5.1. REQUISITO DE FORMA\u00c7\u00c3O ACAD\u00caMICA: diploma, devidamente registrado, de conclus\u00e3o de curso de gradua\u00e7\u00e3o em Biblioteconomia, expedido por institui\u00e7\u00e3o de ensino reconhecida pelo Minist\u00e9rio da Educa\u00e7\u00e3o e registro no Conselho Regional de Biblioteconomia.<\/p>\n<p>2.5.2. DESCRI\u00c7\u00c3O SUM\u00c1RIA DAS ATIVIDADES: desenvolver atividades de organiza\u00e7\u00e3o, tratamento, an\u00e1lise e recupera\u00e7\u00e3o de informa\u00e7\u00f5es em diversos n\u00edveis e suportes f\u00edsicos, por meios manuais e automatizados, com vistas ao atendimento das necessidades informacionais de todos os segmentos da sociedade, ao avan\u00e7o cient\u00edfico-tecnol\u00f3gicos e ao desenvolvimento social.<\/p>\n<p>2.5.3. N\u00daMERO DE VAGAS: 1 (uma) vaga para contrata\u00e7\u00e3o imediata e 19 (dezenove) vagas para forma\u00e7\u00e3o de cadastro de reserva.<\/p>\n<p>2.5.4. SAL\u00c1RIO INICIAL: R$ 2.445,90 (dois mil, quatrocentos e quarenta e cinco reais e noventa centavos).<\/p>\n<p>2.5.5. TAXA DE INSCRI\u00c7\u00c3O: R$ 78,00 (setenta e oito reais).<\/p>\n<p>Dispon\u00edvel\u00a0em: &lt;<a href=\"http:\/\/www.buriti.df.gov.br\/ftp\/diariooficial\/2009\/10_Outubro\/DODF%20191%2001-10-09\/Se%C3%A7%C3%A3o03-%20191.pdf\">http:\/\/www.buriti.df.gov.br\/ftp\/diariooficial\/2009\/10_Outubro\/DODF%20191%2001-10-09\/Se%C3%A7%C3%A3o03-%20191.pdf<\/a>&gt;.\u00a0Acesso em: 3 out. 2008.<\/p>\n","protected":false},"excerpt":{"rendered":"<p>O CEB DISTRIBUI\u00c7\u00c3O S\/A abriu concurso para bibliotec\u00e1rio e outras fun\u00e7\u00f5es.\u00a0O edital publicado\u00a0no Di\u00e1rio Oficial do Distrito Federal pode ser acessado no link: http:\/\/www.buriti.df.gov.br\/ftp\/diariooficial\/2009\/10_Outubro\/DODF%20191%2001-10-09\/Se%C3%A7%C3%A3o03-%20191.pdf.\u00a0Confira abaixo! 2.5. EMPREGO: BIBLIOTEC\u00c1RIO (C\u00d3DIGO 105) \u00a02.5.1. REQUISITO DE FORMA\u00c7\u00c3O ACAD\u00caMICA: diploma, devidamente registrado, de conclus\u00e3o de curso de gradua\u00e7\u00e3o em Biblioteconomia, expedido por institui\u00e7\u00e3o de ensino reconhecida pelo Minist\u00e9rio da &#8230; <a title=\"Concurso &#8211; CEB DISTRIBUI\u00c7\u00c3O S\/A\" class=\"read-more\" href=\"https:\/\/mundobibliotecario.com.br\/index.php\/2009\/10\/03\/concurso-ceb-distribuicao-sa\/\" aria-label=\"Read more about Concurso &#8211; CEB DISTRIBUI\u00c7\u00c3O S\/A\">Ler mais<\/a><\/p>\n","protected":false},"author":1,"featured_media":0,"comment_status":"open","ping_status":"open","sticky":false,"template":"","format":"standard","meta":{"_mi_skip_tracking":false,"_exactmetrics_sitenote_active":false,"_exactmetrics_sitenote_note":"","_exactmetrics_sitenote_category":0,"_jetpack_newsletter_access":"","footnotes":""},"categories":[168],"tags":[235],"class_list":["post-897","post","type-post","status-publish","format-standard","hentry","category-concurso","tag-concurso-de-biblioteconomia"],"jetpack_featured_media_url":"","jetpack_sharing_enabled":true,"jetpack-related-posts":[{"id":763,"url":"https:\/\/mundobibliotecario.com.br\/index.php\/2009\/07\/19\/concurso-para-bibliotecario\/","url_meta":{"origin":897,"position":0},"title":"Concurso para bibliotec\u00e1rio","author":"mundobibliotecario","date":"19\/07\/2009","format":false,"excerpt":"CONCURSO P\u00daBLICO PARA BIBLIOTEC\u00c1RIO, EM CAR\u00c1TER DE SUBSTITUI\u00c7\u00c3O POR AT\u00c9 02 ANOS - INSCRI\u00c7\u00d5ES DE 13 A 17 E 20\/07, NA UNESP\/CAMPUS EXPERIMENTAL DE REGISTRO. O edital est\u00e1 em anexo e tamb\u00e9m pode ser encontrado no site da Unidade: www.registro.unesp.br","rel":"","context":"Em &quot;Concurso&quot;","block_context":{"text":"Concurso","link":"https:\/\/mundobibliotecario.com.br\/index.php\/category\/concurso\/"},"img":{"alt_text":"","src":"","width":0,"height":0},"classes":[]},{"id":1163,"url":"https:\/\/mundobibliotecario.com.br\/index.php\/2010\/03\/13\/concurso-unicamp-bibliotecario-e-tecnico-em-biblioteconomia\/","url_meta":{"origin":897,"position":1},"title":"Concurso Unicamp &#8211; Bibliotec\u00e1rio e T\u00e9cnico em Biblioteconomia","author":"mundobibliotecario","date":"13\/03\/2010","format":false,"excerpt":"Seguem os links dos editais de Concurso na Unicamp : Bibliotec\u00e1rio 20 h\/semanais R$ 1.582,74 http:\/\/www.siarh.unicamp.br\/concurso\/VerEdital.jsf?anocon=2010&numcon=19&tipedi=1&seqtip=1 T\u00e9cnico em Biblioteconomia 40h\/semanais R$ 1.678,69 http:\/\/www.siarh.unicamp.br\/concurso\/VerEdital.jsf?anocon=2010&numcon=7&tipedi=1&seqtip=1","rel":"","context":"Em &quot;Concurso&quot;","block_context":{"text":"Concurso","link":"https:\/\/mundobibliotecario.com.br\/index.php\/category\/concurso\/"},"img":{"alt_text":"","src":"","width":0,"height":0},"classes":[]},{"id":1255,"url":"https:\/\/mundobibliotecario.com.br\/index.php\/2010\/05\/01\/concurso-fundacao-parque-zoologico-de-sao-paulo-bibliotecario\/","url_meta":{"origin":897,"position":2},"title":"Concurso Funda\u00e7\u00e3o Parque Zool\u00f3gico de S\u00e3o Paulo &#8211; Bibliotec\u00e1rio","author":"mundobibliotecario","date":"01\/05\/2010","format":false,"excerpt":"Fonte: http:\/\/www.imprensaoficial.com.br\/PortalIO\/DO\/BuscaDO2001Documento_11_4.aspx?link=\/2010\/executivo%2520secao%2520i\/maio\/01\/pag_0207_DV7G3O326K5A4e24I7NCK38PRQK.pdf&pagina=207&data=01\/05\/2010&caderno=Executivo%20I&paginaordenacao=100207 Bibliotec\u00e1rio 01 vaga Remunera\u00e7\u00e3o: R$ 1.974,00 40h - RC Superior completo em Biblioteconomia, registro no CRBibl. Conhecimentos em microinform\u00e1tica. Inscri\u00e7\u00f5es: De 03 a 19 de maio de 2010, http:\/\/www.institutocetro.org.br.","rel":"","context":"Em &quot;Concurso&quot;","block_context":{"text":"Concurso","link":"https:\/\/mundobibliotecario.com.br\/index.php\/category\/concurso\/"},"img":{"alt_text":"","src":"","width":0,"height":0},"classes":[]},{"id":1392,"url":"https:\/\/mundobibliotecario.com.br\/index.php\/2010\/07\/29\/concursos-para-bibliotecario\/","url_meta":{"origin":897,"position":3},"title":"Concursos para bibliotec\u00e1rio","author":"mundobibliotecario","date":"29\/07\/2010","format":false,"excerpt":"PREFEITURA MUNICIPAL DA EST\u00c2NCIA DE CANAN\u00c9IA Inscri\u00e7\u00f5es: 19 de julho a 01 de agosto de 2010 Sal\u00e1rio: R$ 1.368,65 Informa\u00e7\u00f5es: http:\/\/www.pciconcursos.com.br\/concurso\/prefeitura-de-cananeia-sp-52-vagas ************************** Novo concurso para o IFSP Vagas para: Barretos, Birigui, Itapetininga, Presidente Epit\u00e1cio, Registro e Votuporanga. Inscri\u00e7\u00f5es: 20\/09\/2010 a 08\/10\/2010 Edital:","rel":"","context":"Em &quot;Concurso&quot;","block_context":{"text":"Concurso","link":"https:\/\/mundobibliotecario.com.br\/index.php\/category\/concurso\/"},"img":{"alt_text":"","src":"","width":0,"height":0},"classes":[]},{"id":9726,"url":"https:\/\/mundobibliotecario.com.br\/index.php\/2021\/12\/29\/concursos-de-biblioteconomia-em-2022\/","url_meta":{"origin":897,"position":4},"title":"Concursos de Biblioteconomia em 2022","author":"mundobibliotecario","date":"29\/12\/2021","format":false,"excerpt":"Recentemente foram divulgados v\u00e1rios concursos p\u00fablicos com vagas para a \u00e1rea de Biblioteconomia. Confira alguns deles e os respectivos sal\u00e1rios! Inscreva-se e boa sorte! Fonte: PIxabay Professor de Biblioteconomia na UFPE: R$ 9.616,18 Bibliotec\u00e1rio na Assembleia Legislativa do Maranh\u00e3o (ALEMA):\u00a0R$ 7.249,59 Bibliotec\u00e1rio e Muse\u00f3logo (Pinhalzinho - SC):\u00a0R$ 3.447,10 (Bibliotec\u00e1rio) Bibliotec\u00e1rio\u2026","rel":"","context":"Em &quot;Concurso&quot;","block_context":{"text":"Concurso","link":"https:\/\/mundobibliotecario.com.br\/index.php\/category\/concurso\/"},"img":{"alt_text":"livros","src":"https:\/\/i0.wp.com\/mundobibliotecario.com.br\/wp-content\/uploads\/2021\/12\/books-gf47369fa4_1280-768x1151.jpg?resize=350%2C200&ssl=1","width":350,"height":200},"classes":[]},{"id":2419,"url":"https:\/\/mundobibliotecario.com.br\/index.php\/2012\/01\/25\/vaga-e-concurso-para-bibliotecario-2\/","url_meta":{"origin":897,"position":5},"title":"Vaga e concurso para bibliotec\u00e1rio","author":"mundobibliotecario","date":"25\/01\/2012","format":false,"excerpt":"Bibliotec\u00e1rio(a) - Institui\u00e7\u00e3o de Ensino Superior Requisitos: forma\u00e7\u00e3o superior completa em Biblioteconomia; 06 meses de experi\u00eancia profissional comprovada como bibliotec\u00e1rio(a) ou 06 meses como estagi\u00e1rio(a) em biblioteca universit\u00e1ria; conhecimento de cataloga\u00e7\u00e3o em AACR2, formato MARC21, classifica\u00e7\u00e3o em CDD e Doris, indexa\u00e7\u00e3o de documentos; conhecimento do pacote MS Office. Desej\u00e1vel: experi\u00eancia\u2026","rel":"","context":"Em &quot;Concurso&quot;","block_context":{"text":"Concurso","link":"https:\/\/mundobibliotecario.com.br\/index.php\/category\/concurso\/"},"img":{"alt_text":"","src":"","width":0,"height":0},"classes":[]}],"jetpack_likes_enabled":true,"jetpack_shortlink":"https:\/\/wp.me\/pcbzwa-et","_links":{"self":[{"href":"https:\/\/mundobibliotecario.com.br\/index.php\/wp-json\/wp\/v2\/posts\/897","targetHints":{"allow":["GET"]}}],"collection":[{"href":"https:\/\/mundobibliotecario.com.br\/index.php\/wp-json\/wp\/v2\/posts"}],"about":[{"href":"https:\/\/mundobibliotecario.com.br\/index.php\/wp-json\/wp\/v2\/types\/post"}],"author":[{"embeddable":true,"href":"https:\/\/mundobibliotecario.com.br\/index.php\/wp-json\/wp\/v2\/users\/1"}],"replies":[{"embeddable":true,"href":"https:\/\/mundobibliotecario.com.br\/index.php\/wp-json\/wp\/v2\/comments?post=897"}],"version-history":[{"count":0,"href":"https:\/\/mundobibliotecario.com.br\/index.php\/wp-json\/wp\/v2\/posts\/897\/revisions"}],"wp:attachment":[{"href":"https:\/\/mundobibliotecario.com.br\/index.php\/wp-json\/wp\/v2\/media?parent=897"}],"wp:term":[{"taxonomy":"category","embeddable":true,"href":"https:\/\/mundobibliotecario.com.br\/index.php\/wp-json\/wp\/v2\/categories?post=897"},{"taxonomy":"post_tag","embeddable":true,"href":"https:\/\/mundobibliotecario.com.br\/index.php\/wp-json\/wp\/v2\/tags?post=897"}],"curies":[{"name":"wp","href":"https:\/\/api.w.org\/{rel}","templated":true}]}}