{"id":8973,"date":"2021-06-07T16:00:00","date_gmt":"2021-06-07T19:00:00","guid":{"rendered":"https:\/\/mundobibliotecario.com.br\/?p=8973"},"modified":"2021-06-06T13:37:59","modified_gmt":"2021-06-06T16:37:59","slug":"fux-defende-gestao-da-memoria-para-preservar-identidade-e-historia-do-judiciario","status":"publish","type":"post","link":"https:\/\/mundobibliotecario.com.br\/index.php\/2021\/06\/07\/fux-defende-gestao-da-memoria-para-preservar-identidade-e-historia-do-judiciario\/","title":{"rendered":"Fux defende gest\u00e3o da mem\u00f3ria para preservar identidade e hist\u00f3ria do Judici\u00e1rio"},"content":{"rendered":"\t\t<div data-elementor-type=\"wp-post\" data-elementor-id=\"8973\" class=\"elementor elementor-8973\">\n\t\t\t\t\t\t<div class=\"elementor-inner\">\n\t\t\t\t<div class=\"elementor-section-wrap\">\n\t\t\t\t\t\t\t\t\t<section class=\"elementor-section elementor-top-section elementor-element elementor-element-8ee6dd0 elementor-section-boxed elementor-section-height-default elementor-section-height-default\" data-id=\"8ee6dd0\" data-element_type=\"section\">\n\t\t\t\t\t\t<div class=\"elementor-container elementor-column-gap-default\">\n\t\t\t\t\t\t\t<div class=\"elementor-row\">\n\t\t\t\t\t<div class=\"elementor-column elementor-col-100 elementor-top-column elementor-element elementor-element-d58cc14\" data-id=\"d58cc14\" data-element_type=\"column\">\n\t\t\t<div class=\"elementor-column-wrap elementor-element-populated\">\n\t\t\t\t\t\t\t<div class=\"elementor-widget-wrap\">\n\t\t\t\t\t\t<div class=\"elementor-element elementor-element-2f2adee elementor-widget elementor-widget-image\" data-id=\"2f2adee\" data-element_type=\"widget\" data-widget_type=\"image.default\">\n\t\t\t\t<div class=\"elementor-widget-container\">\n\t\t\t\t\t\t\t\t<div class=\"elementor-image\">\n\t\t\t\t\t\t\t\t\t<figure class=\"wp-caption\">\n\t\t\t\t\t\t\t\t\t\t<img loading=\"lazy\" decoding=\"async\" width=\"640\" height=\"427\" src=\"https:\/\/mundobibliotecario.com.br\/wp-content\/uploads\/2021\/06\/encontro-memoria.jpg\" class=\"attachment-large size-large wp-image-8975\" alt=\"\" srcset=\"https:\/\/mundobibliotecario.com.br\/wp-content\/uploads\/2021\/06\/encontro-memoria.jpg 640w, https:\/\/mundobibliotecario.com.br\/wp-content\/uploads\/2021\/06\/encontro-memoria-300x200.jpg 300w\" sizes=\"auto, (max-width: 640px) 100vw, 640px\" \/>\t\t\t\t\t\t\t\t\t\t\t<figcaption class=\"widget-image-caption wp-caption-text\">Ministro Fux na abertura do I Encontro Nacional da Mem\u00f3ria do Poder Judici\u00e1rio. Foto: Gil Ferreira\/CNJ<\/figcaption>\n\t\t\t\t\t\t\t\t\t\t<\/figure>\n\t\t\t\t\t\t\t\t<\/div>\n\t\t\t\t\t\t<\/div>\n\t\t\t\t<\/div>\n\t\t\t\t\t\t<\/div>\n\t\t\t\t\t<\/div>\n\t\t<\/div>\n\t\t\t\t\t\t\t\t<\/div>\n\t\t\t\t\t<\/div>\n\t\t<\/section>\n\t\t\t\t<section class=\"elementor-section elementor-top-section elementor-element elementor-element-fe04325 elementor-section-boxed elementor-section-height-default elementor-section-height-default\" data-id=\"fe04325\" data-element_type=\"section\">\n\t\t\t\t\t\t<div class=\"elementor-container elementor-column-gap-default\">\n\t\t\t\t\t\t\t<div class=\"elementor-row\">\n\t\t\t\t\t<div class=\"elementor-column elementor-col-100 elementor-top-column elementor-element elementor-element-badc3d2\" data-id=\"badc3d2\" data-element_type=\"column\">\n\t\t\t<div class=\"elementor-column-wrap elementor-element-populated\">\n\t\t\t\t\t\t\t<div class=\"elementor-widget-wrap\">\n\t\t\t\t\t\t<div class=\"elementor-element elementor-element-452f120 elementor-widget elementor-widget-text-editor\" data-id=\"452f120\" data-element_type=\"widget\" data-widget_type=\"text-editor.default\">\n\t\t\t\t<div class=\"elementor-widget-container\">\n\t\t\t\t\t\t\t\t<div class=\"elementor-text-editor elementor-clearfix\">\n\t\t\t\t<p>O presidente do Conselho Nacional de Justi\u00e7a (CNJ) e do Supremo Tribunal Federal (STF), ministro Luiz Fux, defendeu nesta ter\u00e7a-feira (18\/5) a import\u00e2ncia da gest\u00e3o da mem\u00f3ria institucional para a identidade e a hist\u00f3ria da Justi\u00e7a, na abertura do I Encontro Nacional de Mem\u00f3ria do Poder Judici\u00e1rio. Em 2020, o CNJ estabeleceu, por meio de resolu\u00e7\u00f5es, uma pol\u00edtica nacional de gest\u00e3o da mem\u00f3ria institucional para os tribunais brasileiros e instituiu o dia 10 de maio como o Dia da Mem\u00f3ria do Poder Judici\u00e1rio.<\/p>\n<p>Fux lembrou imagens de fil\u00f3sofos de \u00e9pocas t\u00e3o distantes entre si, como Santo Agostinho e Umberto Eco, que descrevem o valor da mem\u00f3ria dos indiv\u00edduos para definir a import\u00e2ncia da mem\u00f3ria das institui\u00e7\u00f5es do Poder Judici\u00e1rio brasileiro. Enquanto Santo Agostinho escreveu no s\u00e9culo IV que ela preserva tesouros que o esquecimento n\u00e3o absorve ou sepulta, Umberto Eco (falecido em 2016) prop\u00f4s a vida, a mem\u00f3ria e a alma dos indiv\u00edduos como uma inst\u00e2ncia \u00fanica, indissol\u00favel.<\/p>\n<p>\u201cDe nossa parte, temos o dever fundamental do n\u00e3o-esquecimento para que n\u00e3o sejam perdidos e sepultados bens materiais e imateriais, fatos e personalidades que por obras valorosas conferem e conferiram identidade a nossas institui\u00e7\u00f5es judiciais\u201d, afirmou o ministro. Os objetivos do evento que deve ser anual a partir de agora, conforme previsto na Resolu\u00e7\u00e3o CNJ n. 316\/2020, preveem a dissemina\u00e7\u00e3o do conhecimento cient\u00edfico das \u00e1reas da hist\u00f3ria, arquivologia, biblioteconomia e museologia na gest\u00e3o da mem\u00f3ria institucional do Poder Judici\u00e1rio.<\/p>\n<p>O presidente do Superior Tribunal de Justi\u00e7a (STJ), ministro Humberto Martins, tratou do direito \u00e0 mem\u00f3ria coletiva como exerc\u00edcio da preserva\u00e7\u00e3o e da prote\u00e7\u00e3o da hist\u00f3ria do pa\u00eds. Martins lembrou a import\u00e2ncia dada Constitui\u00e7\u00e3o Federal de 1988 \u00e0 preserva\u00e7\u00e3o da hist\u00f3ria e do patrim\u00f4nio cultural para se preservar a identidade do pa\u00eds. \u201cO artigo 216 definiu em que se constitui o patrim\u00f4nio cultural brasileiro e, por consequ\u00eancia, um componente indispens\u00e1vel ao aperfei\u00e7oamento das institui\u00e7\u00f5es, afirmando que dele fazem parte os bens de natureza material e imaterial, tomados de forma individual ou coletiva, que sejam portadores de refer\u00eancia \u00e0 identidade, \u00e0 na\u00e7\u00e3o, \u00e0 mem\u00f3ria dos diferentes grupos formadores da sociedade brasileira\u201d, afirmou.<\/p>\n<h3>Programa\u00e7\u00e3o<\/h3>\n<p>O I Encontro Nacional de Mem\u00f3ria do Poder Judici\u00e1rio reuniu especialistas das \u00e1reas de Hist\u00f3ria, Arquivologia, Museologia e Biblioteconomia, que abordaram a import\u00e2ncia da preserva\u00e7\u00e3o do passado e do presente para a mem\u00f3ria que ter\u00e3o as futuras gera\u00e7\u00f5es. Enquanto o membro da Academia Brasileira de Letras professor Arno Wehling falou sobre a funda\u00e7\u00e3o da Casa da Suplica\u00e7\u00e3o do Brasil, fato hist\u00f3rico que marcaria, s\u00e9culos mais tarde, o 10 de maio como o Dia da Mem\u00f3ria do Poder Judici\u00e1rio, o professor M\u00e1rio Chagas tratou do futuro dos museus judici\u00e1rios. A preserva\u00e7\u00e3o das p\u00e1ginas web e das redes sociais e a import\u00e2ncia dos acervos digitais foram objeto das reflex\u00f5es dos professores Daniel Flores e Aquiles Alencar Brayner. No evento, tamb\u00e9m foi prestada homenagem ao Dia Internacional dos Museus celebrado na mesma data (18 de maio).<\/p>\n<p>O I Encontro foi proposto pelo Comit\u00ea do Proname, em conformidade com o artigo 3\u00ba, da Resolu\u00e7\u00e3o CNJ n. 316\/2020. Participaram como mediadores Walter Godoy dos Santos J\u00fanior, juiz auxiliar do CNJ e Coordenador do Comit\u00ea; Rodrigo Capez, juiz auxiliar do CNJ, Carlos Alexandre B\u00f6ttcher e Anita Job L\u00fcbbe, ju\u00edzes integrantes do Comit\u00ea. Houve mais de 1100 inscritos no evento e o v\u00eddeo das palestras alcan\u00e7ou mais de 3500 visualiza\u00e7\u00f5es nas primeiras vinte e quatro horas.<\/p>\n<p>No final do evento, foi anunciado o Tribunal de Justi\u00e7a do Estado de Pernambuco, que comemora seu bicenten\u00e1rio, como sede do II Encontro Nacional de Mem\u00f3ria do Poder Judici\u00e1rio na semana do dia 10 de maio de 2022.<\/p>\n<p>Clique aqui para assistir \u00e0s palestras do evento no&nbsp;<a href=\"https:\/\/www.youtube.com\/user\/cnj\" target=\"_blank\" rel=\"noopener\">Canal Oficial do CNJ no YouTube<\/a>.<\/p>\n<p><\/p>\n<p><span style=\"color: var( --e-global-color-text ); font-family: var( --e-global-typography-text-font-family ), Sans-serif; font-weight: var( --e-global-typography-text-font-weight );\">Manuel Carlos Montenegro<\/span><\/p>\n<p>Ag\u00eancia CNJ de Not\u00edcias<\/p>\t\t\t\t\t<\/div>\n\t\t\t\t\t\t<\/div>\n\t\t\t\t<\/div>\n\t\t\t\t\t\t<\/div>\n\t\t\t\t\t<\/div>\n\t\t<\/div>\n\t\t\t\t\t\t\t\t<\/div>\n\t\t\t\t\t<\/div>\n\t\t<\/section>\n\t\t\t\t<section class=\"elementor-section elementor-top-section elementor-element elementor-element-c7617c7 elementor-section-boxed elementor-section-height-default elementor-section-height-default\" data-id=\"c7617c7\" data-element_type=\"section\">\n\t\t\t\t\t\t<div class=\"elementor-container elementor-column-gap-default\">\n\t\t\t\t\t\t\t<div class=\"elementor-row\">\n\t\t\t\t\t<div class=\"elementor-column elementor-col-100 elementor-top-column elementor-element elementor-element-b521ca6\" data-id=\"b521ca6\" data-element_type=\"column\">\n\t\t\t<div class=\"elementor-column-wrap elementor-element-populated\">\n\t\t\t\t\t\t\t<div class=\"elementor-widget-wrap\">\n\t\t\t\t\t\t<div class=\"elementor-element elementor-element-d8fa3b5 elementor-widget elementor-widget-video\" data-id=\"d8fa3b5\" data-element_type=\"widget\" data-settings=\"{&quot;youtube_url&quot;:&quot;https:\\\/\\\/youtu.be\\\/RkR2RjaSjC0&quot;,&quot;video_type&quot;:&quot;youtube&quot;,&quot;controls&quot;:&quot;yes&quot;}\" data-widget_type=\"video.default\">\n\t\t\t\t<div class=\"elementor-widget-container\">\n\t\t\t\t\t<div class=\"elementor-wrapper elementor-open-inline\">\n\t\t\t<div class=\"elementor-video\"><\/div>\t\t<\/div>\n\t\t\t\t<\/div>\n\t\t\t\t<\/div>\n\t\t\t\t\t\t<\/div>\n\t\t\t\t\t<\/div>\n\t\t<\/div>\n\t\t\t\t\t\t\t\t<\/div>\n\t\t\t\t\t<\/div>\n\t\t<\/section>\n\t\t\t\t<section class=\"elementor-section elementor-top-section elementor-element elementor-element-80e169d elementor-section-boxed elementor-section-height-default elementor-section-height-default\" data-id=\"80e169d\" data-element_type=\"section\">\n\t\t\t\t\t\t<div class=\"elementor-container elementor-column-gap-default\">\n\t\t\t\t\t\t\t<div class=\"elementor-row\">\n\t\t\t\t\t<div class=\"elementor-column elementor-col-100 elementor-top-column elementor-element elementor-element-fad9a14\" data-id=\"fad9a14\" data-element_type=\"column\">\n\t\t\t<div class=\"elementor-column-wrap elementor-element-populated\">\n\t\t\t\t\t\t\t<div class=\"elementor-widget-wrap\">\n\t\t\t\t\t\t<div class=\"elementor-element elementor-element-f9f41f0 elementor-widget elementor-widget-text-editor\" data-id=\"f9f41f0\" data-element_type=\"widget\" data-widget_type=\"text-editor.default\">\n\t\t\t\t<div class=\"elementor-widget-container\">\n\t\t\t\t\t\t\t\t<div class=\"elementor-text-editor elementor-clearfix\">\n\t\t\t\t<p>Dispon\u00edvel em:&nbsp;<a href=\"https:\/\/www.cnj.jus.br\/fux-defende-gestao-da-memoria-para-preservar-identidade-e-historia-do-judiciario-brasileiro\/\" target=\"_blank\">https:\/\/www.cnj.jus.br\/fux-defende-gestao-da-memoria-para-preservar-identidade-e-historia-do-judiciario-brasileiro\/<\/a>. Acesso em: 5 jun. 2021.<\/p>\t\t\t\t\t<\/div>\n\t\t\t\t\t\t<\/div>\n\t\t\t\t<\/div>\n\t\t\t\t\t\t<\/div>\n\t\t\t\t\t<\/div>\n\t\t<\/div>\n\t\t\t\t\t\t\t\t<\/div>\n\t\t\t\t\t<\/div>\n\t\t<\/section>\n\t\t\t\t\t\t\t\t\t<\/div>\n\t\t\t<\/div>\n\t\t\t\t\t<\/div>\n\t\t","protected":false},"excerpt":{"rendered":"<p>Ministro Fux na abertura do I Encontro Nacional da Mem\u00f3ria do Poder Judici\u00e1rio. Foto: Gil Ferreira\/CNJ O presidente do Conselho Nacional de Justi\u00e7a (CNJ) e do Supremo Tribunal Federal (STF), ministro Luiz Fux, defendeu nesta ter\u00e7a-feira (18\/5) a import\u00e2ncia da gest\u00e3o da mem\u00f3ria institucional para a identidade e a hist\u00f3ria da Justi\u00e7a, na abertura do &#8230; <a title=\"Fux defende gest\u00e3o da mem\u00f3ria para preservar identidade e hist\u00f3ria do Judici\u00e1rio\" class=\"read-more\" href=\"https:\/\/mundobibliotecario.com.br\/index.php\/2021\/06\/07\/fux-defende-gestao-da-memoria-para-preservar-identidade-e-historia-do-judiciario\/\" aria-label=\"Read more about Fux defende gest\u00e3o da mem\u00f3ria para preservar identidade e hist\u00f3ria do Judici\u00e1rio\">Ler mais<\/a><\/p>\n","protected":false},"author":1,"featured_media":0,"comment_status":"open","ping_status":"open","sticky":false,"template":"","format":"standard","meta":{"_mi_skip_tracking":false,"_exactmetrics_sitenote_active":false,"_exactmetrics_sitenote_note":"","_exactmetrics_sitenote_category":0,"_jetpack_newsletter_access":"","footnotes":""},"categories":[60],"tags":[181,213,1996],"class_list":["post-8973","post","type-post","status-publish","format-standard","hentry","category-noticias","tag-gestao","tag-memoria","tag-poder-judiciario"],"jetpack_featured_media_url":"","jetpack_sharing_enabled":true,"jetpack-related-posts":[{"id":2706,"url":"https:\/\/mundobibliotecario.com.br\/index.php\/2012\/09\/05\/proposta-de-criacao-de-rede-de-espacos-de-memoria-do-poder-judiciario-e-apresentada\/","url_meta":{"origin":8973,"position":0},"title":"Proposta de cria\u00e7\u00e3o de Rede de Espa\u00e7os de Mem\u00f3ria do Poder Judici\u00e1rio \u00e9 apresentada","author":"mundobibliotecario","date":"05\/09\/2012","format":false,"excerpt":"Foi lan\u00e7ado na sexta-feira (31) o documento final com a proposta para a cria\u00e7\u00e3o da Rede de Espa\u00e7os de Mem\u00f3ria do Poder Judici\u00e1rio. Com nove itens e dez subitens, o texto elaborado pelos participantes do 1\u00ba Semin\u00e1rio Nacional de Museus e Centros de Mem\u00f3ria do Judici\u00e1rio ser\u00e1 apresentado \u00e0s Presid\u00eancias\u2026","rel":"","context":"Em &quot;Not\u00edcias&quot;","block_context":{"text":"Not\u00edcias","link":"https:\/\/mundobibliotecario.com.br\/index.php\/category\/noticias\/"},"img":{"alt_text":"","src":"","width":0,"height":0},"classes":[]},{"id":2559,"url":"https:\/\/mundobibliotecario.com.br\/index.php\/2012\/04\/23\/a-historia-passa-por-aqui\/","url_meta":{"origin":8973,"position":1},"title":"A hist\u00f3ria passa por aqui","author":"mundobibliotecario","date":"23\/04\/2012","format":false,"excerpt":"O Superior Tribunal de Justi\u00e7a (STJ) editou no dia 30 de mar\u00e7o resolu\u00e7\u00e3o que disp\u00f5e sobre o plano de classifica\u00e7\u00e3o e tabela de temporalidade dos seus processos e documentos judiciais. At\u00e9 essa resolu\u00e7\u00e3o, todos os processos judiciais do Tribunal eram preservados. Com a medida, diversos documentos da atividade-fim passar\u00e3o a\u2026","rel":"","context":"Em &quot;Not\u00edcias&quot;","block_context":{"text":"Not\u00edcias","link":"https:\/\/mundobibliotecario.com.br\/index.php\/category\/noticias\/"},"img":{"alt_text":"","src":"","width":0,"height":0},"classes":[]},{"id":7960,"url":"https:\/\/mundobibliotecario.com.br\/index.php\/2020\/12\/08\/publicada-instrucao-sobre-a-regulamentacao-da-biblioteca-digital-da-justica-eleitoral\/","url_meta":{"origin":8973,"position":2},"title":"Publicada instru\u00e7\u00e3o sobre a regulamenta\u00e7\u00e3o da Biblioteca Digital da Justi\u00e7a Eleitoral","author":"mundobibliotecario","date":"08\/12\/2020","format":false,"excerpt":"Ferramenta permite consulta a documentos e publica\u00e7\u00f5es sobre mat\u00e9ria eleitoral e partid\u00e1ria Fonte: TSE Foi publicada no\u00a0Di\u00e1rio da Justi\u00e7a Eletr\u00f4nico do Tribunal Superior Eleitoral\u00a0(DJe\/TSE) do dia 24 de novembro a Instru\u00e7\u00e3o Normativa TSE n\u00b0 8, de 20 de novembro, que trata da regulamenta\u00e7\u00e3o da Biblioteca Digital da Justi\u00e7a Eleitoral (BDJE).\u2026","rel":"","context":"Em &quot;Not\u00edcias&quot;","block_context":{"text":"Not\u00edcias","link":"https:\/\/mundobibliotecario.com.br\/index.php\/category\/noticias\/"},"img":{"alt_text":"","src":"","width":0,"height":0},"classes":[]},{"id":1977,"url":"https:\/\/mundobibliotecario.com.br\/index.php\/2011\/04\/22\/jacarei-lanca-a-sua-biblioteca-digital\/","url_meta":{"origin":8973,"position":3},"title":"Jacare\u00ed lan\u00e7a a sua biblioteca digital","author":"mundobibliotecario","date":"22\/04\/2011","format":false,"excerpt":"Jacare\u00ed, uma das cidades mais antigas do Estado de S\u00e3o Paulo, ganhar\u00e1 na pr\u00f3xima semana uma biblioteca digital com fotos, jornais, revistas e documentos que revelam hist\u00f3rias interessantes de seus 359 anos de funda\u00e7\u00e3o. S\u00e3o mais de cinco mil p\u00e1ginas de 42 jornais impressos e 10 mil fotos, entre outros\u2026","rel":"","context":"Em &quot;Not\u00edcias&quot;","block_context":{"text":"Not\u00edcias","link":"https:\/\/mundobibliotecario.com.br\/index.php\/category\/noticias\/"},"img":{"alt_text":"","src":"","width":0,"height":0},"classes":[]},{"id":1664,"url":"https:\/\/mundobibliotecario.com.br\/index.php\/2011\/01\/09\/com-quem-fica-o-arquivo\/","url_meta":{"origin":8973,"position":4},"title":"Com quem fica o Arquivo?","author":"mundobibliotecario","date":"09\/01\/2011","format":false,"excerpt":"04\/01\/2011 Com quem fica o Arquivo? Decis\u00e3o de devolver a gest\u00e3o do Arquivo Nacional ao Minist\u00e9rio da Justi\u00e7a causa pol\u00eamica entre arquivistas. H\u00e1 receio de que haja perda da estabilidade conquistada na \u00faltima d\u00e9cada Alice Melo \u00a0 A\u00a0 decis\u00e3o do novo ministro-chefe da Casa Civil, Ant\u00f4nio Palocci, de transferir a\u2026","rel":"","context":"Em &quot;Not\u00edcias&quot;","block_context":{"text":"Not\u00edcias","link":"https:\/\/mundobibliotecario.com.br\/index.php\/category\/noticias\/"},"img":{"alt_text":"","src":"","width":0,"height":0},"classes":[]},{"id":2515,"url":"https:\/\/mundobibliotecario.com.br\/index.php\/2012\/03\/24\/conhecendo-o-diario-oficial-da-uniao\/","url_meta":{"origin":8973,"position":5},"title":"Conhecendo o Di\u00e1rio Oficial da Uni\u00e3o","author":"mundobibliotecario","date":"24\/03\/2012","format":false,"excerpt":"O Di\u00e1rio Oficial da Uni\u00e3o \"\u00c9 uma publica\u00e7\u00e3o oficial atrav\u00e9s da qual s\u00e3o divulgados os atos dos poderes Legislativo, Executivo e Judici\u00e1rio.\" (ATIENZA, 1979, p. 163). Para conhecer uma publica\u00e7\u00e3o como o Di\u00e1rio Oficial, Atienza (1979, p. 164) exp\u00f5e que \u00e9 necess\u00e1rio conhecer suas caracter\u00edsticas, sobretudo os seguintes aspectos: \"-\u2026","rel":"","context":"Em &quot;Not\u00edcias&quot;","block_context":{"text":"Not\u00edcias","link":"https:\/\/mundobibliotecario.com.br\/index.php\/category\/noticias\/"},"img":{"alt_text":"","src":"","width":0,"height":0},"classes":[]}],"jetpack_likes_enabled":true,"jetpack_shortlink":"https:\/\/wp.me\/pcbzwa-2kJ","_links":{"self":[{"href":"https:\/\/mundobibliotecario.com.br\/index.php\/wp-json\/wp\/v2\/posts\/8973","targetHints":{"allow":["GET"]}}],"collection":[{"href":"https:\/\/mundobibliotecario.com.br\/index.php\/wp-json\/wp\/v2\/posts"}],"about":[{"href":"https:\/\/mundobibliotecario.com.br\/index.php\/wp-json\/wp\/v2\/types\/post"}],"author":[{"embeddable":true,"href":"https:\/\/mundobibliotecario.com.br\/index.php\/wp-json\/wp\/v2\/users\/1"}],"replies":[{"embeddable":true,"href":"https:\/\/mundobibliotecario.com.br\/index.php\/wp-json\/wp\/v2\/comments?post=8973"}],"version-history":[{"count":5,"href":"https:\/\/mundobibliotecario.com.br\/index.php\/wp-json\/wp\/v2\/posts\/8973\/revisions"}],"predecessor-version":[{"id":8996,"href":"https:\/\/mundobibliotecario.com.br\/index.php\/wp-json\/wp\/v2\/posts\/8973\/revisions\/8996"}],"wp:attachment":[{"href":"https:\/\/mundobibliotecario.com.br\/index.php\/wp-json\/wp\/v2\/media?parent=8973"}],"wp:term":[{"taxonomy":"category","embeddable":true,"href":"https:\/\/mundobibliotecario.com.br\/index.php\/wp-json\/wp\/v2\/categories?post=8973"},{"taxonomy":"post_tag","embeddable":true,"href":"https:\/\/mundobibliotecario.com.br\/index.php\/wp-json\/wp\/v2\/tags?post=8973"}],"curies":[{"name":"wp","href":"https:\/\/api.w.org\/{rel}","templated":true}]}}