{"id":9025,"date":"2021-06-21T11:00:00","date_gmt":"2021-06-21T14:00:00","guid":{"rendered":"https:\/\/mundobibliotecario.com.br\/?p=9025"},"modified":"2021-06-20T17:26:12","modified_gmt":"2021-06-20T20:26:12","slug":"nota-de-repudio","status":"publish","type":"post","link":"https:\/\/mundobibliotecario.com.br\/index.php\/2021\/06\/21\/nota-de-repudio\/","title":{"rendered":"Nota de Rep\u00fadio"},"content":{"rendered":"\t\t<div data-elementor-type=\"wp-post\" data-elementor-id=\"9025\" class=\"elementor elementor-9025\">\n\t\t\t\t\t\t<div class=\"elementor-inner\">\n\t\t\t\t<div class=\"elementor-section-wrap\">\n\t\t\t\t\t\t\t\t\t<section class=\"elementor-section elementor-top-section elementor-element elementor-element-7218edc elementor-section-boxed elementor-section-height-default elementor-section-height-default\" data-id=\"7218edc\" data-element_type=\"section\">\n\t\t\t\t\t\t<div class=\"elementor-container elementor-column-gap-default\">\n\t\t\t\t\t\t\t<div class=\"elementor-row\">\n\t\t\t\t\t<div class=\"elementor-column elementor-col-100 elementor-top-column elementor-element elementor-element-84217e7\" data-id=\"84217e7\" data-element_type=\"column\">\n\t\t\t<div class=\"elementor-column-wrap elementor-element-populated\">\n\t\t\t\t\t\t\t<div class=\"elementor-widget-wrap\">\n\t\t\t\t\t\t<div class=\"elementor-element elementor-element-fa93b21 elementor-widget elementor-widget-image\" data-id=\"fa93b21\" data-element_type=\"widget\" data-widget_type=\"image.default\">\n\t\t\t\t<div class=\"elementor-widget-container\">\n\t\t\t\t\t\t\t\t<div class=\"elementor-image\">\n\t\t\t\t\t\t\t\t\t\t\t\t<img loading=\"lazy\" decoding=\"async\" width=\"439\" height=\"127\" src=\"https:\/\/mundobibliotecario.com.br\/wp-content\/uploads\/2021\/06\/CFB-logo.png\" class=\"attachment-large size-large wp-image-9027\" alt=\"\" srcset=\"https:\/\/mundobibliotecario.com.br\/wp-content\/uploads\/2021\/06\/CFB-logo.png 439w, https:\/\/mundobibliotecario.com.br\/wp-content\/uploads\/2021\/06\/CFB-logo-300x87.png 300w\" sizes=\"auto, (max-width: 439px) 100vw, 439px\" \/>\t\t\t\t\t\t\t\t\t\t\t\t\t\t<\/div>\n\t\t\t\t\t\t<\/div>\n\t\t\t\t<\/div>\n\t\t\t\t\t\t<\/div>\n\t\t\t\t\t<\/div>\n\t\t<\/div>\n\t\t\t\t\t\t\t\t<\/div>\n\t\t\t\t\t<\/div>\n\t\t<\/section>\n\t\t\t\t<section class=\"elementor-section elementor-top-section elementor-element elementor-element-690fb00 elementor-section-boxed elementor-section-height-default elementor-section-height-default\" data-id=\"690fb00\" data-element_type=\"section\">\n\t\t\t\t\t\t<div class=\"elementor-container elementor-column-gap-default\">\n\t\t\t\t\t\t\t<div class=\"elementor-row\">\n\t\t\t\t\t<div class=\"elementor-column elementor-col-100 elementor-top-column elementor-element elementor-element-5e03ff6\" data-id=\"5e03ff6\" data-element_type=\"column\">\n\t\t\t<div class=\"elementor-column-wrap elementor-element-populated\">\n\t\t\t\t\t\t\t<div class=\"elementor-widget-wrap\">\n\t\t\t\t\t\t<div class=\"elementor-element elementor-element-ce0197f elementor-widget elementor-widget-text-editor\" data-id=\"ce0197f\" data-element_type=\"widget\" data-widget_type=\"text-editor.default\">\n\t\t\t\t<div class=\"elementor-widget-container\">\n\t\t\t\t\t\t\t\t<div class=\"elementor-text-editor elementor-clearfix\">\n\t\t\t\t<p>O Conselho Federal de Biblioteconomia repudia a decis\u00e3o da Funda\u00e7\u00e3o Palmares de eliminar parte de seu acervo bibliogr\u00e1fico, ignorando, para isso, os crit\u00e9rios t\u00e9cnicos e cient\u00edficos da Biblioteconomia e dos princ\u00edpios que regem a Administra\u00e7\u00e3o P\u00fablica.<\/p><p><span style=\"color: var( --e-global-color-text ); font-family: var( --e-global-typography-text-font-family ), Sans-serif; font-weight: var( --e-global-typography-text-font-weight );\">Embora valendo-se do intitulado \u201cRetrato do Acervo: tr\u00eas d\u00e9cadas de domina\u00e7\u00e3o marxista na Funda\u00e7\u00e3o Cultural Palmares\u201d, tal documento n\u00e3o se caracteriza como uma pol\u00edtica de desenvolvimento de cole\u00e7\u00f5es, o que seria esperado de qualquer biblioteca, particularmente se vinculada a um ente federativo.<\/span><\/p><p><span style=\"color: var( --e-global-color-text ); font-family: var( --e-global-typography-text-font-family ), Sans-serif; font-weight: var( --e-global-typography-text-font-weight );\">Afora a aus\u00eancia da participa\u00e7\u00e3o de bibliotec\u00e1rios e da comunidade servida em sua elabora\u00e7\u00e3o, o documento supracitado estabelece crit\u00e9rios pessoais, ins\u00f3litos e descabidos, o que pode gerar lesividade ao patrim\u00f4nio bibliogr\u00e1fico do Pa\u00eds.<\/span><\/p><p><span style=\"color: var( --e-global-color-text ); font-family: var( --e-global-typography-text-font-family ), Sans-serif; font-weight: var( --e-global-typography-text-font-weight );\">Ao pretender justificar a elimina\u00e7\u00e3o do acervo constru\u00eddo pelas gest\u00f5es anteriores valendo-se de uma linguagem depreciativa e infundada, a Funda\u00e7\u00e3o Palmares exp\u00f5e a inger\u00eancia ideol\u00f3gica numa atividade que deveria primar pela t\u00e9cnica.<\/span><\/p><p><span style=\"color: var( --e-global-color-text ); font-family: var( --e-global-typography-text-font-family ), Sans-serif; font-weight: var( --e-global-typography-text-font-weight );\">Ademais, a medida em quest\u00e3o se torna ainda mais gravosa por se tratar de uma biblioteca financiada com dinheiro p\u00fablico, submetida, portanto, aos princ\u00edpios da indisponibilidade do interesse p\u00fablico pelos administradores do Estado, bem como o da impessoalidade, que devem afastar de seu seio afinidades ou animosidades pol\u00edticas ou ideol\u00f3gicas.<\/span><\/p><p><span style=\"color: var( --e-global-color-text ); font-family: var( --e-global-typography-text-font-family ), Sans-serif; font-weight: var( --e-global-typography-text-font-weight );\">Este Conselho Federal permanecer\u00e1 atento em sua miss\u00e3o de garantir bibliotecas acess\u00edveis e plurais, combatendo, assim, toda forma de discrimina\u00e7\u00e3o e ignor\u00e2ncia.<\/span><\/p><p><span style=\"color: var( --e-global-color-text ); font-family: var( --e-global-typography-text-font-family ), Sans-serif; font-weight: var( --e-global-typography-text-font-weight );\">Marcos Luiz Cavalcanti de Miranda \u2013 CRB-7\/4166<\/span><\/p><p>Presidente do Conselho Federal de Biblioteconomia<\/p>\t\t\t\t\t<\/div>\n\t\t\t\t\t\t<\/div>\n\t\t\t\t<\/div>\n\t\t\t\t\t\t<\/div>\n\t\t\t\t\t<\/div>\n\t\t<\/div>\n\t\t\t\t\t\t\t\t<\/div>\n\t\t\t\t\t<\/div>\n\t\t<\/section>\n\t\t\t\t<section class=\"elementor-section elementor-top-section elementor-element elementor-element-0f35016 elementor-section-boxed elementor-section-height-default elementor-section-height-default\" data-id=\"0f35016\" data-element_type=\"section\">\n\t\t\t\t\t\t<div class=\"elementor-container elementor-column-gap-default\">\n\t\t\t\t\t\t\t<div class=\"elementor-row\">\n\t\t\t\t\t<div class=\"elementor-column elementor-col-100 elementor-top-column elementor-element elementor-element-c4a3062\" data-id=\"c4a3062\" data-element_type=\"column\">\n\t\t\t<div class=\"elementor-column-wrap elementor-element-populated\">\n\t\t\t\t\t\t\t<div class=\"elementor-widget-wrap\">\n\t\t\t\t\t\t<div class=\"elementor-element elementor-element-cecad20 elementor-widget elementor-widget-text-editor\" data-id=\"cecad20\" data-element_type=\"widget\" data-widget_type=\"text-editor.default\">\n\t\t\t\t<div class=\"elementor-widget-container\">\n\t\t\t\t\t\t\t\t<div class=\"elementor-text-editor elementor-clearfix\">\n\t\t\t\t<p>Dispon\u00edvel em:&nbsp;<a href=\"http:\/\/cfb.org.br.urlpreview.net\/noticia\/nota-de-repudio\/\" target=\"_blank\">http:\/\/cfb.org.br.urlpreview.net\/noticia\/nota-de-repudio\/<\/a>. Acesso em: 20 jun. 2021.<\/p>\t\t\t\t\t<\/div>\n\t\t\t\t\t\t<\/div>\n\t\t\t\t<\/div>\n\t\t\t\t\t\t<\/div>\n\t\t\t\t\t<\/div>\n\t\t<\/div>\n\t\t\t\t\t\t\t\t<\/div>\n\t\t\t\t\t<\/div>\n\t\t<\/section>\n\t\t\t\t\t\t\t\t\t<\/div>\n\t\t\t<\/div>\n\t\t\t\t\t<\/div>\n\t\t","protected":false},"excerpt":{"rendered":"<p>O Conselho Federal de Biblioteconomia repudia a decis\u00e3o da Funda\u00e7\u00e3o Palmares de eliminar parte de seu acervo bibliogr\u00e1fico, ignorando, para isso, os crit\u00e9rios t\u00e9cnicos e cient\u00edficos da Biblioteconomia e dos princ\u00edpios que regem a Administra\u00e7\u00e3o P\u00fablica. Embora valendo-se do intitulado \u201cRetrato do Acervo: tr\u00eas d\u00e9cadas de domina\u00e7\u00e3o marxista na Funda\u00e7\u00e3o Cultural Palmares\u201d, tal documento n\u00e3o &#8230; <a title=\"Nota de Rep\u00fadio\" class=\"read-more\" href=\"https:\/\/mundobibliotecario.com.br\/index.php\/2021\/06\/21\/nota-de-repudio\/\" aria-label=\"Read more about Nota de Rep\u00fadio\">Ler mais<\/a><\/p>\n","protected":false},"author":1,"featured_media":0,"comment_status":"open","ping_status":"open","sticky":false,"template":"","format":"standard","meta":{"_mi_skip_tracking":false,"_exactmetrics_sitenote_active":false,"_exactmetrics_sitenote_note":"","_exactmetrics_sitenote_category":0,"_jetpack_newsletter_access":"","footnotes":""},"categories":[60],"tags":[2008,2010],"class_list":["post-9025","post","type-post","status-publish","format-standard","hentry","category-noticias","tag-fundacao-palmares","tag-repudio"],"jetpack_featured_media_url":"","jetpack_sharing_enabled":true,"jetpack-related-posts":[{"id":2542,"url":"https:\/\/mundobibliotecario.com.br\/index.php\/2012\/04\/03\/bolsas-de-estudo-para-graduados-em-biblioteconomia-na-fundacao-casa-de-rui-barbosa\/","url_meta":{"origin":9025,"position":0},"title":"Bolsas de estudo para graduados em Biblioteconomia na Funda\u00e7\u00e3o Casa de Rui Barbosa","author":"mundobibliotecario","date":"03\/04\/2012","format":false,"excerpt":"A Funda\u00e7\u00e3o Casa de Rui Barbosa est\u00e1 com inscri\u00e7\u00f5es abertas para graduados em Biblioteconomia interessados em desenvolver projetos de pesquisa. Confira as oportunidades! *** \u00a0j) Biblioteca Digital: pesquisa dos acervos da Funda\u00e7\u00e3o Casa de Rui Barbosa Pesquisa, levantamento, an\u00e1lise, recolhimento, acompanhamento da digitaliza\u00e7\u00e3o dos documentos e organiza\u00e7\u00e3o das informa\u00e7\u00f5es sobre\u2026","rel":"","context":"Em &quot;Emprego&quot;","block_context":{"text":"Emprego","link":"https:\/\/mundobibliotecario.com.br\/index.php\/category\/emprego\/"},"img":{"alt_text":"","src":"","width":0,"height":0},"classes":[]},{"id":4335,"url":"https:\/\/mundobibliotecario.com.br\/index.php\/2016\/09\/04\/fundacao-casa-de-rui-barbosa-processo-seletivo-simplificado-para-o-programa-de-iniciacao-cientifica\/","url_meta":{"origin":9025,"position":1},"title":"Funda\u00e7\u00e3o Casa de Rui Barbosa:  Processo seletivo simplificado para o Programa de Inicia\u00e7\u00e3o Cient\u00edfica","author":"mundobibliotecario","date":"04\/09\/2016","format":false,"excerpt":"A Funda\u00e7\u00e3o Casa de Rui Barbosa realiza processo seletivo simplificado para o Programa de Inicia\u00e7\u00e3o Cient\u00edfica da institui\u00e7\u00e3o com objetivo de selecionar candidato para exercer atividades de pesquisa no projeto \u201cCole\u00e7\u00f5es digitais: amplia\u00e7\u00e3o e qualifica\u00e7\u00e3o do acesso aos acervos memoriais da FCRB (Funda\u00e7\u00e3o Casa de Rui Barbosa)\u201d. O formul\u00e1rio de\u2026","rel":"","context":"Em &quot;Not\u00edcias&quot;","block_context":{"text":"Not\u00edcias","link":"https:\/\/mundobibliotecario.com.br\/index.php\/category\/noticias\/"},"img":{"alt_text":"","src":"https:\/\/mundobibliotecario.files.wordpress.com\/2016\/09\/crcqqv_waaia92v.jpg?w=350&h=200&crop=1","width":350,"height":200},"classes":[]},{"id":1414,"url":"https:\/\/mundobibliotecario.com.br\/index.php\/2010\/08\/16\/concursos-em-biblioteconomia\/","url_meta":{"origin":9025,"position":2},"title":"Concursos em biblioteconomia","author":"mundobibliotecario","date":"16\/08\/2010","format":false,"excerpt":"Edital de abertura de incri\u00e7\u00f5es para o concurso p\u00fablico para Professor Assistente Doutor, em RDIDP, no conjunto de disciplinas Linguagens Document\u00e1rias Hier\u00e1rquicas, Elementos de L\u00f3gica para Biblioteconomia, Pr\u00e1tica Profissional em Biblioteconomia e Forma\u00e7\u00e3o e Atua\u00e7\u00e3o Profissional, junto ao Departamento de Ci\u00eancia da Informa\u00e7\u00e3o da UNESP-Campus de Mar\u00edlia. As inscri\u00e7\u00f5es ser\u00e3o\u2026","rel":"","context":"Em &quot;Concurso&quot;","block_context":{"text":"Concurso","link":"https:\/\/mundobibliotecario.com.br\/index.php\/category\/concurso\/"},"img":{"alt_text":"","src":"","width":0,"height":0},"classes":[]},{"id":10230,"url":"https:\/\/mundobibliotecario.com.br\/index.php\/2023\/01\/10\/a-biblioteconomia-em-7-noticias-como-foi-a-primeira-semana-de-2023\/","url_meta":{"origin":9025,"position":3},"title":"A Biblioteconomia em 7 not\u00edcias: como foi a primeira semana de 2023?","author":"mundobibliotecario","date":"10\/01\/2023","format":false,"excerpt":"1. Pasta do Livro e Leitura \u00e9 elevada a status de Secretaria O Conselho Federal de Biblioteconomia (CFB) anunciou eleva\u00e7\u00e3o da Pasta do Livro e Leitura a status de Secretaria no Minist\u00e9rio da Cultura. Veja a not\u00edcia p\u00fablica no Instagram do CFB. No primeiro dia \u00fatil de seu mandato, o\u2026","rel":"","context":"Em &quot;Not\u00edcias&quot;","block_context":{"text":"Not\u00edcias","link":"https:\/\/mundobibliotecario.com.br\/index.php\/category\/noticias\/"},"img":{"alt_text":"","src":"https:\/\/i0.wp.com\/mundobibliotecario.com.br\/wp-content\/uploads\/2023\/01\/concurso-tjes.png?resize=350%2C200&ssl=1","width":350,"height":200},"classes":[]},{"id":3775,"url":"https:\/\/mundobibliotecario.com.br\/index.php\/2015\/06\/25\/selecao-de-bolsistas-de-2015-para-a-fundacao-casa-de-rui-barbosa\/","url_meta":{"origin":9025,"position":4},"title":"Sele\u00e7\u00e3o de Bolsistas de 2015 para a Funda\u00e7\u00e3o Casa de Rui Barbosa","author":"mundobibliotecario","date":"25\/06\/2015","format":false,"excerpt":"A Funda\u00e7\u00e3o Casa de Rui Barbosa (FCRB) lan\u00e7ou edital oferecendo bolsas de pesquisa para profissionais com gradua\u00e7\u00e3o completa, mestrado ou doutorado. As \u00e1reas disciplinares incluem um largo espectro das ci\u00eancias humanas e das sociais aplicadas, al\u00e9m de letras e artes, museologia, arquivologia, biblioteconomia e arquitetura. As inscri\u00e7\u00f5es para o Programa\u2026","rel":"","context":"Em &quot;Not\u00edcias&quot;","block_context":{"text":"Not\u00edcias","link":"https:\/\/mundobibliotecario.com.br\/index.php\/category\/noticias\/"},"img":{"alt_text":"","src":"","width":0,"height":0},"classes":[]},{"id":3434,"url":"https:\/\/mundobibliotecario.com.br\/index.php\/2014\/03\/17\/4-vagas-para-professor-de-biblioteconomia-na-fundacao-universidade-federal-de-rondonia-unir\/","url_meta":{"origin":9025,"position":5},"title":"4 vagas para professor de Biblioteconomia na Funda\u00e7\u00e3o Universidade Federal de Rond\u00f4nia (UNIR)","author":"mundobibliotecario","date":"17\/03\/2014","format":false,"excerpt":"A\u00a0Funda\u00e7\u00e3o Universidade Federal de Rond\u00f4nia (UNIR) est\u00e1 com 4 vagas abertas\u00a0para professor de Biblioteconomia. O edital est\u00e1 dispon\u00edvel no site da institui\u00e7\u00e3o: http:\/\/www.processoseletivo.unir.br\/index.php?pag=concursos&id=115.","rel":"","context":"Em &quot;Concurso&quot;","block_context":{"text":"Concurso","link":"https:\/\/mundobibliotecario.com.br\/index.php\/category\/concurso\/"},"img":{"alt_text":"","src":"","width":0,"height":0},"classes":[]}],"jetpack_likes_enabled":true,"jetpack_shortlink":"https:\/\/wp.me\/pcbzwa-2lz","_links":{"self":[{"href":"https:\/\/mundobibliotecario.com.br\/index.php\/wp-json\/wp\/v2\/posts\/9025","targetHints":{"allow":["GET"]}}],"collection":[{"href":"https:\/\/mundobibliotecario.com.br\/index.php\/wp-json\/wp\/v2\/posts"}],"about":[{"href":"https:\/\/mundobibliotecario.com.br\/index.php\/wp-json\/wp\/v2\/types\/post"}],"author":[{"embeddable":true,"href":"https:\/\/mundobibliotecario.com.br\/index.php\/wp-json\/wp\/v2\/users\/1"}],"replies":[{"embeddable":true,"href":"https:\/\/mundobibliotecario.com.br\/index.php\/wp-json\/wp\/v2\/comments?post=9025"}],"version-history":[{"count":5,"href":"https:\/\/mundobibliotecario.com.br\/index.php\/wp-json\/wp\/v2\/posts\/9025\/revisions"}],"predecessor-version":[{"id":9031,"href":"https:\/\/mundobibliotecario.com.br\/index.php\/wp-json\/wp\/v2\/posts\/9025\/revisions\/9031"}],"wp:attachment":[{"href":"https:\/\/mundobibliotecario.com.br\/index.php\/wp-json\/wp\/v2\/media?parent=9025"}],"wp:term":[{"taxonomy":"category","embeddable":true,"href":"https:\/\/mundobibliotecario.com.br\/index.php\/wp-json\/wp\/v2\/categories?post=9025"},{"taxonomy":"post_tag","embeddable":true,"href":"https:\/\/mundobibliotecario.com.br\/index.php\/wp-json\/wp\/v2\/tags?post=9025"}],"curies":[{"name":"wp","href":"https:\/\/api.w.org\/{rel}","templated":true}]}}