{"id":9040,"date":"2021-06-23T12:00:00","date_gmt":"2021-06-23T15:00:00","guid":{"rendered":"https:\/\/mundobibliotecario.com.br\/?p=9040"},"modified":"2021-06-20T18:45:10","modified_gmt":"2021-06-20T21:45:10","slug":"como-promover-o-advocacy-na-sua-biblioteca","status":"publish","type":"post","link":"https:\/\/mundobibliotecario.com.br\/index.php\/2021\/06\/23\/como-promover-o-advocacy-na-sua-biblioteca\/","title":{"rendered":"Como promover o advocacy na sua biblioteca"},"content":{"rendered":"\t\t<div data-elementor-type=\"wp-post\" data-elementor-id=\"9040\" class=\"elementor elementor-9040\">\n\t\t\t\t\t\t<div class=\"elementor-inner\">\n\t\t\t\t<div class=\"elementor-section-wrap\">\n\t\t\t\t\t\t\t\t\t<section class=\"elementor-section elementor-top-section elementor-element elementor-element-2101f7c elementor-section-boxed elementor-section-height-default elementor-section-height-default\" data-id=\"2101f7c\" data-element_type=\"section\">\n\t\t\t\t\t\t<div class=\"elementor-container elementor-column-gap-default\">\n\t\t\t\t\t\t\t<div class=\"elementor-row\">\n\t\t\t\t\t<div class=\"elementor-column elementor-col-100 elementor-top-column elementor-element elementor-element-d61f21b\" data-id=\"d61f21b\" data-element_type=\"column\">\n\t\t\t<div class=\"elementor-column-wrap elementor-element-populated\">\n\t\t\t\t\t\t\t<div class=\"elementor-widget-wrap\">\n\t\t\t\t\t\t<div class=\"elementor-element elementor-element-0fcafff elementor-widget elementor-widget-image\" data-id=\"0fcafff\" data-element_type=\"widget\" data-widget_type=\"image.default\">\n\t\t\t\t<div class=\"elementor-widget-container\">\n\t\t\t\t\t\t\t\t<div class=\"elementor-image\">\n\t\t\t\t\t\t\t\t\t\t\t\t<img loading=\"lazy\" decoding=\"async\" width=\"410\" height=\"1024\" src=\"https:\/\/mundobibliotecario.com.br\/wp-content\/uploads\/2021\/06\/Como-promover-o-advocacy-na-sua-biblioteca-410x1024.png\" class=\"attachment-large size-large wp-image-9042\" alt=\"Como promover o advocacy na sua biblioteca\" srcset=\"https:\/\/mundobibliotecario.com.br\/wp-content\/uploads\/2021\/06\/Como-promover-o-advocacy-na-sua-biblioteca-410x1024.png 410w, https:\/\/mundobibliotecario.com.br\/wp-content\/uploads\/2021\/06\/Como-promover-o-advocacy-na-sua-biblioteca-120x300.png 120w, https:\/\/mundobibliotecario.com.br\/wp-content\/uploads\/2021\/06\/Como-promover-o-advocacy-na-sua-biblioteca-768x1920.png 768w, https:\/\/mundobibliotecario.com.br\/wp-content\/uploads\/2021\/06\/Como-promover-o-advocacy-na-sua-biblioteca.png 800w\" sizes=\"auto, (max-width: 410px) 100vw, 410px\" \/>\t\t\t\t\t\t\t\t\t\t\t\t\t\t<\/div>\n\t\t\t\t\t\t<\/div>\n\t\t\t\t<\/div>\n\t\t\t\t\t\t<\/div>\n\t\t\t\t\t<\/div>\n\t\t<\/div>\n\t\t\t\t\t\t\t\t<\/div>\n\t\t\t\t\t<\/div>\n\t\t<\/section>\n\t\t\t\t<section class=\"elementor-section elementor-top-section elementor-element elementor-element-2154254 elementor-section-boxed elementor-section-height-default elementor-section-height-default\" data-id=\"2154254\" data-element_type=\"section\">\n\t\t\t\t\t\t<div class=\"elementor-container elementor-column-gap-default\">\n\t\t\t\t\t\t\t<div class=\"elementor-row\">\n\t\t\t\t\t<div class=\"elementor-column elementor-col-100 elementor-top-column elementor-element elementor-element-b424cd7\" data-id=\"b424cd7\" data-element_type=\"column\">\n\t\t\t<div class=\"elementor-column-wrap elementor-element-populated\">\n\t\t\t\t\t\t\t<div class=\"elementor-widget-wrap\">\n\t\t\t\t\t\t<div class=\"elementor-element elementor-element-1cd6611 elementor-widget elementor-widget-text-editor\" data-id=\"1cd6611\" data-element_type=\"widget\" data-widget_type=\"text-editor.default\">\n\t\t\t\t<div class=\"elementor-widget-container\">\n\t\t\t\t\t\t\t\t<div class=\"elementor-text-editor elementor-clearfix\">\n\t\t\t\t<p>O infogr\u00e1fico acima foi criado a partir do texto&nbsp;<a href=\"https:\/\/princh.com\/how-to-advocate-for-your-library\/\" target=\"_blank\">How to advocate for your library<\/a>, publicado no Princh.<\/p>\n<p>O texto do infogr\u00e1fico \u00e9 uma tradu\u00e7\u00e3o livre de partes do texto original.<\/p>\t\t\t\t\t<\/div>\n\t\t\t\t\t\t<\/div>\n\t\t\t\t<\/div>\n\t\t\t\t\t\t<\/div>\n\t\t\t\t\t<\/div>\n\t\t<\/div>\n\t\t\t\t\t\t\t\t<\/div>\n\t\t\t\t\t<\/div>\n\t\t<\/section>\n\t\t\t\t\t\t\t\t\t<\/div>\n\t\t\t<\/div>\n\t\t\t\t\t<\/div>\n\t\t","protected":false},"excerpt":{"rendered":"<p>O infogr\u00e1fico acima foi criado a partir do texto&nbsp;How to advocate for your library, publicado no Princh. O texto do infogr\u00e1fico \u00e9 uma tradu\u00e7\u00e3o livre de partes do texto original.<\/p>\n","protected":false},"author":1,"featured_media":0,"comment_status":"open","ping_status":"open","sticky":false,"template":"","format":"standard","meta":{"_mi_skip_tracking":false,"_exactmetrics_sitenote_active":false,"_exactmetrics_sitenote_note":"","_exactmetrics_sitenote_category":0,"_jetpack_newsletter_access":"","footnotes":""},"categories":[60],"tags":[1392],"class_list":["post-9040","post","type-post","status-publish","format-standard","hentry","category-noticias","tag-bibliotecas"],"jetpack_featured_media_url":"","jetpack_sharing_enabled":true,"jetpack-related-posts":[{"id":9448,"url":"https:\/\/mundobibliotecario.com.br\/index.php\/2021\/09\/08\/8-aplicativos-para-bibliotecas-domesticas-para-manter-sua-colecao-de-livros-organizada\/","url_meta":{"origin":9040,"position":0},"title":"8 aplicativos para bibliotecas dom\u00e9sticas para manter sua cole\u00e7\u00e3o de livros organizada","author":"mundobibliotecario","date":"08\/09\/2021","format":false,"excerpt":"O site BookRiot publicou uma lista de\u00a08 aplicativos para voc\u00ea organizar sua biblioteca dom\u00e9stica. Conhe\u00e7a quais s\u00e3o no infogr\u00e1fico abaixo!","rel":"","context":"Em &quot;Not\u00edcias&quot;","block_context":{"text":"Not\u00edcias","link":"https:\/\/mundobibliotecario.com.br\/index.php\/category\/noticias\/"},"img":{"alt_text":"","src":"https:\/\/i0.wp.com\/mundobibliotecario.com.br\/wp-content\/uploads\/2021\/09\/Apps-biblioteca-casa-1-1-614x1536.png?resize=350%2C200&ssl=1","width":350,"height":200},"classes":[]},{"id":8317,"url":"https:\/\/mundobibliotecario.com.br\/index.php\/2021\/01\/12\/mais-de-50-empregos-alternativos-em-que-os-bibliotecarios-podem-trabalhar\/","url_meta":{"origin":9040,"position":1},"title":"Mais de 50 empregos alternativos em que os bibliotec\u00e1rios podem trabalhar","author":"mundobibliotecario","date":"12\/01\/2021","format":false,"excerpt":"O Blog Universo Abierto publicou um post muito bom sobre 50 empregos alternativos para bibliotec\u00e1rios. Compilamos esses empregos no infogr\u00e1fico abaixo. Boa leitura!","rel":"","context":"Em &quot;Emprego&quot;","block_context":{"text":"Emprego","link":"https:\/\/mundobibliotecario.com.br\/index.php\/category\/emprego\/"},"img":{"alt_text":"","src":"https:\/\/i0.wp.com\/mundobibliotecario.com.br\/wp-content\/uploads\/2021\/01\/1-1.jpg?resize=350%2C200&ssl=1","width":350,"height":200},"classes":[]},{"id":2831,"url":"https:\/\/mundobibliotecario.com.br\/index.php\/2013\/01\/30\/menos-de-40-dos-leitores-de-e-books-nos-eua-sao-homens\/","url_meta":{"origin":9040,"position":2},"title":"Menos de 40% dos leitores de e-books nos EUA s\u00e3o homens","author":"mundobibliotecario","date":"30\/01\/2013","format":false,"excerpt":"Pesquisa tamb\u00e9m revela que os livros eletr\u00f4nicos s\u00e3o mais populares entre pessoas consideradas jovens, abaixo dos 45 anos Um novo estudo feito pela equipe da Random House sobre leitura de e-books nos EUA acaba de ser divulgado. As informa\u00e7\u00f5es s\u00e3o do blog The Digital Reader. A partir de relat\u00f3rios de\u2026","rel":"","context":"Em &quot;Not\u00edcias&quot;","block_context":{"text":"Not\u00edcias","link":"https:\/\/mundobibliotecario.com.br\/index.php\/category\/noticias\/"},"img":{"alt_text":"","src":"","width":0,"height":0},"classes":[]},{"id":2772,"url":"https:\/\/mundobibliotecario.com.br\/index.php\/2012\/12\/22\/google-lanca-biblioteca-digital-com-imagens-dos-manuscritos-do-mar-morto\/","url_meta":{"origin":9040,"position":3},"title":"Google lan\u00e7a biblioteca digital com imagens dos manuscritos do Mar Morto","author":"mundobibliotecario","date":"22\/12\/2012","format":false,"excerpt":"Textos incluem Livro do Deuteron\u00f4mio, que cont\u00e9m os Dez Mandamentoss, e a cria\u00e7\u00e3o do mundo em \"G\u00eanesis\" O Google, em parceria com a Autoridade de Antiguidades de Israel, postou online cerca de 5 mil imagens dos antigos Manuscritos do Mar Morto. Peda\u00e7os dos textos postados incluem uma das conhecidas c\u00f3pias\u2026","rel":"","context":"Em &quot;Not\u00edcias&quot;","block_context":{"text":"Not\u00edcias","link":"https:\/\/mundobibliotecario.com.br\/index.php\/category\/noticias\/"},"img":{"alt_text":"","src":"","width":0,"height":0},"classes":[]},{"id":3991,"url":"https:\/\/mundobibliotecario.com.br\/index.php\/2015\/10\/11\/bibliotecas-estao-obsoletas\/","url_meta":{"origin":9040,"position":4},"title":"Bibliotecas est\u00e3o obsoletas","author":"mundobibliotecario","date":"11\/10\/2015","format":false,"excerpt":"Pegando carona nas ideias de David Lankes, encontrei este interessante texto em que ele debate a obsolesc\u00eancia das bibliotecas: Libraries are obsoletes.","rel":"","context":"Em &quot;Reflex\u00f5es&quot;","block_context":{"text":"Reflex\u00f5es","link":"https:\/\/mundobibliotecario.com.br\/index.php\/category\/reflexoes\/"},"img":{"alt_text":"","src":"","width":0,"height":0},"classes":[]},{"id":549,"url":"https:\/\/mundobibliotecario.com.br\/index.php\/2009\/04\/24\/revista-usp-chega-aos-20-anos\/","url_meta":{"origin":9040,"position":5},"title":"Revista USP chega aos 20 anos","author":"mundobibliotecario","date":"24\/04\/2009","format":false,"excerpt":"8\/4\/2009 Ag\u00eancia FAPESP \u2013 A nova edi\u00e7\u00e3o da Revista USP, de n\u00famero 80, marca os 20 anos da publica\u00e7\u00e3o da Universidade de S\u00e3o Paulo. O tema \u00e9 \u201cBibliotecas Digitais\/Bibliotecas Virtuais\u201d. A nova biblioteca: o papel e o digital, de Eliana de Azevedo Marques, do Sistema Integrado de Bibliotecas da USP,\u2026","rel":"","context":"Em &quot;Not\u00edcias&quot;","block_context":{"text":"Not\u00edcias","link":"https:\/\/mundobibliotecario.com.br\/index.php\/category\/noticias\/"},"img":{"alt_text":"","src":"","width":0,"height":0},"classes":[]}],"jetpack_likes_enabled":true,"jetpack_shortlink":"https:\/\/wp.me\/pcbzwa-2lO","_links":{"self":[{"href":"https:\/\/mundobibliotecario.com.br\/index.php\/wp-json\/wp\/v2\/posts\/9040","targetHints":{"allow":["GET"]}}],"collection":[{"href":"https:\/\/mundobibliotecario.com.br\/index.php\/wp-json\/wp\/v2\/posts"}],"about":[{"href":"https:\/\/mundobibliotecario.com.br\/index.php\/wp-json\/wp\/v2\/types\/post"}],"author":[{"embeddable":true,"href":"https:\/\/mundobibliotecario.com.br\/index.php\/wp-json\/wp\/v2\/users\/1"}],"replies":[{"embeddable":true,"href":"https:\/\/mundobibliotecario.com.br\/index.php\/wp-json\/wp\/v2\/comments?post=9040"}],"version-history":[{"count":9,"href":"https:\/\/mundobibliotecario.com.br\/index.php\/wp-json\/wp\/v2\/posts\/9040\/revisions"}],"predecessor-version":[{"id":9050,"href":"https:\/\/mundobibliotecario.com.br\/index.php\/wp-json\/wp\/v2\/posts\/9040\/revisions\/9050"}],"wp:attachment":[{"href":"https:\/\/mundobibliotecario.com.br\/index.php\/wp-json\/wp\/v2\/media?parent=9040"}],"wp:term":[{"taxonomy":"category","embeddable":true,"href":"https:\/\/mundobibliotecario.com.br\/index.php\/wp-json\/wp\/v2\/categories?post=9040"},{"taxonomy":"post_tag","embeddable":true,"href":"https:\/\/mundobibliotecario.com.br\/index.php\/wp-json\/wp\/v2\/tags?post=9040"}],"curies":[{"name":"wp","href":"https:\/\/api.w.org\/{rel}","templated":true}]}}