{"id":9052,"date":"2021-06-28T15:00:00","date_gmt":"2021-06-28T18:00:00","guid":{"rendered":"https:\/\/mundobibliotecario.com.br\/?p=9052"},"modified":"2021-06-27T21:24:25","modified_gmt":"2021-06-28T00:24:25","slug":"curso-gratuito-como-utilizar-o-mendeley-na-gestao-da-pesquisa-academica","status":"publish","type":"post","link":"https:\/\/mundobibliotecario.com.br\/index.php\/2021\/06\/28\/curso-gratuito-como-utilizar-o-mendeley-na-gestao-da-pesquisa-academica\/","title":{"rendered":"Curso gratuito &#8220;Como utilizar o Mendeley na gest\u00e3o da pesquisa acad\u00eamica&#8221;"},"content":{"rendered":"\t\t<div data-elementor-type=\"wp-post\" data-elementor-id=\"9052\" class=\"elementor elementor-9052\">\n\t\t\t\t\t\t<div class=\"elementor-inner\">\n\t\t\t\t<div class=\"elementor-section-wrap\">\n\t\t\t\t\t\t\t\t\t<section class=\"elementor-section elementor-top-section elementor-element elementor-element-61de497 elementor-section-boxed elementor-section-height-default elementor-section-height-default\" data-id=\"61de497\" data-element_type=\"section\">\n\t\t\t\t\t\t<div class=\"elementor-container elementor-column-gap-default\">\n\t\t\t\t\t\t\t<div class=\"elementor-row\">\n\t\t\t\t\t<div class=\"elementor-column elementor-col-100 elementor-top-column elementor-element elementor-element-dbfd4af\" data-id=\"dbfd4af\" data-element_type=\"column\">\n\t\t\t<div class=\"elementor-column-wrap elementor-element-populated\">\n\t\t\t\t\t\t\t<div class=\"elementor-widget-wrap\">\n\t\t\t\t\t\t<div class=\"elementor-element elementor-element-5b42a7c elementor-widget elementor-widget-image\" data-id=\"5b42a7c\" data-element_type=\"widget\" data-widget_type=\"image.default\">\n\t\t\t\t<div class=\"elementor-widget-container\">\n\t\t\t\t\t\t\t\t<div class=\"elementor-image\">\n\t\t\t\t\t\t\t\t\t\t\t\t<img loading=\"lazy\" decoding=\"async\" width=\"800\" height=\"800\" src=\"https:\/\/mundobibliotecario.com.br\/wp-content\/uploads\/2021\/06\/WhatsApp-Image-2021-06-25-at-15.45.22.jpeg\" class=\"attachment-large size-large wp-image-9054\" alt=\"curso gratuito mendeley\" srcset=\"https:\/\/mundobibliotecario.com.br\/wp-content\/uploads\/2021\/06\/WhatsApp-Image-2021-06-25-at-15.45.22.jpeg 800w, https:\/\/mundobibliotecario.com.br\/wp-content\/uploads\/2021\/06\/WhatsApp-Image-2021-06-25-at-15.45.22-300x300.jpeg 300w, https:\/\/mundobibliotecario.com.br\/wp-content\/uploads\/2021\/06\/WhatsApp-Image-2021-06-25-at-15.45.22-150x150.jpeg 150w, https:\/\/mundobibliotecario.com.br\/wp-content\/uploads\/2021\/06\/WhatsApp-Image-2021-06-25-at-15.45.22-768x768.jpeg 768w\" sizes=\"auto, (max-width: 800px) 100vw, 800px\" \/>\t\t\t\t\t\t\t\t\t\t\t\t\t\t<\/div>\n\t\t\t\t\t\t<\/div>\n\t\t\t\t<\/div>\n\t\t\t\t\t\t<\/div>\n\t\t\t\t\t<\/div>\n\t\t<\/div>\n\t\t\t\t\t\t\t\t<\/div>\n\t\t\t\t\t<\/div>\n\t\t<\/section>\n\t\t\t\t<section class=\"elementor-section elementor-top-section elementor-element elementor-element-ec5a9c2 elementor-section-boxed elementor-section-height-default elementor-section-height-default\" data-id=\"ec5a9c2\" data-element_type=\"section\">\n\t\t\t\t\t\t<div class=\"elementor-container elementor-column-gap-default\">\n\t\t\t\t\t\t\t<div class=\"elementor-row\">\n\t\t\t\t\t<div class=\"elementor-column elementor-col-100 elementor-top-column elementor-element elementor-element-7f819b2\" data-id=\"7f819b2\" data-element_type=\"column\">\n\t\t\t<div class=\"elementor-column-wrap elementor-element-populated\">\n\t\t\t\t\t\t\t<div class=\"elementor-widget-wrap\">\n\t\t\t\t\t\t<div class=\"elementor-element elementor-element-b19675c elementor-widget elementor-widget-text-editor\" data-id=\"b19675c\" data-element_type=\"widget\" data-widget_type=\"text-editor.default\">\n\t\t\t\t<div class=\"elementor-widget-container\">\n\t\t\t\t\t\t\t\t<div class=\"elementor-text-editor elementor-clearfix\">\n\t\t\t\t<p>Dispon\u00edvel o curso &#8220;Como utilizar o Mendeley na gest\u00e3o da pesquisa acad\u00eamica&#8221; com a Profa. Cristina Marchetti Maia, Profa. Camila Cassiavilani e Prof. Andr\u00e9 Pereira da Silva.<\/p><p><span style=\"color: var( --e-global-color-text ); font-family: var( --e-global-typography-text-font-family ), Sans-serif; font-weight: var( --e-global-typography-text-font-weight );\">Acesse em:\u00a0<\/span><a style=\"font-family: var( --e-global-typography-text-font-family ), Sans-serif; font-weight: var( --e-global-typography-text-font-weight ); background-color: #ffffff;\" href=\"https:\/\/cursos.poca.ufscar.br\/course\/view.php?id=94\" target=\"_blank\" rel=\"noopener\" data-wplink-edit=\"true\">https:\/\/cursos.poca.ufscar.br\/course\/view.php?id=94<\/a><\/p><p><span style=\"color: var( --e-global-color-text ); font-family: var( --e-global-typography-text-font-family ), Sans-serif; font-weight: var( --e-global-typography-text-font-weight );\">Neste curso voc\u00ea ir\u00e1 descobrir como o Mendeley, software gratuito para gest\u00e3o de refer\u00eancias bibliogr\u00e1ficas, pode auxiliar na organiza\u00e7\u00e3o de sua pesquisa, pois possibilita armazenar, organizar, gerenciar e compartilhar os registros bibliogr\u00e1ficos e documentos recuperados de diversas fontes de informa\u00e7\u00e3o. Al\u00e9m disso, uma de suas funcionalidades facilita a elabora\u00e7\u00e3o de trabalhos, pois permite inserir cita\u00e7\u00f5es ao longo do texto e gerar listas de refer\u00eancias automaticamente no formato ABNT e outros estilos bibliogr\u00e1ficos. As atualiza\u00e7\u00f5es do Mendeley realizadas em 2020 e in\u00edcio de 2021 est\u00e3o contempladas neste curso.<\/span><\/p><p><span style=\"color: var( --e-global-color-text ); font-family: var( --e-global-typography-text-font-family ), Sans-serif; font-weight: var( --e-global-typography-text-font-weight );\">O curso \u00e9 oferecido pelos bibliotec\u00e1rios do Sistema Integrado de Bibliotecas da UFSCar (SIBi-UFSCar): Camila Cassiavilani, Cristina Marchetti Maia e Andr\u00e9 Pereira da Silva.<\/span><\/p><p>O curso conta com uma carga hor\u00e1ria de 20 horas e \u00e9 totalmente online e gratuito!<\/p>\t\t\t\t\t<\/div>\n\t\t\t\t\t\t<\/div>\n\t\t\t\t<\/div>\n\t\t\t\t\t\t<\/div>\n\t\t\t\t\t<\/div>\n\t\t<\/div>\n\t\t\t\t\t\t\t\t<\/div>\n\t\t\t\t\t<\/div>\n\t\t<\/section>\n\t\t\t\t<section class=\"elementor-section elementor-top-section elementor-element elementor-element-a3f64b4 elementor-section-boxed elementor-section-height-default elementor-section-height-default\" data-id=\"a3f64b4\" data-element_type=\"section\">\n\t\t\t\t\t\t<div class=\"elementor-container elementor-column-gap-default\">\n\t\t\t\t\t\t\t<div class=\"elementor-row\">\n\t\t\t\t\t<div class=\"elementor-column elementor-col-100 elementor-top-column elementor-element elementor-element-77305ed\" data-id=\"77305ed\" data-element_type=\"column\">\n\t\t\t<div class=\"elementor-column-wrap elementor-element-populated\">\n\t\t\t\t\t\t\t<div class=\"elementor-widget-wrap\">\n\t\t\t\t\t\t<div class=\"elementor-element elementor-element-372c5fc elementor-widget elementor-widget-text-editor\" data-id=\"372c5fc\" data-element_type=\"widget\" data-widget_type=\"text-editor.default\">\n\t\t\t\t<div class=\"elementor-widget-container\">\n\t\t\t\t\t\t\t\t<div class=\"elementor-text-editor elementor-clearfix\">\n\t\t\t\t<p>Facebook &#8211;&nbsp;&nbsp;<a href=\"https:\/\/www.facebook.com\/seadufscar\/photos\/a.356778917708711\/4121060757947156\" target=\"_blank\" style=\"font-family: var( --e-global-typography-text-font-family ), Sans-serif; font-weight: var( --e-global-typography-text-font-weight ); background-color: rgb(255, 255, 255);\">https:\/\/www.facebook.com\/seadufscar\/photos\/a.356778917708711\/4121060757947156<\/a><\/p><p><span style=\"color: var( --e-global-color-text ); font-family: var( --e-global-typography-text-font-family ), Sans-serif; font-weight: var( --e-global-typography-text-font-weight );\">Instagram &#8211;&nbsp;<\/span><a href=\"https:\/\/www.instagram.com\/p\/CQjYTNsARTV\/?utm_medium=copy_link\" target=\"_blank\" style=\"font-family: var( --e-global-typography-text-font-family ), Sans-serif; font-weight: var( --e-global-typography-text-font-weight ); background-color: rgb(255, 255, 255);\">https:\/\/www.instagram.com\/p\/CQjYTNsARTV\/?utm_medium=copy_link<\/a><br><\/p><p><span style=\"color: var( --e-global-color-text ); font-family: var( --e-global-typography-text-font-family ), Sans-serif; font-weight: var( --e-global-typography-text-font-weight );\">Linkedin &#8211;&nbsp;<\/span><a href=\"https:\/\/www.linkedin.com\/posts\/secretaria-geral-de-educa%C3%A7%C3%A3o-a-dist%C3%A2ncia_ufscar-seadufscar-poca-activity-6814236210861498368-ex1l\" target=\"_blank\" style=\"font-family: var( --e-global-typography-text-font-family ), Sans-serif; font-weight: var( --e-global-typography-text-font-weight ); background-color: rgb(255, 255, 255);\">https:\/\/www.linkedin.com\/posts\/secretaria-geral-de-educa%C3%A7%C3%A3o-a-dist%C3%A2ncia_ufscar-seadufscar-poca-activity-6814236210861498368-ex1l<\/a><br><\/p>\t\t\t\t\t<\/div>\n\t\t\t\t\t\t<\/div>\n\t\t\t\t<\/div>\n\t\t\t\t\t\t<\/div>\n\t\t\t\t\t<\/div>\n\t\t<\/div>\n\t\t\t\t\t\t\t\t<\/div>\n\t\t\t\t\t<\/div>\n\t\t<\/section>\n\t\t\t\t\t\t\t\t\t<\/div>\n\t\t\t<\/div>\n\t\t\t\t\t<\/div>\n\t\t","protected":false},"excerpt":{"rendered":"<p>Dispon\u00edvel o curso &#8220;Como utilizar o Mendeley na gest\u00e3o da pesquisa acad\u00eamica&#8221; com a Profa. Cristina Marchetti Maia, Profa. Camila Cassiavilani e Prof. Andr\u00e9 Pereira da Silva. Acesse em:&nbsp;https:\/\/cursos.poca.ufscar.br\/course\/view.php?id=94 Neste curso voc\u00ea ir\u00e1 descobrir como o Mendeley, software gratuito para gest\u00e3o de refer\u00eancias bibliogr\u00e1ficas, pode auxiliar na organiza\u00e7\u00e3o de sua pesquisa, pois possibilita armazenar, organizar, &#8230; <a title=\"Curso gratuito &#8220;Como utilizar o Mendeley na gest\u00e3o da pesquisa acad\u00eamica&#8221;\" class=\"read-more\" href=\"https:\/\/mundobibliotecario.com.br\/index.php\/2021\/06\/28\/curso-gratuito-como-utilizar-o-mendeley-na-gestao-da-pesquisa-academica\/\" aria-label=\"Read more about Curso gratuito &#8220;Como utilizar o Mendeley na gest\u00e3o da pesquisa acad\u00eamica&#8221;\">Ler mais<\/a><\/p>\n","protected":false},"author":1,"featured_media":0,"comment_status":"open","ping_status":"open","sticky":false,"template":"","format":"standard","meta":{"_mi_skip_tracking":false,"_exactmetrics_sitenote_active":false,"_exactmetrics_sitenote_note":"","_exactmetrics_sitenote_category":0,"_jetpack_newsletter_access":"","footnotes":""},"categories":[252],"tags":[556,2019,1941,62],"class_list":["post-9052","post","type-post","status-publish","format-standard","hentry","category-curso","tag-curso-2","tag-cursos","tag-mendeley","tag-ufscar"],"jetpack_featured_media_url":"","jetpack_sharing_enabled":true,"jetpack-related-posts":[{"id":2573,"url":"https:\/\/mundobibliotecario.com.br\/index.php\/2012\/05\/04\/ii-jornada-sobre-trabalhos-academicos-e-cientificos\/","url_meta":{"origin":9052,"position":0},"title":"II Jornada sobre Trabalhos Acad\u00eamicos e Cient\u00edficos","author":"mundobibliotecario","date":"04\/05\/2012","format":false,"excerpt":"08, 09 e 10 de maio de 2012 Inscri\u00e7\u00f5es e informa\u00e7\u00f5es: www.ufscar.br\/jornadatac Programa\u00e7\u00e3o 08 de maio - Ter\u00e7a-feira 10h00-12h00 \u0096 Palestra: Aspectos \u00e9ticos para a pesquisa cient\u00edfica - Prof. Dr. Daniel Vendr\u00fascolo (DM\/UFSCar) 14h30-16h30 - Mini-curso: Desenvolvimento de projetos acad\u00eamicos e cient\u00edficos \u0096 Profa. Dra. Camila Carneiro Dias Rigolin (DCI\/UFSCar)\u2026","rel":"","context":"Em &quot;Eventos&quot;","block_context":{"text":"Eventos","link":"https:\/\/mundobibliotecario.com.br\/index.php\/category\/eventos\/"},"img":{"alt_text":"","src":"","width":0,"height":0},"classes":[]},{"id":4569,"url":"https:\/\/mundobibliotecario.com.br\/index.php\/2017\/08\/21\/cursos-on-line-eou-semipresenciais-in-company-para-autores-editores-cientificos-e-equipes-editoriais-bibliotecarios-e-demais-profissionais-da-informacao-concurseiros-eou-em-atividade-profissional\/","url_meta":{"origin":9052,"position":1},"title":"Cursos on-line e\/ou semipresenciais in-company para autores, editores cient\u00edficos e equipes editoriais, bibliotec\u00e1rios e demais profissionais da informa\u00e7\u00e3o, concurseiros e\/ou em atividade profissional","author":"mundobibliotecario","date":"21\/08\/2017","format":false,"excerpt":"01.\u00a0Herramientas de preservaci\u00f3n en DSpace: conversi\u00f3n a XML\u00a0-\u00a0\u00a0Joel Torres \u2013 30h\/30 dias -\u00a0C\u00f3mo facilitar los procesos de preservaci\u00f3n digital en DSpace a trav\u00e9s del uso de herramientas de conversi\u00f3n desde formatos tradicionales hacia el formato XML 02.\u00a0Convert2XML: herramienta de conversi\u00f3n a XML JATS integrada a OJS\u00a0- Araceli Olivo \u2013 30h\/30\u2026","rel":"","context":"Em &quot;Curso&quot;","block_context":{"text":"Curso","link":"https:\/\/mundobibliotecario.com.br\/index.php\/category\/curso\/"},"img":{"alt_text":"","src":"","width":0,"height":0},"classes":[]},{"id":2440,"url":"https:\/\/mundobibliotecario.com.br\/index.php\/2012\/02\/09\/especializacao-lato-sensu-em-gestao-de-patrimonio-e-cultura\/","url_meta":{"origin":9052,"position":2},"title":"Especializa\u00e7\u00e3o &#8211; Lato Sensu em Gest\u00e3o de Patrim\u00f4nio e Cultura","author":"mundobibliotecario","date":"09\/02\/2012","format":false,"excerpt":"Os cursos visam oferecer uma constante atualiza\u00e7\u00e3o e aprimoramento t\u00e9cnico profissional para a forma\u00e7\u00e3o de especialistas em \u00e1reas determinadas do saber. Proporcionam tamb\u00e9m o desenvolvimento de conceitos e de pesquisas acad\u00eamicas que permitam a educa\u00e7\u00e3o continuada. Eles t\u00eam dura\u00e7\u00e3o m\u00ednima de 360 horas e contam com a presen\u00e7a de professores\u2026","rel":"","context":"Em &quot;Curso&quot;","block_context":{"text":"Curso","link":"https:\/\/mundobibliotecario.com.br\/index.php\/category\/curso\/"},"img":{"alt_text":"","src":"","width":0,"height":0},"classes":[]},{"id":2761,"url":"https:\/\/mundobibliotecario.com.br\/index.php\/2012\/12\/04\/pos-graduacao-especializacao-informacao-em-ambientes-digitais\/","url_meta":{"origin":9052,"position":3},"title":"P\u00f3s-gradua\u00e7\u00e3o &#8211; Especializa\u00e7\u00e3o Informa\u00e7\u00e3o em Ambientes Digitais","author":"mundobibliotecario","date":"04\/12\/2012","format":false,"excerpt":"Cursos de especializa\u00e7\u00e3o em n\u00edvel de p\u00f3s-gradua\u00e7\u00e3o lato sensu s\u00e3o direcionados \u00e0 \u00e1rea de exerc\u00edcio profissional, tanto do docente como de outros profissionais inseridos no mercado de trabalho, na perspectiva de educa\u00e7\u00e3o continuada. O curso de especializa\u00e7\u00e3o Informa\u00e7\u00e3o em Ambientes Digitais tem carga hor\u00e1ria m\u00ednima de 360 horas, n\u00e3o computando\u2026","rel":"","context":"Em &quot;Curso de P\u00f3s-Gradua\u00e7\u00e3o&quot;","block_context":{"text":"Curso de P\u00f3s-Gradua\u00e7\u00e3o","link":"https:\/\/mundobibliotecario.com.br\/index.php\/category\/curso-de-pos-graduacao\/"},"img":{"alt_text":"","src":"","width":0,"height":0},"classes":[]},{"id":825,"url":"https:\/\/mundobibliotecario.com.br\/index.php\/2009\/08\/23\/cursos-febab-e-fespsp\/","url_meta":{"origin":9052,"position":4},"title":"Cursos &#8211; FEBAB e FESPSP","author":"mundobibliotecario","date":"23\/08\/2009","format":false,"excerpt":"GEST\u00c3O DE UNIDADES DE INFORMA\u00c7\u00c3O Respons\u00e1vel: Prof\u00aa Rejane Gontow Data: 29 de agosto de 2009, das 8h30 \u00e0s 16h30 Local: a informar Valor: R$ 150,00 Informa\u00e7\u00f5es: Tel.: (011) 3257-9979 \/ E-mail febab@febab.org..br Site www.febab.org.br \u00a0*************************************************** CURSO DE EXTEN\u00c7\u00c3O: DOCUMENTA\u00c7\u00c3O JUR\u00cdDICA: DAS FONTES \u00c0 ORGANIZA\u00c7\u00c3O DA INFORMA\u00c7\u00c3O In\u00edcio: 15 de agosto\u2026","rel":"","context":"Em &quot;Curso&quot;","block_context":{"text":"Curso","link":"https:\/\/mundobibliotecario.com.br\/index.php\/category\/curso\/"},"img":{"alt_text":"","src":"","width":0,"height":0},"classes":[]},{"id":2765,"url":"https:\/\/mundobibliotecario.com.br\/index.php\/2012\/12\/08\/pos-graduacao-gestao-da-informacao-digital\/","url_meta":{"origin":9052,"position":5},"title":"P\u00f3s-gradua\u00e7\u00e3o &#8211; Gest\u00e3o da Informa\u00e7\u00e3o Digital","author":"mundobibliotecario","date":"08\/12\/2012","format":false,"excerpt":"Porque escolher este curso Os cursos de p\u00f3s-gradua\u00e7\u00e3o\u00a0lato sensu\u00a0em Ci\u00eancia da Informa\u00e7\u00e3o da EPG\/FESPSP s\u00e3o correlacionados e contam com disciplinas interligadas, permitindo ao aluno uma no\u00e7\u00e3o clara do seu aprendizado, desde os elementos gerais at\u00e9 os mais espec\u00edficos, construindo seu conhecimento de forma estruturada e paulatina, de acordo com suas\u2026","rel":"","context":"Em &quot;Curso de P\u00f3s-Gradua\u00e7\u00e3o&quot;","block_context":{"text":"Curso de P\u00f3s-Gradua\u00e7\u00e3o","link":"https:\/\/mundobibliotecario.com.br\/index.php\/category\/curso-de-pos-graduacao\/"},"img":{"alt_text":"","src":"","width":0,"height":0},"classes":[]}],"jetpack_likes_enabled":true,"jetpack_shortlink":"https:\/\/wp.me\/pcbzwa-2m0","_links":{"self":[{"href":"https:\/\/mundobibliotecario.com.br\/index.php\/wp-json\/wp\/v2\/posts\/9052","targetHints":{"allow":["GET"]}}],"collection":[{"href":"https:\/\/mundobibliotecario.com.br\/index.php\/wp-json\/wp\/v2\/posts"}],"about":[{"href":"https:\/\/mundobibliotecario.com.br\/index.php\/wp-json\/wp\/v2\/types\/post"}],"author":[{"embeddable":true,"href":"https:\/\/mundobibliotecario.com.br\/index.php\/wp-json\/wp\/v2\/users\/1"}],"replies":[{"embeddable":true,"href":"https:\/\/mundobibliotecario.com.br\/index.php\/wp-json\/wp\/v2\/comments?post=9052"}],"version-history":[{"count":5,"href":"https:\/\/mundobibliotecario.com.br\/index.php\/wp-json\/wp\/v2\/posts\/9052\/revisions"}],"predecessor-version":[{"id":9058,"href":"https:\/\/mundobibliotecario.com.br\/index.php\/wp-json\/wp\/v2\/posts\/9052\/revisions\/9058"}],"wp:attachment":[{"href":"https:\/\/mundobibliotecario.com.br\/index.php\/wp-json\/wp\/v2\/media?parent=9052"}],"wp:term":[{"taxonomy":"category","embeddable":true,"href":"https:\/\/mundobibliotecario.com.br\/index.php\/wp-json\/wp\/v2\/categories?post=9052"},{"taxonomy":"post_tag","embeddable":true,"href":"https:\/\/mundobibliotecario.com.br\/index.php\/wp-json\/wp\/v2\/tags?post=9052"}],"curies":[{"name":"wp","href":"https:\/\/api.w.org\/{rel}","templated":true}]}}