{"id":9068,"date":"2021-06-30T16:00:00","date_gmt":"2021-06-30T19:00:00","guid":{"rendered":"https:\/\/mundobibliotecario.com.br\/?p=9068"},"modified":"2021-06-27T21:11:51","modified_gmt":"2021-06-28T00:11:51","slug":"cancelando-o-destaque-do-projeto-big-deal","status":"publish","type":"post","link":"https:\/\/mundobibliotecario.com.br\/index.php\/2021\/06\/30\/cancelando-o-destaque-do-projeto-big-deal\/","title":{"rendered":"Cancelando o destaque do Projeto Big Deal"},"content":{"rendered":"\t\t<div data-elementor-type=\"wp-post\" data-elementor-id=\"9068\" class=\"elementor elementor-9068\">\n\t\t\t\t\t\t<div class=\"elementor-inner\">\n\t\t\t\t<div class=\"elementor-section-wrap\">\n\t\t\t\t\t\t\t\t\t<section class=\"elementor-section elementor-top-section elementor-element elementor-element-62d1924 elementor-section-boxed elementor-section-height-default elementor-section-height-default\" data-id=\"62d1924\" data-element_type=\"section\">\n\t\t\t\t\t\t<div class=\"elementor-container elementor-column-gap-default\">\n\t\t\t\t\t\t\t<div class=\"elementor-row\">\n\t\t\t\t\t<div class=\"elementor-column elementor-col-100 elementor-top-column elementor-element elementor-element-08015d7\" data-id=\"08015d7\" data-element_type=\"column\">\n\t\t\t<div class=\"elementor-column-wrap elementor-element-populated\">\n\t\t\t\t\t\t\t<div class=\"elementor-widget-wrap\">\n\t\t\t\t\t\t<div class=\"elementor-element elementor-element-61c0c21 elementor-widget elementor-widget-text-editor\" data-id=\"61c0c21\" data-element_type=\"widget\" data-widget_type=\"text-editor.default\">\n\t\t\t\t<div class=\"elementor-widget-container\">\n\t\t\t\t\t\t\t\t<div class=\"elementor-text-editor elementor-clearfix\">\n\t\t\t\t<h2 class=\"article-subheading\" style=\"box-sizing: inherit; margin-top: -10px; font-family: 'Arial black', Arial; font-style: normal; font-weight: bold; color: #000000; text-rendering: optimizelegibility; font-size: 24.5px; line-height: 1.15em; letter-spacing: -1px;\"><span style=\"box-sizing: inherit; vertical-align: inherit;\">Entrevista com Freie Universit\u00e4t Berlin com contribui\u00e7\u00f5es de Dominik Hagel, Franziska Harnisch, Mario Kowalak e Cosima Wagner<\/span><\/h2>\t\t\t\t\t<\/div>\n\t\t\t\t\t\t<\/div>\n\t\t\t\t<\/div>\n\t\t\t\t\t\t<\/div>\n\t\t\t\t\t<\/div>\n\t\t<\/div>\n\t\t\t\t\t\t\t\t<\/div>\n\t\t\t\t\t<\/div>\n\t\t<\/section>\n\t\t\t\t<section class=\"elementor-section elementor-top-section elementor-element elementor-element-fc593e4 elementor-section-boxed elementor-section-height-default elementor-section-height-default\" data-id=\"fc593e4\" data-element_type=\"section\">\n\t\t\t\t\t\t<div class=\"elementor-container elementor-column-gap-default\">\n\t\t\t\t\t\t\t<div class=\"elementor-row\">\n\t\t\t\t\t<div class=\"elementor-column elementor-col-100 elementor-top-column elementor-element elementor-element-23ccb94\" data-id=\"23ccb94\" data-element_type=\"column\">\n\t\t\t<div class=\"elementor-column-wrap elementor-element-populated\">\n\t\t\t\t\t\t\t<div class=\"elementor-widget-wrap\">\n\t\t\t\t\t\t<div class=\"elementor-element elementor-element-b81f98c elementor-widget elementor-widget-image\" data-id=\"b81f98c\" data-element_type=\"widget\" data-widget_type=\"image.default\">\n\t\t\t\t<div class=\"elementor-widget-container\">\n\t\t\t\t\t\t\t\t<div class=\"elementor-image\">\n\t\t\t\t\t\t\t\t\t<figure class=\"wp-caption\">\n\t\t\t\t\t\t\t\t\t\t<img loading=\"lazy\" decoding=\"async\" width=\"1024\" height=\"769\" src=\"https:\/\/mundobibliotecario.com.br\/wp-content\/uploads\/2021\/06\/notebook-1840276_1280-1024x769.jpg\" class=\"attachment-large size-large wp-image-9070\" alt=\"\" srcset=\"https:\/\/mundobibliotecario.com.br\/wp-content\/uploads\/2021\/06\/notebook-1840276_1280-1024x769.jpg 1024w, https:\/\/mundobibliotecario.com.br\/wp-content\/uploads\/2021\/06\/notebook-1840276_1280-300x225.jpg 300w, https:\/\/mundobibliotecario.com.br\/wp-content\/uploads\/2021\/06\/notebook-1840276_1280-768x577.jpg 768w, https:\/\/mundobibliotecario.com.br\/wp-content\/uploads\/2021\/06\/notebook-1840276_1280.jpg 1280w\" sizes=\"auto, (max-width: 1024px) 100vw, 1024px\" \/>\t\t\t\t\t\t\t\t\t\t\t<figcaption class=\"widget-image-caption wp-caption-text\">Imagem de <a href=\"https:\/\/pixabay.com\/pt\/users\/pexels-2286921\/?utm_source=link-attribution&amp;utm_medium=referral&amp;utm_campaign=image&amp;utm_content=1840276\">Pexels<\/a> por <a href=\"https:\/\/pixabay.com\/pt\/?utm_source=link-attribution&amp;utm_medium=referral&amp;utm_campaign=image&amp;utm_content=1840276\">Pixabay<\/a><\/figcaption>\n\t\t\t\t\t\t\t\t\t\t<\/figure>\n\t\t\t\t\t\t\t\t<\/div>\n\t\t\t\t\t\t<\/div>\n\t\t\t\t<\/div>\n\t\t\t\t\t\t<\/div>\n\t\t\t\t\t<\/div>\n\t\t<\/div>\n\t\t\t\t\t\t\t\t<\/div>\n\t\t\t\t\t<\/div>\n\t\t<\/section>\n\t\t\t\t<section class=\"elementor-section elementor-top-section elementor-element elementor-element-83248bd elementor-section-boxed elementor-section-height-default elementor-section-height-default\" data-id=\"83248bd\" data-element_type=\"section\">\n\t\t\t\t\t\t<div class=\"elementor-container elementor-column-gap-default\">\n\t\t\t\t\t\t\t<div class=\"elementor-row\">\n\t\t\t\t\t<div class=\"elementor-column elementor-col-100 elementor-top-column elementor-element elementor-element-374d95a\" data-id=\"374d95a\" data-element_type=\"column\">\n\t\t\t<div class=\"elementor-column-wrap elementor-element-populated\">\n\t\t\t\t\t\t\t<div class=\"elementor-widget-wrap\">\n\t\t\t\t\t\t<div class=\"elementor-element elementor-element-89982a7 elementor-widget elementor-widget-text-editor\" data-id=\"89982a7\" data-element_type=\"widget\" data-widget_type=\"text-editor.default\">\n\t\t\t\t<div class=\"elementor-widget-container\">\n\t\t\t\t\t\t\t\t<div class=\"elementor-text-editor elementor-clearfix\">\n\t\t\t\t<p style=\"box-sizing: inherit; margin-bottom: 1.42857rem; font-size: 16px; line-height: 1.85714rem; text-rendering: optimizelegibility; overflow-wrap: break-word; color: #000000; font-family: Arial, Helvetica, Roboto, sans-serif;\"><span style=\"box-sizing: inherit;\"><span style=\"box-sizing: inherit; vertical-align: inherit;\"><span style=\"box-sizing: inherit; vertical-align: inherit;\">\u00c0 medida que os or\u00e7amentos das universidades enfrentam uma tens\u00e3o consider\u00e1vel e novos modelos para fornecer acesso aberto \u00e0 comunica\u00e7\u00e3o cient\u00edfica proliferam, as bibliotecas acad\u00eamicas est\u00e3o cada vez mais buscando alternativas para o modelo de assinatura de peri\u00f3dicos \u201cBig Deal\u201d, incluindo o cancelamento.\u00a0<\/span><span style=\"box-sizing: inherit; vertical-align: inherit;\">Mas como essas estrat\u00e9gias afetam os pesquisadores e o que eles pensam delas?<\/span><\/span><\/span><\/p><p style=\"box-sizing: inherit; margin-bottom: 1.42857rem; font-size: 16px; line-height: 1.85714rem; text-rendering: optimizelegibility; overflow-wrap: break-word; color: #000000; font-family: Arial, Helvetica, Roboto, sans-serif;\"><span style=\"box-sizing: inherit;\"><span style=\"box-sizing: inherit; vertical-align: inherit;\"><span style=\"box-sizing: inherit; vertical-align: inherit;\">No ano passado, a Ithaka S + R tem estudado o impacto dos cancelamentos do Big Deal em seus usu\u00e1rios em parceria com 11 bibliotecas acad\u00eamicas.\u00a0<\/span><span style=\"box-sizing: inherit; vertical-align: inherit;\">Pesquisas anteriores se concentraram principalmente em como um cancelamento de Big Deal pode afetar uma institui\u00e7\u00e3o ou sistema e, normalmente, essa an\u00e1lise \u00e9 conduzida com o objetivo de identificar quais peri\u00f3dicos uma biblioteca pode cortar.\u00a0<\/span><span style=\"box-sizing: inherit; vertical-align: inherit;\">Nosso projeto \u00e9 \u00fanico porque sondamos pesquisadores sobre os efeitos cont\u00ednuos do cancelamento em seus trabalhos em v\u00e1rias institui\u00e7\u00f5es simultaneamente.<\/span><\/span><\/span><\/p><p style=\"box-sizing: inherit; margin-bottom: 1.42857rem; font-size: 16px; line-height: 1.85714rem; text-rendering: optimizelegibility; overflow-wrap: break-word; color: #000000; font-family: Arial, Helvetica, Roboto, sans-serif;\"><a style=\"box-sizing: inherit; line-height: inherit; color: #1770b1; cursor: pointer; border-bottom-style: solid; border-color: #1770b1; overflow-wrap: break-word;\" href=\"https:\/\/sr.ithaka.org\/publications\/whats-the-big-deal\"><span style=\"box-sizing: inherit;\">Lan\u00e7amos descobertas que destacam os principais padr\u00f5es de como os usu\u00e1rios de bibliotecas est\u00e3o enfrentando cancelamentos de grandes neg\u00f3cios em nosso grupo<\/span><\/a><span style=\"box-sizing: inherit;\"><span style=\"box-sizing: inherit; vertical-align: inherit;\"><span style=\"box-sizing: inherit; vertical-align: inherit;\">\u00a0.\u00a0<\/span><span style=\"box-sizing: inherit; vertical-align: inherit;\">Tamb\u00e9m \u00e9 importante reconhecer como contextos institucionais \u00fanicos e de cancelamento podem afetar as experi\u00eancias dos pesquisadores.\u00a0<\/span><span style=\"box-sizing: inherit; vertical-align: inherit;\">Hoje, tra\u00e7amos o perfil de nosso parceiro de projeto, a Freie Universit\u00e4t Berlin, para explorar como a situa\u00e7\u00e3o est\u00e1 se desenvolvendo em sua institui\u00e7\u00e3o e o que eles aprenderam com nosso projeto.<\/span><\/span><\/span><\/p>\t\t\t\t\t<\/div>\n\t\t\t\t\t\t<\/div>\n\t\t\t\t<\/div>\n\t\t\t\t\t\t<\/div>\n\t\t\t\t\t<\/div>\n\t\t<\/div>\n\t\t\t\t\t\t\t\t<\/div>\n\t\t\t\t\t<\/div>\n\t\t<\/section>\n\t\t\t\t<section class=\"elementor-section elementor-top-section elementor-element elementor-element-d2b340d elementor-section-boxed elementor-section-height-default elementor-section-height-default\" data-id=\"d2b340d\" data-element_type=\"section\">\n\t\t\t\t\t\t<div class=\"elementor-container elementor-column-gap-default\">\n\t\t\t\t\t\t\t<div class=\"elementor-row\">\n\t\t\t\t\t<div class=\"elementor-column elementor-col-100 elementor-top-column elementor-element elementor-element-adde61e\" data-id=\"adde61e\" data-element_type=\"column\">\n\t\t\t<div class=\"elementor-column-wrap elementor-element-populated\">\n\t\t\t\t\t\t\t<div class=\"elementor-widget-wrap\">\n\t\t\t\t\t\t<div class=\"elementor-element elementor-element-79b47e0 elementor-widget elementor-widget-text-editor\" data-id=\"79b47e0\" data-element_type=\"widget\" data-widget_type=\"text-editor.default\">\n\t\t\t\t<div class=\"elementor-widget-container\">\n\t\t\t\t\t\t\t\t<div class=\"elementor-text-editor elementor-clearfix\">\n\t\t\t\t<p>Os par\u00e1grafos acima s\u00e3o uma tradu\u00e7\u00e3o livre do post Cancelling the Big Deal Project Spotlight, de Danielle Cooper, publicado no blog do&nbsp;<a href=\"https:\/\/sr.ithaka.org\/blog\/\" target=\"_blank\">Ithaka S+R<\/a>.<\/p>\n<p>A entrevista completa em ingl\u00eas est\u00e1 dispon\u00edvel&nbsp;<a href=\"https:\/\/sr.ithaka.org\/blog\/cancelling-the-big-deal-project-spotlight\/\" target=\"_blank\" rel=\"noopener\">aqui<\/a>.<\/p>\t\t\t\t\t<\/div>\n\t\t\t\t\t\t<\/div>\n\t\t\t\t<\/div>\n\t\t\t\t\t\t<\/div>\n\t\t\t\t\t<\/div>\n\t\t<\/div>\n\t\t\t\t\t\t\t\t<\/div>\n\t\t\t\t\t<\/div>\n\t\t<\/section>\n\t\t\t\t\t\t\t\t\t<\/div>\n\t\t\t<\/div>\n\t\t\t\t\t<\/div>\n\t\t","protected":false},"excerpt":{"rendered":"<p>Entrevista com Freie Universit\u00e4t Berlin com contribui\u00e7\u00f5es de Dominik Hagel, Franziska Harnisch, Mario Kowalak e Cosima Wagner Imagem de Pexels por Pixabay \u00c0 medida que os or\u00e7amentos das universidades enfrentam uma tens\u00e3o consider\u00e1vel e novos modelos para fornecer acesso aberto \u00e0 comunica\u00e7\u00e3o cient\u00edfica proliferam, as bibliotecas acad\u00eamicas est\u00e3o cada vez mais buscando alternativas para o &#8230; <a title=\"Cancelando o destaque do Projeto Big Deal\" class=\"read-more\" href=\"https:\/\/mundobibliotecario.com.br\/index.php\/2021\/06\/30\/cancelando-o-destaque-do-projeto-big-deal\/\" aria-label=\"Read more about Cancelando o destaque do Projeto Big Deal\">Ler mais<\/a><\/p>\n","protected":false},"author":1,"featured_media":0,"comment_status":"open","ping_status":"open","sticky":false,"template":"","format":"standard","meta":{"_mi_skip_tracking":false,"_exactmetrics_sitenote_active":false,"_exactmetrics_sitenote_note":"","_exactmetrics_sitenote_category":0,"_jetpack_newsletter_access":"","footnotes":""},"categories":[60],"tags":[373,34,2018,919],"class_list":["post-9068","post","type-post","status-publish","format-standard","hentry","category-noticias","tag-biblioteca-universitaria","tag-bibliotecas-universitarias","tag-big-deal","tag-comunicacao-cientifica"],"jetpack_featured_media_url":"","jetpack_sharing_enabled":true,"jetpack-related-posts":[{"id":4689,"url":"https:\/\/mundobibliotecario.com.br\/index.php\/2018\/02\/20\/webinar-a-biblioteca-universitaria-e-os-novos-instrumentos-de-avaliacao-mec-inep\/","url_meta":{"origin":9068,"position":0},"title":"Webinar &#8220;A biblioteca universit\u00e1ria e os novos instrumentos de avalia\u00e7\u00e3o (MEC\/INEP)&#8221;","author":"mundobibliotecario","date":"20\/02\/2018","format":false,"excerpt":"Ol\u00e1! Tudo bem? No dia\u00a023\/02\u00a0\u00e0s\u00a010h30,\u00a0M\u00edriam Rocha\u00a0ministrar\u00e1 o evento online gratuito \u201cA biblioteca universit\u00e1ria e os novos instrumentos de avalia\u00e7\u00e3o (MEC\/INEP)\u201d! Altera\u00e7\u00f5es significativas na legisla\u00e7\u00e3o do ensino superior ocorreram no final de 2017, o que nos leva a refletir sobre uma\u00a0mudan\u00e7a de paradigma. Nesse sentido, o webinar ser\u00e1 direcionado para atualizar\u00a0\u2026","rel":"","context":"Em &quot;Eventos&quot;","block_context":{"text":"Eventos","link":"https:\/\/mundobibliotecario.com.br\/index.php\/category\/eventos\/"},"img":{"alt_text":"","src":"","width":0,"height":0},"classes":[]},{"id":553,"url":"https:\/\/mundobibliotecario.com.br\/index.php\/2009\/04\/29\/biblioteca-incorpora-a-editora-universitaria\/","url_meta":{"origin":9068,"position":1},"title":"Biblioteca incorpora a editora universit\u00e1ria","author":"mundobibliotecario","date":"29\/04\/2009","format":false,"excerpt":"A Universidade de Michigan est\u00e1 reestruturando a sua editora e mudando o seu foco de produ\u00e7\u00e3o e dissemina\u00e7\u00e3o de monografias. A mudan\u00e7a inclui o realinhamento da editora de uma unidade independente para um departamento subordinado ao sistema de bibliotecas da universidade. Este fato vem demonstrar que a biblioteca universit\u00e1ria, no\u2026","rel":"","context":"Em &quot;Not\u00edcias&quot;","block_context":{"text":"Not\u00edcias","link":"https:\/\/mundobibliotecario.com.br\/index.php\/category\/noticias\/"},"img":{"alt_text":"","src":"","width":0,"height":0},"classes":[]},{"id":3428,"url":"https:\/\/mundobibliotecario.com.br\/index.php\/2014\/03\/05\/os-top-10-sites-de-bibliotecas-universitarias\/","url_meta":{"origin":9068,"position":2},"title":"Os top 10 sites de bibliotecas universit\u00e1rias","author":"mundobibliotecario","date":"05\/03\/2014","format":false,"excerpt":"Segundo o autor da lista, algumas das caracter\u00edsticas dos sites de bibliotecas universit\u00e1rias devem ser: \"Googleable\", \"Searchable\" e \"Helpful\". Leia o post \"Top 10 Academic Library Websites 2013\" e veja a descri\u00e7\u00e3o dessas caracter\u00edsticas e quais s\u00e3o os sites eleitos. Boa leitura!","rel":"","context":"Em &quot;Not\u00edcias&quot;","block_context":{"text":"Not\u00edcias","link":"https:\/\/mundobibliotecario.com.br\/index.php\/category\/noticias\/"},"img":{"alt_text":"","src":"","width":0,"height":0},"classes":[]},{"id":4353,"url":"https:\/\/mundobibliotecario.com.br\/index.php\/2016\/09\/20\/xixseminario-nacional-de-bibliotecas-universitarias\/","url_meta":{"origin":9068,"position":3},"title":"XIX Semin\u00e1rio Nacional de Bibliotecas Universit\u00e1rias","author":"mundobibliotecario","date":"20\/09\/2016","format":false,"excerpt":"XIX Semin\u00e1rio Nacional de Bibliotecas Universit\u00e1rias BIBLIOTECA UNIVERSIT\u00c1RIA COMO AGENTE DE SUSTENTABILIDADE INSTITUCIONAL O Sistema de Bibliotecas da Universidade Federal do Amazonas (UFAM) realizar\u00e1, em parceria com a Universidade do Estado do Amazonas (UEA) e com o Instituto Federal do Amazonas (IFAM), no per\u00edodo de 15 a 21 de outubro\u2026","rel":"","context":"Em &quot;Not\u00edcias&quot;","block_context":{"text":"Not\u00edcias","link":"https:\/\/mundobibliotecario.com.br\/index.php\/category\/noticias\/"},"img":{"alt_text":"XIX SNBU","src":"https:\/\/mundobibliotecario.files.wordpress.com\/2016\/09\/14423787_10210650812896680_312651280_o.jpg?w=350&h=200&crop=1","width":350,"height":200},"classes":[]},{"id":38,"url":"https:\/\/mundobibliotecario.com.br\/index.php\/2008\/08\/09\/xv-seminario-nacional-de-bibliotecas-universitarias\/","url_meta":{"origin":9068,"position":4},"title":"XV Semin\u00e1rio Nacional de Bibliotecas Universit\u00e1rias","author":"mundobibliotecario","date":"09\/08\/2008","format":false,"excerpt":"O XV Semin\u00e1rio Nacional de Bibliotecas Universit\u00e1rias (SNBU) ser\u00e1 realizado em S\u00e3o Paulo, de 10 a 14 de novembro. O evento ocorrer\u00e1 no Pal\u00e1cio de Conven\u00e7\u00f5es\u00a0do Anhembi, localizado \u00e0 Avenida Olavo Fontura, 1209 - S\u00e3o Paulo\/SP. A edi\u00e7\u00e3o de 2008 marca os 30 anos do evento, realizado desde 1978 em\u2026","rel":"","context":"Em &quot;Eventos&quot;","block_context":{"text":"Eventos","link":"https:\/\/mundobibliotecario.com.br\/index.php\/category\/eventos\/"},"img":{"alt_text":"","src":"","width":0,"height":0},"classes":[]},{"id":10313,"url":"https:\/\/mundobibliotecario.com.br\/index.php\/2023\/05\/10\/tese-o-escritorio-de-comunicacao-cientifica-como-perspectiva-de-atuacao-para-bibliotecas-universitarias-brasileiras\/","url_meta":{"origin":9068,"position":5},"title":"Tese &#8220;O escrit\u00f3rio de comunica\u00e7\u00e3o cient\u00edfica como perspectiva de atua\u00e7\u00e3o para bibliotecas universit\u00e1rias brasileiras&#8221;","author":"mundobibliotecario","date":"10\/05\/2023","format":false,"excerpt":"Informo que minha tese, intitulada \"O escrit\u00f3rio de comunica\u00e7\u00e3o cient\u00edfica como perspectiva de atua\u00e7\u00e3o para bibliotecas universit\u00e1rias brasileiras\" e orientada pelo Prof. Dr. Jos\u00e9 Augusto Chaves Guimar\u00e3es, est\u00e1 dispon\u00edvel para leitura e download no Reposit\u00f3rio Institucional da UNESP no link https:\/\/repositorio.unesp.br\/handle\/11449\/243319. Fonte: Canva Segue o resumo: As mudan\u00e7as ocorridas na\u2026","rel":"","context":"Em &quot;Not\u00edcias&quot;","block_context":{"text":"Not\u00edcias","link":"https:\/\/mundobibliotecario.com.br\/index.php\/category\/noticias\/"},"img":{"alt_text":"","src":"https:\/\/i0.wp.com\/mundobibliotecario.com.br\/wp-content\/uploads\/2023\/05\/tese-1.jpg?resize=350%2C200&ssl=1","width":350,"height":200},"classes":[]}],"jetpack_likes_enabled":true,"jetpack_shortlink":"https:\/\/wp.me\/pcbzwa-2mg","_links":{"self":[{"href":"https:\/\/mundobibliotecario.com.br\/index.php\/wp-json\/wp\/v2\/posts\/9068","targetHints":{"allow":["GET"]}}],"collection":[{"href":"https:\/\/mundobibliotecario.com.br\/index.php\/wp-json\/wp\/v2\/posts"}],"about":[{"href":"https:\/\/mundobibliotecario.com.br\/index.php\/wp-json\/wp\/v2\/types\/post"}],"author":[{"embeddable":true,"href":"https:\/\/mundobibliotecario.com.br\/index.php\/wp-json\/wp\/v2\/users\/1"}],"replies":[{"embeddable":true,"href":"https:\/\/mundobibliotecario.com.br\/index.php\/wp-json\/wp\/v2\/comments?post=9068"}],"version-history":[{"count":5,"href":"https:\/\/mundobibliotecario.com.br\/index.php\/wp-json\/wp\/v2\/posts\/9068\/revisions"}],"predecessor-version":[{"id":9074,"href":"https:\/\/mundobibliotecario.com.br\/index.php\/wp-json\/wp\/v2\/posts\/9068\/revisions\/9074"}],"wp:attachment":[{"href":"https:\/\/mundobibliotecario.com.br\/index.php\/wp-json\/wp\/v2\/media?parent=9068"}],"wp:term":[{"taxonomy":"category","embeddable":true,"href":"https:\/\/mundobibliotecario.com.br\/index.php\/wp-json\/wp\/v2\/categories?post=9068"},{"taxonomy":"post_tag","embeddable":true,"href":"https:\/\/mundobibliotecario.com.br\/index.php\/wp-json\/wp\/v2\/tags?post=9068"}],"curies":[{"name":"wp","href":"https:\/\/api.w.org\/{rel}","templated":true}]}}