{"id":91,"date":"2008-09-14T16:29:03","date_gmt":"2008-09-14T19:29:03","guid":{"rendered":"http:\/\/mundobibliotecario.wordpress.com\/?p=91"},"modified":"2008-09-14T16:29:03","modified_gmt":"2008-09-14T19:29:03","slug":"projeto-de-capaciracao-de-pesquisa-com-alunos-recebera-premio-paulista-de-biblioteconomia","status":"publish","type":"post","link":"https:\/\/mundobibliotecario.com.br\/index.php\/2008\/09\/14\/projeto-de-capaciracao-de-pesquisa-com-alunos-recebera-premio-paulista-de-biblioteconomia\/","title":{"rendered":"Projeto de capacita\u00e7\u00e3o de pesquisa com alunos receber\u00e1 pr\u00eamio paulista de Biblioteconomia"},"content":{"rendered":"<p>O Projeto de Extens\u00e3o da Biblioteca Comunit\u00e1ria da UFSCar intitulado &#8220;Ca\u00e7a ao tesouro: a pr\u00e1tica din\u00e2mica da pesquisa escolar&#8221; foi selecionado para receber, na categoria profissional, o VIII Pr\u00eamio de Biblioteconomia Paulista Laura Russo. A premia\u00e7\u00e3o \u00e9 outorgada anualmente a personalidades e institui\u00e7\u00f5es que, por meio de suas a\u00e7\u00f5es e atua\u00e7\u00f5es pol\u00edticas e administrativas, promovem e contribuem para a difus\u00e3o do conhecimento \u00e0 comunidade em geral. O tema deste ano \u00e9 &#8220;Biblioteca escolar: singular no presente, plural no futuro&#8221;.<\/p>\n<p>A cerim\u00f4nia de entrega ser\u00e1 realizada no dia 22 de outubro, \u00e0s 19 horas, no Audit\u00f3rio do Museu de Arte de S\u00e3o Paulo Assis Chateaubriand (MASP), em S\u00e3o Paulo. O pr\u00eamio \u00e9 em reconhecimento ao trabalho desenvolvido pela BCo, em 2007, com os alunos da quarta s\u00e9rie do Ensino Fundamental do Centro Educacional SESI 108, de S\u00e3o Carlos. O objetivo principal do projeto da UFSCar \u00e9 capacitar o aluno a elaborar pesquisas escolares e despertar o prazer da atividade intelectual da leitura.<\/p>\n<p>O projeto &#8220;Ca\u00e7a ao Tesouro&#8221; foi elaborado pelas bibliotec\u00e1rias Deise Belis\u00e1rio (coordenadora) e Tereza Luzia Bessi Lopes (orientadora) a partir da identifica\u00e7\u00e3o de um problema. Elas detectaram que os alunos realizavam atividades de pesquisa de forma desorganizada e, com um pequeno interesse pelo tema, faziam com que os trabalhos fossem realizados como somente c\u00f3pias de trechos de livros, enciclop\u00e9dias e trechos de sites da Internet.<\/p>\n<p>Para corrigir esse problema, as bibliotec\u00e1rias decidiram implementar um projeto de orienta\u00e7\u00e3o \u00e0 pesquisa. A ess\u00eancia da proposta \u00e9 estimular os alunos \u00e0 pesquisa e a um esp\u00edrito de curiosidade, de aventura instigante pela informa\u00e7\u00e3o por meio de consulta e sele\u00e7\u00e3o de fontes, da leitura e assimila\u00e7\u00e3o de conceitos.<\/p>\n<p>O projeto teve in\u00edcio em 2004 com alunos da EMEB Antonio Stella Moruzzi. A segunda edi\u00e7\u00e3o, em 2005, envolveu a Escola Dom Bosco. H\u00e1 dois anos, em 2006 e 2007, o projeto \u00e9 realizado em conjunto com o SESI. Para cada ano \u00e9 definido um tema geral e subtemas relacionados, que s\u00e3o explorados por grupos de alunos. Cada grupo \u00e9 respons\u00e1vel pela pesquisa de um tema. Em 2007, o tema escolhido foi reciclagem. Deise explica que o projeto possibilitou a inclus\u00e3o social \u00e0 medida que foram oferecidos instrumentos de acesso \u00e0 informa\u00e7\u00e3o e \u00e0 pesquisa. Os textos produzidos pelos alunos constitu\u00edram os cap\u00edtulos do livro com o t\u00edtulo Reciclagem.<\/p>\n<p>O Pr\u00eamio Laura Russo representa relevante homenagem prestada \u00e0 pioneira no exerc\u00edcio da profiss\u00e3o de bibliotec\u00e1rio. Laura Garcia Moreno Russo lutou pela regulamenta\u00e7\u00e3o da profiss\u00e3o e tornou-se a primeira presidente do Conselho Federal de Biblioteconomia.<\/p>\n<p>Fonte: PROJETO de capacita\u00e7\u00e3o de pesquisa com alunos receber\u00e1 pr\u00eamio paulista de Biblioteconomia. <strong>Primeira P\u00e1gina<\/strong>, S\u00e3o Carlos, 14 set. 2008. Geral, p. 22.<\/p>\n","protected":false},"excerpt":{"rendered":"<p>O Projeto de Extens\u00e3o da Biblioteca Comunit\u00e1ria da UFSCar intitulado &#8220;Ca\u00e7a ao tesouro: a pr\u00e1tica din\u00e2mica da pesquisa escolar&#8221; foi selecionado para receber, na categoria profissional, o VIII Pr\u00eamio de Biblioteconomia Paulista Laura Russo. A premia\u00e7\u00e3o \u00e9 outorgada anualmente a personalidades e institui\u00e7\u00f5es que, por meio de suas a\u00e7\u00f5es e atua\u00e7\u00f5es pol\u00edticas e administrativas, promovem &#8230; <a title=\"Projeto de capacita\u00e7\u00e3o de pesquisa com alunos receber\u00e1 pr\u00eamio paulista de Biblioteconomia\" class=\"read-more\" href=\"https:\/\/mundobibliotecario.com.br\/index.php\/2008\/09\/14\/projeto-de-capaciracao-de-pesquisa-com-alunos-recebera-premio-paulista-de-biblioteconomia\/\" aria-label=\"Read more about Projeto de capacita\u00e7\u00e3o de pesquisa com alunos receber\u00e1 pr\u00eamio paulista de Biblioteconomia\">Ler mais<\/a><\/p>\n","protected":false},"author":1,"featured_media":0,"comment_status":"open","ping_status":"open","sticky":false,"template":"","format":"standard","meta":{"_mi_skip_tracking":false,"_exactmetrics_sitenote_active":false,"_exactmetrics_sitenote_note":"","_exactmetrics_sitenote_category":0,"_jetpack_newsletter_access":"","footnotes":""},"categories":[60],"tags":[57,58,59,61,49,62],"class_list":["post-91","post","type-post","status-publish","format-standard","hentry","category-noticias","tag-biblioteca-comunitaria","tag-capacitacao-de-pesquisa","tag-laura-russo","tag-premio-de-biblioteconomia","tag-sesi","tag-ufscar"],"jetpack_featured_media_url":"","jetpack_sharing_enabled":true,"jetpack-related-posts":[{"id":2736,"url":"https:\/\/mundobibliotecario.com.br\/index.php\/2012\/10\/13\/departamento-de-ciencia-da-informacao-promove-eventos-que-discutem-o-papel-de-bibliotecas-escolares-e-bibliotecas-publicas-e-comunitarias\/","url_meta":{"origin":91,"position":0},"title":"Departamento de Ci\u00eancia da Informa\u00e7\u00e3o promove eventos que discutem o papel de bibliotecas escolares e bibliotecas p\u00fablicas e comunit\u00e1rias","author":"mundobibliotecario","date":"13\/10\/2012","format":false,"excerpt":"No dia 19 de outubro, sexta-feira, ser\u00e1 discutida na UFSCar a fun\u00e7\u00e3o de bibliotecas e bibliotec\u00e1rios em dois eventos promovidos pelo Departamento de Ci\u00eancia da Informa\u00e7\u00e3o da UFSCar. Das 9h \u00e0s 17h, o evento \"Biblioteca escolar, reencontro da Biblioteca com a escola\"discutir\u00e1 os desdobramentos da implementa\u00e7\u00e3o da Lei n.1244\/2010, que\u2026","rel":"","context":"Em &quot;Eventos&quot;","block_context":{"text":"Eventos","link":"https:\/\/mundobibliotecario.com.br\/index.php\/category\/eventos\/"},"img":{"alt_text":"","src":"","width":0,"height":0},"classes":[]},{"id":2048,"url":"https:\/\/mundobibliotecario.com.br\/index.php\/2011\/05\/25\/aluna-da-ufscar-desenvolve-trabalho-que-concorre-a-premio-na-area-de-biblioteconomia\/","url_meta":{"origin":91,"position":1},"title":"Aluna da UFSCar desenvolve trabalho que concorre a pr\u00eamio na \u00e1rea de Biblioteconomia","author":"mundobibliotecario","date":"25\/05\/2011","format":false,"excerpt":"A aluna do curso de Biblioteconomia e Ci\u00eancia da Informa\u00e7\u00e3o da UFSCar, Rita de C\u00e1ssia Segnini, concorre ao Pr\u00eamio \"Carminda Nogueira de Castro Ferreira\", que ser\u00e1 concedido durante o XXIV Congresso Brasileiro de Biblioteconomia, Documenta\u00e7\u00e3o e Ci\u00eancia da Informa\u00e7\u00e3o (CBBD 2011), que tem in\u00edcio no dia 7 de agosto de\u2026","rel":"","context":"Em &quot;Not\u00edcias&quot;","block_context":{"text":"Not\u00edcias","link":"https:\/\/mundobibliotecario.com.br\/index.php\/category\/noticias\/"},"img":{"alt_text":"","src":"","width":0,"height":0},"classes":[]},{"id":1411,"url":"https:\/\/mundobibliotecario.com.br\/index.php\/2010\/08\/12\/eventos-em-biblioteconomia-e-ciencia-da-informacao-2%c2%ba-semestre2010\/","url_meta":{"origin":91,"position":2},"title":"Eventos em Biblioteconomia e Ci\u00eancia da Informa\u00e7\u00e3o &#8211; 2\u00ba semestre\/2010","author":"mundobibliotecario","date":"12\/08\/2010","format":false,"excerpt":"III Semin\u00e1rio Internacional de Bibliotecas P\u00fablicas e Comunit\u00e1rias e III F\u00f3rum do PNLL \u2013 Plano Nacional do Livro e Leitura Local: Anfiteatro Elis Regina -Pal\u00e1cio das Conven\u00e7\u00f5es do Anhembi - S\u00e3o Paulo, SP. Data: 19 a 21 de agosto de 2010. Informa\u00e7\u00f5es: www.bibviva.com.br. *************************** 2o. Encontro Brasileiro de Bibliometria e\u2026","rel":"","context":"Em &quot;Eventos&quot;","block_context":{"text":"Eventos","link":"https:\/\/mundobibliotecario.com.br\/index.php\/category\/eventos\/"},"img":{"alt_text":"","src":"","width":0,"height":0},"classes":[]},{"id":1469,"url":"https:\/\/mundobibliotecario.com.br\/index.php\/2010\/09\/24\/v-semana-de-biblioteconomia-da-ecausp\/","url_meta":{"origin":91,"position":3},"title":"V Semana de Biblioteconomia da ECA\/USP","author":"mundobibliotecario","date":"24\/09\/2010","format":false,"excerpt":"V Semana de Biblioteconomia da Escola de Comunica\u00e7\u00f5es e Artes (ECA) da Universidade de S\u00e3o Paulo (USP) De 27\/09 a 01\/10 A Semana de Biblioteconomia da Escola de Comunica\u00e7\u00f5es e Artes (ECA) da Universidade de S\u00e3o Paulo (USP) \u00e9 em evento acad\u00eamico que objetiva estimular e promover o esp\u00edrito cr\u00edtico\u2026","rel":"","context":"Em &quot;Eventos&quot;","block_context":{"text":"Eventos","link":"https:\/\/mundobibliotecario.com.br\/index.php\/category\/eventos\/"},"img":{"alt_text":"","src":"","width":0,"height":0},"classes":[]},{"id":9704,"url":"https:\/\/mundobibliotecario.com.br\/index.php\/2021\/12\/15\/recursos-informacionais-para-pesquisa-academica-o-que-voce-precisa-saber\/","url_meta":{"origin":91,"position":4},"title":"Recursos informacionais para pesquisa acad\u00eamica: o que voc\u00ea precisa saber","author":"mundobibliotecario","date":"15\/12\/2021","format":false,"excerpt":"O Sistema Integrado de Bibliotecas da UFSCar (SIBi-UFSCar @sibiufscar ), por meio da C\u00e2mara T\u00e9cnica Capacita\u00e7\u00e3o em Informa\u00e7\u00e3o e Tecnologias Educacionais (CapacITE) lan\u00e7a o projeto \u201cRecursos informacionais para pesquisa acad\u00eamica: o que voc\u00ea precisa saber\u201d, composto por 30 videoaulas distribu\u00eddas em 5 s\u00e9ries, cujos t\u00edtulos s\u00e3o: O que voc\u00ea precisa\u2026","rel":"","context":"Em &quot;Not\u00edcias&quot;","block_context":{"text":"Not\u00edcias","link":"https:\/\/mundobibliotecario.com.br\/index.php\/category\/noticias\/"},"img":{"alt_text":"","src":"https:\/\/i0.wp.com\/mundobibliotecario.com.br\/wp-content\/uploads\/2021\/12\/WhatsApp-Image-2021-12-06-at-10.07.00.jpeg?resize=350%2C200&ssl=1","width":350,"height":200},"classes":[]},{"id":9522,"url":"https:\/\/mundobibliotecario.com.br\/index.php\/2021\/10\/18\/biblioteca-municipal-da-escola-janete-maria-martinelli-lia-e-nomeada-biblioteca-municipal-professora-vera-regina-casari-boccato\/","url_meta":{"origin":91,"position":5},"title":"Biblioteca municipal da escola &#8220;Janete Maria Martinelli Lia&#8221; \u00e9 nomeada Biblioteca Municipal &#8220;Professora Vera Regina Casari Boccato&#8221;","author":"mundobibliotecario","date":"18\/10\/2021","format":false,"excerpt":"Cr\u00e9dito: PET BCI No dia 14 de junho, a Prefeitura Municipal de S\u00e3o Carlos aprovou a lei n\u00ba 20.149 que denomina a Biblioteca Municipal localizada anexa \u00e0 EMEB \u201cJanete Maria Martinelli Lia\u201d de Biblioteca Municipal \u201cProfessora Vera Regina Casari Boccato\u201dA Profa. Vera foi a grande idealizadora da cria\u00e7\u00e3o do Programa\u2026","rel":"","context":"Em &quot;Not\u00edcias&quot;","block_context":{"text":"Not\u00edcias","link":"https:\/\/mundobibliotecario.com.br\/index.php\/category\/noticias\/"},"img":{"alt_text":"","src":"https:\/\/i0.wp.com\/mundobibliotecario.com.br\/wp-content\/uploads\/2021\/10\/vera.jpg?resize=350%2C200&ssl=1","width":350,"height":200},"classes":[]}],"jetpack_likes_enabled":true,"jetpack_shortlink":"https:\/\/wp.me\/pcbzwa-1t","_links":{"self":[{"href":"https:\/\/mundobibliotecario.com.br\/index.php\/wp-json\/wp\/v2\/posts\/91","targetHints":{"allow":["GET"]}}],"collection":[{"href":"https:\/\/mundobibliotecario.com.br\/index.php\/wp-json\/wp\/v2\/posts"}],"about":[{"href":"https:\/\/mundobibliotecario.com.br\/index.php\/wp-json\/wp\/v2\/types\/post"}],"author":[{"embeddable":true,"href":"https:\/\/mundobibliotecario.com.br\/index.php\/wp-json\/wp\/v2\/users\/1"}],"replies":[{"embeddable":true,"href":"https:\/\/mundobibliotecario.com.br\/index.php\/wp-json\/wp\/v2\/comments?post=91"}],"version-history":[{"count":0,"href":"https:\/\/mundobibliotecario.com.br\/index.php\/wp-json\/wp\/v2\/posts\/91\/revisions"}],"wp:attachment":[{"href":"https:\/\/mundobibliotecario.com.br\/index.php\/wp-json\/wp\/v2\/media?parent=91"}],"wp:term":[{"taxonomy":"category","embeddable":true,"href":"https:\/\/mundobibliotecario.com.br\/index.php\/wp-json\/wp\/v2\/categories?post=91"},{"taxonomy":"post_tag","embeddable":true,"href":"https:\/\/mundobibliotecario.com.br\/index.php\/wp-json\/wp\/v2\/tags?post=91"}],"curies":[{"name":"wp","href":"https:\/\/api.w.org\/{rel}","templated":true}]}}