{"id":9107,"date":"2021-07-06T21:00:00","date_gmt":"2021-07-07T00:00:00","guid":{"rendered":"https:\/\/mundobibliotecario.com.br\/?p=9107"},"modified":"2021-07-04T22:06:52","modified_gmt":"2021-07-05T01:06:52","slug":"as-cidades-mais-livrescas-do-mundo","status":"publish","type":"post","link":"https:\/\/mundobibliotecario.com.br\/index.php\/2021\/07\/06\/as-cidades-mais-livrescas-do-mundo\/","title":{"rendered":"As cidades mais livrescas do mundo"},"content":{"rendered":"\t\t<div data-elementor-type=\"wp-post\" data-elementor-id=\"9107\" class=\"elementor elementor-9107\">\n\t\t\t\t\t\t<div class=\"elementor-inner\">\n\t\t\t\t<div class=\"elementor-section-wrap\">\n\t\t\t\t\t\t\t\t\t<section class=\"elementor-section elementor-top-section elementor-element elementor-element-a2ac739 elementor-section-boxed elementor-section-height-default elementor-section-height-default\" data-id=\"a2ac739\" data-element_type=\"section\">\n\t\t\t\t\t\t<div class=\"elementor-container elementor-column-gap-default\">\n\t\t\t\t\t\t\t<div class=\"elementor-row\">\n\t\t\t\t\t<div class=\"elementor-column elementor-col-100 elementor-top-column elementor-element elementor-element-098ab53\" data-id=\"098ab53\" data-element_type=\"column\">\n\t\t\t<div class=\"elementor-column-wrap elementor-element-populated\">\n\t\t\t\t\t\t\t<div class=\"elementor-widget-wrap\">\n\t\t\t\t\t\t<div class=\"elementor-element elementor-element-0d216d4 elementor-widget elementor-widget-text-editor\" data-id=\"0d216d4\" data-element_type=\"widget\" data-widget_type=\"text-editor.default\">\n\t\t\t\t<div class=\"elementor-widget-container\">\n\t\t\t\t\t\t\t\t<div class=\"elementor-text-editor elementor-clearfix\">\n\t\t\t\t<p>O site\u00a0<a href=\"https:\/\/bookriot.com\/\" target=\"_blank\" rel=\"noopener\">Book Riot<\/a>\u00a0publicou curiosidades sobre as cidades mais livrescas do mundo.<\/p><p>Conhe\u00e7a algumas cidades na figura abaixo!<\/p>\t\t\t\t\t<\/div>\n\t\t\t\t\t\t<\/div>\n\t\t\t\t<\/div>\n\t\t\t\t\t\t<\/div>\n\t\t\t\t\t<\/div>\n\t\t<\/div>\n\t\t\t\t\t\t\t\t<\/div>\n\t\t\t\t\t<\/div>\n\t\t<\/section>\n\t\t\t\t<section class=\"elementor-section elementor-top-section elementor-element elementor-element-4c5c1c9 elementor-section-boxed elementor-section-height-default elementor-section-height-default\" data-id=\"4c5c1c9\" data-element_type=\"section\">\n\t\t\t\t\t\t<div class=\"elementor-container elementor-column-gap-default\">\n\t\t\t\t\t\t\t<div class=\"elementor-row\">\n\t\t\t\t\t<div class=\"elementor-column elementor-col-100 elementor-top-column elementor-element elementor-element-58ebf63\" data-id=\"58ebf63\" data-element_type=\"column\">\n\t\t\t<div class=\"elementor-column-wrap elementor-element-populated\">\n\t\t\t\t\t\t\t<div class=\"elementor-widget-wrap\">\n\t\t\t\t\t\t<div class=\"elementor-element elementor-element-1ed0041 elementor-widget elementor-widget-image\" data-id=\"1ed0041\" data-element_type=\"widget\" data-widget_type=\"image.default\">\n\t\t\t\t<div class=\"elementor-widget-container\">\n\t\t\t\t\t\t\t\t<div class=\"elementor-image\">\n\t\t\t\t\t\t\t\t\t\t\t\t<img loading=\"lazy\" decoding=\"async\" width=\"410\" height=\"1024\" src=\"https:\/\/mundobibliotecario.com.br\/wp-content\/uploads\/2021\/07\/cidades-mais-livrescas-do-mundo-410x1024.png\" class=\"attachment-large size-large wp-image-9109\" alt=\"cidades mais livrescas do mundo\" srcset=\"https:\/\/mundobibliotecario.com.br\/wp-content\/uploads\/2021\/07\/cidades-mais-livrescas-do-mundo-410x1024.png 410w, https:\/\/mundobibliotecario.com.br\/wp-content\/uploads\/2021\/07\/cidades-mais-livrescas-do-mundo-120x300.png 120w, https:\/\/mundobibliotecario.com.br\/wp-content\/uploads\/2021\/07\/cidades-mais-livrescas-do-mundo-768x1920.png 768w, https:\/\/mundobibliotecario.com.br\/wp-content\/uploads\/2021\/07\/cidades-mais-livrescas-do-mundo.png 800w\" sizes=\"auto, (max-width: 410px) 100vw, 410px\" \/>\t\t\t\t\t\t\t\t\t\t\t\t\t\t<\/div>\n\t\t\t\t\t\t<\/div>\n\t\t\t\t<\/div>\n\t\t\t\t\t\t<\/div>\n\t\t\t\t\t<\/div>\n\t\t<\/div>\n\t\t\t\t\t\t\t\t<\/div>\n\t\t\t\t\t<\/div>\n\t\t<\/section>\n\t\t\t\t<section class=\"elementor-section elementor-top-section elementor-element elementor-element-3ec7fa0 elementor-section-boxed elementor-section-height-default elementor-section-height-default\" data-id=\"3ec7fa0\" data-element_type=\"section\">\n\t\t\t\t\t\t<div class=\"elementor-container elementor-column-gap-default\">\n\t\t\t\t\t\t\t<div class=\"elementor-row\">\n\t\t\t\t\t<div class=\"elementor-column elementor-col-100 elementor-top-column elementor-element elementor-element-c7c1e91\" data-id=\"c7c1e91\" data-element_type=\"column\">\n\t\t\t<div class=\"elementor-column-wrap elementor-element-populated\">\n\t\t\t\t\t\t\t<div class=\"elementor-widget-wrap\">\n\t\t\t\t\t\t<div class=\"elementor-element elementor-element-cc90b66 elementor-widget elementor-widget-text-editor\" data-id=\"cc90b66\" data-element_type=\"widget\" data-widget_type=\"text-editor.default\">\n\t\t\t\t<div class=\"elementor-widget-container\">\n\t\t\t\t\t\t\t\t<div class=\"elementor-text-editor elementor-clearfix\">\n\t\t\t\t<p>A figura foi elaborada com informa\u00e7\u00f5es traduzidas do texto\u00a0<a href=\"https:\/\/bookriot.com\/bookish-cities\/\" target=\"_blank\" rel=\"noopener\">The Most Bookish Cities in the World<\/a>, de autoria de Anne Mai Yee Jansen, publicado no Book Riot em 02 de julho de 2021.<\/p>\t\t\t\t\t<\/div>\n\t\t\t\t\t\t<\/div>\n\t\t\t\t<\/div>\n\t\t\t\t\t\t<\/div>\n\t\t\t\t\t<\/div>\n\t\t<\/div>\n\t\t\t\t\t\t\t\t<\/div>\n\t\t\t\t\t<\/div>\n\t\t<\/section>\n\t\t\t\t\t\t\t\t\t<\/div>\n\t\t\t<\/div>\n\t\t\t\t\t<\/div>\n\t\t","protected":false},"excerpt":{"rendered":"<p>O site&nbsp;Book Riot&nbsp;publicou curiosidades sobre as cidades mais livrescas do mundo. Conhe\u00e7a algumas cidades na figura abaixo! A figura foi elaborada com informa\u00e7\u00f5es traduzidas do texto&nbsp;The Most Bookish Cities in the World, de autoria de Anne Mai Yee Jansen, publicado no Book Riot em 02 de julho de 2021.<\/p>\n","protected":false},"author":1,"featured_media":0,"comment_status":"open","ping_status":"open","sticky":false,"template":"","format":"standard","meta":{"_mi_skip_tracking":false,"_exactmetrics_sitenote_active":false,"_exactmetrics_sitenote_note":"","_exactmetrics_sitenote_category":0,"_jetpack_newsletter_access":"","footnotes":""},"categories":[60],"tags":[2020,2021,2022,1982,9,1604],"class_list":["post-9107","post","type-post","status-publish","format-standard","hentry","category-noticias","tag-cidade","tag-cidades","tag-curiosidade","tag-curiosidades","tag-livro","tag-livros"],"jetpack_featured_media_url":"","jetpack_sharing_enabled":true,"jetpack-related-posts":[{"id":9230,"url":"https:\/\/mundobibliotecario.com.br\/index.php\/2021\/07\/26\/biblioteca-com-mais-de-70-mil-titulos-preserva-cultura-do-pais-sede-das-olimpiadas-no-interior-paulista\/","url_meta":{"origin":9107,"position":0},"title":"Biblioteca com mais de 70 mil t\u00edtulos preserva cultura do pa\u00eds sede das Olimp\u00edadas no interior paulista","author":"mundobibliotecario","date":"26\/07\/2021","format":false,"excerpt":"S\u00e3o Miguel Arcanjo (SP) tem pouco mais de 30 mil habitantes e uma das col\u00f4nias japonesas mais antigas do pa\u00eds. Conhe\u00e7a o acervo da cultura oriental que se mant\u00e9m viva por gera\u00e7\u00f5es na cidade. Por Airton Salles Jr.*, TV TEM Biblioteca com mais de 70 mil t\u00edtulos preserva cultura do\u2026","rel":"","context":"Em &quot;Not\u00edcias&quot;","block_context":{"text":"Not\u00edcias","link":"https:\/\/mundobibliotecario.com.br\/index.php\/category\/noticias\/"},"img":{"alt_text":"","src":"https:\/\/i0.wp.com\/mundobibliotecario.com.br\/wp-content\/uploads\/2021\/07\/biblioteca-japonesa2.jpg?resize=350%2C200&ssl=1","width":350,"height":200},"classes":[]},{"id":8379,"url":"https:\/\/mundobibliotecario.com.br\/index.php\/2021\/02\/02\/eduardo-kobra-destaca-a-importancia-dos-livros-em-mural-na-cidade-de-sorocaba\/","url_meta":{"origin":9107,"position":1},"title":"Eduardo Kobra destaca a import\u00e2ncia dos livros em mural na cidade de Sorocaba","author":"mundobibliotecario","date":"02\/02\/2021","format":false,"excerpt":"O mural mostra um menino subindo uma estante em uma biblioteca \u00e0 procura de um livro Foto: Divulga\u00e7\u00e3o | Drone Cyrillo O conhecido artista urbano Kobra finalizou na sexta-feira, 22 de janeiro, um mural de 22 metros de altura por 11 de largura, em uma escola na cidade de Sorocaba,\u2026","rel":"","context":"Em &quot;Not\u00edcias&quot;","block_context":{"text":"Not\u00edcias","link":"https:\/\/mundobibliotecario.com.br\/index.php\/category\/noticias\/"},"img":{"alt_text":"","src":"","width":0,"height":0},"classes":[]},{"id":1354,"url":"https:\/\/mundobibliotecario.com.br\/index.php\/2010\/07\/08\/o-futuro-nao-e-tao-sombrio\/","url_meta":{"origin":9107,"position":2},"title":"O futuro n\u00e3o \u00e9 t\u00e3o sombrio","author":"mundobibliotecario","date":"08\/07\/2010","format":false,"excerpt":"O futuro n\u00e3o \u00e9 t\u00e3o sombrio - Ign\u00e1cio de Loyola Brand\u00e3o - O Estado de S.Paulo, 02 de julho de 2010 Dispon\u00edvel em: Treminh\u00f5es imensos, repletos de cana metros acima do permitido, correm \u00e0 nossa frente, as rodas da direita no acostamento de terra, enchendo nossos olhos de poeira vermelha.\u2026","rel":"","context":"Em &quot;Not\u00edcias&quot;","block_context":{"text":"Not\u00edcias","link":"https:\/\/mundobibliotecario.com.br\/index.php\/category\/noticias\/"},"img":{"alt_text":"","src":"","width":0,"height":0},"classes":[]},{"id":9358,"url":"https:\/\/mundobibliotecario.com.br\/index.php\/2021\/08\/10\/biblioteca-infantil-completa-35-anos\/","url_meta":{"origin":9107,"position":3},"title":"Biblioteca Infantil completa 35 anos","author":"mundobibliotecario","date":"10\/08\/2021","format":false,"excerpt":"Programa\u00e7\u00e3o especial de anivers\u00e1rio ter\u00e1 exposi\u00e7\u00e3o, passeios culturais e visitas monitoradasACERVOS DO LOCAL TAMB\u00c9M COM IMAGENS, REVISTAS E OBJETOS COM VALOR CULTURAL. (CR\u00c9DITO: DIVULGA\u00c7\u00c3O)A Biblioteca Infantil Municipal \u201cRenetado S\u00eaneca de S\u00e1 Fleury\u201d, ou simplesmente a Biblioteca Infantil, completa 35 anos de exist\u00eancia em agosto. E, para celebrar a data, a\u2026","rel":"","context":"Em &quot;Not\u00edcias&quot;","block_context":{"text":"Not\u00edcias","link":"https:\/\/mundobibliotecario.com.br\/index.php\/category\/noticias\/"},"img":{"alt_text":"","src":"","width":0,"height":0},"classes":[]},{"id":4058,"url":"https:\/\/mundobibliotecario.com.br\/index.php\/2015\/11\/30\/ciencia-da-informacao-em-coimbra\/","url_meta":{"origin":9107,"position":4},"title":"Ci\u00eancia da Informa\u00e7\u00e3o em Coimbra","author":"mundobibliotecario","date":"30\/11\/2015","format":false,"excerpt":"Na \u00faltima quinta-feira, 26\/11\/15, aconteceu na UFSCar a palestra intitulada\u00a0\"A\u00a0pesquisa e a p\u00f3s-gradua\u00e7\u00e3o em Portugal no contexto da\u00a0Ci\u00eancia da informa\u00e7\u00e3o: aproximando as fronteiras\" proferida pela Profa.\u00a0Dra. Maria da Gra\u00e7a Melo Sim\u00f5es da Universidade de Coimbra,\u00a0Portugal. Essa palestra fez parte do VI SABER CIENT\u00cdFICO: Edi\u00e7\u00e3o especial internacional, organizado pelo grupo PET\u2026","rel":"","context":"Em &quot;Eventos&quot;","block_context":{"text":"Eventos","link":"https:\/\/mundobibliotecario.com.br\/index.php\/category\/eventos\/"},"img":{"alt_text":"","src":"","width":0,"height":0},"classes":[]},{"id":2250,"url":"https:\/\/mundobibliotecario.com.br\/index.php\/2011\/10\/05\/morador-de-rua-ensina-respeito-ao-livro\/","url_meta":{"origin":9107,"position":5},"title":"Morador de rua ensina respeito ao livro","author":"mundobibliotecario","date":"05\/10\/2011","format":false,"excerpt":"05\/10\/2011\u00a0- 13h36 Um dos meus prazeres jornal\u00edsticos \u00e9 colecionar hist\u00f3rias de personagens invis\u00edveis. O que ocorreu nesta semana torna o ex-morador de Robson Mendon\u00e7a um dos meus melhores personagens. Daria um grande roteiro de filme ou um livro, cujo final seria a cena que acaba de ocorrer: ele recebendo de\u2026","rel":"","context":"Em &quot;Not\u00edcias&quot;","block_context":{"text":"Not\u00edcias","link":"https:\/\/mundobibliotecario.com.br\/index.php\/category\/noticias\/"},"img":{"alt_text":"","src":"","width":0,"height":0},"classes":[]}],"jetpack_likes_enabled":true,"jetpack_shortlink":"https:\/\/wp.me\/pcbzwa-2mT","_links":{"self":[{"href":"https:\/\/mundobibliotecario.com.br\/index.php\/wp-json\/wp\/v2\/posts\/9107","targetHints":{"allow":["GET"]}}],"collection":[{"href":"https:\/\/mundobibliotecario.com.br\/index.php\/wp-json\/wp\/v2\/posts"}],"about":[{"href":"https:\/\/mundobibliotecario.com.br\/index.php\/wp-json\/wp\/v2\/types\/post"}],"author":[{"embeddable":true,"href":"https:\/\/mundobibliotecario.com.br\/index.php\/wp-json\/wp\/v2\/users\/1"}],"replies":[{"embeddable":true,"href":"https:\/\/mundobibliotecario.com.br\/index.php\/wp-json\/wp\/v2\/comments?post=9107"}],"version-history":[{"count":5,"href":"https:\/\/mundobibliotecario.com.br\/index.php\/wp-json\/wp\/v2\/posts\/9107\/revisions"}],"predecessor-version":[{"id":9113,"href":"https:\/\/mundobibliotecario.com.br\/index.php\/wp-json\/wp\/v2\/posts\/9107\/revisions\/9113"}],"wp:attachment":[{"href":"https:\/\/mundobibliotecario.com.br\/index.php\/wp-json\/wp\/v2\/media?parent=9107"}],"wp:term":[{"taxonomy":"category","embeddable":true,"href":"https:\/\/mundobibliotecario.com.br\/index.php\/wp-json\/wp\/v2\/categories?post=9107"},{"taxonomy":"post_tag","embeddable":true,"href":"https:\/\/mundobibliotecario.com.br\/index.php\/wp-json\/wp\/v2\/tags?post=9107"}],"curies":[{"name":"wp","href":"https:\/\/api.w.org\/{rel}","templated":true}]}}