{"id":9283,"date":"2021-08-04T22:36:26","date_gmt":"2021-08-05T01:36:26","guid":{"rendered":"https:\/\/mundobibliotecario.com.br\/index.php\/2021\/08\/04\/bibliotecas-y-laboratorios-de-comfama-en-antioquia-colombia-planeta-biblioteca-2021-08-04\/"},"modified":"2021-08-04T22:36:26","modified_gmt":"2021-08-05T01:36:26","slug":"bibliotecas-y-laboratorios-de-comfama-en-antioquia-colombia-planeta-biblioteca-2021-08-04","status":"publish","type":"post","link":"https:\/\/mundobibliotecario.com.br\/index.php\/2021\/08\/04\/bibliotecas-y-laboratorios-de-comfama-en-antioquia-colombia-planeta-biblioteca-2021-08-04\/","title":{"rendered":"Bibliotecas y laboratorios de Comfama en Antioquia (Colombia). Planeta Biblioteca 2021\/08\/04."},"content":{"rendered":"<p><img decoding=\"async\" src=\"https:\/\/universoabiertoblog.files.wordpress.com\/2018\/08\/cropped-44189917192_44be918916_o_d.png?w=172\" alt=\"\"><br \/>\nhttps:\/\/i.pinimg.com\/originals\/7b\/0c\/1b\/7b0c1b1d7850825e671dfce08b5c8210.jpg Bibliotecas y laboratorios de Comfama en Antioquia (Colombia) Planeta Biblioteca 2021\/08\/04. Ir a descargar Esta semana hablamos con Ana Mar\u00eda Montoya Vel\u00e1squez y con Isabel Henao de Comfama (Caja de Compensaci\u00f3n Familiar de Antioquia), un sistema de bibliotecas con presencia en diferentes territorios de Antioquia a trav\u00e9s de 3 Centros Culturales, 6 Bibliotecas, 6\u2026<br \/>\n<br \/> <a href=\"https:\/\/universoabierto.org\/2021\/08\/05\/bibliotecas-y-laboratorios-de-comfama-en-antioquia-colombia-planeta-biblioteca-2020-08-04\/\" target=\"_blank\" rel=\"noopener\">Source<\/a><\/p>\n","protected":false},"excerpt":{"rendered":"<p>https:\/\/i.pinimg.com\/originals\/7b\/0c\/1b\/7b0c1b1d7850825e671dfce08b5c8210.jpg Bibliotecas y laboratorios de Comfama en Antioquia (Colombia) Planeta Biblioteca 2021\/08\/04. Ir a descargar Esta semana hablamos con Ana Mar\u00eda Montoya Vel\u00e1squez y con Isabel Henao de Comfama (Caja de Compensaci\u00f3n Familiar de Antioquia), un sistema de bibliotecas con presencia en diferentes territorios de Antioquia a trav\u00e9s de 3 Centros Culturales, 6 Bibliotecas, 6\u2026 &#8230; <a title=\"Bibliotecas y laboratorios de Comfama en Antioquia (Colombia). Planeta Biblioteca 2021\/08\/04.\" class=\"read-more\" href=\"https:\/\/mundobibliotecario.com.br\/index.php\/2021\/08\/04\/bibliotecas-y-laboratorios-de-comfama-en-antioquia-colombia-planeta-biblioteca-2021-08-04\/\" aria-label=\"Read more about Bibliotecas y laboratorios de Comfama en Antioquia (Colombia). Planeta Biblioteca 2021\/08\/04.\">Ler mais<\/a><\/p>\n","protected":false},"author":1,"featured_media":0,"comment_status":"open","ping_status":"open","sticky":false,"template":"","format":"standard","meta":{"_mi_skip_tracking":false,"_exactmetrics_sitenote_active":false,"_exactmetrics_sitenote_note":"","_exactmetrics_sitenote_category":0,"_jetpack_newsletter_access":"","footnotes":""},"categories":[1],"tags":[],"class_list":["post-9283","post","type-post","status-publish","format-standard","hentry","category-uncategorized"],"jetpack_featured_media_url":"","jetpack_sharing_enabled":true,"jetpack-related-posts":[{"id":9299,"url":"https:\/\/mundobibliotecario.com.br\/index.php\/2021\/08\/04\/infotecarios-podcast-81-iberbibliotecas-con-con-luz-estela-pena-y-francisco-thaine\/","url_meta":{"origin":9283,"position":0},"title":"InfoTecarios podcast 81: IBERBIBLIOTECAS (Con con Luz Estela Pe\u00f1a y Francisco Thaine)","author":"mundobibliotecario","date":"04\/08\/2021","format":false,"excerpt":"Nueva edici\u00f3n del podcast de www.infotecarios.com y los #LocosdelPodcast\u00a0 En esta edici\u00f3n charlaremos con Luz Estela Pe\u00f1a y Francisco Thaine Vicepresindenta y Secretario T\u00e9cnico del Programa Iberoa\u2026 Source","rel":"","context":"Post similar","block_context":{"text":"Post similar","link":""},"img":{"alt_text":"","src":"https:\/\/i0.wp.com\/mundobibliotecario.com.br\/wp-content\/uploads\/2021\/08\/Portada-InfoTEcarios-Podcast-2020-1.jpg?resize=350%2C200&ssl=1","width":350,"height":200},"classes":[]},{"id":9295,"url":"https:\/\/mundobibliotecario.com.br\/index.php\/2021\/08\/04\/ift-podcast-82-rearmando-el-rompecabezas-de-la-educacion-universitaria-con-fabiola-m-y-julian-o\/","url_meta":{"origin":9283,"position":1},"title":"IFT podcast 82: Rearmando el rompecabezas de la educaci\u00f3n universitaria (Con Fabiola M. y Juli\u00e1n O.)","author":"mundobibliotecario","date":"04\/08\/2021","format":false,"excerpt":"Nueva edici\u00f3n del podcast de www.infotecarios.com y los #LocosdelPodcast En esta edici\u00f3n charlaremos con la Mtra. Ana Fabiola Mora L\u00f3pez y el Mtro. Jui\u00e1n Ochoa Grac\u00eda. Fabiola es Maestra en Tecnolo\u2026 Source","rel":"","context":"Post similar","block_context":{"text":"Post similar","link":""},"img":{"alt_text":"","src":"https:\/\/i0.wp.com\/mundobibliotecario.com.br\/wp-content\/uploads\/2021\/08\/Portada-InfoTEcarios-Podcast-2020.jpg?resize=350%2C200&ssl=1","width":350,"height":200},"classes":[]},{"id":9317,"url":"https:\/\/mundobibliotecario.com.br\/index.php\/2021\/08\/05\/planeta-biblioteca-2020-081-03-censura-en-bibliotecas\/","url_meta":{"origin":9283,"position":2},"title":"Planeta Biblioteca 2020\/081\/03. Censura en bibliotecas","author":"mundobibliotecario","date":"05\/08\/2021","format":false,"excerpt":"Ir a descargar La libertad de la palabra impresa es un rasgo definitorio del mundo moderno. Sin embargo, la censura y la supresi\u00f3n de la literatura nunca cesan, y siguen siendo temas de actualidad incluso en la m\u00e1s liberal de las democracias. La lista incluye libros cuestionados por una variedad\u2026","rel":"","context":"Post similar","block_context":{"text":"Post similar","link":""},"img":{"alt_text":"","src":"https:\/\/i0.wp.com\/mundobibliotecario.com.br\/wp-content\/uploads\/2021\/08\/9df0c6d97cf7bd4186177650e2903de3.jpg?resize=350%2C200&ssl=1","width":350,"height":200},"classes":[]},{"id":1433,"url":"https:\/\/mundobibliotecario.com.br\/index.php\/2010\/08\/30\/primeras-jornadas-virtuales-iberoamericanas-de-bibliotecologia\/","url_meta":{"origin":9283,"position":3},"title":"Primeras Jornadas Virtuales Iberoamericanas de Bibliotecolog\u00eda","author":"mundobibliotecario","date":"30\/08\/2010","format":false,"excerpt":"Primeras Jornadas Virtuales Iberoamericanas de Bibliotecolog\u00eda -- 1\u00ba al 30 de Noviembre de 2010-- Organiza: BIBAR Portal Argentino de Bibliotecolog\u00eda y Ciencias de la Informaci\u00f3n. .bibar.org\/ - bibliotecas. bibar.org\/ OBJETIVOS DE LAS JORNADAS: -Conformar un espacio de reflexi\u00f3n, participaci\u00f3n e intercambio de experiencias para los profesionales de la especialidad. -Promover\u2026","rel":"","context":"Em &quot;Eventos&quot;","block_context":{"text":"Eventos","link":"https:\/\/mundobibliotecario.com.br\/index.php\/category\/eventos\/"},"img":{"alt_text":"","src":"","width":0,"height":0},"classes":[]},{"id":2370,"url":"https:\/\/mundobibliotecario.com.br\/index.php\/2011\/12\/20\/estudo-fesabid-sobre-a-profissao-de-bibliotecario-na-espanha\/","url_meta":{"origin":9283,"position":4},"title":"Estudo FESABID sobre a profiss\u00e3o de bibliotec\u00e1rio na Espanha","author":"mundobibliotecario","date":"20\/12\/2011","format":false,"excerpt":"Considero relevante compartilhar com os leitores o estudo \"Prospectiva de una profesi\u00f3n en constante evoluci\u00f3n\", realizado pela FESABID, tanto por abordar o perfil do profissional da informa\u00e7\u00e3o como por mostrar algumas tend\u00eancias. Alguns pontos em comum com o que se discute no Brasil, pelo menos at\u00e9 onde tenho acompanhado, s\u00e3o\u2026","rel":"","context":"Em &quot;Not\u00edcias&quot;","block_context":{"text":"Not\u00edcias","link":"https:\/\/mundobibliotecario.com.br\/index.php\/category\/noticias\/"},"img":{"alt_text":"","src":"","width":0,"height":0},"classes":[]},{"id":9329,"url":"https:\/\/mundobibliotecario.com.br\/index.php\/2021\/08\/05\/10-productos-low-cost-para-hacer-merchandising-en-las-bibliotecas\/","url_meta":{"origin":9283,"position":5},"title":"10 productos \u2018low cost\u2019 para hacer merchandising en las bibliotecas","author":"mundobibliotecario","date":"05\/08\/2021","format":false,"excerpt":"El merchandising puede ayudar a las bibliotecas a ganar visibilidad, promocionar recursos y servicios, y captar la atenci\u00f3n de las personas. Source","rel":"","context":"Post similar","block_context":{"text":"Post similar","link":""},"img":{"alt_text":"","src":"https:\/\/i0.wp.com\/mundobibliotecario.com.br\/wp-content\/uploads\/2021\/08\/Productos-personalizados-para-hacer-merchandising-en-las-bibliotecas-a-bajo-coste.jpg?resize=350%2C200&ssl=1","width":350,"height":200},"classes":[]}],"jetpack_likes_enabled":true,"jetpack_shortlink":"https:\/\/wp.me\/pcbzwa-2pJ","_links":{"self":[{"href":"https:\/\/mundobibliotecario.com.br\/index.php\/wp-json\/wp\/v2\/posts\/9283","targetHints":{"allow":["GET"]}}],"collection":[{"href":"https:\/\/mundobibliotecario.com.br\/index.php\/wp-json\/wp\/v2\/posts"}],"about":[{"href":"https:\/\/mundobibliotecario.com.br\/index.php\/wp-json\/wp\/v2\/types\/post"}],"author":[{"embeddable":true,"href":"https:\/\/mundobibliotecario.com.br\/index.php\/wp-json\/wp\/v2\/users\/1"}],"replies":[{"embeddable":true,"href":"https:\/\/mundobibliotecario.com.br\/index.php\/wp-json\/wp\/v2\/comments?post=9283"}],"version-history":[{"count":0,"href":"https:\/\/mundobibliotecario.com.br\/index.php\/wp-json\/wp\/v2\/posts\/9283\/revisions"}],"wp:attachment":[{"href":"https:\/\/mundobibliotecario.com.br\/index.php\/wp-json\/wp\/v2\/media?parent=9283"}],"wp:term":[{"taxonomy":"category","embeddable":true,"href":"https:\/\/mundobibliotecario.com.br\/index.php\/wp-json\/wp\/v2\/categories?post=9283"},{"taxonomy":"post_tag","embeddable":true,"href":"https:\/\/mundobibliotecario.com.br\/index.php\/wp-json\/wp\/v2\/tags?post=9283"}],"curies":[{"name":"wp","href":"https:\/\/api.w.org\/{rel}","templated":true}]}}