{"id":9284,"date":"2021-08-04T22:37:05","date_gmt":"2021-08-05T01:37:05","guid":{"rendered":"https:\/\/mundobibliotecario.com.br\/index.php\/2021\/08\/04\/los-makerspaces-aumentan-la-resiliencia-de-las-comunidades\/"},"modified":"2021-08-04T22:37:05","modified_gmt":"2021-08-05T01:37:05","slug":"los-makerspaces-aumentan-la-resiliencia-de-las-comunidades","status":"publish","type":"post","link":"https:\/\/mundobibliotecario.com.br\/index.php\/2021\/08\/04\/los-makerspaces-aumentan-la-resiliencia-de-las-comunidades\/","title":{"rendered":"Los makerspaces aumentan la resiliencia de las comunidades"},"content":{"rendered":"<p><img decoding=\"async\" src=\"https:\/\/i.pinimg.com\/originals\/3f\/92\/31\/3f9231b947785e943f53df0dcfae28fa.jpg\" alt=\"\"><br \/>\nLucia Corsini, Eric James. &#039;Makerspaces&#039; boost community resilience. It&#039;s time to support them. World Economic Forum, 21 Jun 2021 Texto completo Los Makerspaces son fundamentales para la visi\u00f3n del movimiento Maker, que fue recibido en su aparici\u00f3n hace una d\u00e9cada como parte de la cuarta revoluci\u00f3n industrial. El movimiento Maker pretende democratizar la innovaci\u00f3n y\u2026<br \/>\n<br \/> <a href=\"https:\/\/universoabierto.org\/2021\/08\/04\/los-makerspaces-aumentan-la-resiliencia-de-las-comunidades\/\" target=\"_blank\" rel=\"noopener\">Source<\/a><\/p>\n","protected":false},"excerpt":{"rendered":"<p>Lucia Corsini, Eric James. &#039;Makerspaces&#039; boost community resilience. It&#039;s time to support them. World Economic Forum, 21 Jun 2021 Texto completo Los Makerspaces son fundamentales para la visi\u00f3n del movimiento Maker, que fue recibido en su aparici\u00f3n hace una d\u00e9cada como parte de la cuarta revoluci\u00f3n industrial. El movimiento Maker pretende democratizar la innovaci\u00f3n y\u2026&hellip;<\/p>\n","protected":false},"author":1,"featured_media":9285,"comment_status":"open","ping_status":"open","sticky":false,"template":"","format":"standard","meta":{"_mi_skip_tracking":false,"_exactmetrics_sitenote_active":false,"_exactmetrics_sitenote_note":"","_exactmetrics_sitenote_category":0,"_jetpack_newsletter_access":"","footnotes":""},"categories":[1],"tags":[],"class_list":["post-9284","post","type-post","status-publish","format-standard","has-post-thumbnail","hentry","category-uncategorized"],"jetpack_featured_media_url":"https:\/\/mundobibliotecario.com.br\/wp-content\/uploads\/2021\/08\/3f9231b947785e943f53df0dcfae28fa.jpg","jetpack_sharing_enabled":true,"jetpack-related-posts":[{"id":2370,"url":"https:\/\/mundobibliotecario.com.br\/index.php\/2011\/12\/20\/estudo-fesabid-sobre-a-profissao-de-bibliotecario-na-espanha\/","url_meta":{"origin":9284,"position":0},"title":"Estudo FESABID sobre a profiss\u00e3o de bibliotec\u00e1rio na Espanha","author":"mundobibliotecario","date":"20\/12\/2011","format":false,"excerpt":"Considero relevante compartilhar com os leitores o estudo \"Prospectiva de una profesi\u00f3n en constante evoluci\u00f3n\", realizado pela FESABID, tanto por abordar o perfil do profissional da informa\u00e7\u00e3o como por mostrar algumas tend\u00eancias. Alguns pontos em comum com o que se discute no Brasil, pelo menos at\u00e9 onde tenho acompanhado, s\u00e3o\u2026","rel":"","context":"Em &quot;Not\u00edcias&quot;","block_context":{"text":"Not\u00edcias","link":"https:\/\/mundobibliotecario.com.br\/index.php\/category\/noticias\/"},"img":{"alt_text":"","src":"","width":0,"height":0},"classes":[]},{"id":1494,"url":"https:\/\/mundobibliotecario.com.br\/index.php\/2010\/10\/07\/jornada-virtual-acceso-abierto-argentina-2010\/","url_meta":{"origin":9284,"position":1},"title":"Jornada Virtual &#8211; Acceso Abierto Argentina 2010","author":"mundobibliotecario","date":"07\/10\/2010","format":false,"excerpt":"La Semana del Acceso Abierto se celebrar\u00e1 por cuarta vez a nivel mundial del 18 al 24 de Octubre bajo el lema Leer, Compartir y Avanzar, con el objetivo de promocionar al Acceso Abierto como una nueva norma acad\u00e9mica y cient\u00edfica. El Acceso Abierto (Open Access) a la producci\u00f3n cient\u00edfico-tecnol\u00f3gica\u2026","rel":"","context":"Em &quot;Eventos&quot;","block_context":{"text":"Eventos","link":"https:\/\/mundobibliotecario.com.br\/index.php\/category\/eventos\/"},"img":{"alt_text":"","src":"","width":0,"height":0},"classes":[]},{"id":1514,"url":"https:\/\/mundobibliotecario.com.br\/index.php\/2010\/10\/13\/desafio-de-adoptar-un-mandato-de-acceso-abierto-para-la-semana-de-acceso-abierto\/","url_meta":{"origin":9284,"position":2},"title":"Desafio de adoptar un mandato de acceso abierto para la semana de Acceso Abierto","author":"mundobibliotecario","date":"13\/10\/2010","format":false,"excerpt":"La University of Southampton\/EPrints ha lanzada un desaf\u00edo de una semana: el \u201cOpen Access Mandate Adoption Challenge for OA Week\u201d (\u201cDesafio de adoptar un mandato de acceso abierto para la semana de Acceso Abierto\u201d). http:\/\/www.openaccessweek.org\/events\/oa-mandate-adoption-challenge-1 Los Representantes de universidades, instituciones y financiadores de investigaci\u00f3n por el mundo que ya han\u2026","rel":"","context":"Em &quot;Not\u00edcias&quot;","block_context":{"text":"Not\u00edcias","link":"https:\/\/mundobibliotecario.com.br\/index.php\/category\/noticias\/"},"img":{"alt_text":"","src":"","width":0,"height":0},"classes":[]},{"id":454,"url":"https:\/\/mundobibliotecario.com.br\/index.php\/2009\/03\/12\/salao-do-estudante-procurando-por-biblioteconomia-no-mundo\/","url_meta":{"origin":9284,"position":3},"title":"Sal\u00e3o do Estudante: procurando por biblioteconomia no mundo&#8230;","author":"mundobibliotecario","date":"12\/03\/2009","format":false,"excerpt":"12 de mar\u00e7o: dia do bibliotec\u00e1rio! Para o dia de hoje, preparei este post para os colegas bibliotec\u00e1rios. Parab\u00e9ns a todos! Estive no Sal\u00e3o do Estudante no \u00faltimo s\u00e1bado procurando por cursos p\u00f3s-gradua\u00e7\u00e3o de biblioteconomia no mundo. Para quem n\u00e3o conhece, o Sal\u00e3o do Estudante \u00e9 uma feira de interc\u00e2mbio\u2026","rel":"","context":"Em &quot;Curso de P\u00f3s-Gradua\u00e7\u00e3o&quot;","block_context":{"text":"Curso de P\u00f3s-Gradua\u00e7\u00e3o","link":"https:\/\/mundobibliotecario.com.br\/index.php\/category\/curso-de-pos-graduacao\/"},"img":{"alt_text":"","src":"","width":0,"height":0},"classes":[]},{"id":1488,"url":"https:\/\/mundobibliotecario.com.br\/index.php\/2010\/10\/07\/premio-fridaelac2010\/","url_meta":{"origin":9284,"position":4},"title":"Premio FRIDA\/eLAC2010","author":"mundobibliotecario","date":"07\/10\/2010","format":false,"excerpt":"Premio FRIDA\/eLAC2010 Fecha l\u00edmite: 16 de octubre de 2010 El Fondo Regional para la Innovaci\u00f3n Digital en Am\u00e9rica Latina y el Caribe (FRIDA) busca a trav\u00e9s de esta convocatoria reconocer las iniciativas de investigaci\u00f3n e innovaci\u00f3n digital que han contribuido al desarrollo de la Sociedad de la Informaci\u00f3n en Am\u00e9rica\u2026","rel":"","context":"Em &quot;Eventos&quot;","block_context":{"text":"Eventos","link":"https:\/\/mundobibliotecario.com.br\/index.php\/category\/eventos\/"},"img":{"alt_text":"","src":"","width":0,"height":0},"classes":[]},{"id":1320,"url":"https:\/\/mundobibliotecario.com.br\/index.php\/2010\/06\/21\/nova-publicacao-em-bibliometria\/","url_meta":{"origin":9284,"position":5},"title":"Nova publica\u00e7\u00e3o em bibliometria","author":"mundobibliotecario","date":"21\/06\/2010","format":false,"excerpt":"Abaixo segue a resenha de uma nova obra sobre bibliometria. Boa leitura! ************************************* Rub\u00e9n Urbizag\u00e1stegui Alvarado. La Productividad cient\u00edfica de los autores: aplicaciones bibliom\u00e9tricas de la Ley de Lotka. Lima : Grupo Editorial Arteidea, 2009. 119 p. 20 cm. La bibliometr\u00eda, y en especial la Ley de Lotka, ha permanecido\u2026","rel":"","context":"Em &quot;Not\u00edcias&quot;","block_context":{"text":"Not\u00edcias","link":"https:\/\/mundobibliotecario.com.br\/index.php\/category\/noticias\/"},"img":{"alt_text":"","src":"","width":0,"height":0},"classes":[]}],"jetpack_likes_enabled":true,"jetpack_shortlink":"https:\/\/wp.me\/pcbzwa-2pK","_links":{"self":[{"href":"https:\/\/mundobibliotecario.com.br\/index.php\/wp-json\/wp\/v2\/posts\/9284","targetHints":{"allow":["GET"]}}],"collection":[{"href":"https:\/\/mundobibliotecario.com.br\/index.php\/wp-json\/wp\/v2\/posts"}],"about":[{"href":"https:\/\/mundobibliotecario.com.br\/index.php\/wp-json\/wp\/v2\/types\/post"}],"author":[{"embeddable":true,"href":"https:\/\/mundobibliotecario.com.br\/index.php\/wp-json\/wp\/v2\/users\/1"}],"replies":[{"embeddable":true,"href":"https:\/\/mundobibliotecario.com.br\/index.php\/wp-json\/wp\/v2\/comments?post=9284"}],"version-history":[{"count":0,"href":"https:\/\/mundobibliotecario.com.br\/index.php\/wp-json\/wp\/v2\/posts\/9284\/revisions"}],"wp:featuredmedia":[{"embeddable":true,"href":"https:\/\/mundobibliotecario.com.br\/index.php\/wp-json\/wp\/v2\/media\/9285"}],"wp:attachment":[{"href":"https:\/\/mundobibliotecario.com.br\/index.php\/wp-json\/wp\/v2\/media?parent=9284"}],"wp:term":[{"taxonomy":"category","embeddable":true,"href":"https:\/\/mundobibliotecario.com.br\/index.php\/wp-json\/wp\/v2\/categories?post=9284"},{"taxonomy":"post_tag","embeddable":true,"href":"https:\/\/mundobibliotecario.com.br\/index.php\/wp-json\/wp\/v2\/tags?post=9284"}],"curies":[{"name":"wp","href":"https:\/\/api.w.org\/{rel}","templated":true}]}}