{"id":9288,"date":"2021-08-04T22:42:31","date_gmt":"2021-08-05T01:42:31","guid":{"rendered":"https:\/\/mundobibliotecario.com.br\/index.php\/2021\/08\/04\/jonas-gomes-deixa-as-edicoes-sesc\/"},"modified":"2021-08-04T22:42:31","modified_gmt":"2021-08-05T01:42:31","slug":"jonas-gomes-deixa-as-edicoes-sesc","status":"publish","type":"post","link":"https:\/\/mundobibliotecario.com.br\/index.php\/2021\/08\/04\/jonas-gomes-deixa-as-edicoes-sesc\/","title":{"rendered":"Jonas Gomes deixa as Edi\u00e7\u00f5es Sesc"},"content":{"rendered":"<p><img decoding=\"async\" src=\"https:\/\/www.publishnews.com.br\/estaticos\/uploads\/2021\/08\/YJh2ZDFTJXPpCyEd1nvIpj8rnYagktNnH5JCIC0JgPsg6bvYJGhadKRBt6LW1q2P21Tuksah4V1Pb06R.jpg\" alt=\"\"><br \/>\nJonas Gomes, coordenador de marketing das Edi\u00e7\u00f5es Sesc SP, anunciou a sua sa\u00edda da editora nesta ter\u00e7a-feira (03). Ao PublishNews, ele disse que est\u00e1 partindo para outro ciclo de vida, que j\u00e1 vinha planejando nos \u00faltimos anos. Jonas trabalhou no Sesc SP por 26 anos, 11 deles dedicados \u00e0 editora. Neste per\u00edodo, ele ajudou a casa a apostar no di\u00e1logo com o leitor, na aproxima\u00e7\u00e3o do livro com outras linguagens art\u00edsticas como o teatro e a m\u00fasica, e a colocar as Edi\u00e7\u00f5es Sesc em destaque nos principais eventos e festivais liter\u00e1rios do Brasil. O PN procurou a assessoria das Edi\u00e7\u00f5es Sesc para perguntar como ser\u00e1 a reestrutura\u00e7\u00e3o da empresa depois da sa\u00edda de Jonas, mas foi respondido que n\u00e3o \u00e9 da pol\u00edtica da empresa informar sobre mudan\u00e7as internas de pessoal.<br \/>\n<br \/> <a href=\"https:\/\/pubn.ws\/Ftywc\" target=\"_blank\" rel=\"noopener\">Source<\/a><\/p>\n","protected":false},"excerpt":{"rendered":"<p>Jonas Gomes, coordenador de marketing das Edi\u00e7\u00f5es Sesc SP, anunciou a sua sa\u00edda da editora nesta ter\u00e7a-feira (03). Ao PublishNews, ele disse que est\u00e1 partindo para outro ciclo de vida, que j\u00e1 vinha planejando nos \u00faltimos anos. Jonas trabalhou no Sesc SP por 26 anos, 11 deles dedicados \u00e0 editora. Neste per\u00edodo, ele ajudou a&hellip;<\/p>\n","protected":false},"author":1,"featured_media":9290,"comment_status":"open","ping_status":"open","sticky":false,"template":"","format":"standard","meta":{"_mi_skip_tracking":false,"_exactmetrics_sitenote_active":false,"_exactmetrics_sitenote_note":"","_exactmetrics_sitenote_category":0,"_jetpack_newsletter_access":"","footnotes":""},"categories":[1],"tags":[],"class_list":["post-9288","post","type-post","status-publish","format-standard","has-post-thumbnail","hentry","category-uncategorized"],"jetpack_featured_media_url":"https:\/\/mundobibliotecario.com.br\/wp-content\/uploads\/2021\/08\/YJh2ZDFTJXPpCyEd1nvIpj8rnYagktNnH5JCIC0JgPsg6bvYJGhadKRBt6LW1q2P21Tuksah4V1Pb06R.jpg","jetpack_sharing_enabled":true,"jetpack-related-posts":[{"id":5449,"url":"https:\/\/mundobibliotecario.com.br\/index.php\/2020\/01\/05\/rede-sesc-de-bibliotecas-vai-trabalhar-conceito-de-leituras-elasticas\/","url_meta":{"origin":9288,"position":0},"title":"Rede Sesc de Bibliotecas vai trabalhar conceito de leituras el\u00e1sticas","author":"mundobibliotecario","date":"05\/01\/2020","format":false,"excerpt":"Trabalho \u00e9 sobre a abordagem l\u00fadica em que se pode misturar livros com outras plataformas Ideia \u00e9 refor\u00e7ar o valor de promo\u00e7\u00e3o de leitura para al\u00e9m do livro. Cr\u00e9dito da foto: Pixabay Com um total de 386 unidades atualmente em funcionamento em todo o pa\u00eds, sendo 329 bibliotecas fixas e\u2026","rel":"","context":"Em &quot;Not\u00edcias&quot;","block_context":{"text":"Not\u00edcias","link":"https:\/\/mundobibliotecario.com.br\/index.php\/category\/noticias\/"},"img":{"alt_text":"","src":"","width":0,"height":0},"classes":[]},{"id":8327,"url":"https:\/\/mundobibliotecario.com.br\/index.php\/2021\/01\/13\/acao-do-sesc-estimula-leitura-em-empresas-de-alagoas\/","url_meta":{"origin":9288,"position":1},"title":"A\u00e7\u00e3o do Sesc estimula leitura em empresas de Alagoas","author":"mundobibliotecario","date":"13\/01\/2021","format":false,"excerpt":"Empresas podem se cadastrar para receber livros atrav\u00e9s da biblioteca ambulante do Sesc. Sesc Po\u00e7o \u2014 Foto: Divulga\u00e7\u00e3o J\u00e1 imaginou receber livros diretamente no trabalho? Atrav\u00e9s da biblioteca ambulante do Sesc Alagoas \u00e9 poss\u00edvel pegar os exemplares sem sair de casa. Para isso, basta que as empresas interessadas solicitem o\u2026","rel":"","context":"Em &quot;Not\u00edcias&quot;","block_context":{"text":"Not\u00edcias","link":"https:\/\/mundobibliotecario.com.br\/index.php\/category\/noticias\/"},"img":{"alt_text":"","src":"","width":0,"height":0},"classes":[]},{"id":4602,"url":"https:\/\/mundobibliotecario.com.br\/index.php\/2017\/11\/15\/1a-caminhada-dos-bibliotecarios-sao-carlos-sp\/","url_meta":{"origin":9288,"position":2},"title":"1\u00aa Caminhada dos Bibliotec\u00e1rios &#8211; S\u00e3o Carlos (SP)","author":"mundobibliotecario","date":"15\/11\/2017","format":false,"excerpt":"O Mundo Bibliotec\u00e1rio promove, no dia 19\/11\/17, a 1\u00aa Caminhada dos Bibliotec\u00e1rios\u00a0em S\u00e3o Carlos (SP) Precisa fazer inscri\u00e7\u00e3o? Tem custo? N\u00e3o precisa fazer inscri\u00e7\u00e3o, mas voc\u00ea pode confirmar sua presen\u00e7a no Facebook. Custo: zero! \u00a0 Qual o local da caminhada? O grupo dar\u00e1 uma volta completa na pista em frente\u2026","rel":"","context":"Em &quot;Eventos&quot;","block_context":{"text":"Eventos","link":"https:\/\/mundobibliotecario.com.br\/index.php\/category\/eventos\/"},"img":{"alt_text":"","src":"","width":0,"height":0},"classes":[]},{"id":588,"url":"https:\/\/mundobibliotecario.com.br\/index.php\/2009\/04\/29\/encontros-sesc-memoria\/","url_meta":{"origin":9288,"position":3},"title":"Encontros SESC Mem\u00f3ria","author":"mundobibliotecario","date":"29\/04\/2009","format":false,"excerpt":"Dia 30 de abril, quinta-feira, das 16h \u00e0s 18h Tema: Arquiv\u00edstica e Organiza\u00e7\u00e3o da Informa\u00e7\u00e3o Palestrante: Johanna Smit Mestre em Documenta\u00e7\u00e3o pela \u00c9cole Pratique des Hautes \u00c9tudes (Fran\u00e7a) e doutora em An\u00e1lise do Discurso pela Universidade de Paris-I. Leciona na Universidade de S\u00e3o Paulo desde 1981. Possui experi\u00eancia em elabora\u00e7\u00e3o\u2026","rel":"","context":"Em &quot;Eventos&quot;","block_context":{"text":"Eventos","link":"https:\/\/mundobibliotecario.com.br\/index.php\/category\/eventos\/"},"img":{"alt_text":"","src":"","width":0,"height":0},"classes":[]},{"id":9382,"url":"https:\/\/mundobibliotecario.com.br\/index.php\/2021\/08\/23\/catalogo-2020-camara-periferica-do-livro\/","url_meta":{"origin":9288,"position":4},"title":"Cat\u00e1logo 2020 \u2013 C\u00e2mara Perif\u00e9rica do Livro","author":"mundobibliotecario","date":"23\/08\/2021","format":false,"excerpt":"Elisa Calvet B. - Unsplash Este cat\u00e1logo integra o projeto C\u00e2mara Perif\u00e9rica do Livro (CPL) \u2013 Editoras e Selos Editoriais das Periferias de SP e re\u00fane mais de 300 livros publicados pelas editoras e selos editoriais articuladas dentro do projeto situados e\/ou atuantes nas periferias de S\u00e3o PauloEste cat\u00e1logo integra\u2026","rel":"","context":"Em &quot;Not\u00edcias&quot;","block_context":{"text":"Not\u00edcias","link":"https:\/\/mundobibliotecario.com.br\/index.php\/category\/noticias\/"},"img":{"alt_text":"livro","src":"https:\/\/i0.wp.com\/mundobibliotecario.com.br\/wp-content\/uploads\/2021\/08\/elisa-calvet-b-S3nUOqDmUvc-unsplash.jpg?resize=350%2C200&ssl=1","width":350,"height":200},"classes":[]},{"id":4482,"url":"https:\/\/mundobibliotecario.com.br\/index.php\/2017\/03\/03\/biblioteca-nacional-disponibiliza-edicoes-digitalizadas-do-jornal-do-commercio\/","url_meta":{"origin":9288,"position":5},"title":"Biblioteca Nacional disponibiliza edi\u00e7\u00f5es digitalizadas do Jornal do Commercio","author":"mundobibliotecario","date":"03\/03\/2017","format":false,"excerpt":"Reprodu\u00e7\u00e3o \/ Biblioteca Nacional | Jornal do Commercio POR BRUNO G\u00d3ES 02\/03\/2017 15:20 A Biblioteca Nacional lan\u00e7a esta semana, em seu site, uma ferramenta de consulta \u00e0s edi\u00e7\u00f5es completas do Jornal do Commercio entre os anos de 1827, ano de sua funda\u00e7\u00e3o, e 1890. O per\u00edodo coberto nesta etapa envolve\u2026","rel":"","context":"Em &quot;Not\u00edcias&quot;","block_context":{"text":"Not\u00edcias","link":"https:\/\/mundobibliotecario.com.br\/index.php\/category\/noticias\/"},"img":{"alt_text":"Reprodu\u00c3\u00a7\u00c3\u00a3o \/ Biblioteca Nacional","src":"https:\/\/i0.wp.com\/s2.glbimg.com\/molCg9AcLMBf-6hcozO89QptJNE=\/top\/i.glbimg.com\/og\/ig\/infoglobo1\/f\/original\/2017\/02\/21\/jornal_do_commercio.jpg?resize=350%2C200","width":350,"height":200},"classes":[]}],"jetpack_likes_enabled":true,"jetpack_shortlink":"https:\/\/wp.me\/pcbzwa-2pO","_links":{"self":[{"href":"https:\/\/mundobibliotecario.com.br\/index.php\/wp-json\/wp\/v2\/posts\/9288","targetHints":{"allow":["GET"]}}],"collection":[{"href":"https:\/\/mundobibliotecario.com.br\/index.php\/wp-json\/wp\/v2\/posts"}],"about":[{"href":"https:\/\/mundobibliotecario.com.br\/index.php\/wp-json\/wp\/v2\/types\/post"}],"author":[{"embeddable":true,"href":"https:\/\/mundobibliotecario.com.br\/index.php\/wp-json\/wp\/v2\/users\/1"}],"replies":[{"embeddable":true,"href":"https:\/\/mundobibliotecario.com.br\/index.php\/wp-json\/wp\/v2\/comments?post=9288"}],"version-history":[{"count":0,"href":"https:\/\/mundobibliotecario.com.br\/index.php\/wp-json\/wp\/v2\/posts\/9288\/revisions"}],"wp:featuredmedia":[{"embeddable":true,"href":"https:\/\/mundobibliotecario.com.br\/index.php\/wp-json\/wp\/v2\/media\/9290"}],"wp:attachment":[{"href":"https:\/\/mundobibliotecario.com.br\/index.php\/wp-json\/wp\/v2\/media?parent=9288"}],"wp:term":[{"taxonomy":"category","embeddable":true,"href":"https:\/\/mundobibliotecario.com.br\/index.php\/wp-json\/wp\/v2\/categories?post=9288"},{"taxonomy":"post_tag","embeddable":true,"href":"https:\/\/mundobibliotecario.com.br\/index.php\/wp-json\/wp\/v2\/tags?post=9288"}],"curies":[{"name":"wp","href":"https:\/\/api.w.org\/{rel}","templated":true}]}}