{"id":9356,"date":"2021-08-08T08:47:29","date_gmt":"2021-08-08T11:47:29","guid":{"rendered":"https:\/\/mundobibliotecario.com.br\/index.php\/2021\/08\/08\/uma-biografia-de-1984-publishnews\/"},"modified":"2021-08-08T08:47:29","modified_gmt":"2021-08-08T11:47:29","slug":"uma-biografia-de-1984-publishnews","status":"publish","type":"post","link":"https:\/\/mundobibliotecario.com.br\/index.php\/2021\/08\/08\/uma-biografia-de-1984-publishnews\/","title":{"rendered":"Uma biografia de &#8216;1984&#8217; | PublishNews"},"content":{"rendered":"<p><img decoding=\"async\" src=\"https:\/\/www.publishnews.com.br\/estaticos\/arquivos\/logo_290x290_publishnews_colorido.png\" alt=\"\"><br \/>\nQuando 1984 foi publicado no Reino Unido, em 08 de junho de 1949, um cr\u00edtico perguntou se um romance t\u00e3o oportuno naquele momento teria a possibilidade de exercer a mesma influ\u00eancia nas gera\u00e7\u00f5es seguintes. Hoje, \u00e9 praticamente imposs\u00edvel falar sobre propaganda, vigil\u00e2ncia, autoritarismo ou fake news sem fazer refer\u00eancia \u00e0 obra-prima de George Orwell. Em O minist\u00e9rio da verdade (Companhia das Letras, 488 pp, R$ 89,90 \u2013 Trad.: Claudio Alves Marcondes), o cr\u00edtico brit\u00e2nico Dorian Lynskey remonta a g\u00eanese de 1984 e investiga o alcance do romance na nossa cultura. Al\u00e9m de express\u00f5es que se tornaram corriqueiras como \u201cBig Brother\u201d, \u201cPol\u00edcia das Ideias\u201d, \u201cduplipensar\u201d, \u201cpensamento-crime\u201d e \u201cNovafala\u201d, Lynskey mostra ao leitor como o romance inspirou filmes, s\u00e9ries de TV, pe\u00e7as de teatro, \u00f3peras, o \u00e1lbum Diamond Dogs, de David Bowie, os livros O conto da aia, de Margaret Atwood, e V de Vingan\u00e7a, de Alan Moore e David Lloyd, o filme Brazil, de Terry Gilliam, entre outras obras. De modo acess\u00edvel e informativo, o autor afirma a grandeza duradoura do romance de Orwell.<br \/>\n<br \/> <a href=\"https:\/\/pubn.ws\/csywc\" target=\"_blank\" rel=\"noopener\">Source<\/a><\/p>\n","protected":false},"excerpt":{"rendered":"<p>Quando 1984 foi publicado no Reino Unido, em 08 de junho de 1949, um cr\u00edtico perguntou se um romance t\u00e3o oportuno naquele momento teria a possibilidade de exercer a mesma influ\u00eancia nas gera\u00e7\u00f5es seguintes. Hoje, \u00e9 praticamente imposs\u00edvel falar sobre propaganda, vigil\u00e2ncia, autoritarismo ou fake news sem fazer refer\u00eancia \u00e0 obra-prima de George Orwell. Em&hellip;<\/p>\n","protected":false},"author":1,"featured_media":9357,"comment_status":"open","ping_status":"open","sticky":false,"template":"","format":"standard","meta":{"_mi_skip_tracking":false,"_exactmetrics_sitenote_active":false,"_exactmetrics_sitenote_note":"","_exactmetrics_sitenote_category":0,"_jetpack_newsletter_access":"","footnotes":""},"categories":[1],"tags":[],"class_list":["post-9356","post","type-post","status-publish","format-standard","has-post-thumbnail","hentry","category-uncategorized"],"jetpack_featured_media_url":"https:\/\/mundobibliotecario.com.br\/wp-content\/uploads\/2021\/08\/logo_290x290_publishnews_colorido-3.png","jetpack_sharing_enabled":true,"jetpack-related-posts":[{"id":4890,"url":"https:\/\/mundobibliotecario.com.br\/index.php\/2012\/01\/01\/umberto-eco-o-excesso-de-informacao-provoca-amnesia-2\/","url_meta":{"origin":9356,"position":0},"title":"Umberto Eco: &quot;O excesso de informa\u00e7\u00e3o provoca amn\u00e9sia&quot;","author":"mundobibliotecario","date":"01\/01\/2012","format":false,"excerpt":"O escritor italiano diz que a internet \u00e9 perigosa para o ignorante e \u00fatil para o s\u00e1bio porque ela n\u00e3o filtra o conhecimento e congestiona a mem\u00f3ria do usu\u00e1rio LU\u00cdS ANT\u00d4NIO GIRON,\u00a0DE MIL\u00c3O PROFESSOR O pensador e romancista italiano Umberto Eco completa 80 anos nesta semana. Ele est\u00e1 escrevendo sua\u2026","rel":"","context":"Em &quot;Not\u00edcias&quot;","block_context":{"text":"Not\u00edcias","link":"https:\/\/mundobibliotecario.com.br\/index.php\/category\/noticias\/"},"img":{"alt_text":"","src":"https:\/\/i0.wp.com\/e.glbimg.com\/og\/ed\/f\/original\/2011\/12\/29\/711_umberto_eco.jpg?resize=350%2C200","width":350,"height":200},"classes":[]},{"id":4891,"url":"https:\/\/mundobibliotecario.com.br\/index.php\/2012\/01\/01\/umberto-eco-o-excesso-de-informacao-provoca-amnesia-2-2\/","url_meta":{"origin":9356,"position":1},"title":"Umberto Eco: &#034;O excesso de informa\u00e7\u00e3o provoca amn\u00e9sia&#034;","author":"mundobibliotecario","date":"01\/01\/2012","format":false,"excerpt":"O escritor italiano diz que a internet \u00e9 perigosa para o ignorante e \u00fatil para o s\u00e1bio porque ela n\u00e3o filtra o conhecimento e congestiona a mem\u00f3ria do usu\u00e1rio LU\u00cdS ANT\u00d4NIO GIRON,\u00a0DE MIL\u00c3O PROFESSOR O pensador e romancista italiano Umberto Eco completa 80 anos nesta semana. Ele est\u00e1 escrevendo sua\u2026","rel":"","context":"Em &quot;Not\u00edcias&quot;","block_context":{"text":"Not\u00edcias","link":"https:\/\/mundobibliotecario.com.br\/index.php\/category\/noticias\/"},"img":{"alt_text":"","src":"https:\/\/i0.wp.com\/e.glbimg.com\/og\/ed\/f\/original\/2011\/12\/29\/711_umberto_eco.jpg?resize=350%2C200","width":350,"height":200},"classes":[]},{"id":2378,"url":"https:\/\/mundobibliotecario.com.br\/index.php\/2012\/01\/01\/umberto-eco-o-excesso-de-informacao-provoca-amnesia\/","url_meta":{"origin":9356,"position":2},"title":"Umberto Eco: &#8220;O excesso de informa\u00e7\u00e3o provoca amn\u00e9sia&#8221;","author":"mundobibliotecario","date":"01\/01\/2012","format":false,"excerpt":"O escritor italiano diz que a internet \u00e9 perigosa para o ignorante e \u00fatil para o s\u00e1bio porque ela n\u00e3o filtra o conhecimento e congestiona a mem\u00f3ria do usu\u00e1rio LU\u00cdS ANT\u00d4NIO GIRON,\u00a0DE MIL\u00c3O PROFESSOR O pensador e romancista italiano Umberto Eco completa 80 anos nesta semana. Ele est\u00e1 escrevendo sua\u2026","rel":"","context":"Em &quot;Not\u00edcias&quot;","block_context":{"text":"Not\u00edcias","link":"https:\/\/mundobibliotecario.com.br\/index.php\/category\/noticias\/"},"img":{"alt_text":"","src":"https:\/\/i0.wp.com\/e.glbimg.com\/og\/ed\/f\/original\/2011\/12\/29\/711_umberto_eco.jpg?resize=350%2C200","width":350,"height":200},"classes":[]},{"id":7870,"url":"https:\/\/mundobibliotecario.com.br\/index.php\/2020\/10\/04\/unesp-realiza-semana-do-livro-com-atividades-gratuitas-online\/","url_meta":{"origin":9356,"position":3},"title":"Unesp realiza Semana do Livro com atividades gratuitas online","author":"mundobibliotecario","date":"04\/10\/2020","format":false,"excerpt":"Programa\u00e7\u00e3o come\u00e7a nesta segunda-feira (5) e vai at\u00e9 dia 9. Tamb\u00e9m est\u00e3o abertas as inscri\u00e7\u00f5es para o Pr\u00eamio S\u00e3o Paulo de Literatura; veja como participar.","rel":"","context":"Em &quot;Not\u00edcias&quot;","block_context":{"text":"Not\u00edcias","link":"https:\/\/mundobibliotecario.com.br\/index.php\/category\/noticias\/"},"img":{"alt_text":"","src":"","width":0,"height":0},"classes":[]},{"id":3108,"url":"https:\/\/mundobibliotecario.com.br\/index.php\/2013\/05\/07\/concurso-de-literatura-da-premio-de-r-40-mil-a-tres-escritores\/","url_meta":{"origin":9356,"position":4},"title":"Concurso de literatura d\u00e1 pr\u00eamio de R$ 40 mil a tr\u00eas escritores","author":"mundobibliotecario","date":"07\/05\/2013","format":false,"excerpt":"Al\u00e9m do pr\u00eamio em dinheiro, autores selecionados ter\u00e3o obra publicada TAGS:\u00a0Biblioteca P\u00fablica do Paran\u00e1,\u00a0Concurso,\u00a0conto,\u00a0Livros,\u00a0Poesia,\u00a0pr\u00eamio,\u00a0Pr\u00eamio Paran\u00e1 de Literatura,romance Est\u00e3o abertas as inscri\u00e7\u00f5es para o\u00a0Pr\u00eamio\u00a0Paran\u00e1 de Literatura 2013. Lan\u00e7ado pela Biblioteca P\u00fablica do Paran\u00e1, o concurso selecionar\u00e1 tr\u00eas livros in\u00e9ditos em tr\u00eas categorias: romance, contos e poesia Al\u00e9m de receber R$ 40\u2026","rel":"","context":"Em &quot;Concurso&quot;","block_context":{"text":"Concurso","link":"https:\/\/mundobibliotecario.com.br\/index.php\/category\/concurso\/"},"img":{"alt_text":"","src":"https:\/\/i0.wp.com\/revistacult.uol.com.br\/home\/wp-content\/uploads\/2013\/05\/Library-Books.jpg?resize=350%2C200","width":350,"height":200},"classes":[]},{"id":1098,"url":"https:\/\/mundobibliotecario.com.br\/index.php\/2010\/02\/11\/biblioteca-de-sao-paulo-e-inaugurada\/","url_meta":{"origin":9356,"position":5},"title":"Biblioteca de S\u00e3o Paulo \u00e9 inaugurada","author":"mundobibliotecario","date":"11\/02\/2010","format":false,"excerpt":"Not\u00edcias 11\/2\/2010 Ag\u00eancia FAPESP\u00a0- O Parque da Juventude, localizado na Zona Norte da capital paulista, ganhou novo espa\u00e7o cultural. A \u00e1rea com 4.257 m\u00b2 abriga a mais nova biblioteca p\u00fablica da cidade, batizada de Biblioteca de S\u00e3o Paulo. A inaugura\u00e7\u00e3o foi feita no dia 8, pelo governador Jos\u00e9 Serra e\u2026","rel":"","context":"Em &quot;Not\u00edcias&quot;","block_context":{"text":"Not\u00edcias","link":"https:\/\/mundobibliotecario.com.br\/index.php\/category\/noticias\/"},"img":{"alt_text":"","src":"","width":0,"height":0},"classes":[]}],"jetpack_likes_enabled":true,"jetpack_shortlink":"https:\/\/wp.me\/pcbzwa-2qU","_links":{"self":[{"href":"https:\/\/mundobibliotecario.com.br\/index.php\/wp-json\/wp\/v2\/posts\/9356","targetHints":{"allow":["GET"]}}],"collection":[{"href":"https:\/\/mundobibliotecario.com.br\/index.php\/wp-json\/wp\/v2\/posts"}],"about":[{"href":"https:\/\/mundobibliotecario.com.br\/index.php\/wp-json\/wp\/v2\/types\/post"}],"author":[{"embeddable":true,"href":"https:\/\/mundobibliotecario.com.br\/index.php\/wp-json\/wp\/v2\/users\/1"}],"replies":[{"embeddable":true,"href":"https:\/\/mundobibliotecario.com.br\/index.php\/wp-json\/wp\/v2\/comments?post=9356"}],"version-history":[{"count":0,"href":"https:\/\/mundobibliotecario.com.br\/index.php\/wp-json\/wp\/v2\/posts\/9356\/revisions"}],"wp:featuredmedia":[{"embeddable":true,"href":"https:\/\/mundobibliotecario.com.br\/index.php\/wp-json\/wp\/v2\/media\/9357"}],"wp:attachment":[{"href":"https:\/\/mundobibliotecario.com.br\/index.php\/wp-json\/wp\/v2\/media?parent=9356"}],"wp:term":[{"taxonomy":"category","embeddable":true,"href":"https:\/\/mundobibliotecario.com.br\/index.php\/wp-json\/wp\/v2\/categories?post=9356"},{"taxonomy":"post_tag","embeddable":true,"href":"https:\/\/mundobibliotecario.com.br\/index.php\/wp-json\/wp\/v2\/tags?post=9356"}],"curies":[{"name":"wp","href":"https:\/\/api.w.org\/{rel}","templated":true}]}}