{"id":940,"date":"2009-10-24T17:35:26","date_gmt":"2009-10-24T20:35:26","guid":{"rendered":"http:\/\/mundobibliotecario.wordpress.com\/?p=940"},"modified":"2020-07-21T23:53:17","modified_gmt":"2020-07-22T02:53:17","slug":"concurso-cetesbsp","status":"publish","type":"post","link":"https:\/\/mundobibliotecario.com.br\/index.php\/2009\/10\/24\/concurso-cetesbsp\/","title":{"rendered":"Concurso &#8211; CETESB\/SP"},"content":{"rendered":"<p>Foi publicado nesta semana o edital do concurso da CETESB. A institui\u00e7\u00e3o abriu concurso para\u00a0bibliotec\u00e1rio. O regime de trabalho \u00e9 CLT e o sal\u00e1rio \u00e9 de R$ 3456,00. As inscri\u00e7\u00f5es poder\u00e3o ser realizadas a partir das 10h00 de\u00a026 de outubro de 2009 at\u00e9 as 16h00 de 12 de novembro de 2009 no site da <a href=\"http:\/\/www.vunesp.com.br\">Vunesp<\/a>. O valor da inscri\u00e7\u00e3o \u00e9 R$70,00. A data prevista para aplica\u00e7\u00e3o da prova \u00e9 20\/12\/2009.<\/p>\n<p>Boa sorte a todos!<\/p>\n<p>Dispon\u00edvel em: &lt;http:\/\/www.editaisbrasil.com.br\/concurso-cetesb-sp-8595.html#&gt;. Acesso em: 24 out. 2009.<\/p>\n","protected":false},"excerpt":{"rendered":"<p>Foi publicado nesta semana o edital do concurso da CETESB. A institui\u00e7\u00e3o abriu concurso para\u00a0bibliotec\u00e1rio. O regime de trabalho \u00e9 CLT e o sal\u00e1rio \u00e9 de R$ 3456,00. As inscri\u00e7\u00f5es poder\u00e3o ser realizadas a partir das 10h00 de\u00a026 de outubro de 2009 at\u00e9 as 16h00 de 12 de novembro de 2009 no site da Vunesp. &#8230; <a title=\"Concurso &#8211; CETESB\/SP\" class=\"read-more\" href=\"https:\/\/mundobibliotecario.com.br\/index.php\/2009\/10\/24\/concurso-cetesbsp\/\" aria-label=\"Read more about Concurso &#8211; CETESB\/SP\">Ler mais<\/a><\/p>\n","protected":false},"author":1,"featured_media":0,"comment_status":"open","ping_status":"open","sticky":false,"template":"","format":"standard","meta":{"_mi_skip_tracking":false,"_exactmetrics_sitenote_active":false,"_exactmetrics_sitenote_note":"","_exactmetrics_sitenote_category":0,"_jetpack_newsletter_access":"","footnotes":""},"categories":[168],"tags":[235],"class_list":["post-940","post","type-post","status-publish","format-standard","hentry","category-concurso","tag-concurso-de-biblioteconomia"],"jetpack_featured_media_url":"","jetpack_sharing_enabled":true,"jetpack-related-posts":[{"id":1013,"url":"https:\/\/mundobibliotecario.com.br\/index.php\/2009\/12\/14\/concursos-de-biblioteconomia-dezembro2009\/","url_meta":{"origin":940,"position":0},"title":"Concursos de biblioteconomia &#8211; Dezembro\/2009","author":"mundobibliotecario","date":"14\/12\/2009","format":false,"excerpt":"Prefeitura de Sertan\u00f3polis-PR Inscri\u00e7\u00f5es: de 01 a 16 de dezembro de 2009 Remunera\u00e7\u00e3o: R$ 1.213,00 (20 h.) Taxa: R$ 80,00 Site: http:\/\/www.exatuspr.com.br\/ Prefeitura de Caraguatatuba-SP Inscri\u00e7\u00f5es: de 14 a 21 de dezembro de 2009 Remunera\u00e7\u00e3o: R$ 1.536,81 Vagas: 01 Taxa: R$ 52,00 Site:\u00a0http:\/\/www.ibamsp-concursos.org.br\/","rel":"","context":"Em &quot;Concurso&quot;","block_context":{"text":"Concurso","link":"https:\/\/mundobibliotecario.com.br\/index.php\/category\/concurso\/"},"img":{"alt_text":"","src":"","width":0,"height":0},"classes":[]},{"id":935,"url":"https:\/\/mundobibliotecario.com.br\/index.php\/2009\/10\/21\/fdsbc-faculdade-de-direito-de-sao-bernardo-do-campo-sp\/","url_meta":{"origin":940,"position":1},"title":"FDSBC &#8211; Faculdade de Direito de S\u00e3o Bernardo do Campo &#8211; SP","author":"mundobibliotecario","date":"21\/10\/2009","format":false,"excerpt":"Inscri\u00e7\u00f5es: de 16 de outubro a 23 de novembro de 2009. Remunera\u00e7\u00e3o: R$ 2.993,13 Vagas: Cadastro de reservas Taxa: R$ 50,00 Data prevista para a prova: 13\/12\/2009 Site: www.quadrix.org.br","rel":"","context":"Em &quot;Concurso&quot;","block_context":{"text":"Concurso","link":"https:\/\/mundobibliotecario.com.br\/index.php\/category\/concurso\/"},"img":{"alt_text":"","src":"","width":0,"height":0},"classes":[]},{"id":945,"url":"https:\/\/mundobibliotecario.com.br\/index.php\/2009\/10\/24\/cetesb-sp-muda-periodo-de-inscricao-do-concurso\/","url_meta":{"origin":940,"position":2},"title":"Cetesb &#8211; SP muda per\u00edodo de inscri\u00e7\u00e3o do concurso","author":"mundobibliotecario","date":"24\/10\/2009","format":false,"excerpt":"No edital de abertura, o per\u00edodo para inscri\u00e7\u00e3o era de 26 de outubro a 12 de novembro. Ap\u00f3s retifica\u00e7\u00e3o, os candidatos poder\u00e3o se inscrever a partir da pr\u00f3xima quarta-feira ( 28 de outubro) at\u00e9 dia 24 de novembro. Dispon\u00edvel em: <http:\/\/www.editaisbrasil.com.br\/concurso-cetesb-sp-inscricao-8811.html>. Acesso em: 24 out. 2009.","rel":"","context":"Em &quot;Concurso&quot;","block_context":{"text":"Concurso","link":"https:\/\/mundobibliotecario.com.br\/index.php\/category\/concurso\/"},"img":{"alt_text":"","src":"","width":0,"height":0},"classes":[]},{"id":816,"url":"https:\/\/mundobibliotecario.com.br\/index.php\/2009\/08\/19\/concurso-secretaria-do-meio-ambiente-de-sp-instituto-geologico\/","url_meta":{"origin":940,"position":3},"title":"Concurso &#8211; Secretaria do Meio Ambiente de SP (Instituto Geol\u00f3gico)","author":"mundobibliotecario","date":"19\/08\/2009","format":false,"excerpt":"Concurso p\u00fablico - Secretaria do Meio Ambiente do Estado de S\u00e3o Paulo - Instituto Geol\u00f3gico \u00a0 http:\/\/www.cetroconcursos.com.br\/Projetos\/Inst_Geologico_SP_2009\/EDITAL_IG_%20001-2009.pdf \u00a0 Inscri\u00e7\u00f5es pela internet at\u00e9 21\/08, para cargos de ensino fundamental a Superior. valores de R$ 22,00 a R$ 45,00. Cargos de: Auxiliar, agente, t\u00e9cnico e assistente t\u00e9cnico de pesquisa cient\u00edfica tecnol\u00f3gica. \u00a0\u2026","rel":"","context":"Em &quot;Concurso&quot;","block_context":{"text":"Concurso","link":"https:\/\/mundobibliotecario.com.br\/index.php\/category\/concurso\/"},"img":{"alt_text":"","src":"","width":0,"height":0},"classes":[]},{"id":521,"url":"https:\/\/mundobibliotecario.com.br\/index.php\/2009\/04\/04\/concurso-sao-carlossp\/","url_meta":{"origin":940,"position":4},"title":"Concurso &#8211; S\u00e3o Carlos\/SP","author":"mundobibliotecario","date":"04\/04\/2009","format":false,"excerpt":"A Prefeitura de S\u00e3o Carlos est\u00e1 com inscri\u00e7\u00f5es abertas para a realiza\u00e7\u00e3o de concurso para preenchimento de uma vaga para o cargo de bibliotec\u00e1rio, al\u00e9m outras fun\u00e7\u00f5es. O sal\u00e1rio \u00e9 de R$ 1 736,08. Mais informa\u00e7\u00f5es podem ser conferidas no edital, dispon\u00edvel no site da prefeitura.","rel":"","context":"Em &quot;Concurso&quot;","block_context":{"text":"Concurso","link":"https:\/\/mundobibliotecario.com.br\/index.php\/category\/concurso\/"},"img":{"alt_text":"","src":"","width":0,"height":0},"classes":[]},{"id":1026,"url":"https:\/\/mundobibliotecario.com.br\/index.php\/2009\/12\/30\/concurso-empresa-da-petrobras\/","url_meta":{"origin":940,"position":5},"title":"Concurso &#8211; Empresa da Petrobras","author":"mundobibliotecario","date":"30\/12\/2009","format":false,"excerpt":"A refinaria Alberto Pasqualini (Refap), empresa do sistema Petrobras, localizada na cidade de Canoas (RS), abriu processo seletivo para forma\u00e7\u00e3o de cadastro de reserva para cargos de n\u00edvel m\u00e9dio\/t\u00e9cnico\u00a0e superior. Os sal\u00e1rios v\u00e3o de R$ 1.141,61 a R$ 3.940,16. Edital dispon\u00edvel em http:\/\/www.fundatec.com.br\/home\/portal\/concursos\/editais\/edital-10623122009.pdf","rel":"","context":"Em &quot;Concurso&quot;","block_context":{"text":"Concurso","link":"https:\/\/mundobibliotecario.com.br\/index.php\/category\/concurso\/"},"img":{"alt_text":"","src":"","width":0,"height":0},"classes":[]}],"jetpack_likes_enabled":true,"jetpack_shortlink":"https:\/\/wp.me\/pcbzwa-fa","_links":{"self":[{"href":"https:\/\/mundobibliotecario.com.br\/index.php\/wp-json\/wp\/v2\/posts\/940","targetHints":{"allow":["GET"]}}],"collection":[{"href":"https:\/\/mundobibliotecario.com.br\/index.php\/wp-json\/wp\/v2\/posts"}],"about":[{"href":"https:\/\/mundobibliotecario.com.br\/index.php\/wp-json\/wp\/v2\/types\/post"}],"author":[{"embeddable":true,"href":"https:\/\/mundobibliotecario.com.br\/index.php\/wp-json\/wp\/v2\/users\/1"}],"replies":[{"embeddable":true,"href":"https:\/\/mundobibliotecario.com.br\/index.php\/wp-json\/wp\/v2\/comments?post=940"}],"version-history":[{"count":2,"href":"https:\/\/mundobibliotecario.com.br\/index.php\/wp-json\/wp\/v2\/posts\/940\/revisions"}],"predecessor-version":[{"id":7023,"href":"https:\/\/mundobibliotecario.com.br\/index.php\/wp-json\/wp\/v2\/posts\/940\/revisions\/7023"}],"wp:attachment":[{"href":"https:\/\/mundobibliotecario.com.br\/index.php\/wp-json\/wp\/v2\/media?parent=940"}],"wp:term":[{"taxonomy":"category","embeddable":true,"href":"https:\/\/mundobibliotecario.com.br\/index.php\/wp-json\/wp\/v2\/categories?post=940"},{"taxonomy":"post_tag","embeddable":true,"href":"https:\/\/mundobibliotecario.com.br\/index.php\/wp-json\/wp\/v2\/tags?post=940"}],"curies":[{"name":"wp","href":"https:\/\/api.w.org\/{rel}","templated":true}]}}