{"id":9448,"date":"2021-09-08T16:00:00","date_gmt":"2021-09-08T19:00:00","guid":{"rendered":"https:\/\/mundobibliotecario.com.br\/?p=9448"},"modified":"2021-09-11T14:31:09","modified_gmt":"2021-09-11T17:31:09","slug":"8-aplicativos-para-bibliotecas-domesticas-para-manter-sua-colecao-de-livros-organizada","status":"publish","type":"post","link":"https:\/\/mundobibliotecario.com.br\/index.php\/2021\/09\/08\/8-aplicativos-para-bibliotecas-domesticas-para-manter-sua-colecao-de-livros-organizada\/","title":{"rendered":"8 aplicativos para bibliotecas dom\u00e9sticas para manter sua cole\u00e7\u00e3o de livros organizada"},"content":{"rendered":"\t\t<div data-elementor-type=\"wp-post\" data-elementor-id=\"9448\" class=\"elementor elementor-9448\">\n\t\t\t\t\t\t<div class=\"elementor-inner\">\n\t\t\t\t<div class=\"elementor-section-wrap\">\n\t\t\t\t\t\t\t\t\t<section class=\"elementor-section elementor-top-section elementor-element elementor-element-96e8d84 elementor-section-boxed elementor-section-height-default elementor-section-height-default\" data-id=\"96e8d84\" data-element_type=\"section\">\n\t\t\t\t\t\t<div class=\"elementor-container elementor-column-gap-default\">\n\t\t\t\t\t\t\t<div class=\"elementor-row\">\n\t\t\t\t\t<div class=\"elementor-column elementor-col-100 elementor-top-column elementor-element elementor-element-a781931\" data-id=\"a781931\" data-element_type=\"column\">\n\t\t\t<div class=\"elementor-column-wrap elementor-element-populated\">\n\t\t\t\t\t\t\t<div class=\"elementor-widget-wrap\">\n\t\t\t\t\t\t<div class=\"elementor-element elementor-element-fc95439 elementor-widget elementor-widget-text-editor\" data-id=\"fc95439\" data-element_type=\"widget\" data-widget_type=\"text-editor.default\">\n\t\t\t\t<div class=\"elementor-widget-container\">\n\t\t\t\t\t\t\t\t<div class=\"elementor-text-editor elementor-clearfix\">\n\t\t\t\t<p>O site BookRiot publicou uma lista de&nbsp;<a href=\"https:\/\/bookriot.com\/home-library-apps\/\" target=\"_blank\">8 aplicativos para voc\u00ea organizar sua biblioteca dom\u00e9stica<\/a>.<\/p>\n<p>Conhe\u00e7a quais s\u00e3o no infogr\u00e1fico abaixo!<\/p>\t\t\t\t\t<\/div>\n\t\t\t\t\t\t<\/div>\n\t\t\t\t<\/div>\n\t\t\t\t\t\t<\/div>\n\t\t\t\t\t<\/div>\n\t\t<\/div>\n\t\t\t\t\t\t\t\t<\/div>\n\t\t\t\t\t<\/div>\n\t\t<\/section>\n\t\t\t\t<section class=\"elementor-section elementor-top-section elementor-element elementor-element-fe12a3b elementor-section-boxed elementor-section-height-default elementor-section-height-default\" data-id=\"fe12a3b\" data-element_type=\"section\">\n\t\t\t\t\t\t<div class=\"elementor-container elementor-column-gap-default\">\n\t\t\t\t\t\t\t<div class=\"elementor-row\">\n\t\t\t\t\t<div class=\"elementor-column elementor-col-100 elementor-top-column elementor-element elementor-element-4da57da\" data-id=\"4da57da\" data-element_type=\"column\">\n\t\t\t<div class=\"elementor-column-wrap elementor-element-populated\">\n\t\t\t\t\t\t\t<div class=\"elementor-widget-wrap\">\n\t\t\t\t\t\t<div class=\"elementor-element elementor-element-b1b72a0 elementor-widget elementor-widget-image\" data-id=\"b1b72a0\" data-element_type=\"widget\" data-widget_type=\"image.default\">\n\t\t\t\t<div class=\"elementor-widget-container\">\n\t\t\t\t\t\t\t\t<div class=\"elementor-image\">\n\t\t\t\t\t\t\t\t\t\t\t\t<img loading=\"lazy\" decoding=\"async\" width=\"614\" height=\"1536\" src=\"https:\/\/mundobibliotecario.com.br\/wp-content\/uploads\/2021\/09\/Apps-biblioteca-casa-1-1-614x1536.png\" class=\"attachment-1536x1536 size-1536x1536 wp-image-9470\" alt=\"\" srcset=\"https:\/\/mundobibliotecario.com.br\/wp-content\/uploads\/2021\/09\/Apps-biblioteca-casa-1-1-614x1536.png 614w, https:\/\/mundobibliotecario.com.br\/wp-content\/uploads\/2021\/09\/Apps-biblioteca-casa-1-1-120x300.png 120w, https:\/\/mundobibliotecario.com.br\/wp-content\/uploads\/2021\/09\/Apps-biblioteca-casa-1-1-768x1920.png 768w, https:\/\/mundobibliotecario.com.br\/wp-content\/uploads\/2021\/09\/Apps-biblioteca-casa-1-1.png 800w\" sizes=\"auto, (max-width: 614px) 100vw, 614px\" \/>\t\t\t\t\t\t\t\t\t\t\t\t\t\t<\/div>\n\t\t\t\t\t\t<\/div>\n\t\t\t\t<\/div>\n\t\t\t\t\t\t<\/div>\n\t\t\t\t\t<\/div>\n\t\t<\/div>\n\t\t\t\t\t\t\t\t<\/div>\n\t\t\t\t\t<\/div>\n\t\t<\/section>\n\t\t\t\t<section class=\"elementor-section elementor-top-section elementor-element elementor-element-234ab7e elementor-section-boxed elementor-section-height-default elementor-section-height-default\" data-id=\"234ab7e\" data-element_type=\"section\">\n\t\t\t\t\t\t<div class=\"elementor-container elementor-column-gap-default\">\n\t\t\t\t\t\t\t<div class=\"elementor-row\">\n\t\t\t\t\t<div class=\"elementor-column elementor-col-100 elementor-top-column elementor-element elementor-element-0f8f6dd\" data-id=\"0f8f6dd\" data-element_type=\"column\">\n\t\t\t<div class=\"elementor-column-wrap elementor-element-populated\">\n\t\t\t\t\t\t\t<div class=\"elementor-widget-wrap\">\n\t\t\t\t\t\t<div class=\"elementor-element elementor-element-65e6e09 elementor-widget elementor-widget-image\" data-id=\"65e6e09\" data-element_type=\"widget\" data-widget_type=\"image.default\">\n\t\t\t\t<div class=\"elementor-widget-container\">\n\t\t\t\t\t\t\t\t<div class=\"elementor-image\">\n\t\t\t\t\t\t\t\t\t\t\t\t<img loading=\"lazy\" decoding=\"async\" width=\"614\" height=\"1536\" src=\"https:\/\/mundobibliotecario.com.br\/wp-content\/uploads\/2021\/09\/Apps-biblioteca-casa-2-614x1536.png\" class=\"attachment-1536x1536 size-1536x1536 wp-image-9467\" alt=\"\" srcset=\"https:\/\/mundobibliotecario.com.br\/wp-content\/uploads\/2021\/09\/Apps-biblioteca-casa-2-614x1536.png 614w, https:\/\/mundobibliotecario.com.br\/wp-content\/uploads\/2021\/09\/Apps-biblioteca-casa-2-120x300.png 120w, https:\/\/mundobibliotecario.com.br\/wp-content\/uploads\/2021\/09\/Apps-biblioteca-casa-2-768x1920.png 768w, https:\/\/mundobibliotecario.com.br\/wp-content\/uploads\/2021\/09\/Apps-biblioteca-casa-2.png 800w\" sizes=\"auto, (max-width: 614px) 100vw, 614px\" \/>\t\t\t\t\t\t\t\t\t\t\t\t\t\t<\/div>\n\t\t\t\t\t\t<\/div>\n\t\t\t\t<\/div>\n\t\t\t\t\t\t<\/div>\n\t\t\t\t\t<\/div>\n\t\t<\/div>\n\t\t\t\t\t\t\t\t<\/div>\n\t\t\t\t\t<\/div>\n\t\t<\/section>\n\t\t\t\t\t\t\t\t\t<\/div>\n\t\t\t<\/div>\n\t\t\t\t\t<\/div>\n\t\t","protected":false},"excerpt":{"rendered":"<p>O site BookRiot publicou uma lista de&nbsp;8 aplicativos para voc\u00ea organizar sua biblioteca dom\u00e9stica. Conhe\u00e7a quais s\u00e3o no infogr\u00e1fico abaixo!<\/p>\n","protected":false},"author":1,"featured_media":0,"comment_status":"open","ping_status":"open","sticky":false,"template":"","format":"standard","meta":{"_mi_skip_tracking":false,"_exactmetrics_sitenote_active":false,"_exactmetrics_sitenote_note":"","_exactmetrics_sitenote_category":0,"_jetpack_newsletter_access":"","footnotes":""},"categories":[60],"tags":[1278,1347,2,1392,522],"class_list":["post-9448","post","type-post","status-publish","format-standard","hentry","category-noticias","tag-aplicativo","tag-app","tag-biblioteca","tag-bibliotecas","tag-organizacao"],"jetpack_featured_media_url":"","jetpack_sharing_enabled":true,"jetpack-related-posts":[{"id":8739,"url":"https:\/\/mundobibliotecario.com.br\/index.php\/2021\/04\/20\/7-aplicativos-incriveis-para-organizar-a-sua-biblioteca-particular-e-as-suas-leituras\/","url_meta":{"origin":9448,"position":0},"title":"7 aplicativos incr\u00edveis para organizar a sua biblioteca particular e as suas leituras","author":"mundobibliotecario","date":"20\/04\/2021","format":false,"excerpt":"A bibliotec\u00e1ria e criadora de conte\u00fado Mayara Cabral, do biblio.mkt, fez uma sele\u00e7\u00e3o junto com seus seguidores de 7 aplicativos para organizar sua biblioteca e suas leituras. Veja quais s\u00e3o eles! LibraryThing\u00a0\u00e9 um\u00a0aplicativo\u00a0de\u00a0cataloga\u00e7\u00e3o social\u00a0para armazenar e compartilhar cat\u00e1logos de livros e v\u00e1rios tipos de\u00a0metadados\u00a0de livros. \u00c9 usado por autores, indiv\u00edduos,\u2026","rel":"","context":"Em &quot;Not\u00edcias&quot;","block_context":{"text":"Not\u00edcias","link":"https:\/\/mundobibliotecario.com.br\/index.php\/category\/noticias\/"},"img":{"alt_text":"planilhas","src":"https:\/\/i0.wp.com\/mundobibliotecario.com.br\/wp-content\/uploads\/2021\/04\/excel-3873854_1280.png?resize=350%2C200&ssl=1","width":350,"height":200},"classes":[]},{"id":4600,"url":"https:\/\/mundobibliotecario.com.br\/index.php\/2017\/10\/29\/organize-a-sua-biblioteca-de-arquivos\/","url_meta":{"origin":9448,"position":1},"title":"Organize a sua biblioteca de arquivos","author":"mundobibliotecario","date":"29\/10\/2017","format":false,"excerpt":"Conhe\u00e7a cinco sites e aplicativos para voc\u00ea ter a sua estante documentada online por Ramon Vitral Poucos\u00a0sites,\u00a0posts\u00a0e\u00a0tumblrs\u00a0s\u00e3o t\u00e3o compartilhados quanto aqueles destinados \u00e0 reprodu\u00e7\u00e3o de estantes repletas de livros - ou games, filmes e quadrinhos. Os dilemas de distribui\u00e7\u00e3o por formatos, g\u00eaneros, autor ou qualquer outro crit\u00e9rio utilizado para a\u2026","rel":"","context":"Em &quot;Not\u00edcias&quot;","block_context":{"text":"Not\u00edcias","link":"https:\/\/mundobibliotecario.com.br\/index.php\/category\/noticias\/"},"img":{"alt_text":"Editora Globo","src":"https:\/\/i0.wp.com\/revistagalileu.globo.com\/Revista\/Galileu2\/foto\/0,,69835778,00.jpg?resize=350%2C200","width":350,"height":200},"classes":[]},{"id":158,"url":"https:\/\/mundobibliotecario.com.br\/index.php\/2008\/11\/03\/revista-digital-crb-8-aborda-o-tema-bibliotecas-escolares\/","url_meta":{"origin":9448,"position":2},"title":"Revista Digital CRB-8 aborda o tema Bibliotecas Escolares","author":"mundobibliotecario","date":"03\/11\/2008","format":false,"excerpt":"Algumas apresenta\u00e7\u00f5es realizadas nos eventos, organizados pelo CRB-8 e pela IASL \u2013 International Association of School Libratianship, est\u00e3o dispon\u00edveis na Revista Digital CRB-8: \u00a0 Fonte: Boletim Bob News, CRB-8, S\u00e3o Paulo, 30 out. 2008 - Edi\u00e7\u00e3o 46.","rel":"","context":"Em &quot;Not\u00edcias&quot;","block_context":{"text":"Not\u00edcias","link":"https:\/\/mundobibliotecario.com.br\/index.php\/category\/noticias\/"},"img":{"alt_text":"","src":"","width":0,"height":0},"classes":[]},{"id":1501,"url":"https:\/\/mundobibliotecario.com.br\/index.php\/2010\/10\/09\/bibliotecas-que-twittam\/","url_meta":{"origin":9448,"position":3},"title":"Bibliotecas que twittam","author":"mundobibliotecario","date":"09\/10\/2010","format":false,"excerpt":"3 de outubro de 2010| 15h30| Tweet este Post Por Ag\u00eancias Tweets, SMS e aplicativos para celular s\u00e3o as armas das bibliotecas norte-americanas para cativar pessoas que torcem o nariz para fichas de papel. E parece que a t\u00e1tica est\u00e1 funcionando. Desde que come\u00e7aram a se moldar \u00e0 gera\u00e7\u00e3o iPod,\u2026","rel":"","context":"Em &quot;Not\u00edcias&quot;","block_context":{"text":"Not\u00edcias","link":"https:\/\/mundobibliotecario.com.br\/index.php\/category\/noticias\/"},"img":{"alt_text":"","src":"","width":0,"height":0},"classes":[]},{"id":9617,"url":"https:\/\/mundobibliotecario.com.br\/index.php\/2021\/11\/13\/publicado-o-relatorio-anual-2020-2021-da-oclc\/","url_meta":{"origin":9448,"position":4},"title":"Publicado o relat\u00f3rio anual 2020-2021 da OCLC","author":"mundobibliotecario","date":"13\/11\/2021","format":false,"excerpt":"Convidamos voc\u00ea a ver o Relat\u00f3rio Anual da OCLC 2020\u20132021. O relat\u00f3rio celebra como as bibliotecas e a OCLC superaram os desafios e as circunst\u00e2ncias para servir nossas comunidades de novas maneiras e com um renovado senso de prop\u00f3sito. Entre as conquistas no FY21: 1. A comunidade se reuniu para\u2026","rel":"","context":"Em &quot;Not\u00edcias&quot;","block_context":{"text":"Not\u00edcias","link":"https:\/\/mundobibliotecario.com.br\/index.php\/category\/noticias\/"},"img":{"alt_text":"","src":"https:\/\/i0.wp.com\/mundobibliotecario.com.br\/wp-content\/uploads\/2021\/11\/oclc.png?resize=350%2C200&ssl=1","width":350,"height":200},"classes":[]},{"id":964,"url":"https:\/\/mundobibliotecario.com.br\/index.php\/2009\/11\/02\/curso-a-distancia-flashmeeting-interface-hipermidia-aplicavel-aos-programas-de-educacao-de-usuarios-de-bibliotecas-e-aos-servicos-de-informacao\/","url_meta":{"origin":9448,"position":5},"title":"CURSO \u00c0 DIST\u00c2NCIA: &quot;FLASHMEETING: INTERFACE HIPERM\u00cdDIA APLIC\u00c1VEL AOS PROGRAMAS DE EDUCA\u00c7\u00c3O DE USU\u00c1RIOS DE BIBLIOTECAS E AOS SERVI\u00c7OS DE INFORMA\u00c7\u00c3O&quot;","author":"mundobibliotecario","date":"02\/11\/2009","format":false,"excerpt":"A gest\u00e3o da FEBAB (2008-2011) acha-se pautada em crit\u00e9rios que s\u00e3o estrat\u00e9gicos para enfrentar os desafios decorrentes de um novo cen\u00e1rio social e uma de suas propostas est\u00e1 voltada para as pessoas e suas compet\u00eancias, visando a duas a\u00e7\u00f5es: Estabelecer um sistema de identifica\u00e7\u00e3o de necessidades de educa\u00e7\u00e3o continuada em\u2026","rel":"","context":"Em &quot;Curso&quot;","block_context":{"text":"Curso","link":"https:\/\/mundobibliotecario.com.br\/index.php\/category\/curso\/"},"img":{"alt_text":"","src":"","width":0,"height":0},"classes":[]}],"jetpack_likes_enabled":true,"jetpack_shortlink":"https:\/\/wp.me\/pcbzwa-2so","_links":{"self":[{"href":"https:\/\/mundobibliotecario.com.br\/index.php\/wp-json\/wp\/v2\/posts\/9448","targetHints":{"allow":["GET"]}}],"collection":[{"href":"https:\/\/mundobibliotecario.com.br\/index.php\/wp-json\/wp\/v2\/posts"}],"about":[{"href":"https:\/\/mundobibliotecario.com.br\/index.php\/wp-json\/wp\/v2\/types\/post"}],"author":[{"embeddable":true,"href":"https:\/\/mundobibliotecario.com.br\/index.php\/wp-json\/wp\/v2\/users\/1"}],"replies":[{"embeddable":true,"href":"https:\/\/mundobibliotecario.com.br\/index.php\/wp-json\/wp\/v2\/comments?post=9448"}],"version-history":[{"count":11,"href":"https:\/\/mundobibliotecario.com.br\/index.php\/wp-json\/wp\/v2\/posts\/9448\/revisions"}],"predecessor-version":[{"id":9473,"href":"https:\/\/mundobibliotecario.com.br\/index.php\/wp-json\/wp\/v2\/posts\/9448\/revisions\/9473"}],"wp:attachment":[{"href":"https:\/\/mundobibliotecario.com.br\/index.php\/wp-json\/wp\/v2\/media?parent=9448"}],"wp:term":[{"taxonomy":"category","embeddable":true,"href":"https:\/\/mundobibliotecario.com.br\/index.php\/wp-json\/wp\/v2\/categories?post=9448"},{"taxonomy":"post_tag","embeddable":true,"href":"https:\/\/mundobibliotecario.com.br\/index.php\/wp-json\/wp\/v2\/tags?post=9448"}],"curies":[{"name":"wp","href":"https:\/\/api.w.org\/{rel}","templated":true}]}}