{"id":9474,"date":"2021-09-14T21:00:00","date_gmt":"2021-09-15T00:00:00","guid":{"rendered":"https:\/\/mundobibliotecario.com.br\/?p=9474"},"modified":"2021-09-13T22:07:06","modified_gmt":"2021-09-14T01:07:06","slug":"gente-do-livro-bibliotecas-de-rua-e-seus-cuidadores","status":"publish","type":"post","link":"https:\/\/mundobibliotecario.com.br\/index.php\/2021\/09\/14\/gente-do-livro-bibliotecas-de-rua-e-seus-cuidadores\/","title":{"rendered":"Gente do Livro: Bibliotecas de Rua e seus Cuidadores"},"content":{"rendered":"\t\t<div data-elementor-type=\"wp-post\" data-elementor-id=\"9474\" class=\"elementor elementor-9474\">\n\t\t\t\t\t\t<div class=\"elementor-inner\">\n\t\t\t\t<div class=\"elementor-section-wrap\">\n\t\t\t\t\t\t\t\t\t<section class=\"elementor-section elementor-top-section elementor-element elementor-element-9d84a7c elementor-section-boxed elementor-section-height-default elementor-section-height-default\" data-id=\"9d84a7c\" data-element_type=\"section\">\n\t\t\t\t\t\t<div class=\"elementor-container elementor-column-gap-default\">\n\t\t\t\t\t\t\t<div class=\"elementor-row\">\n\t\t\t\t\t<div class=\"elementor-column elementor-col-100 elementor-top-column elementor-element elementor-element-494ffdf\" data-id=\"494ffdf\" data-element_type=\"column\">\n\t\t\t<div class=\"elementor-column-wrap elementor-element-populated\">\n\t\t\t\t\t\t\t<div class=\"elementor-widget-wrap\">\n\t\t\t\t\t\t<div class=\"elementor-element elementor-element-3309a3c elementor-widget elementor-widget-heading\" data-id=\"3309a3c\" data-element_type=\"widget\" data-widget_type=\"heading.default\">\n\t\t\t\t<div class=\"elementor-widget-container\">\n\t\t\t<h2 class=\"elementor-heading-title elementor-size-default\"><font style=\"color: rgb(51, 51, 51); font-family: &quot;Open Sans Hebrew&quot;; font-size: 19px; font-weight: 400; white-space: normal; vertical-align: inherit;\">Eles s\u00e3o colocados em bancos, espalhados nas cal\u00e7adas, encontrados em lixeiras |&nbsp;<\/font><font style=\"color: rgb(51, 51, 51); font-family: &quot;Open Sans Hebrew&quot;; font-size: 19px; font-weight: 400; white-space: normal; vertical-align: inherit;\">Eles t\u00eam f\u00e3s em grupos do Facebook e, em muitos lugares, bibliotecas ao ar livre foram criadas para eles |&nbsp;<\/font><font style=\"color: rgb(51, 51, 51); font-family: &quot;Open Sans Hebrew&quot;; font-size: 19px; font-weight: 400; white-space: normal; vertical-align: inherit;\">Livros usados agora fazem parte da paisagem urbana<\/font><\/h2>\t\t<\/div>\n\t\t\t\t<\/div>\n\t\t\t\t\t\t<\/div>\n\t\t\t\t\t<\/div>\n\t\t<\/div>\n\t\t\t\t\t\t\t\t<\/div>\n\t\t\t\t\t<\/div>\n\t\t<\/section>\n\t\t\t\t<section class=\"elementor-section elementor-top-section elementor-element elementor-element-7ecc480 elementor-section-boxed elementor-section-height-default elementor-section-height-default\" data-id=\"7ecc480\" data-element_type=\"section\">\n\t\t\t\t\t\t<div class=\"elementor-container elementor-column-gap-default\">\n\t\t\t\t\t\t\t<div class=\"elementor-row\">\n\t\t\t\t\t<div class=\"elementor-column elementor-col-100 elementor-top-column elementor-element elementor-element-66caf25\" data-id=\"66caf25\" data-element_type=\"column\">\n\t\t\t<div class=\"elementor-column-wrap elementor-element-populated\">\n\t\t\t\t\t\t\t<div class=\"elementor-widget-wrap\">\n\t\t\t\t\t\t<div class=\"elementor-element elementor-element-9eeeed0 elementor-widget elementor-widget-image\" data-id=\"9eeeed0\" data-element_type=\"widget\" data-widget_type=\"image.default\">\n\t\t\t\t<div class=\"elementor-widget-container\">\n\t\t\t\t\t\t\t\t<div class=\"elementor-image\">\n\t\t\t\t\t\t\t\t\t<figure class=\"wp-caption\">\n\t\t\t\t\t\t\t\t\t\t<img loading=\"lazy\" decoding=\"async\" width=\"688\" height=\"387\" src=\"https:\/\/mundobibliotecario.com.br\/wp-content\/uploads\/2021\/09\/301020_books7-688x387-1.jpg\" class=\"attachment-large size-large wp-image-9476\" alt=\"\" srcset=\"https:\/\/mundobibliotecario.com.br\/wp-content\/uploads\/2021\/09\/301020_books7-688x387-1.jpg 688w, https:\/\/mundobibliotecario.com.br\/wp-content\/uploads\/2021\/09\/301020_books7-688x387-1-300x169.jpg 300w\" sizes=\"auto, (max-width: 688px) 100vw, 688px\" \/>\t\t\t\t\t\t\t\t\t\t\t<figcaption class=\"widget-image-caption wp-caption-text\">Uma biblioteca montada em um ponto de \u00f4nibus. Shimshit (Foto: Tal Carmon)<\/figcaption>\n\t\t\t\t\t\t\t\t\t\t<\/figure>\n\t\t\t\t\t\t\t\t<\/div>\n\t\t\t\t\t\t<\/div>\n\t\t\t\t<\/div>\n\t\t\t\t\t\t<\/div>\n\t\t\t\t\t<\/div>\n\t\t<\/div>\n\t\t\t\t\t\t\t\t<\/div>\n\t\t\t\t\t<\/div>\n\t\t<\/section>\n\t\t\t\t<section class=\"elementor-section elementor-top-section elementor-element elementor-element-d97d49c elementor-section-boxed elementor-section-height-default elementor-section-height-default\" data-id=\"d97d49c\" data-element_type=\"section\">\n\t\t\t\t\t\t<div class=\"elementor-container elementor-column-gap-default\">\n\t\t\t\t\t\t\t<div class=\"elementor-row\">\n\t\t\t\t\t<div class=\"elementor-column elementor-col-100 elementor-top-column elementor-element elementor-element-081e7a0\" data-id=\"081e7a0\" data-element_type=\"column\">\n\t\t\t<div class=\"elementor-column-wrap elementor-element-populated\">\n\t\t\t\t\t\t\t<div class=\"elementor-widget-wrap\">\n\t\t\t\t\t\t<div class=\"elementor-element elementor-element-283b61f elementor-widget elementor-widget-text-editor\" data-id=\"283b61f\" data-element_type=\"widget\" data-widget_type=\"text-editor.default\">\n\t\t\t\t<div class=\"elementor-widget-container\">\n\t\t\t\t\t\t\t\t<div class=\"elementor-text-editor elementor-clearfix\">\n\t\t\t\t<p><span style=\"color: #333333; font-family: 'Open Sans Hebrew', arial, helvetica, sans-serif; font-size: 16px; vertical-align: inherit;\">\u201cSempre que vejo uma pilha de livros na rua, fico feliz\u201d, diz Yael Netzer, de Tel Aviv, fundadora do grupo \u201cLivros na rua\u201d no Facebook.\u00a0<\/span><span style=\"color: #333333; font-family: 'Open Sans Hebrew', arial, helvetica, sans-serif; font-size: 16px; vertical-align: inherit;\">O grupo \u00e9 apenas um dos v\u00e1rios grupos do Facebook dedicados a livros que foram deixados &#8211; ou jogados fora &#8211; em espa\u00e7os p\u00fablicos e \u00e0s pessoas que gostam de remexer em pilhas, salvar livros abandonados e encontrar uma pechincha.<\/span><\/p><p style=\"margin-bottom: 2.6rem; font-variant-numeric: inherit; font-variant-east-asian: inherit; font-stretch: inherit; font-size: 16px; line-height: 1.625; font-family: 'Open Sans Hebrew', arial, helvetica, sans-serif; vertical-align: baseline; color: #333333;\"><span style=\"font-style: inherit; font-variant: inherit; font-stretch: inherit; font-size: inherit; line-height: inherit; font-family: inherit; vertical-align: baseline;\"><span style=\"vertical-align: inherit;\"><span style=\"vertical-align: inherit;\">Netzer, professor convidado de ci\u00eancia da computa\u00e7\u00e3o nas universidades Ben-Gurion e Haifa, fundou o grupo h\u00e1 tr\u00eas anos.\u00a0<\/span><span style=\"vertical-align: inherit;\">\u201cPara mim, \u00e9 uma alegria cada vez que algu\u00e9m encontra livros e carrega uma imagem\u201d, diz Netzer. \u201cVoc\u00ea pode encontrar surpresas, livros que voc\u00ea esqueceu que existiam, fotos e aut\u00f3grafos\u201d.<\/span><\/span><\/span><\/p><h3 style=\"margin-bottom: 2.6rem; font-style: normal; font-variant-numeric: inherit; font-variant-east-asian: inherit; font-weight: bold; font-stretch: inherit; font-size: 18px; line-height: 26px; font-family: 'Open Sans Hebrew', arial, helvetica, sans-serif; vertical-align: baseline; clear: both; color: #333333;\"><span style=\"vertical-align: inherit;\">&#8220;Oportunidade de dar vida aos livros&#8221;<\/span><\/h3><p style=\"margin-bottom: 2.6rem; font-variant-numeric: inherit; font-variant-east-asian: inherit; font-stretch: inherit; font-size: 16px; line-height: 1.625; font-family: 'Open Sans Hebrew', arial, helvetica, sans-serif; vertical-align: baseline; color: #333333;\"><span style=\"font-style: inherit; font-variant: inherit; font-stretch: inherit; font-size: inherit; line-height: inherit; font-family: inherit; vertical-align: baseline;\"><span style=\"vertical-align: inherit;\"><span style=\"vertical-align: inherit;\">Entre os membros do grupo, que agora somam 5.333, h\u00e1 controv\u00e9rsia em andamento sobre se \u00e9 apropriado deixar livros na rua.\u00a0<\/span><span style=\"vertical-align: inherit;\">Um membro se pergunta: &#8220;O munic\u00edpio de Tel Aviv est\u00e1 ciente dos livros que est\u00e3o sendo deixados em suas ruas?&#8221;\u00a0<\/span><span style=\"vertical-align: inherit;\">Outro pergunta: &#8220;A cidade est\u00e1 fazendo alguma coisa a respeito deles? Para os escritores que os escreveram?&#8221;<\/span><\/span><\/span><\/p><p style=\"margin-bottom: 2.6rem; font-variant-numeric: inherit; font-variant-east-asian: inherit; font-stretch: inherit; font-size: 16px; line-height: 1.625; font-family: 'Open Sans Hebrew', arial, helvetica, sans-serif; vertical-align: baseline; color: #333333;\"><span style=\"font-family: inherit; font-size: inherit; font-style: inherit; font-variant-ligatures: inherit; font-variant-caps: inherit; font-weight: var( --e-global-typography-text-font-weight ); vertical-align: inherit;\">Fotos comoventes levantam essas quest\u00f5es.\u00a0<\/span><span style=\"font-family: inherit; font-size: inherit; font-style: inherit; font-variant-ligatures: inherit; font-variant-caps: inherit; font-weight: var( --e-global-typography-text-font-weight ); vertical-align: inherit;\">Uma biblioteca inteira foi jogada fora alguns dias atr\u00e1s na rua Arba Ha&#8217;aretzot em Tel Aviv.\u00a0<\/span><span style=\"font-family: inherit; font-size: inherit; font-style: inherit; font-variant-ligatures: inherit; font-variant-caps: inherit; font-weight: var( --e-global-typography-text-font-weight ); vertical-align: inherit;\">Na calada da noite, centenas de livros, incluindo centenas de livros de arqueologia, foram deixados em um banco e espalhados pela cal\u00e7ada.<\/span><\/p>\t\t\t\t\t<\/div>\n\t\t\t\t\t\t<\/div>\n\t\t\t\t<\/div>\n\t\t\t\t\t\t<\/div>\n\t\t\t\t\t<\/div>\n\t\t<\/div>\n\t\t\t\t\t\t\t\t<\/div>\n\t\t\t\t\t<\/div>\n\t\t<\/section>\n\t\t\t\t<section class=\"elementor-section elementor-top-section elementor-element elementor-element-56865ae elementor-section-boxed elementor-section-height-default elementor-section-height-default\" data-id=\"56865ae\" data-element_type=\"section\">\n\t\t\t\t\t\t<div class=\"elementor-container elementor-column-gap-default\">\n\t\t\t\t\t\t\t<div class=\"elementor-row\">\n\t\t\t\t\t<div class=\"elementor-column elementor-col-100 elementor-top-column elementor-element elementor-element-a4e3f1b\" data-id=\"a4e3f1b\" data-element_type=\"column\">\n\t\t\t<div class=\"elementor-column-wrap elementor-element-populated\">\n\t\t\t\t\t\t\t<div class=\"elementor-widget-wrap\">\n\t\t\t\t\t\t<div class=\"elementor-element elementor-element-fb9e981 elementor-widget elementor-widget-image\" data-id=\"fb9e981\" data-element_type=\"widget\" data-widget_type=\"image.default\">\n\t\t\t\t<div class=\"elementor-widget-container\">\n\t\t\t\t\t\t\t\t<div class=\"elementor-image\">\n\t\t\t\t\t\t\t\t\t<figure class=\"wp-caption\">\n\t\t\t\t\t\t\t\t\t\t<img loading=\"lazy\" decoding=\"async\" width=\"720\" height=\"480\" src=\"https:\/\/mundobibliotecario.com.br\/wp-content\/uploads\/2021\/09\/301020_books5.jpg\" class=\"attachment-large size-large wp-image-9477\" alt=\"\" srcset=\"https:\/\/mundobibliotecario.com.br\/wp-content\/uploads\/2021\/09\/301020_books5.jpg 720w, https:\/\/mundobibliotecario.com.br\/wp-content\/uploads\/2021\/09\/301020_books5-300x200.jpg 300w\" sizes=\"auto, (max-width: 720px) 100vw, 720px\" \/>\t\t\t\t\t\t\t\t\t\t\t<figcaption class=\"widget-image-caption wp-caption-text\">Uma pilha de livros jogados na rua Arba Aretzot, em Tel Aviv. \"Algumas pessoas n\u00e3o podem ver livros \u00f3rf\u00e3os e n\u00e3o peg\u00e1-los.\" (Foto: Ou Alexanrovich)<\/figcaption>\n\t\t\t\t\t\t\t\t\t\t<\/figure>\n\t\t\t\t\t\t\t\t<\/div>\n\t\t\t\t\t\t<\/div>\n\t\t\t\t<\/div>\n\t\t\t\t\t\t<\/div>\n\t\t\t\t\t<\/div>\n\t\t<\/div>\n\t\t\t\t\t\t\t\t<\/div>\n\t\t\t\t\t<\/div>\n\t\t<\/section>\n\t\t\t\t<section class=\"elementor-section elementor-top-section elementor-element elementor-element-bdc8f6c elementor-section-boxed elementor-section-height-default elementor-section-height-default\" data-id=\"bdc8f6c\" data-element_type=\"section\">\n\t\t\t\t\t\t<div class=\"elementor-container elementor-column-gap-default\">\n\t\t\t\t\t\t\t<div class=\"elementor-row\">\n\t\t\t\t\t<div class=\"elementor-column elementor-col-100 elementor-top-column elementor-element elementor-element-2d25457\" data-id=\"2d25457\" data-element_type=\"column\">\n\t\t\t<div class=\"elementor-column-wrap elementor-element-populated\">\n\t\t\t\t\t\t\t<div class=\"elementor-widget-wrap\">\n\t\t\t\t\t\t<div class=\"elementor-element elementor-element-9693dc8 elementor-widget elementor-widget-text-editor\" data-id=\"9693dc8\" data-element_type=\"widget\" data-widget_type=\"text-editor.default\">\n\t\t\t\t<div class=\"elementor-widget-container\">\n\t\t\t\t\t\t\t\t<div class=\"elementor-text-editor elementor-clearfix\">\n\t\t\t\t<p style=\"margin-bottom: 2.6rem; font-variant-numeric: inherit; font-variant-east-asian: inherit; font-stretch: inherit; font-size: 16px; line-height: 1.625; font-family: 'Open Sans Hebrew', arial, helvetica, sans-serif; vertical-align: baseline; color: #333333;\"><span style=\"font-style: inherit; font-variant: inherit; font-stretch: inherit; font-size: inherit; line-height: inherit; font-family: inherit; vertical-align: baseline;\"><span style=\"vertical-align: inherit;\"><span style=\"vertical-align: inherit;\">&#8220;Resta alguma coisa?&#8221;\u00a0<\/span><span style=\"vertical-align: inherit;\">Um dos membros do grupo se pergunta.\u00a0<\/span><span style=\"vertical-align: inherit;\">\u201cNormalmente, os livros s\u00e3o recolhidos de manh\u00e3 pelo pessoal do saneamento\u201d, responde algu\u00e9m.\u00a0<\/span><span style=\"vertical-align: inherit;\">&#8220;Estou l\u00e1 agora, e parece que a maioria foi jogada na lixeira aqui&#8221;, relata outro, acrescentando uma imagem de uma lixeira verde cheia de livros, &#8220;alguns deixados no banco.&#8221;<\/span><\/span><\/span><\/p><p style=\"margin-bottom: 2.6rem; font-variant-numeric: inherit; font-variant-east-asian: inherit; font-stretch: inherit; font-size: 16px; line-height: 1.625; font-family: 'Open Sans Hebrew', arial, helvetica, sans-serif; vertical-align: baseline; color: #333333;\"><span style=\"font-style: inherit; font-variant: inherit; font-stretch: inherit; font-size: inherit; line-height: inherit; font-family: inherit; vertical-align: baseline;\"><span style=\"vertical-align: inherit;\"><span style=\"vertical-align: inherit;\">&#8220;Isso \u00e9 uma merda&#8221;, responde outro amigo.\u00a0<\/span><span style=\"vertical-align: inherit;\">\u201cO que est\u00e1 acontecendo com as pessoas? No m\u00ednimo eles poderiam doar para alguma biblioteca municipal ou algo assim\u201d, algu\u00e9m escreve, e ent\u00e3o fica c\u00ednico: \u201cNenhuma biblioteca municipal se interessa por esses livros\u201d.<\/span><\/span><\/span><\/p>\t\t\t\t\t<\/div>\n\t\t\t\t\t\t<\/div>\n\t\t\t\t<\/div>\n\t\t\t\t\t\t<\/div>\n\t\t\t\t\t<\/div>\n\t\t<\/div>\n\t\t\t\t\t\t\t\t<\/div>\n\t\t\t\t\t<\/div>\n\t\t<\/section>\n\t\t\t\t<section class=\"elementor-section elementor-top-section elementor-element elementor-element-e4d4b8b elementor-section-boxed elementor-section-height-default elementor-section-height-default\" data-id=\"e4d4b8b\" data-element_type=\"section\">\n\t\t\t\t\t\t<div class=\"elementor-container elementor-column-gap-default\">\n\t\t\t\t\t\t\t<div class=\"elementor-row\">\n\t\t\t\t\t<div class=\"elementor-column elementor-col-100 elementor-top-column elementor-element elementor-element-6883d83\" data-id=\"6883d83\" data-element_type=\"column\">\n\t\t\t<div class=\"elementor-column-wrap elementor-element-populated\">\n\t\t\t\t\t\t\t<div class=\"elementor-widget-wrap\">\n\t\t\t\t\t\t<div class=\"elementor-element elementor-element-de81caa elementor-widget elementor-widget-image\" data-id=\"de81caa\" data-element_type=\"widget\" data-widget_type=\"image.default\">\n\t\t\t\t<div class=\"elementor-widget-container\">\n\t\t\t\t\t\t\t\t<div class=\"elementor-image\">\n\t\t\t\t\t\t\t\t\t<figure class=\"wp-caption\">\n\t\t\t\t\t\t\t\t\t\t<img loading=\"lazy\" decoding=\"async\" width=\"601\" height=\"401\" src=\"https:\/\/mundobibliotecario.com.br\/wp-content\/uploads\/2021\/09\/301020_books13.jpg\" class=\"attachment-large size-large wp-image-9478\" alt=\"\" srcset=\"https:\/\/mundobibliotecario.com.br\/wp-content\/uploads\/2021\/09\/301020_books13.jpg 601w, https:\/\/mundobibliotecario.com.br\/wp-content\/uploads\/2021\/09\/301020_books13-300x200.jpg 300w\" sizes=\"auto, (max-width: 601px) 100vw, 601px\" \/>\t\t\t\t\t\t\t\t\t\t\t<figcaption class=\"widget-image-caption wp-caption-text\">Um livro abandonado em uma rua de Tel Aviv (Foto: Davar)<\/figcaption>\n\t\t\t\t\t\t\t\t\t\t<\/figure>\n\t\t\t\t\t\t\t\t<\/div>\n\t\t\t\t\t\t<\/div>\n\t\t\t\t<\/div>\n\t\t\t\t\t\t<\/div>\n\t\t\t\t\t<\/div>\n\t\t<\/div>\n\t\t\t\t\t\t\t\t<\/div>\n\t\t\t\t\t<\/div>\n\t\t<\/section>\n\t\t\t\t<section class=\"elementor-section elementor-top-section elementor-element elementor-element-d33a6b0 elementor-section-boxed elementor-section-height-default elementor-section-height-default\" data-id=\"d33a6b0\" data-element_type=\"section\">\n\t\t\t\t\t\t<div class=\"elementor-container elementor-column-gap-default\">\n\t\t\t\t\t\t\t<div class=\"elementor-row\">\n\t\t\t\t\t<div class=\"elementor-column elementor-col-100 elementor-top-column elementor-element elementor-element-060489c\" data-id=\"060489c\" data-element_type=\"column\">\n\t\t\t<div class=\"elementor-column-wrap elementor-element-populated\">\n\t\t\t\t\t\t\t<div class=\"elementor-widget-wrap\">\n\t\t\t\t\t\t<div class=\"elementor-element elementor-element-d7b57a0 elementor-widget elementor-widget-text-editor\" data-id=\"d7b57a0\" data-element_type=\"widget\" data-widget_type=\"text-editor.default\">\n\t\t\t\t<div class=\"elementor-widget-container\">\n\t\t\t\t\t\t\t\t<div class=\"elementor-text-editor elementor-clearfix\">\n\t\t\t\t<p style=\"margin-bottom: 2.6rem; font-variant-numeric: inherit; font-variant-east-asian: inherit; font-stretch: inherit; font-size: 16px; line-height: 1.625; font-family: 'Open Sans Hebrew', arial, helvetica, sans-serif; vertical-align: baseline; color: #333333;\"><span style=\"font-style: inherit; font-variant: inherit; font-stretch: inherit; font-size: inherit; line-height: inherit; font-family: inherit; vertical-align: baseline;\"><span style=\"vertical-align: inherit;\"><span style=\"vertical-align: inherit;\">\u201cN\u00e3o \u00e9 uma trag\u00e9dia levar livros para a rua\u201d, diz Netzer.\u00a0<\/span><span style=\"vertical-align: inherit;\">\u201cUm livro \u00e9 um objeto desej\u00e1vel e interessante e n\u00e3o precisa estar em uma biblioteca dom\u00e9stica. N\u00e3o gosto de regras. Vejo isso como uma oportunidade para os livros entrarem em novas m\u00e3os, para dar-lhes vida\u201d.<\/span><\/span><\/span><\/p><h3 style=\"margin-bottom: 2.6rem; font-style: normal; font-variant-numeric: inherit; font-variant-east-asian: inherit; font-weight: bold; font-stretch: inherit; font-size: 18px; line-height: 26px; font-family: 'Open Sans Hebrew', arial, helvetica, sans-serif; vertical-align: baseline; clear: both; color: #333333;\"><span style=\"vertical-align: inherit;\">&#8220;Os livros do papai vagam pela cidade&#8221;<\/span><\/h3><p style=\"margin-bottom: 2.6rem; font-variant-numeric: inherit; font-variant-east-asian: inherit; font-stretch: inherit; font-size: 16px; line-height: 1.625; font-family: 'Open Sans Hebrew', arial, helvetica, sans-serif; vertical-align: baseline; color: #333333;\"><span style=\"font-style: inherit; font-variant: inherit; font-stretch: inherit; font-size: inherit; line-height: inherit; font-family: inherit; vertical-align: baseline;\"><span style=\"vertical-align: inherit;\"><span style=\"vertical-align: inherit;\">Para evitar o despejo de livros, as cidades come\u00e7aram a apoiar bibliotecas ao ar livre.\u00a0<\/span><span style=\"vertical-align: inherit;\">Be&#8217;er Sheva estabeleceu esta\u00e7\u00f5es de leitura em v\u00e1rios locais da cidade.<\/span><\/span><\/span><\/p>\t\t\t\t\t<\/div>\n\t\t\t\t\t\t<\/div>\n\t\t\t\t<\/div>\n\t\t\t\t\t\t<\/div>\n\t\t\t\t\t<\/div>\n\t\t<\/div>\n\t\t\t\t\t\t\t\t<\/div>\n\t\t\t\t\t<\/div>\n\t\t<\/section>\n\t\t\t\t<section class=\"elementor-section elementor-top-section elementor-element elementor-element-6d5b017 elementor-section-boxed elementor-section-height-default elementor-section-height-default\" data-id=\"6d5b017\" data-element_type=\"section\">\n\t\t\t\t\t\t<div class=\"elementor-container elementor-column-gap-default\">\n\t\t\t\t\t\t\t<div class=\"elementor-row\">\n\t\t\t\t\t<div class=\"elementor-column elementor-col-100 elementor-top-column elementor-element elementor-element-b24baa1\" data-id=\"b24baa1\" data-element_type=\"column\">\n\t\t\t<div class=\"elementor-column-wrap elementor-element-populated\">\n\t\t\t\t\t\t\t<div class=\"elementor-widget-wrap\">\n\t\t\t\t\t\t<div class=\"elementor-element elementor-element-bec554c elementor-widget elementor-widget-image\" data-id=\"bec554c\" data-element_type=\"widget\" data-widget_type=\"image.default\">\n\t\t\t\t<div class=\"elementor-widget-container\">\n\t\t\t\t\t\t\t\t<div class=\"elementor-image\">\n\t\t\t\t\t\t\t\t\t<figure class=\"wp-caption\">\n\t\t\t\t\t\t\t\t\t\t<img loading=\"lazy\" decoding=\"async\" width=\"1024\" height=\"683\" src=\"https:\/\/mundobibliotecario.com.br\/wp-content\/uploads\/2021\/09\/301020_books8-1024x683.jpg\" class=\"attachment-large size-large wp-image-9479\" alt=\"\" srcset=\"https:\/\/mundobibliotecario.com.br\/wp-content\/uploads\/2021\/09\/301020_books8-1024x683.jpg 1024w, https:\/\/mundobibliotecario.com.br\/wp-content\/uploads\/2021\/09\/301020_books8-300x200.jpg 300w, https:\/\/mundobibliotecario.com.br\/wp-content\/uploads\/2021\/09\/301020_books8-768x512.jpg 768w, https:\/\/mundobibliotecario.com.br\/wp-content\/uploads\/2021\/09\/301020_books8-1536x1024.jpg 1536w, https:\/\/mundobibliotecario.com.br\/wp-content\/uploads\/2021\/09\/301020_books8-1320x880.jpg 1320w, https:\/\/mundobibliotecario.com.br\/wp-content\/uploads\/2021\/09\/301020_books8.jpg 1600w\" sizes=\"auto, (max-width: 1024px) 100vw, 1024px\" \/>\t\t\t\t\t\t\t\t\t\t\t<figcaption class=\"widget-image-caption wp-caption-text\">Biblioteca de rua em Be'er Sheva. \u201cTirar livros para a rua n\u00e3o \u00e9 uma trag\u00e9dia\u201d (Foto: Tal Carmon)<\/figcaption>\n\t\t\t\t\t\t\t\t\t\t<\/figure>\n\t\t\t\t\t\t\t\t<\/div>\n\t\t\t\t\t\t<\/div>\n\t\t\t\t<\/div>\n\t\t\t\t\t\t<\/div>\n\t\t\t\t\t<\/div>\n\t\t<\/div>\n\t\t\t\t\t\t\t\t<\/div>\n\t\t\t\t\t<\/div>\n\t\t<\/section>\n\t\t\t\t<section class=\"elementor-section elementor-top-section elementor-element elementor-element-4d807c3 elementor-section-boxed elementor-section-height-default elementor-section-height-default\" data-id=\"4d807c3\" data-element_type=\"section\">\n\t\t\t\t\t\t<div class=\"elementor-container elementor-column-gap-default\">\n\t\t\t\t\t\t\t<div class=\"elementor-row\">\n\t\t\t\t\t<div class=\"elementor-column elementor-col-100 elementor-top-column elementor-element elementor-element-20fd44e\" data-id=\"20fd44e\" data-element_type=\"column\">\n\t\t\t<div class=\"elementor-column-wrap elementor-element-populated\">\n\t\t\t\t\t\t\t<div class=\"elementor-widget-wrap\">\n\t\t\t\t\t\t<div class=\"elementor-element elementor-element-976aedf elementor-widget elementor-widget-text-editor\" data-id=\"976aedf\" data-element_type=\"widget\" data-widget_type=\"text-editor.default\">\n\t\t\t\t<div class=\"elementor-widget-container\">\n\t\t\t\t\t\t\t\t<div class=\"elementor-text-editor elementor-clearfix\">\n\t\t\t\t<p style=\"margin-bottom: 2.6rem; font-variant-numeric: inherit; font-variant-east-asian: inherit; font-stretch: inherit; font-size: 16px; line-height: 1.625; font-family: 'Open Sans Hebrew', arial, helvetica, sans-serif; vertical-align: baseline; color: #333333;\"><span style=\"font-style: inherit; font-variant: inherit; font-stretch: inherit; font-size: inherit; line-height: inherit; font-family: inherit; vertical-align: baseline;\"><span style=\"vertical-align: inherit;\"><span style=\"vertical-align: inherit;\">Existem tamb\u00e9m iniciativas privadas, como a biblioteca Sarit Percol criada em mem\u00f3ria de seu falecido pai Dov Percol, que faleceu h\u00e1 um ano.\u00a0<\/span><span style=\"vertical-align: inherit;\">O pai de Percol era um l\u00edder e membro da Dan Cooperative, uma empresa de transporte p\u00fablico israelense que foi propriedade de cooperativas de membros at\u00e9 2002. &#8220;Meu pai adorava ler, quase todos os dias de sua vida ele lia um livro. Adquiri meu amor pelos livros dele \u201d, diz Percol.\u00a0<\/span><\/span><\/span><\/p><p style=\"margin-bottom: 2.6rem; font-variant-numeric: inherit; font-variant-east-asian: inherit; font-stretch: inherit; font-size: 16px; line-height: 1.625; font-family: 'Open Sans Hebrew', arial, helvetica, sans-serif; vertical-align: baseline; color: #333333;\"><span style=\"font-style: inherit; font-variant: inherit; font-stretch: inherit; font-size: inherit; line-height: inherit; font-family: inherit; vertical-align: baseline;\"><span style=\"vertical-align: inherit;\"><span style=\"vertical-align: inherit;\">\u201cN\u00e3o consigo ver um livro e n\u00e3o o adotar\u201d, acrescenta.\u00a0<\/span><span style=\"vertical-align: inherit;\">\u201cH\u00e1 pessoas que n\u00e3o conseguem ver livros \u00f3rf\u00e3os e n\u00e3o os levam\u201d.<\/span><\/span><\/span><\/p><p style=\"margin-bottom: 2.6rem; font-variant-numeric: inherit; font-variant-east-asian: inherit; font-stretch: inherit; font-size: 16px; line-height: 1.625; font-family: 'Open Sans Hebrew', arial, helvetica, sans-serif; vertical-align: baseline; color: #333333;\"><span style=\"font-style: inherit; font-variant: inherit; font-stretch: inherit; font-size: inherit; line-height: inherit; font-family: inherit; vertical-align: baseline;\"><span style=\"vertical-align: inherit;\"><span style=\"vertical-align: inherit;\">Percol, um ex-tradutor de livros e jornalista, decidiu instalar a biblioteca ao lado do p\u00e1tio da casa onde seu pai morava na rua Frankfurt, em Tel Aviv.\u00a0<\/span><span style=\"vertical-align: inherit;\">A ideia surgiu durante a shiv\u00e1 de seu pai.\u00a0<\/span><span style=\"vertical-align: inherit;\">\u201cEu projetei uma estante e coloquei alguns de seus livros nela\u201d, diz ela.\u00a0<\/span><\/span><\/span><\/p><p style=\"margin-bottom: 2.6rem; font-variant-numeric: inherit; font-variant-east-asian: inherit; font-stretch: inherit; font-size: 16px; line-height: 1.625; font-family: 'Open Sans Hebrew', arial, helvetica, sans-serif; vertical-align: baseline; color: #333333;\"><span style=\"font-style: inherit; font-variant: inherit; font-stretch: inherit; font-size: inherit; line-height: inherit; font-family: inherit; vertical-align: baseline;\"><span style=\"vertical-align: inherit;\"><span style=\"vertical-align: inherit;\">Cada livro tem duas mensagens escritas \u00e0 m\u00e3o nas primeiras p\u00e1ginas.\u00a0<\/span><span style=\"vertical-align: inherit;\">Um \u00e9 o nome do pai de Percol, ano de nascimento e morte, e o outro com o slogan em que ele acreditava: \u201cUma casa sem livros \u00e9 como um quarto sem janelas\u201d.<\/span><\/span><\/span><\/p>\t\t\t\t\t<\/div>\n\t\t\t\t\t\t<\/div>\n\t\t\t\t<\/div>\n\t\t\t\t\t\t<\/div>\n\t\t\t\t\t<\/div>\n\t\t<\/div>\n\t\t\t\t\t\t\t\t<\/div>\n\t\t\t\t\t<\/div>\n\t\t<\/section>\n\t\t\t\t<section class=\"elementor-section elementor-top-section elementor-element elementor-element-9a28f19 elementor-section-boxed elementor-section-height-default elementor-section-height-default\" data-id=\"9a28f19\" data-element_type=\"section\">\n\t\t\t\t\t\t<div class=\"elementor-container elementor-column-gap-default\">\n\t\t\t\t\t\t\t<div class=\"elementor-row\">\n\t\t\t\t\t<div class=\"elementor-column elementor-col-100 elementor-top-column elementor-element elementor-element-9ef34c2\" data-id=\"9ef34c2\" data-element_type=\"column\">\n\t\t\t<div class=\"elementor-column-wrap elementor-element-populated\">\n\t\t\t\t\t\t\t<div class=\"elementor-widget-wrap\">\n\t\t\t\t\t\t<div class=\"elementor-element elementor-element-47a9f88 elementor-widget elementor-widget-image\" data-id=\"47a9f88\" data-element_type=\"widget\" data-widget_type=\"image.default\">\n\t\t\t\t<div class=\"elementor-widget-container\">\n\t\t\t\t\t\t\t\t<div class=\"elementor-image\">\n\t\t\t\t\t\t\t\t\t<figure class=\"wp-caption\">\n\t\t\t\t\t\t\t\t\t\t<img loading=\"lazy\" decoding=\"async\" width=\"900\" height=\"600\" src=\"https:\/\/mundobibliotecario.com.br\/wp-content\/uploads\/2021\/09\/301020_books16.jpg\" class=\"attachment-large size-large wp-image-9480\" alt=\"\" srcset=\"https:\/\/mundobibliotecario.com.br\/wp-content\/uploads\/2021\/09\/301020_books16.jpg 900w, https:\/\/mundobibliotecario.com.br\/wp-content\/uploads\/2021\/09\/301020_books16-300x200.jpg 300w, https:\/\/mundobibliotecario.com.br\/wp-content\/uploads\/2021\/09\/301020_books16-768x512.jpg 768w\" sizes=\"auto, (max-width: 900px) 100vw, 900px\" \/>\t\t\t\t\t\t\t\t\t\t\t<figcaption class=\"widget-image-caption wp-caption-text\">A biblioteca de rua em mem\u00f3ria do falecido Dov Percol. \"Os vizinhos reagiram com entusiasmo e nos contaram hist\u00f3rias sobre o papai\" (Foto: \u00e1lbum particular)<\/figcaption>\n\t\t\t\t\t\t\t\t\t\t<\/figure>\n\t\t\t\t\t\t\t\t<\/div>\n\t\t\t\t\t\t<\/div>\n\t\t\t\t<\/div>\n\t\t\t\t\t\t<\/div>\n\t\t\t\t\t<\/div>\n\t\t<\/div>\n\t\t\t\t\t\t\t\t<\/div>\n\t\t\t\t\t<\/div>\n\t\t<\/section>\n\t\t\t\t<section class=\"elementor-section elementor-top-section elementor-element elementor-element-c30bf13 elementor-section-boxed elementor-section-height-default elementor-section-height-default\" data-id=\"c30bf13\" data-element_type=\"section\">\n\t\t\t\t\t\t<div class=\"elementor-container elementor-column-gap-default\">\n\t\t\t\t\t\t\t<div class=\"elementor-row\">\n\t\t\t\t\t<div class=\"elementor-column elementor-col-100 elementor-top-column elementor-element elementor-element-9f46a04\" data-id=\"9f46a04\" data-element_type=\"column\">\n\t\t\t<div class=\"elementor-column-wrap elementor-element-populated\">\n\t\t\t\t\t\t\t<div class=\"elementor-widget-wrap\">\n\t\t\t\t\t\t<div class=\"elementor-element elementor-element-600b987 elementor-widget elementor-widget-text-editor\" data-id=\"600b987\" data-element_type=\"widget\" data-widget_type=\"text-editor.default\">\n\t\t\t\t<div class=\"elementor-widget-container\">\n\t\t\t\t\t\t\t\t<div class=\"elementor-text-editor elementor-clearfix\">\n\t\t\t\t<p style=\"margin-bottom: 2.6rem; font-variant-numeric: inherit; font-variant-east-asian: inherit; font-stretch: inherit; font-size: 16px; line-height: 1.625; font-family: 'Open Sans Hebrew', arial, helvetica, sans-serif; vertical-align: baseline; color: #333333;\"><span style=\"font-style: inherit; font-variant: inherit; font-stretch: inherit; font-size: inherit; line-height: inherit; font-family: inherit; vertical-align: baseline;\"><span style=\"vertical-align: inherit;\"><span style=\"vertical-align: inherit;\">Ao lado da biblioteca, Percol pendurou uma p\u00e1gina com uma foto de seu pai e sua hist\u00f3ria.\u00a0<\/span><span style=\"vertical-align: inherit;\">&#8220;Convidei os transeuntes a ler sobre o papai, a pegar um livro e devolv\u00ea-lo ou a colocar outro livro em seu lugar. Disse a mim mesmo que n\u00e3o sabia se daria certo, mas tentaria, e de repente as pessoas pararam para ler o que escrevemos. Os vizinhos reagiram com entusiasmo e nos contaram hist\u00f3rias sobre papai. Algu\u00e9m disse que ele era o homem gentil que sempre dizia bom-dia para ele e que ele se sentava no jardim e lia um livro. &#8220;<\/span><\/span><\/span><\/p><p style=\"margin-bottom: 2.6rem; font-variant-numeric: inherit; font-variant-east-asian: inherit; font-stretch: inherit; font-size: 16px; line-height: 1.625; font-family: 'Open Sans Hebrew', arial, helvetica, sans-serif; vertical-align: baseline; color: #333333;\"><span style=\"font-style: inherit; font-variant: inherit; font-stretch: inherit; font-size: inherit; line-height: inherit; font-family: inherit; vertical-align: baseline;\"><span style=\"vertical-align: inherit;\"><span style=\"vertical-align: inherit;\">A exist\u00eancia da biblioteca, diz ela, se espalhou de boca em boca.\u00a0<\/span><span style=\"vertical-align: inherit;\">Atrai principalmente leitores da rua, mas n\u00e3o exclusivamente.\u00a0<\/span><span style=\"vertical-align: inherit;\">\u201cComo a rua \u00e9 paralela \u00e0 Rua Dizengoff, os carros ficam estacionados aqui, ent\u00e3o at\u00e9 pessoas que n\u00e3o s\u00e3o vizinhas pararam e viram. Algu\u00e9m me escreveu um e-mail dizendo que viu a ideia e fez o mesmo\u201d.<\/span><\/span><\/span><\/p><p style=\"margin-bottom: 2.6rem; font-variant-numeric: inherit; font-variant-east-asian: inherit; font-stretch: inherit; font-size: 16px; line-height: 1.625; font-family: 'Open Sans Hebrew', arial, helvetica, sans-serif; vertical-align: baseline; color: #333333;\"><span style=\"font-style: inherit; font-variant: inherit; font-stretch: inherit; font-size: inherit; line-height: inherit; font-family: inherit; vertical-align: baseline;\">Todas as sextas-feiras, Percol arruma a biblioteca &#8220;, joga e tira livros que n\u00e3o t\u00eam compradores. A casa tem mais estantes cheias de bons livros, ent\u00e3o eu reabaste\u00e7o o estoque. Seu nome e seus livros percorrem a cidade e talvez fora dela, e as pessoas l\u00eaem e lembram dele. Eu sinto que n\u00f3s, minhas irm\u00e3s e eu, o comemoramos desta forma.&#8221;<\/span><\/p><h3 style=\"margin-bottom: 2.6rem; font-style: normal; font-variant-numeric: inherit; font-variant-east-asian: inherit; font-weight: bold; font-stretch: inherit; font-size: 18px; line-height: 26px; font-family: 'Open Sans Hebrew', arial, helvetica, sans-serif; vertical-align: baseline; clear: both; color: #333333;\"><span style=\"vertical-align: inherit;\">&#8220;Sou um leitor \u00e1vido, tenho muitas recomenda\u00e7\u00f5es&#8221;<\/span><\/h3><p style=\"margin-bottom: 2.6rem; font-variant-numeric: inherit; font-variant-east-asian: inherit; font-stretch: inherit; font-size: 16px; line-height: 1.625; font-family: 'Open Sans Hebrew', arial, helvetica, sans-serif; vertical-align: baseline; color: #333333;\"><span style=\"font-style: inherit; font-variant: inherit; font-stretch: inherit; font-size: inherit; line-height: inherit; font-family: inherit; vertical-align: baseline;\"><span style=\"vertical-align: inherit;\"><span style=\"vertical-align: inherit;\">Avital Allenberg mora no bairro de Shambor, em Haifa.\u00a0<\/span><span style=\"vertical-align: inherit;\">Ela gosta de espiar pela janela e observar os transeuntes examinando os livros da biblioteca que montou perto do p\u00e1tio de sua casa na rua Margalit.\u00a0<\/span><span style=\"vertical-align: inherit;\">&#8220;N\u00e3o h\u00e1 nada mais emocionante do que ver da janela uma pessoa parando, olhando e pegando um livro. Eu os vejo, mas dou privacidade, embora eu seja uma leitora \u00e1vida e tenha muitas recomenda\u00e7\u00f5es.&#8221;<\/span><\/span><\/span><\/p>\t\t\t\t\t<\/div>\n\t\t\t\t\t\t<\/div>\n\t\t\t\t<\/div>\n\t\t\t\t\t\t<\/div>\n\t\t\t\t\t<\/div>\n\t\t<\/div>\n\t\t\t\t\t\t\t\t<\/div>\n\t\t\t\t\t<\/div>\n\t\t<\/section>\n\t\t\t\t<section class=\"elementor-section elementor-top-section elementor-element elementor-element-00f9edf elementor-section-boxed elementor-section-height-default elementor-section-height-default\" data-id=\"00f9edf\" data-element_type=\"section\">\n\t\t\t\t\t\t<div class=\"elementor-container elementor-column-gap-default\">\n\t\t\t\t\t\t\t<div class=\"elementor-row\">\n\t\t\t\t\t<div class=\"elementor-column elementor-col-100 elementor-top-column elementor-element elementor-element-22f98a8\" data-id=\"22f98a8\" data-element_type=\"column\">\n\t\t\t<div class=\"elementor-column-wrap elementor-element-populated\">\n\t\t\t\t\t\t\t<div class=\"elementor-widget-wrap\">\n\t\t\t\t\t\t<div class=\"elementor-element elementor-element-4ec97ed elementor-widget elementor-widget-image\" data-id=\"4ec97ed\" data-element_type=\"widget\" data-widget_type=\"image.default\">\n\t\t\t\t<div class=\"elementor-widget-container\">\n\t\t\t\t\t\t\t\t<div class=\"elementor-image\">\n\t\t\t\t\t\t\t\t\t<figure class=\"wp-caption\">\n\t\t\t\t\t\t\t\t\t\t<img loading=\"lazy\" decoding=\"async\" width=\"1003\" height=\"1024\" src=\"https:\/\/mundobibliotecario.com.br\/wp-content\/uploads\/2021\/09\/301020_books1-1003x1024.jpg\" class=\"attachment-large size-large wp-image-9481\" alt=\"\" srcset=\"https:\/\/mundobibliotecario.com.br\/wp-content\/uploads\/2021\/09\/301020_books1-1003x1024.jpg 1003w, https:\/\/mundobibliotecario.com.br\/wp-content\/uploads\/2021\/09\/301020_books1-294x300.jpg 294w, https:\/\/mundobibliotecario.com.br\/wp-content\/uploads\/2021\/09\/301020_books1-768x784.jpg 768w, https:\/\/mundobibliotecario.com.br\/wp-content\/uploads\/2021\/09\/301020_books1-1505x1536.jpg 1505w, https:\/\/mundobibliotecario.com.br\/wp-content\/uploads\/2021\/09\/301020_books1-1320x1347.jpg 1320w, https:\/\/mundobibliotecario.com.br\/wp-content\/uploads\/2021\/09\/301020_books1.jpg 1510w\" sizes=\"auto, (max-width: 1003px) 100vw, 1003px\" \/>\t\t\t\t\t\t\t\t\t\t\t<figcaption class=\"widget-image-caption wp-caption-text\">A biblioteca que Avital Allenberg construiu. \u201cHoje quase n\u00e3o preciso levar livros para a biblioteca, funciona sozinho.\u201d<\/figcaption>\n\t\t\t\t\t\t\t\t\t\t<\/figure>\n\t\t\t\t\t\t\t\t<\/div>\n\t\t\t\t\t\t<\/div>\n\t\t\t\t<\/div>\n\t\t\t\t\t\t<\/div>\n\t\t\t\t\t<\/div>\n\t\t<\/div>\n\t\t\t\t\t\t\t\t<\/div>\n\t\t\t\t\t<\/div>\n\t\t<\/section>\n\t\t\t\t<section class=\"elementor-section elementor-top-section elementor-element elementor-element-98a3f7c elementor-section-boxed elementor-section-height-default elementor-section-height-default\" data-id=\"98a3f7c\" data-element_type=\"section\">\n\t\t\t\t\t\t<div class=\"elementor-container elementor-column-gap-default\">\n\t\t\t\t\t\t\t<div class=\"elementor-row\">\n\t\t\t\t\t<div class=\"elementor-column elementor-col-100 elementor-top-column elementor-element elementor-element-a1b8dc1\" data-id=\"a1b8dc1\" data-element_type=\"column\">\n\t\t\t<div class=\"elementor-column-wrap elementor-element-populated\">\n\t\t\t\t\t\t\t<div class=\"elementor-widget-wrap\">\n\t\t\t\t\t\t<div class=\"elementor-element elementor-element-9756255 elementor-widget elementor-widget-text-editor\" data-id=\"9756255\" data-element_type=\"widget\" data-widget_type=\"text-editor.default\">\n\t\t\t\t<div class=\"elementor-widget-container\">\n\t\t\t\t\t\t\t\t<div class=\"elementor-text-editor elementor-clearfix\">\n\t\t\t\t<p style=\"margin-bottom: 2.6rem; font-variant-numeric: inherit; font-variant-east-asian: inherit; font-stretch: inherit; font-size: 16px; line-height: 1.625; font-family: 'Open Sans Hebrew', arial, helvetica, sans-serif; vertical-align: baseline; color: #333333;\"><span style=\"font-style: inherit; font-variant: inherit; font-stretch: inherit; font-size: inherit; line-height: inherit; font-family: inherit; vertical-align: baseline;\"><span style=\"vertical-align: inherit;\"><span style=\"vertical-align: inherit;\">Allenberg j\u00e1 trabalhou como designer de biblioteca.\u00a0<\/span><span style=\"vertical-align: inherit;\">Ela desenhou e dobrou a estrutura met\u00e1lica da biblioteca, que parece um grande ninho.\u00a0<\/span><span style=\"vertical-align: inherit;\">&#8220;Mais de tr\u00eas anos atr\u00e1s, eu criei um novo produto e decidi ver se ele poderia ser popular. Eu o criei primeiro para mim como uma biblioteca de rua.&#8221;<\/span><\/span><\/span><\/p><p style=\"margin-bottom: 2.6rem; font-variant-numeric: inherit; font-variant-east-asian: inherit; font-stretch: inherit; font-size: 16px; line-height: 1.625; font-family: 'Open Sans Hebrew', arial, helvetica, sans-serif; vertical-align: baseline; color: #333333;\"><span style=\"font-style: inherit; font-variant: inherit; font-stretch: inherit; font-size: inherit; line-height: inherit; font-family: inherit; vertical-align: baseline;\"><span style=\"vertical-align: inherit;\"><span style=\"vertical-align: inherit;\">Ela construiu a biblioteca no caminho para um destino popular de corrida para os residentes.\u00a0<\/span><span style=\"vertical-align: inherit;\">Ela diz que muitas pessoas agora mudam sua rota de caminhada para que &#8220;possam passar pela biblioteca e ver o que h\u00e1 l\u00e1&#8221;.<\/span><\/span><\/span><\/p><p style=\"margin-bottom: 2.6rem; font-variant-numeric: inherit; font-variant-east-asian: inherit; font-stretch: inherit; font-size: 16px; line-height: 1.625; font-family: 'Open Sans Hebrew', arial, helvetica, sans-serif; vertical-align: baseline; color: #333333;\"><span style=\"font-style: inherit; font-variant: inherit; font-stretch: inherit; font-size: inherit; line-height: inherit; font-family: inherit; vertical-align: baseline;\"><span style=\"vertical-align: inherit;\"><span style=\"vertical-align: inherit;\">No in\u00edcio, ela colocou seus pr\u00f3prios livros na biblioteca.\u00a0<\/span><span style=\"vertical-align: inherit;\">\u201cNaquela \u00e9poca eu ainda desenhava bibliotecas e muitas bibliotecas me dariam excedentes. Criei uma p\u00e1gina no Facebook e fiz propaganda. Hoje quase n\u00e3o tenho que trazer livros para a biblioteca, funciona por si s\u00f3.\u201d<\/span><\/span><\/span><\/p><p style=\"margin-bottom: 2.6rem; font-variant-numeric: inherit; font-variant-east-asian: inherit; font-stretch: inherit; font-size: 16px; line-height: 1.625; font-family: 'Open Sans Hebrew', arial, helvetica, sans-serif; vertical-align: baseline; color: #333333;\"><span style=\"font-style: inherit; font-variant: inherit; font-stretch: inherit; font-size: inherit; line-height: inherit; font-family: inherit; vertical-align: baseline;\">Cuidar da biblioteca, diz ela, exige lidar com o cotidiano: \u201cA gente verifica se est\u00e1 arrumado, se tem livros suficientes. Em casa tenho uma estante onde guardo mais livros, porque a biblioteca s\u00f3 tem lugar para dez.&#8221;<\/span><\/p><h3 style=\"margin-bottom: 2.6rem; font-style: normal; font-variant-numeric: inherit; font-variant-east-asian: inherit; font-weight: bold; font-stretch: inherit; font-size: 18px; line-height: 26px; font-family: 'Open Sans Hebrew', arial, helvetica, sans-serif; vertical-align: baseline; clear: both; color: #333333;\"><span style=\"vertical-align: inherit;\">&#8220;N\u00e3o jogue fora em dias de chuva&#8221;<\/span><\/h3><p style=\"margin-bottom: 2.6rem; font-variant-numeric: inherit; font-variant-east-asian: inherit; font-stretch: inherit; font-size: 16px; line-height: 1.625; font-family: 'Open Sans Hebrew', arial, helvetica, sans-serif; vertical-align: baseline; color: #333333;\"><span style=\"font-style: inherit; font-variant: inherit; font-stretch: inherit; font-size: inherit; line-height: inherit; font-family: inherit; vertical-align: baseline;\"><span style=\"vertical-align: inherit;\"><span style=\"vertical-align: inherit;\">O inverno que se aproxima \u00e9 motivo de preocupa\u00e7\u00e3o para os amantes de livros.\u00a0<\/span><span style=\"vertical-align: inherit;\">&#8220;Se voc\u00ea est\u00e1 jogando livros fora&#8221;, diz Netzer, &#8220;n\u00e3o os jogue fora em dias de chuva. Coloque-os em um local protegido.&#8221;<\/span><\/span><\/span><\/p><p style=\"margin-bottom: 2.6rem; font-variant-numeric: inherit; font-variant-east-asian: inherit; font-stretch: inherit; font-size: 16px; line-height: 1.625; font-family: 'Open Sans Hebrew', arial, helvetica, sans-serif; vertical-align: baseline; color: #333333;\"><span style=\"font-style: inherit; font-variant: inherit; font-stretch: inherit; font-size: inherit; line-height: inherit; font-family: inherit; vertical-align: baseline;\"><span style=\"vertical-align: inherit;\"><span style=\"vertical-align: inherit;\">Percol diz que ela contatou o diretor das bibliotecas em Tel Aviv.\u00a0<\/span><span style=\"vertical-align: inherit;\">\u201cPedi que ajudassem a fazer uma biblioteca por conta do munic\u00edpio porque no inverno \u00e9 um problema. Cobrimos os livros com pl\u00e1stico, mas \u00e9 menos est\u00e9tico. Quer\u00edamos que o munic\u00edpio doasse um arm\u00e1rio com fecho transparente. Eles disseram que iriam verificar, mas ainda n\u00e3o me responderam. &#8220;<\/span><\/span><\/span><\/p><p style=\"margin-bottom: 2.6rem; font-variant-numeric: inherit; font-variant-east-asian: inherit; font-stretch: inherit; font-size: 16px; line-height: 1.625; font-family: 'Open Sans Hebrew', arial, helvetica, sans-serif; vertical-align: baseline; color: #333333;\"><span style=\"font-style: inherit; font-variant: inherit; font-stretch: inherit; font-size: inherit; line-height: inherit; font-family: inherit; vertical-align: baseline;\"><span style=\"vertical-align: inherit;\"><span style=\"vertical-align: inherit;\">A Biblioteca Allenberg n\u00e3o funciona em dias chuvosos.\u00a0<\/span><span style=\"vertical-align: inherit;\">&#8220;Certa vez, tentei colocar um guarda-chuva, mas eles o pegaram. N\u00e3o estou zangado. Acho que quem quer que o tenha levado precisava dele.&#8221;<\/span><\/span><\/span><\/p><h3 style=\"margin-bottom: 2.6rem; font-style: normal; font-variant-numeric: inherit; font-variant-east-asian: inherit; font-weight: bold; font-stretch: inherit; font-size: 18px; line-height: 26px; font-family: 'Open Sans Hebrew', arial, helvetica, sans-serif; vertical-align: baseline; clear: both; color: #333333;\"><span style=\"font: inherit; vertical-align: baseline;\">&#8220;Pegue livros, leia&#8221;<\/span><\/h3><p style=\"margin-bottom: 2.6rem; font-variant-numeric: inherit; font-variant-east-asian: inherit; font-stretch: inherit; font-size: 16px; line-height: 1.625; font-family: 'Open Sans Hebrew', arial, helvetica, sans-serif; vertical-align: baseline; color: #333333;\"><span style=\"font-style: inherit; font-variant: inherit; font-stretch: inherit; font-size: inherit; line-height: inherit; font-family: inherit; vertical-align: baseline;\"><span style=\"vertical-align: inherit;\"><span style=\"vertical-align: inherit;\">Guy Super-Singer, um profissional de TI do Matzliach moshav, acaba de criar uma p\u00e1gina no Facebook que visa conectar bibliotecas de rua em todo o pa\u00eds e torn\u00e1-las mais acess\u00edveis.\u00a0<\/span><span style=\"vertical-align: inherit;\">&#8220;Quero encorajar as pessoas a lerem mais. Agora h\u00e1 o coronav\u00edrus, as lojas est\u00e3o fechadas, mas h\u00e1 bibliotecas perto de voc\u00ea. Pegue os livros e leia.&#8221;<\/span><\/span><\/span><\/p>\t\t\t\t\t<\/div>\n\t\t\t\t\t\t<\/div>\n\t\t\t\t<\/div>\n\t\t\t\t\t\t<\/div>\n\t\t\t\t\t<\/div>\n\t\t<\/div>\n\t\t\t\t\t\t\t\t<\/div>\n\t\t\t\t\t<\/div>\n\t\t<\/section>\n\t\t\t\t<section class=\"elementor-section elementor-top-section elementor-element elementor-element-9d7c835 elementor-section-boxed elementor-section-height-default elementor-section-height-default\" data-id=\"9d7c835\" data-element_type=\"section\">\n\t\t\t\t\t\t<div class=\"elementor-container elementor-column-gap-default\">\n\t\t\t\t\t\t\t<div class=\"elementor-row\">\n\t\t\t\t\t<div class=\"elementor-column elementor-col-100 elementor-top-column elementor-element elementor-element-210e4e5\" data-id=\"210e4e5\" data-element_type=\"column\">\n\t\t\t<div class=\"elementor-column-wrap elementor-element-populated\">\n\t\t\t\t\t\t\t<div class=\"elementor-widget-wrap\">\n\t\t\t\t\t\t<div class=\"elementor-element elementor-element-da96dac elementor-widget elementor-widget-image\" data-id=\"da96dac\" data-element_type=\"widget\" data-widget_type=\"image.default\">\n\t\t\t\t<div class=\"elementor-widget-container\">\n\t\t\t\t\t\t\t\t<div class=\"elementor-image\">\n\t\t\t\t\t\t\t\t\t<figure class=\"wp-caption\">\n\t\t\t\t\t\t\t\t\t\t<img loading=\"lazy\" decoding=\"async\" width=\"1024\" height=\"683\" src=\"https:\/\/mundobibliotecario.com.br\/wp-content\/uploads\/2021\/09\/301020_books9-1024x683.jpg\" class=\"attachment-large size-large wp-image-9482\" alt=\"\" srcset=\"https:\/\/mundobibliotecario.com.br\/wp-content\/uploads\/2021\/09\/301020_books9-1024x683.jpg 1024w, https:\/\/mundobibliotecario.com.br\/wp-content\/uploads\/2021\/09\/301020_books9-300x200.jpg 300w, https:\/\/mundobibliotecario.com.br\/wp-content\/uploads\/2021\/09\/301020_books9-768x512.jpg 768w, https:\/\/mundobibliotecario.com.br\/wp-content\/uploads\/2021\/09\/301020_books9.jpg 1033w\" sizes=\"auto, (max-width: 1024px) 100vw, 1024px\" \/>\t\t\t\t\t\t\t\t\t\t\t<figcaption class=\"widget-image-caption wp-caption-text\">Uma biblioteca na rua Berl Katzenelson em Herzliya. \u201cQuem leu um livro e amou n\u00e3o vai querer jog\u00e1-lo fora, ent\u00e3o as bibliotecas de rua s\u00e3o uma \u00f3tima solu\u00e7\u00e3o\u201d (Foto: Davar)<\/figcaption>\n\t\t\t\t\t\t\t\t\t\t<\/figure>\n\t\t\t\t\t\t\t\t<\/div>\n\t\t\t\t\t\t<\/div>\n\t\t\t\t<\/div>\n\t\t\t\t\t\t<\/div>\n\t\t\t\t\t<\/div>\n\t\t<\/div>\n\t\t\t\t\t\t\t\t<\/div>\n\t\t\t\t\t<\/div>\n\t\t<\/section>\n\t\t\t\t<section class=\"elementor-section elementor-top-section elementor-element elementor-element-e797044 elementor-section-boxed elementor-section-height-default elementor-section-height-default\" data-id=\"e797044\" data-element_type=\"section\">\n\t\t\t\t\t\t<div class=\"elementor-container elementor-column-gap-default\">\n\t\t\t\t\t\t\t<div class=\"elementor-row\">\n\t\t\t\t\t<div class=\"elementor-column elementor-col-100 elementor-top-column elementor-element elementor-element-39179d0\" data-id=\"39179d0\" data-element_type=\"column\">\n\t\t\t<div class=\"elementor-column-wrap elementor-element-populated\">\n\t\t\t\t\t\t\t<div class=\"elementor-widget-wrap\">\n\t\t\t\t\t\t<div class=\"elementor-element elementor-element-0b1d139 elementor-widget elementor-widget-text-editor\" data-id=\"0b1d139\" data-element_type=\"widget\" data-widget_type=\"text-editor.default\">\n\t\t\t\t<div class=\"elementor-widget-container\">\n\t\t\t\t\t\t\t\t<div class=\"elementor-text-editor elementor-clearfix\">\n\t\t\t\t<p><span style=\"color: #333333; font-family: 'Open Sans Hebrew', arial, helvetica, sans-serif; font-size: 16px; vertical-align: inherit;\">Super-Singer adora ler.\u00a0<\/span><span style=\"color: #333333; font-family: 'Open Sans Hebrew', arial, helvetica, sans-serif; font-size: 16px; vertical-align: inherit;\">\u201cTenho uma casa cheia de livros: fic\u00e7\u00e3o cient\u00edfica, matem\u00e1tica, ci\u00eancia e hist\u00f3ria israelense\u201d, diz ele.\u00a0<\/span><span style=\"color: #333333; font-family: 'Open Sans Hebrew', arial, helvetica, sans-serif; font-size: 16px; vertical-align: inherit;\">Seu amor por bibliotecas de rua n\u00e3o \u00e9 nada novo.\u00a0<\/span><span style=\"color: #333333; font-family: 'Open Sans Hebrew', arial, helvetica, sans-serif; font-size: 16px; vertical-align: inherit;\">\u201cVenho a essas bibliotecas h\u00e1 alguns anos, eu levo, eu trago\u201d, diz ele. \u201cEsta semana eu estava em uma biblioteca bem organizada do munic\u00edpio de Herzliya na rua Berl Katzenelson. Uma grande esquina, iluminada \u00e0 noite , com sinais bonitos. &#8220;<\/span><\/p>\t\t\t\t\t<\/div>\n\t\t\t\t\t\t<\/div>\n\t\t\t\t<\/div>\n\t\t\t\t\t\t<\/div>\n\t\t\t\t\t<\/div>\n\t\t<\/div>\n\t\t\t\t\t\t\t\t<\/div>\n\t\t\t\t\t<\/div>\n\t\t<\/section>\n\t\t\t\t<section class=\"elementor-section elementor-top-section elementor-element elementor-element-cdab981 elementor-section-boxed elementor-section-height-default elementor-section-height-default\" data-id=\"cdab981\" data-element_type=\"section\">\n\t\t\t\t\t\t<div class=\"elementor-container elementor-column-gap-default\">\n\t\t\t\t\t\t\t<div class=\"elementor-row\">\n\t\t\t\t\t<div class=\"elementor-column elementor-col-100 elementor-top-column elementor-element elementor-element-ae1c30d\" data-id=\"ae1c30d\" data-element_type=\"column\">\n\t\t\t<div class=\"elementor-column-wrap elementor-element-populated\">\n\t\t\t\t\t\t\t<div class=\"elementor-widget-wrap\">\n\t\t\t\t\t\t<div class=\"elementor-element elementor-element-b6f087a elementor-widget elementor-widget-image\" data-id=\"b6f087a\" data-element_type=\"widget\" data-widget_type=\"image.default\">\n\t\t\t\t<div class=\"elementor-widget-container\">\n\t\t\t\t\t\t\t\t<div class=\"elementor-image\">\n\t\t\t\t\t\t\t\t\t<figure class=\"wp-caption\">\n\t\t\t\t\t\t\t\t\t\t<img loading=\"lazy\" decoding=\"async\" width=\"1024\" height=\"683\" src=\"https:\/\/mundobibliotecario.com.br\/wp-content\/uploads\/2021\/09\/301020_books11-1024x683.jpg\" class=\"attachment-large size-large wp-image-9483\" alt=\"\" srcset=\"https:\/\/mundobibliotecario.com.br\/wp-content\/uploads\/2021\/09\/301020_books11-1024x683.jpg 1024w, https:\/\/mundobibliotecario.com.br\/wp-content\/uploads\/2021\/09\/301020_books11-300x200.jpg 300w, https:\/\/mundobibliotecario.com.br\/wp-content\/uploads\/2021\/09\/301020_books11-768x512.jpg 768w, https:\/\/mundobibliotecario.com.br\/wp-content\/uploads\/2021\/09\/301020_books11-1320x880.jpg 1320w, https:\/\/mundobibliotecario.com.br\/wp-content\/uploads\/2021\/09\/301020_books11.jpg 1348w\" sizes=\"auto, (max-width: 1024px) 100vw, 1024px\" \/>\t\t\t\t\t\t\t\t\t\t\t<figcaption class=\"widget-image-caption wp-caption-text\">Guy Super-Singer em uma biblioteca de rua em Mazkeret Batya. \"Quero encorajar as pessoas a lerem mais. Agora h\u00e1 o coronav\u00edrus, as lojas est\u00e3o fechadas, mas h\u00e1 bibliotecas perto de voc\u00ea.\" (Foto: \u00c1lbum Privado)<\/figcaption>\n\t\t\t\t\t\t\t\t\t\t<\/figure>\n\t\t\t\t\t\t\t\t<\/div>\n\t\t\t\t\t\t<\/div>\n\t\t\t\t<\/div>\n\t\t\t\t\t\t<\/div>\n\t\t\t\t\t<\/div>\n\t\t<\/div>\n\t\t\t\t\t\t\t\t<\/div>\n\t\t\t\t\t<\/div>\n\t\t<\/section>\n\t\t\t\t<section class=\"elementor-section elementor-top-section elementor-element elementor-element-5eb6090 elementor-section-boxed elementor-section-height-default elementor-section-height-default\" data-id=\"5eb6090\" data-element_type=\"section\">\n\t\t\t\t\t\t<div class=\"elementor-container elementor-column-gap-default\">\n\t\t\t\t\t\t\t<div class=\"elementor-row\">\n\t\t\t\t\t<div class=\"elementor-column elementor-col-100 elementor-top-column elementor-element elementor-element-f23f078\" data-id=\"f23f078\" data-element_type=\"column\">\n\t\t\t<div class=\"elementor-column-wrap elementor-element-populated\">\n\t\t\t\t\t\t\t<div class=\"elementor-widget-wrap\">\n\t\t\t\t\t\t<div class=\"elementor-element elementor-element-2ed35f0 elementor-widget elementor-widget-text-editor\" data-id=\"2ed35f0\" data-element_type=\"widget\" data-widget_type=\"text-editor.default\">\n\t\t\t\t<div class=\"elementor-widget-container\">\n\t\t\t\t\t\t\t\t<div class=\"elementor-text-editor elementor-clearfix\">\n\t\t\t\t<p style=\"margin-bottom: 2.6rem; font-variant-numeric: inherit; font-variant-east-asian: inherit; font-stretch: inherit; font-size: 16px; line-height: 1.625; font-family: 'Open Sans Hebrew', arial, helvetica, sans-serif; vertical-align: baseline; color: #333333;\"><span style=\"font-style: inherit; font-variant: inherit; font-stretch: inherit; font-size: inherit; line-height: inherit; font-family: inherit; vertical-align: baseline;\">&#8220;Infelizmente&#8221;, diz ele, &#8220;milhares de livros s\u00e3o jogados fora todos os dias. A maioria das pessoas n\u00e3o tem onde guard\u00e1-los. Elas se movem, n\u00e3o querem ser sobrecarregadas e, por outro lado, uma pessoa que leu um livro e adorou n\u00e3o vai querer jog\u00e1-lo fora, ent\u00e3o as bibliotecas de rua s\u00e3o uma \u00f3tima solu\u00e7\u00e3o. &#8220;<\/span><\/p>\n<h3 style=\"margin-bottom: 2.6rem; font-style: normal; font-variant-numeric: inherit; font-variant-east-asian: inherit; font-weight: bold; font-stretch: inherit; font-size: 18px; line-height: 26px; font-family: 'Open Sans Hebrew', arial, helvetica, sans-serif; vertical-align: baseline; clear: both; color: #333333;\"><span style=\"vertical-align: inherit;\">Recomenda\u00e7\u00f5es para o estabelecimento de uma biblioteca de rua<\/span><\/h3>\n<p style=\"margin-bottom: 2.6rem; font-variant-numeric: inherit; font-variant-east-asian: inherit; font-stretch: inherit; font-size: 16px; line-height: 1.625; font-family: 'Open Sans Hebrew', arial, helvetica, sans-serif; vertical-align: baseline; color: #333333;\"><span style=\"font-style: inherit; font-variant: inherit; font-stretch: inherit; font-size: inherit; line-height: inherit; font-family: inherit; vertical-align: baseline;\">Allenberg, o bibliotec\u00e1rio de rua de Haifa, faz recomenda\u00e7\u00f5es para os interessados em montar uma biblioteca de rua: &#8220;\u00c9 muito simples. Em primeiro lugar, por experi\u00eancia anterior, deve ser em sua propriedade, e n\u00e3o em um espa\u00e7o p\u00fablico, e deve ser fixada no lugar com parafusos, porque se for uma estante ou caixa, eles v\u00e3o levar.&#8221;<\/span><\/p>\n<p style=\"margin-bottom: 2.6rem; font-variant-numeric: inherit; font-variant-east-asian: inherit; font-stretch: inherit; font-size: 16px; line-height: 1.625; font-family: 'Open Sans Hebrew', arial, helvetica, sans-serif; vertical-align: baseline; color: #333333;\"><span style=\"font-style: inherit; font-variant: inherit; font-stretch: inherit; font-size: inherit; line-height: inherit; font-family: inherit; vertical-align: baseline;\">Fora isso, &#8220;pelo que vejo, requer manuten\u00e7\u00e3o de pelo menos duas vezes por semana, retirando livros rasgados e recolhendo lixo; e \u00e9 claro que se voc\u00ea n\u00e3o fizer publicidade as pessoas n\u00e3o saber\u00e3o que existe.&#8221;<\/span><\/p>\t\t\t\t\t<\/div>\n\t\t\t\t\t\t<\/div>\n\t\t\t\t<\/div>\n\t\t\t\t\t\t<\/div>\n\t\t\t\t\t<\/div>\n\t\t<\/div>\n\t\t\t\t\t\t\t\t<\/div>\n\t\t\t\t\t<\/div>\n\t\t<\/section>\n\t\t\t\t<section class=\"elementor-section elementor-top-section elementor-element elementor-element-b816e6c elementor-section-boxed elementor-section-height-default elementor-section-height-default\" data-id=\"b816e6c\" data-element_type=\"section\">\n\t\t\t\t\t\t<div class=\"elementor-container elementor-column-gap-default\">\n\t\t\t\t\t\t\t<div class=\"elementor-row\">\n\t\t\t\t\t<div class=\"elementor-column elementor-col-100 elementor-top-column elementor-element elementor-element-685cd9f\" data-id=\"685cd9f\" data-element_type=\"column\">\n\t\t\t<div class=\"elementor-column-wrap elementor-element-populated\">\n\t\t\t\t\t\t\t<div class=\"elementor-widget-wrap\">\n\t\t\t\t\t\t<div class=\"elementor-element elementor-element-1791358 elementor-widget elementor-widget-text-editor\" data-id=\"1791358\" data-element_type=\"widget\" data-widget_type=\"text-editor.default\">\n\t\t\t\t<div class=\"elementor-widget-container\">\n\t\t\t\t\t\t\t\t<div class=\"elementor-text-editor elementor-clearfix\">\n\t\t\t\t<p>Dispon\u00edvel em:\u00a0<a href=\"https:\/\/en.davar1.co.il\/260878\/\" target=\"_blank\" rel=\"noopener\">https:\/\/en.davar1.co.il\/260878\/<\/a><span style=\"color: var( --e-global-color-text ); font-family: var( --e-global-typography-text-font-family ), Sans-serif; font-weight: var( --e-global-typography-text-font-weight );\">. Acesso em: 13 set. 2021.<\/span><\/p>\t\t\t\t\t<\/div>\n\t\t\t\t\t\t<\/div>\n\t\t\t\t<\/div>\n\t\t\t\t\t\t<\/div>\n\t\t\t\t\t<\/div>\n\t\t<\/div>\n\t\t\t\t\t\t\t\t<\/div>\n\t\t\t\t\t<\/div>\n\t\t<\/section>\n\t\t\t\t\t\t\t\t\t<\/div>\n\t\t\t<\/div>\n\t\t\t\t\t<\/div>\n\t\t","protected":false},"excerpt":{"rendered":"<p>Eles s\u00e3o colocados em bancos, espalhados nas cal\u00e7adas, encontrados em lixeiras |&nbsp;Eles t\u00eam f\u00e3s em grupos do Facebook e, em muitos lugares, bibliotecas ao ar livre foram criadas para eles |&nbsp;Livros usados agora fazem parte da paisagem urbana Uma biblioteca montada em um ponto de \u00f4nibus. Shimshit (Foto: Tal Carmon) \u201cSempre que vejo uma pilha &#8230; <a title=\"Gente do Livro: Bibliotecas de Rua e seus Cuidadores\" class=\"read-more\" href=\"https:\/\/mundobibliotecario.com.br\/index.php\/2021\/09\/14\/gente-do-livro-bibliotecas-de-rua-e-seus-cuidadores\/\" aria-label=\"Read more about Gente do Livro: Bibliotecas de Rua e seus Cuidadores\">Ler mais<\/a><\/p>\n","protected":false},"author":1,"featured_media":0,"comment_status":"open","ping_status":"open","sticky":false,"template":"","format":"standard","meta":{"_mi_skip_tracking":false,"_exactmetrics_sitenote_active":false,"_exactmetrics_sitenote_note":"","_exactmetrics_sitenote_category":0,"_jetpack_newsletter_access":"","footnotes":""},"categories":[60],"tags":[2,1392,2050],"class_list":["post-9474","post","type-post","status-publish","format-standard","hentry","category-noticias","tag-biblioteca","tag-bibliotecas","tag-israel"],"jetpack_featured_media_url":"","jetpack_sharing_enabled":true,"jetpack-related-posts":[{"id":1471,"url":"https:\/\/mundobibliotecario.com.br\/index.php\/2010\/09\/27\/xiii-semana-do-livro-e-da-biblioteca-da-esalqusp\/","url_meta":{"origin":9474,"position":0},"title":"XIII Semana do Livro e da Biblioteca da ESALQ\/USP","author":"mundobibliotecario","date":"27\/09\/2010","format":false,"excerpt":"A Biblioteca da ESALQ\/USP est\u00e1 organizando sua XIII Semana do Livro e da Biblioteca. Ocorrer\u00e3o palestras de 25\/10 a 05\/11\/2010. http:\/\/www.esalq.usp.br\/biblioteca\/ Em breve estar\u00e1 dispon\u00edvel a programa\u00e7\u00e3o completa com o formulario de inscri\u00e7\u00e3o e o link para que possam assistir atraves da transmiss\u00e3o on-line (em tempo real).","rel":"","context":"Em &quot;Eventos&quot;","block_context":{"text":"Eventos","link":"https:\/\/mundobibliotecario.com.br\/index.php\/category\/eventos\/"},"img":{"alt_text":"","src":"","width":0,"height":0},"classes":[]},{"id":10136,"url":"https:\/\/mundobibliotecario.com.br\/index.php\/2022\/10\/24\/atividades-da-eesc-durante-a-xxv-semana-do-livro-e-da-biblioteca-na-usp\/","url_meta":{"origin":9474,"position":1},"title":"Atividades da EESC durante a XXV Semana do Livro e da Biblioteca na USP","author":"mundobibliotecario","date":"24\/10\/2022","format":false,"excerpt":"Na semana de 24 a 28 de outubro de 2022 comemoramos a\u00a0XXV Semana do Livro e da Biblioteca na USP\u00a0e esse ano o tema \u00e9 \"Bibliotecas da USP: parcerias estrat\u00e9gicas da agenda 2030\".\u00a0 A Biblioteca da EESC convida a comunidade acad\u00eamica para participar da programa\u00e7\u00e3o online\u00a0 que ocorrer\u00e1 no dia\u00a025\u2026","rel":"","context":"Em &quot;Eventos&quot;","block_context":{"text":"Eventos","link":"https:\/\/mundobibliotecario.com.br\/index.php\/category\/eventos\/"},"img":{"alt_text":"","src":"https:\/\/i0.wp.com\/www.eesc.usp.br\/biblioteca-admin\/wp-content\/uploads\/2022\/10\/Semana-do-Livro-Banner.jpeg?resize=350%2C200&ssl=1","width":350,"height":200},"classes":[]},{"id":1516,"url":"https:\/\/mundobibliotecario.com.br\/index.php\/2010\/10\/14\/xiii-semana-do-livro-e-da-biblioteca-na-usp-sdofob-usp\/","url_meta":{"origin":9474,"position":2},"title":"XIII Semana do Livro e da Biblioteca na USP &#8211; SDO\/FOB-USP","author":"mundobibliotecario","date":"14\/10\/2010","format":false,"excerpt":"A biblioteca do SDO realizar\u00e1 a XIII Semana do Livro e da Biblioteca na USP, de 25 a 29 de outubro\/2010, com o tema \u201cPor onde anda o acesso acerto na USP?\u201d. A programa\u00e7\u00e3o completa est\u00e1 dispon\u00edvel em: http:\/\/www.fo.usp.br\/sdo.","rel":"","context":"Em &quot;Eventos&quot;","block_context":{"text":"Eventos","link":"https:\/\/mundobibliotecario.com.br\/index.php\/category\/eventos\/"},"img":{"alt_text":"","src":"","width":0,"height":0},"classes":[]},{"id":5602,"url":"https:\/\/mundobibliotecario.com.br\/index.php\/2020\/05\/02\/podemos-precisar-colocar-nossos-livros-em-quarentena-quando-as-bibliotecas-reabrirem-diz-o-ceo-da-biblioteca-publica-de-nova-york\/","url_meta":{"origin":9474,"position":3},"title":"&#8220;Podemos precisar colocar nossos livros em quarentena&#8221; quando as bibliotecas reabrirem, diz o CEO da Biblioteca P\u00fablica de Nova York","author":"mundobibliotecario","date":"02\/05\/2020","format":false,"excerpt":"Para reduzir a dissemina\u00e7\u00e3o de\u00a0novos coronav\u00edrus\u00a0, os americanos podem continuar se distanciando socialmente por muitos meses - mas essas precau\u00e7\u00f5es podem durar ainda mais para os livros mantidos nas bibliotecas do pa\u00eds, disse Tony Marx, diretor executivo da Biblioteca P\u00fablica de Nova York, o maior p\u00fablico. sistema de bibliotecas nos\u2026","rel":"","context":"Em &quot;Not\u00edcias&quot;","block_context":{"text":"Not\u00edcias","link":"https:\/\/mundobibliotecario.com.br\/index.php\/category\/noticias\/"},"img":{"alt_text":"","src":"","width":0,"height":0},"classes":[]},{"id":2118,"url":"https:\/\/mundobibliotecario.com.br\/index.php\/2011\/07\/11\/bibliotecas-da-regiao-guardam-livros-raros\/","url_meta":{"origin":9474,"position":4},"title":"Bibliotecas da regi\u00e3o guardam livros raros","author":"mundobibliotecario","date":"11\/07\/2011","format":false,"excerpt":"Um v\u00eddeo interessante transmitido na EPTV (S\u00e3o Carlos) que aborda livros raros:","rel":"","context":"Em &quot;Not\u00edcias&quot;","block_context":{"text":"Not\u00edcias","link":"https:\/\/mundobibliotecario.com.br\/index.php\/category\/noticias\/"},"img":{"alt_text":"","src":"","width":0,"height":0},"classes":[]},{"id":5648,"url":"https:\/\/mundobibliotecario.com.br\/index.php\/2020\/06\/11\/drones-apoiados-pelo-google-lancam-livros-da-biblioteca-para-que-criancas-na-virginia-possam-ler-seus-livros-de-verao\/","url_meta":{"origin":9474,"position":5},"title":"Drones apoiados pelo Google lan\u00e7am livros da biblioteca para que crian\u00e7as na Virg\u00ednia possam ler seus livros de ver\u00e3o","author":"mundobibliotecario","date":"11\/06\/2020","format":false,"excerpt":"A Wing, empresa irm\u00e3 do gigante da tecnologia, entregar\u00e1 livros a estudantes no Distrito Escolar do Condado de Montgomery. Fonte: https:\/\/www.washingtonpost.com\/technology\/2020\/06\/10\/wing-library-book-drone-delivery\/ Kelly Passek pensou em uma maneira de fazer as crian\u00e7as lerem neste ver\u00e3o: entregar livros da biblioteca por drone. Passek, uma bibliotec\u00e1ria do ensino m\u00e9dio, foi uma das primeiras\u2026","rel":"","context":"Em &quot;Not\u00edcias&quot;","block_context":{"text":"Not\u00edcias","link":"https:\/\/mundobibliotecario.com.br\/index.php\/category\/noticias\/"},"img":{"alt_text":"","src":"https:\/\/i0.wp.com\/mundobibliotecario.com.br\/wp-content\/uploads\/2020\/06\/image.png?resize=350%2C200&ssl=1","width":350,"height":200},"classes":[]}],"jetpack_likes_enabled":true,"jetpack_shortlink":"https:\/\/wp.me\/pcbzwa-2sO","_links":{"self":[{"href":"https:\/\/mundobibliotecario.com.br\/index.php\/wp-json\/wp\/v2\/posts\/9474","targetHints":{"allow":["GET"]}}],"collection":[{"href":"https:\/\/mundobibliotecario.com.br\/index.php\/wp-json\/wp\/v2\/posts"}],"about":[{"href":"https:\/\/mundobibliotecario.com.br\/index.php\/wp-json\/wp\/v2\/types\/post"}],"author":[{"embeddable":true,"href":"https:\/\/mundobibliotecario.com.br\/index.php\/wp-json\/wp\/v2\/users\/1"}],"replies":[{"embeddable":true,"href":"https:\/\/mundobibliotecario.com.br\/index.php\/wp-json\/wp\/v2\/comments?post=9474"}],"version-history":[{"count":5,"href":"https:\/\/mundobibliotecario.com.br\/index.php\/wp-json\/wp\/v2\/posts\/9474\/revisions"}],"predecessor-version":[{"id":9487,"href":"https:\/\/mundobibliotecario.com.br\/index.php\/wp-json\/wp\/v2\/posts\/9474\/revisions\/9487"}],"wp:attachment":[{"href":"https:\/\/mundobibliotecario.com.br\/index.php\/wp-json\/wp\/v2\/media?parent=9474"}],"wp:term":[{"taxonomy":"category","embeddable":true,"href":"https:\/\/mundobibliotecario.com.br\/index.php\/wp-json\/wp\/v2\/categories?post=9474"},{"taxonomy":"post_tag","embeddable":true,"href":"https:\/\/mundobibliotecario.com.br\/index.php\/wp-json\/wp\/v2\/tags?post=9474"}],"curies":[{"name":"wp","href":"https:\/\/api.w.org\/{rel}","templated":true}]}}