{"id":9489,"date":"2021-09-17T19:00:00","date_gmt":"2021-09-17T22:00:00","guid":{"rendered":"https:\/\/mundobibliotecario.com.br\/?p=9489"},"modified":"2021-09-16T22:25:41","modified_gmt":"2021-09-17T01:25:41","slug":"ii-semana-nacional-do-livro-e-das-bibliotecas-da-unesp","status":"publish","type":"post","link":"https:\/\/mundobibliotecario.com.br\/index.php\/2021\/09\/17\/ii-semana-nacional-do-livro-e-das-bibliotecas-da-unesp\/","title":{"rendered":"II Semana Nacional do Livro e das Bibliotecas da Unesp"},"content":{"rendered":"\t\t<div data-elementor-type=\"wp-post\" data-elementor-id=\"9489\" class=\"elementor elementor-9489\">\n\t\t\t\t\t\t<div class=\"elementor-inner\">\n\t\t\t\t<div class=\"elementor-section-wrap\">\n\t\t\t\t\t\t\t\t\t<section class=\"elementor-section elementor-top-section elementor-element elementor-element-2721bd2 elementor-section-boxed elementor-section-height-default elementor-section-height-default\" data-id=\"2721bd2\" data-element_type=\"section\">\n\t\t\t\t\t\t<div class=\"elementor-container elementor-column-gap-default\">\n\t\t\t\t\t\t\t<div class=\"elementor-row\">\n\t\t\t\t\t<div class=\"elementor-column elementor-col-100 elementor-top-column elementor-element elementor-element-2ac0254\" data-id=\"2ac0254\" data-element_type=\"column\">\n\t\t\t<div class=\"elementor-column-wrap elementor-element-populated\">\n\t\t\t\t\t\t\t<div class=\"elementor-widget-wrap\">\n\t\t\t\t\t\t<div class=\"elementor-element elementor-element-f94c832 elementor-widget elementor-widget-text-editor\" data-id=\"f94c832\" data-element_type=\"widget\" data-widget_type=\"text-editor.default\">\n\t\t\t\t<div class=\"elementor-widget-container\">\n\t\t\t\t\t\t\t\t<div class=\"elementor-text-editor elementor-clearfix\">\n\t\t\t\t<p>A Universidade Estadual Paulista &#8220;J\u00falio de Mesquita Filho&#8221; (Unesp) promove, de 4 a 8 de outubro, a II Semana Nacional do Livro e das Bibliotecas da Unesp.<\/p><p>Neste ano, o evento ser\u00e1 realizado novamente em formato virtual.<\/p><p>Confira a programa\u00e7\u00e3o!<\/p>\t\t\t\t\t<\/div>\n\t\t\t\t\t\t<\/div>\n\t\t\t\t<\/div>\n\t\t\t\t\t\t<\/div>\n\t\t\t\t\t<\/div>\n\t\t<\/div>\n\t\t\t\t\t\t\t\t<\/div>\n\t\t\t\t\t<\/div>\n\t\t<\/section>\n\t\t\t\t<section class=\"elementor-section elementor-top-section elementor-element elementor-element-1ff4a9b elementor-section-boxed elementor-section-height-default elementor-section-height-default\" data-id=\"1ff4a9b\" data-element_type=\"section\">\n\t\t\t\t\t\t<div class=\"elementor-container elementor-column-gap-default\">\n\t\t\t\t\t\t\t<div class=\"elementor-row\">\n\t\t\t\t\t<div class=\"elementor-column elementor-col-100 elementor-top-column elementor-element elementor-element-d2b12a6\" data-id=\"d2b12a6\" data-element_type=\"column\">\n\t\t\t<div class=\"elementor-column-wrap elementor-element-populated\">\n\t\t\t\t\t\t\t<div class=\"elementor-widget-wrap\">\n\t\t\t\t\t\t<div class=\"elementor-element elementor-element-392a43e elementor-widget elementor-widget-image\" data-id=\"392a43e\" data-element_type=\"widget\" data-widget_type=\"image.default\">\n\t\t\t\t<div class=\"elementor-widget-container\">\n\t\t\t\t\t\t\t\t<div class=\"elementor-image\">\n\t\t\t\t\t\t\t\t\t\t\t\t<img loading=\"lazy\" decoding=\"async\" width=\"724\" height=\"1024\" src=\"https:\/\/mundobibliotecario.com.br\/wp-content\/uploads\/2021\/09\/agenda-da-semana-virtual-2021-724x1024.png\" class=\"attachment-large size-large wp-image-9491\" alt=\"\" srcset=\"https:\/\/mundobibliotecario.com.br\/wp-content\/uploads\/2021\/09\/agenda-da-semana-virtual-2021-724x1024.png 724w, https:\/\/mundobibliotecario.com.br\/wp-content\/uploads\/2021\/09\/agenda-da-semana-virtual-2021-212x300.png 212w, https:\/\/mundobibliotecario.com.br\/wp-content\/uploads\/2021\/09\/agenda-da-semana-virtual-2021-768x1086.png 768w, https:\/\/mundobibliotecario.com.br\/wp-content\/uploads\/2021\/09\/agenda-da-semana-virtual-2021-1086x1536.png 1086w, https:\/\/mundobibliotecario.com.br\/wp-content\/uploads\/2021\/09\/agenda-da-semana-virtual-2021-1448x2048.png 1448w, https:\/\/mundobibliotecario.com.br\/wp-content\/uploads\/2021\/09\/agenda-da-semana-virtual-2021-1320x1867.png 1320w\" sizes=\"auto, (max-width: 724px) 100vw, 724px\" \/>\t\t\t\t\t\t\t\t\t\t\t\t\t\t<\/div>\n\t\t\t\t\t\t<\/div>\n\t\t\t\t<\/div>\n\t\t\t\t\t\t<\/div>\n\t\t\t\t\t<\/div>\n\t\t<\/div>\n\t\t\t\t\t\t\t\t<\/div>\n\t\t\t\t\t<\/div>\n\t\t<\/section>\n\t\t\t\t\t\t\t\t\t<\/div>\n\t\t\t<\/div>\n\t\t\t\t\t<\/div>\n\t\t","protected":false},"excerpt":{"rendered":"<p>A Universidade Estadual Paulista &#8220;J\u00falio de Mesquita Filho&#8221; (Unesp) promove, de 4 a 8 de outubro, a II Semana Nacional do Livro e das Bibliotecas da Unesp. Neste ano, o evento ser\u00e1 realizado novamente em formato virtual. Confira a programa\u00e7\u00e3o!<\/p>\n","protected":false},"author":1,"featured_media":0,"comment_status":"open","ping_status":"open","sticky":false,"template":"","format":"standard","meta":{"_mi_skip_tracking":false,"_exactmetrics_sitenote_active":false,"_exactmetrics_sitenote_note":"","_exactmetrics_sitenote_category":0,"_jetpack_newsletter_access":"","footnotes":""},"categories":[60],"tags":[636,144],"class_list":["post-9489","post","type-post","status-publish","format-standard","hentry","category-noticias","tag-semana-do-livro-e-da-biblioteca","tag-unesp"],"jetpack_featured_media_url":"","jetpack_sharing_enabled":true,"jetpack-related-posts":[{"id":10112,"url":"https:\/\/mundobibliotecario.com.br\/index.php\/2022\/10\/03\/semana-do-livro-e-das-bibliotecas-da-unesp-2022\/","url_meta":{"origin":9489,"position":0},"title":"Semana do Livro e das Bibliotecas da Unesp 2022","author":"mundobibliotecario","date":"03\/10\/2022","format":false,"excerpt":"Este ano a Rede de Bibliotecas da Unesp, em conjunto com a Coordenadoria Geral de Bibliotecas - CGB, promover\u00e1 durante o m\u00eas de Outubro a Semana do Livro e das Bibliotecas da Unesp 2022. Com o tema \u201cCenten\u00e1rio da Semana de Arte Moderna\u201d ser\u00e3o apresentadas diversas atividades, desde capacita\u00e7\u00f5es, programa\u00e7\u00f5es\u2026","rel":"","context":"Em &quot;Eventos&quot;","block_context":{"text":"Eventos","link":"https:\/\/mundobibliotecario.com.br\/index.php\/category\/eventos\/"},"img":{"alt_text":"","src":"https:\/\/i0.wp.com\/mundobibliotecario.com.br\/wp-content\/uploads\/2022\/10\/banner-capa-1024x341.png?resize=350%2C200&ssl=1","width":350,"height":200},"classes":[]},{"id":886,"url":"https:\/\/mundobibliotecario.com.br\/index.php\/2009\/09\/27\/x-semana-do-livro-e-da-biblioteca-unespararaquara\/","url_meta":{"origin":9489,"position":1},"title":"X Semana do Livro e da Biblioteca &#8211; UNESP\/Araraquara","author":"mundobibliotecario","date":"27\/09\/2009","format":false,"excerpt":"","rel":"","context":"Em &quot;Eventos&quot;","block_context":{"text":"Eventos","link":"https:\/\/mundobibliotecario.com.br\/index.php\/category\/eventos\/"},"img":{"alt_text":"semana","src":"https:\/\/i0.wp.com\/mundobibliotecario.hospedagemdesites.ws\/wp-content\/uploads\/2009\/09\/semana2.jpg?resize=350%2C200","width":350,"height":200},"classes":[]},{"id":7870,"url":"https:\/\/mundobibliotecario.com.br\/index.php\/2020\/10\/04\/unesp-realiza-semana-do-livro-com-atividades-gratuitas-online\/","url_meta":{"origin":9489,"position":2},"title":"Unesp realiza Semana do Livro com atividades gratuitas online","author":"mundobibliotecario","date":"04\/10\/2020","format":false,"excerpt":"Programa\u00e7\u00e3o come\u00e7a nesta segunda-feira (5) e vai at\u00e9 dia 9. Tamb\u00e9m est\u00e3o abertas as inscri\u00e7\u00f5es para o Pr\u00eamio S\u00e3o Paulo de Literatura; veja como participar.","rel":"","context":"Em &quot;Not\u00edcias&quot;","block_context":{"text":"Not\u00edcias","link":"https:\/\/mundobibliotecario.com.br\/index.php\/category\/noticias\/"},"img":{"alt_text":"","src":"","width":0,"height":0},"classes":[]},{"id":3469,"url":"https:\/\/mundobibliotecario.com.br\/index.php\/2014\/05\/08\/i-jornada-de-colecoes-especiais-da-unesp%e2%80%8f\/","url_meta":{"origin":9489,"position":3},"title":"I Jornada de Cole\u00e7\u00f5es Especiais da Unesp\u200f","author":"mundobibliotecario","date":"08\/05\/2014","format":false,"excerpt":"Contribui\u00e7\u00e3o de Camila D. P. Serrador, bibliotec\u00e1ria da FCL-Unesp. *** Boa noite! N\u00f3s da Biblioteca da Faculdade de Ci\u00eancias e Letras da Unesp, campus Araraquara, viemos solicitar divulga\u00e7\u00e3o e convid\u00e1-los para nossa I Jornada de Cole\u00e7\u00f5es Especiais da Unesp nos dias 20 e 21 de maio, durante nossa XV Semana\u2026","rel":"","context":"Em &quot;Eventos&quot;","block_context":{"text":"Eventos","link":"https:\/\/mundobibliotecario.com.br\/index.php\/category\/eventos\/"},"img":{"alt_text":"","src":"","width":0,"height":0},"classes":[]},{"id":4737,"url":"https:\/\/mundobibliotecario.com.br\/index.php\/2018\/04\/08\/promocao-9-de-abril-dia-da-biblioteca-participe\/","url_meta":{"origin":9489,"position":4},"title":"Promo\u00e7\u00e3o 9 de abril &#8211; Dia da Biblioteca &#8211; Participe!","author":"mundobibliotecario","date":"08\/04\/2018","format":false,"excerpt":"Fonte:\u00a0https:\/\/www.flickr.com\/photos\/loughboroughuniversitylibrary\/6333984637 Dia 9 de abril \u00e9 o Dia da Biblioteca Por qu\u00ea? Um Decreto brasileiro datado de 9 de abril de 1980 instituiu no pa\u00eds a Semana Nacional do Livro e da \u00a0Biblioteca, bem como o Dia do Bibliotec\u00e1rio. Por este motivo, o dia 09\/04 \u00e9 conhecido como o Dia\u2026","rel":"","context":"Em &quot;Not\u00edcias&quot;","block_context":{"text":"Not\u00edcias","link":"https:\/\/mundobibliotecario.com.br\/index.php\/category\/noticias\/"},"img":{"alt_text":"","src":"https:\/\/i0.wp.com\/mundobibliotecario.com.br\/wp-content\/uploads\/2018\/04\/6333984637_7d08596f9e_b.jpg?resize=350%2C200","width":350,"height":200},"classes":[]},{"id":1479,"url":"https:\/\/mundobibliotecario.com.br\/index.php\/2010\/10\/05\/semana-nacional-do-livro-e-da-biblioteca-faculdade-de-odontologia-de-araraquara\/","url_meta":{"origin":9489,"position":5},"title":"Semana Nacional do Livro e da Biblioteca &#8211; Faculdade de Odontologia de Araraquara","author":"mundobibliotecario","date":"05\/10\/2010","format":false,"excerpt":"Semana Nacional do Livro e da Biblioteca Biblioteca Profa. Maria Dilma de Oliveira Gon\u00e7alves Faculdade de Odontologia de Araraquara De 18 a 22 de outubro de 2010 Tema: \u201cA evolu\u00e7\u00e3o da informa\u00e7\u00e3o\u201d Exposi\u00e7\u00e3o \u201cA evolu\u00e7\u00e3o da informa\u00e7\u00e3o\u201d Exposi\u00e7\u00e3o de Fotos: \u201cA biblioteca da Faculdade de Odontologia dos anos 60 at\u00e9\u2026","rel":"","context":"Em &quot;Eventos&quot;","block_context":{"text":"Eventos","link":"https:\/\/mundobibliotecario.com.br\/index.php\/category\/eventos\/"},"img":{"alt_text":"","src":"","width":0,"height":0},"classes":[]}],"jetpack_likes_enabled":true,"jetpack_shortlink":"https:\/\/wp.me\/pcbzwa-2t3","_links":{"self":[{"href":"https:\/\/mundobibliotecario.com.br\/index.php\/wp-json\/wp\/v2\/posts\/9489","targetHints":{"allow":["GET"]}}],"collection":[{"href":"https:\/\/mundobibliotecario.com.br\/index.php\/wp-json\/wp\/v2\/posts"}],"about":[{"href":"https:\/\/mundobibliotecario.com.br\/index.php\/wp-json\/wp\/v2\/types\/post"}],"author":[{"embeddable":true,"href":"https:\/\/mundobibliotecario.com.br\/index.php\/wp-json\/wp\/v2\/users\/1"}],"replies":[{"embeddable":true,"href":"https:\/\/mundobibliotecario.com.br\/index.php\/wp-json\/wp\/v2\/comments?post=9489"}],"version-history":[{"count":5,"href":"https:\/\/mundobibliotecario.com.br\/index.php\/wp-json\/wp\/v2\/posts\/9489\/revisions"}],"predecessor-version":[{"id":9495,"href":"https:\/\/mundobibliotecario.com.br\/index.php\/wp-json\/wp\/v2\/posts\/9489\/revisions\/9495"}],"wp:attachment":[{"href":"https:\/\/mundobibliotecario.com.br\/index.php\/wp-json\/wp\/v2\/media?parent=9489"}],"wp:term":[{"taxonomy":"category","embeddable":true,"href":"https:\/\/mundobibliotecario.com.br\/index.php\/wp-json\/wp\/v2\/categories?post=9489"},{"taxonomy":"post_tag","embeddable":true,"href":"https:\/\/mundobibliotecario.com.br\/index.php\/wp-json\/wp\/v2\/tags?post=9489"}],"curies":[{"name":"wp","href":"https:\/\/api.w.org\/{rel}","templated":true}]}}