{"id":9496,"date":"2021-09-18T16:00:00","date_gmt":"2021-09-18T19:00:00","guid":{"rendered":"https:\/\/mundobibliotecario.com.br\/?p=9496"},"modified":"2021-09-16T22:23:12","modified_gmt":"2021-09-17T01:23:12","slug":"americanas-compra-skoob-rede-social-focada-em-livros","status":"publish","type":"post","link":"https:\/\/mundobibliotecario.com.br\/index.php\/2021\/09\/18\/americanas-compra-skoob-rede-social-focada-em-livros\/","title":{"rendered":"Americanas compra Skoob, rede social focada em livros"},"content":{"rendered":"\t\t<div data-elementor-type=\"wp-post\" data-elementor-id=\"9496\" class=\"elementor elementor-9496\">\n\t\t\t\t\t\t<div class=\"elementor-inner\">\n\t\t\t\t<div class=\"elementor-section-wrap\">\n\t\t\t\t\t\t\t\t\t<section class=\"elementor-section elementor-top-section elementor-element elementor-element-e2a5e8d elementor-section-boxed elementor-section-height-default elementor-section-height-default\" data-id=\"e2a5e8d\" data-element_type=\"section\">\n\t\t\t\t\t\t<div class=\"elementor-container elementor-column-gap-default\">\n\t\t\t\t\t\t\t<div class=\"elementor-row\">\n\t\t\t\t\t<div class=\"elementor-column elementor-col-100 elementor-top-column elementor-element elementor-element-fce0054\" data-id=\"fce0054\" data-element_type=\"column\">\n\t\t\t<div class=\"elementor-column-wrap elementor-element-populated\">\n\t\t\t\t\t\t\t<div class=\"elementor-widget-wrap\">\n\t\t\t\t\t\t<div class=\"elementor-element elementor-element-6c3b22e elementor-widget elementor-widget-image\" data-id=\"6c3b22e\" data-element_type=\"widget\" data-widget_type=\"image.default\">\n\t\t\t\t<div class=\"elementor-widget-container\">\n\t\t\t\t\t\t\t\t<div class=\"elementor-image\">\n\t\t\t\t\t\t\t\t\t<figure class=\"wp-caption\">\n\t\t\t\t\t\t\t\t\t\t<img loading=\"lazy\" decoding=\"async\" width=\"1024\" height=\"384\" src=\"https:\/\/mundobibliotecario.com.br\/wp-content\/uploads\/2021\/09\/skoob-1024x384.jpg\" class=\"attachment-large size-large wp-image-9498\" alt=\"\" srcset=\"https:\/\/mundobibliotecario.com.br\/wp-content\/uploads\/2021\/09\/skoob-1024x384.jpg 1024w, https:\/\/mundobibliotecario.com.br\/wp-content\/uploads\/2021\/09\/skoob-300x113.jpg 300w, https:\/\/mundobibliotecario.com.br\/wp-content\/uploads\/2021\/09\/skoob-768x288.jpg 768w, https:\/\/mundobibliotecario.com.br\/wp-content\/uploads\/2021\/09\/skoob.jpg 1120w\" sizes=\"auto, (max-width: 1024px) 100vw, 1024px\" \/>\t\t\t\t\t\t\t\t\t\t\t<figcaption class=\"widget-image-caption wp-caption-text\">Imagem: Skoob<\/figcaption>\n\t\t\t\t\t\t\t\t\t\t<\/figure>\n\t\t\t\t\t\t\t\t<\/div>\n\t\t\t\t\t\t<\/div>\n\t\t\t\t<\/div>\n\t\t\t\t\t\t<\/div>\n\t\t\t\t\t<\/div>\n\t\t<\/div>\n\t\t\t\t\t\t\t\t<\/div>\n\t\t\t\t\t<\/div>\n\t\t<\/section>\n\t\t\t\t<section class=\"elementor-section elementor-top-section elementor-element elementor-element-882516c elementor-section-boxed elementor-section-height-default elementor-section-height-default\" data-id=\"882516c\" data-element_type=\"section\">\n\t\t\t\t\t\t<div class=\"elementor-container elementor-column-gap-default\">\n\t\t\t\t\t\t\t<div class=\"elementor-row\">\n\t\t\t\t\t<div class=\"elementor-column elementor-col-100 elementor-top-column elementor-element elementor-element-74be615\" data-id=\"74be615\" data-element_type=\"column\">\n\t\t\t<div class=\"elementor-column-wrap elementor-element-populated\">\n\t\t\t\t\t\t\t<div class=\"elementor-widget-wrap\">\n\t\t\t\t\t\t<div class=\"elementor-element elementor-element-0265eff elementor-widget elementor-widget-text-editor\" data-id=\"0265eff\" data-element_type=\"widget\" data-widget_type=\"text-editor.default\">\n\t\t\t\t<div class=\"elementor-widget-container\">\n\t\t\t\t\t\t\t\t<div class=\"elementor-text-editor elementor-clearfix\">\n\t\t\t\t<p style=\"color: #262626; font-family: 'Source Sans Pro', sans-serif; font-size: 18px;\">O grupo Americanas S.A., respons\u00e1vel por empreendimentos, entre eles as Lojas Americanas, anunciou nesta quarta-feira (15) a aquisi\u00e7\u00e3o do\u00a0<a style=\"border-bottom: 1px solid var(--link-border-color); color: var(--link-color); transition-duration: 0.2s, 0.2s; transition-timing-function: ease, ease; transition-property: border-color, background-color;\" href=\"https:\/\/www.tecmundo.com.br\/skoob\" target=\"_blank\" rel=\"noopener noreferrer\">Skoob<\/a>. A rede social, especializada em literatura e cheia de recursos para f\u00e3s de livros, tem mais de 8 milh\u00f5es de usu\u00e1rios e \u00e9 considerada a maior plataforma digital de conte\u00fado para leitores do pa\u00eds.<\/p><p style=\"color: #262626; font-family: 'Source Sans Pro', sans-serif; font-size: 18px;\">Com uma negocia\u00e7\u00e3o sem valores divulgados e realizada por meio da IF Capital, a Americanas S.A. agora tem mais um canal para oferecer experi\u00eancias e conte\u00fado aos clientes. Segundo a marca, o objetivo \u00e9 engajar essa base &#8220;com a conex\u00e3o de milh\u00f5es de leitores e consumidores a fornecedores e lojistas parceiros&#8221;.<\/p><h2 style=\"font-size: 24px; font-weight: 600; line-height: 32px; margin-top: 16px; margin-bottom: 16px; color: #262626; font-family: 'Source Sans Pro', sans-serif; font-style: normal;\">Potencial de compras<\/h2><p style=\"color: #262626; font-family: 'Source Sans Pro', sans-serif; font-size: 18px;\">Com a maioria de usu\u00e1rios entre 16 e 34 anos, o Skoob existe desde 2009 e j\u00e1 acumula mais de 45 milh\u00f5es de avalia\u00e7\u00f5es de obras na plataforma \u2014 um fator que, segundo dados do site, pode ajudar a alavancar vendas de obras rec\u00e9m-lan\u00e7adas ou em boa fase nas resenhas. Al\u00e9m de cr\u00edticas, o servi\u00e7o oferece uma ferramenta de organiza\u00e7\u00e3o de leituras e comercializa\u00e7\u00e3o de obras via afiliados.<\/p><p style=\"color: #262626; font-family: 'Source Sans Pro', sans-serif; font-size: 18px;\">O comprador de livros online \u00e9 visto tamb\u00e9m como um consumidor importante, j\u00e1 que costuma fazer mais aquisi\u00e7\u00f5es pela internet do que por outros perfis.<\/p><p style=\"color: #262626; font-family: 'Source Sans Pro', sans-serif; font-size: 18px;\">&#8220;A aquisi\u00e7\u00e3o \u00e9 um movimento estrat\u00e9gico da Americanas S.A. para ser ainda mais relevante no dia a dia dos clientes. A Skoob soma conte\u00fado e conhecimento do universo liter\u00e1rio para as nossas marcas, principalmente Americanas e Submarino, estimulando o engajamento dos clientes com informa\u00e7\u00e3o qualificada a partir de recomenda\u00e7\u00f5es relevantes de leitores frequentes&#8221;, afirma o CEO da plataforma digital da Americanas S.A., Marcio Cruz.<\/p><p style=\"color: #262626; font-family: 'Source Sans Pro', sans-serif; font-size: 18px;\">&#8220;A consequ\u00eancia \u00e9 o alcance de novos clientes e o aumento da recorr\u00eancia de compras no nosso e-commerce, [&#8230;] expandindo o nosso alcance e beneficiando todo o ecossistema&#8221;, concluiu o executivo.<\/p>\t\t\t\t\t<\/div>\n\t\t\t\t\t\t<\/div>\n\t\t\t\t<\/div>\n\t\t\t\t\t\t<\/div>\n\t\t\t\t\t<\/div>\n\t\t<\/div>\n\t\t\t\t\t\t\t\t<\/div>\n\t\t\t\t\t<\/div>\n\t\t<\/section>\n\t\t\t\t<section class=\"elementor-section elementor-top-section elementor-element elementor-element-6b82f03 elementor-section-boxed elementor-section-height-default elementor-section-height-default\" data-id=\"6b82f03\" data-element_type=\"section\">\n\t\t\t\t\t\t<div class=\"elementor-container elementor-column-gap-default\">\n\t\t\t\t\t\t\t<div class=\"elementor-row\">\n\t\t\t\t\t<div class=\"elementor-column elementor-col-100 elementor-top-column elementor-element elementor-element-dbdadd6\" data-id=\"dbdadd6\" data-element_type=\"column\">\n\t\t\t<div class=\"elementor-column-wrap elementor-element-populated\">\n\t\t\t\t\t\t\t<div class=\"elementor-widget-wrap\">\n\t\t\t\t\t\t<div class=\"elementor-element elementor-element-9812cc5 elementor-widget elementor-widget-text-editor\" data-id=\"9812cc5\" data-element_type=\"widget\" data-widget_type=\"text-editor.default\">\n\t\t\t\t<div class=\"elementor-widget-container\">\n\t\t\t\t\t\t\t\t<div class=\"elementor-text-editor elementor-clearfix\">\n\t\t\t\t<p>Dispon\u00edvel em:&nbsp;<a href=\"https:\/\/www.tecmundo.com.br\/mercado\/225027-americanas-s-compra-skoob-rede-social-focada-livros.htm\" target=\"_blank\">https:\/\/www.tecmundo.com.br\/mercado\/225027-americanas-s-compra-skoob-rede-social-focada-livros.htm<\/a>. Acesso em: 16 set. 2021.<\/p>\t\t\t\t\t<\/div>\n\t\t\t\t\t\t<\/div>\n\t\t\t\t<\/div>\n\t\t\t\t\t\t<\/div>\n\t\t\t\t\t<\/div>\n\t\t<\/div>\n\t\t\t\t\t\t\t\t<\/div>\n\t\t\t\t\t<\/div>\n\t\t<\/section>\n\t\t\t\t\t\t\t\t\t<\/div>\n\t\t\t<\/div>\n\t\t\t\t\t<\/div>\n\t\t","protected":false},"excerpt":{"rendered":"<p>Imagem: Skoob O grupo Americanas S.A., respons\u00e1vel por empreendimentos, entre eles as Lojas Americanas, anunciou nesta quarta-feira (15) a aquisi\u00e7\u00e3o do&nbsp;Skoob. A rede social, especializada em literatura e cheia de recursos para f\u00e3s de livros, tem mais de 8 milh\u00f5es de usu\u00e1rios e \u00e9 considerada a maior plataforma digital de conte\u00fado para leitores do pa\u00eds. &#8230; <a title=\"Americanas compra Skoob, rede social focada em livros\" class=\"read-more\" href=\"https:\/\/mundobibliotecario.com.br\/index.php\/2021\/09\/18\/americanas-compra-skoob-rede-social-focada-em-livros\/\" aria-label=\"Read more about Americanas compra Skoob, rede social focada em livros\">Ler mais<\/a><\/p>\n","protected":false},"author":1,"featured_media":0,"comment_status":"open","ping_status":"open","sticky":false,"template":"","format":"standard","meta":{"_mi_skip_tracking":false,"_exactmetrics_sitenote_active":false,"_exactmetrics_sitenote_note":"","_exactmetrics_sitenote_category":0,"_jetpack_newsletter_access":"","footnotes":""},"categories":[60],"tags":[9,1604,2013],"class_list":["post-9496","post","type-post","status-publish","format-standard","hentry","category-noticias","tag-livro","tag-livros","tag-skoob"],"jetpack_featured_media_url":"","jetpack_sharing_enabled":true,"jetpack-related-posts":[{"id":425,"url":"https:\/\/mundobibliotecario.com.br\/index.php\/2009\/03\/05\/rede-social-sobre-livros-ja-reune-10000\/","url_meta":{"origin":9496,"position":0},"title":"Rede social sobre livros j\u00e1 re\u00fane 10.000","author":"mundobibliotecario","date":"05\/03\/2009","format":false,"excerpt":"Internet 26\/02\/2009 01:32 O portal Skoob (livros de tr\u00e1s para frente, em ingl\u00eas), um site de relacionamento voltado aos amantes da literatura, j\u00e1 possui 10.000 usu\u00e1rios cadastrados em apenas tr\u00eas meses de exist\u00eancia. O site foi criado pelo analista de sistemas brasileiro Lindenberg Moreira, de 32 anos. \"Tenho v\u00e1rios amigos\u2026","rel":"","context":"Em &quot;Not\u00edcias&quot;","block_context":{"text":"Not\u00edcias","link":"https:\/\/mundobibliotecario.com.br\/index.php\/category\/noticias\/"},"img":{"alt_text":"","src":"","width":0,"height":0},"classes":[]},{"id":9059,"url":"https:\/\/mundobibliotecario.com.br\/index.php\/2021\/06\/29\/o-lugar-onde-escritores-encontram-os-devoradores-de-livros\/","url_meta":{"origin":9496,"position":1},"title":"O lugar onde escritores encontram os devoradores de livros","author":"mundobibliotecario","date":"29\/06\/2021","format":false,"excerpt":"O Goodreads incentiva que os autores estejam na plataforma n\u00e3o s\u00f3 como escritores, mas tamb\u00e9m como usu\u00e1rios que compartilham experi\u00eancias Especial: O lugar onde escritores encontram os devoradores de livros (Imagem: Vitor P\u00e1dua\/Tecnoblog) Voc\u00ea tem o costume de catalogar suas leituras? Existem sites voltados para isso, mas que ainda v\u00e3o\u2026","rel":"","context":"Em &quot;Not\u00edcias&quot;","block_context":{"text":"Not\u00edcias","link":"https:\/\/mundobibliotecario.com.br\/index.php\/category\/noticias\/"},"img":{"alt_text":"","src":"https:\/\/i0.wp.com\/mundobibliotecario.com.br\/wp-content\/uploads\/2021\/06\/goodreads3.jpg?resize=350%2C200&ssl=1","width":350,"height":200},"classes":[]},{"id":9661,"url":"https:\/\/mundobibliotecario.com.br\/index.php\/2021\/11\/25\/leitores-que-compram-livros-baratos-na-black-friday-e-em-qualquer-epoca-do-ano-seguem-estas-12-dicas\/","url_meta":{"origin":9496,"position":2},"title":"Leitores que compram livros baratos na Black Friday (e em qualquer \u00e9poca do ano) seguem estas 12 dicas","author":"mundobibliotecario","date":"25\/11\/2021","format":false,"excerpt":"Quem n\u00e3o gosta de um desconto, n\u00e3o \u00e9 mesmo? Essa palavra sempre chama a aten\u00e7\u00e3o de qualquer pessoa, ainda mais se ela est\u00e1 procurando algo desejado para comprar. Com os livros n\u00e3o \u00e9 diferente. Se voc\u00ea est\u00e1 procurando novos t\u00edtulos para sua cole\u00e7\u00e3o, ou mesmo em busca de algum livro\u2026","rel":"","context":"Em &quot;Not\u00edcias&quot;","block_context":{"text":"Not\u00edcias","link":"https:\/\/mundobibliotecario.com.br\/index.php\/category\/noticias\/"},"img":{"alt_text":"","src":"https:\/\/i0.wp.com\/mundobibliotecario.com.br\/wp-content\/uploads\/2021\/06\/goodreads3.jpg?resize=350%2C200&ssl=1","width":350,"height":200},"classes":[]},{"id":4974,"url":"https:\/\/mundobibliotecario.com.br\/index.php\/2018\/08\/10\/descubra-como-catalogar-filmes-series-podcasts-e-livros-na-internet\/","url_meta":{"origin":9496,"position":3},"title":"Descubra como catalogar filmes, s\u00e9ries, podcasts e livros na internet","author":"mundobibliotecario","date":"10\/08\/2018","format":false,"excerpt":"Precisando de uma ajudinha para colocar em ordem o conte\u00fado que voc\u00ea consume? Com esses apps, voc\u00ea controla os filmes e s\u00e9ries que j\u00e1 viu, os podcasts que escuta e os livros que j\u00e1 leu! Por\u00a0Reda\u00e7\u00e3o Vivo Tech09\/07\/2018 \u00e0s 17:19 Uma coisa \u00e9 fato: a gente consume tanto conte\u00fado que\u2026","rel":"","context":"Em &quot;Not\u00edcias&quot;","block_context":{"text":"Not\u00edcias","link":"https:\/\/mundobibliotecario.com.br\/index.php\/category\/noticias\/"},"img":{"alt_text":"","src":"https:\/\/i0.wp.com\/cdn.vivotech.com.br\/vivo-tech\/wp-content\/uploads\/2018\/06\/28170238\/app_conteudo-INTRO.gif?resize=350%2C200&ssl=1","width":350,"height":200},"classes":[]},{"id":8739,"url":"https:\/\/mundobibliotecario.com.br\/index.php\/2021\/04\/20\/7-aplicativos-incriveis-para-organizar-a-sua-biblioteca-particular-e-as-suas-leituras\/","url_meta":{"origin":9496,"position":4},"title":"7 aplicativos incr\u00edveis para organizar a sua biblioteca particular e as suas leituras","author":"mundobibliotecario","date":"20\/04\/2021","format":false,"excerpt":"A bibliotec\u00e1ria e criadora de conte\u00fado Mayara Cabral, do biblio.mkt, fez uma sele\u00e7\u00e3o junto com seus seguidores de 7 aplicativos para organizar sua biblioteca e suas leituras. Veja quais s\u00e3o eles! LibraryThing\u00a0\u00e9 um\u00a0aplicativo\u00a0de\u00a0cataloga\u00e7\u00e3o social\u00a0para armazenar e compartilhar cat\u00e1logos de livros e v\u00e1rios tipos de\u00a0metadados\u00a0de livros. \u00c9 usado por autores, indiv\u00edduos,\u2026","rel":"","context":"Em &quot;Not\u00edcias&quot;","block_context":{"text":"Not\u00edcias","link":"https:\/\/mundobibliotecario.com.br\/index.php\/category\/noticias\/"},"img":{"alt_text":"planilhas","src":"https:\/\/i0.wp.com\/mundobibliotecario.com.br\/wp-content\/uploads\/2021\/04\/excel-3873854_1280.png?resize=350%2C200&ssl=1","width":350,"height":200},"classes":[]},{"id":3994,"url":"https:\/\/mundobibliotecario.com.br\/index.php\/2015\/10\/13\/universidade-de-maryland-poe-um-ponto-final-aos-livros\/","url_meta":{"origin":9496,"position":5},"title":"Universidade de Maryland p\u00f5e um ponto final aos livros","author":"mundobibliotecario","date":"13\/10\/2015","format":false,"excerpt":"Rodney Eloy - Canal Superior\/Portugal A University of Maryland University College tornou-se a primeira institui\u00e7\u00e3o de ensino superior a eliminar os livros como material de ensino. A medida entra em vigor este ano letivo. Para al\u00e9m do valor das mensalidades, os estudantes do ensino superior t\u00eam custos muito elevados com\u2026","rel":"","context":"Em &quot;Not\u00edcias&quot;","block_context":{"text":"Not\u00edcias","link":"https:\/\/mundobibliotecario.com.br\/index.php\/category\/noticias\/"},"img":{"alt_text":"","src":"","width":0,"height":0},"classes":[]}],"jetpack_likes_enabled":true,"jetpack_shortlink":"https:\/\/wp.me\/pcbzwa-2ta","_links":{"self":[{"href":"https:\/\/mundobibliotecario.com.br\/index.php\/wp-json\/wp\/v2\/posts\/9496","targetHints":{"allow":["GET"]}}],"collection":[{"href":"https:\/\/mundobibliotecario.com.br\/index.php\/wp-json\/wp\/v2\/posts"}],"about":[{"href":"https:\/\/mundobibliotecario.com.br\/index.php\/wp-json\/wp\/v2\/types\/post"}],"author":[{"embeddable":true,"href":"https:\/\/mundobibliotecario.com.br\/index.php\/wp-json\/wp\/v2\/users\/1"}],"replies":[{"embeddable":true,"href":"https:\/\/mundobibliotecario.com.br\/index.php\/wp-json\/wp\/v2\/comments?post=9496"}],"version-history":[{"count":5,"href":"https:\/\/mundobibliotecario.com.br\/index.php\/wp-json\/wp\/v2\/posts\/9496\/revisions"}],"predecessor-version":[{"id":9502,"href":"https:\/\/mundobibliotecario.com.br\/index.php\/wp-json\/wp\/v2\/posts\/9496\/revisions\/9502"}],"wp:attachment":[{"href":"https:\/\/mundobibliotecario.com.br\/index.php\/wp-json\/wp\/v2\/media?parent=9496"}],"wp:term":[{"taxonomy":"category","embeddable":true,"href":"https:\/\/mundobibliotecario.com.br\/index.php\/wp-json\/wp\/v2\/categories?post=9496"},{"taxonomy":"post_tag","embeddable":true,"href":"https:\/\/mundobibliotecario.com.br\/index.php\/wp-json\/wp\/v2\/tags?post=9496"}],"curies":[{"name":"wp","href":"https:\/\/api.w.org\/{rel}","templated":true}]}}