{"id":9550,"date":"2021-10-22T19:00:00","date_gmt":"2021-10-22T22:00:00","guid":{"rendered":"https:\/\/mundobibliotecario.com.br\/?p=9550"},"modified":"2021-10-21T06:49:23","modified_gmt":"2021-10-21T09:49:23","slug":"mast-e-unirio-lancam-a-segunda-edicao-de-2021-da-revista-museologia-e-patrimonio","status":"publish","type":"post","link":"https:\/\/mundobibliotecario.com.br\/index.php\/2021\/10\/22\/mast-e-unirio-lancam-a-segunda-edicao-de-2021-da-revista-museologia-e-patrimonio\/","title":{"rendered":"MAST e UNIRIO lan\u00e7am a segunda edi\u00e7\u00e3o de 2021 da &#8216;Revista Museologia e Patrim\u00f4nio&#8217;"},"content":{"rendered":"\t\t<div data-elementor-type=\"wp-post\" data-elementor-id=\"9550\" class=\"elementor elementor-9550\">\n\t\t\t\t\t\t<div class=\"elementor-inner\">\n\t\t\t\t<div class=\"elementor-section-wrap\">\n\t\t\t\t\t\t\t\t\t<section class=\"elementor-section elementor-top-section elementor-element elementor-element-62e7de7 elementor-section-boxed elementor-section-height-default elementor-section-height-default\" data-id=\"62e7de7\" data-element_type=\"section\">\n\t\t\t\t\t\t<div class=\"elementor-container elementor-column-gap-default\">\n\t\t\t\t\t\t\t<div class=\"elementor-row\">\n\t\t\t\t\t<div class=\"elementor-column elementor-col-100 elementor-top-column elementor-element elementor-element-aa9a562\" data-id=\"aa9a562\" data-element_type=\"column\">\n\t\t\t<div class=\"elementor-column-wrap elementor-element-populated\">\n\t\t\t\t\t\t\t<div class=\"elementor-widget-wrap\">\n\t\t\t\t\t\t<div class=\"elementor-element elementor-element-0abd1b8 elementor-widget elementor-widget-image\" data-id=\"0abd1b8\" data-element_type=\"widget\" data-widget_type=\"image.default\">\n\t\t\t\t<div class=\"elementor-widget-container\">\n\t\t\t\t\t\t\t\t<div class=\"elementor-image\">\n\t\t\t\t\t\t\t\t\t\t\t\t<img loading=\"lazy\" decoding=\"async\" width=\"394\" height=\"600\" src=\"https:\/\/mundobibliotecario.com.br\/wp-content\/uploads\/2021\/10\/Revista-Museologia_patrimonio-2a-edicao-2021.jpg\" class=\"attachment-large size-large wp-image-9552\" alt=\"\" srcset=\"https:\/\/mundobibliotecario.com.br\/wp-content\/uploads\/2021\/10\/Revista-Museologia_patrimonio-2a-edicao-2021.jpg 394w, https:\/\/mundobibliotecario.com.br\/wp-content\/uploads\/2021\/10\/Revista-Museologia_patrimonio-2a-edicao-2021-197x300.jpg 197w\" sizes=\"auto, (max-width: 394px) 100vw, 394px\" \/>\t\t\t\t\t\t\t\t\t\t\t\t\t\t<\/div>\n\t\t\t\t\t\t<\/div>\n\t\t\t\t<\/div>\n\t\t\t\t\t\t<\/div>\n\t\t\t\t\t<\/div>\n\t\t<\/div>\n\t\t\t\t\t\t\t\t<\/div>\n\t\t\t\t\t<\/div>\n\t\t<\/section>\n\t\t\t\t<section class=\"elementor-section elementor-top-section elementor-element elementor-element-8de20f1 elementor-section-boxed elementor-section-height-default elementor-section-height-default\" data-id=\"8de20f1\" data-element_type=\"section\">\n\t\t\t\t\t\t<div class=\"elementor-container elementor-column-gap-default\">\n\t\t\t\t\t\t\t<div class=\"elementor-row\">\n\t\t\t\t\t<div class=\"elementor-column elementor-col-100 elementor-top-column elementor-element elementor-element-4fb374b\" data-id=\"4fb374b\" data-element_type=\"column\">\n\t\t\t<div class=\"elementor-column-wrap elementor-element-populated\">\n\t\t\t\t\t\t\t<div class=\"elementor-widget-wrap\">\n\t\t\t\t\t\t<div class=\"elementor-element elementor-element-0c81839 elementor-widget elementor-widget-text-editor\" data-id=\"0c81839\" data-element_type=\"widget\" data-widget_type=\"text-editor.default\">\n\t\t\t\t<div class=\"elementor-widget-container\">\n\t\t\t\t\t\t\t\t<div class=\"elementor-text-editor elementor-clearfix\">\n\t\t\t\t<p class=\"MsoNormal\" style=\"margin: 0cm 0cm 8pt; color: #222222; text-align: justify; line-height: 15.6933px; font-size: 11pt; font-family: Calibri, sans-serif;\"><b><span style=\"font-size: 12pt; line-height: 17.12px; font-family: Verdana, sans-serif;\">Revista Museologia e Patrim\u00f4nio \u2013 Segunda edi\u00e7\u00e3o de 2021<\/span><\/b><\/p><p class=\"MsoNormal\" style=\"margin: 0cm 0cm 8pt; color: #222222; text-align: justify; line-height: 15.6933px; font-size: 11pt; font-family: Calibri, sans-serif;\"><i><span style=\"font-size: 12pt; line-height: 17.12px; font-family: Verdana, sans-serif;\">Novo n\u00famero da publica\u00e7\u00e3o eletr\u00f4nica lan\u00e7ada pelo MAST e UNIRIO apresenta conte\u00fados bem fundamentados e esclarecedores no \u00e2mbito da Museologia e dos estudos sobre Patrim\u00f4nio<\/span><\/i><\/p><p class=\"MsoNormal\" style=\"margin: 0cm 0cm 8pt; color: #222222; text-align: justify; line-height: 15.6933px; font-size: 11pt; font-family: Calibri, sans-serif;\"><span style=\"font-size: 12pt; line-height: 17.12px; font-family: Verdana, sans-serif;\">\u00a0<\/span><\/p><p class=\"MsoNormal\" style=\"margin: 0cm 0cm 8pt; color: #222222; text-align: justify; line-height: 15.6933px; font-size: 11pt; font-family: Calibri, sans-serif;\"><span style=\"font-size: 12pt; line-height: 17.12px; font-family: Verdana, sans-serif;\">O Programa de P\u00f3s-Gradua\u00e7\u00e3o em Museologia e Patrim\u00f4nio (PPG-PGMUS), da\u00a0<b>Universidade Federal do Estado do Rio de Janeiro (UNIRIO)<\/b>\u00a0e do\u00a0<b>Museu de Astronomia e Ci\u00eancias Afins (MAST)<\/b>, lan\u00e7a a segunda edi\u00e7\u00e3o de 2021 da\u00a0<b><i>Revista Eletr\u00f4nica Museologia e Patrim\u00f4nio<\/i><\/b>. Ainda no contexto de enfrentamento da maior crise sanit\u00e1ria mundial das \u00faltimas d\u00e9cadas, a Revista refor\u00e7a e divulga o apoio, tanto \u00e0 vacina\u00e7\u00e3o obrigat\u00f3ria para todos, como \u00e0s a\u00e7\u00f5es de prote\u00e7\u00e3o para minimizar o impacto da pandemia. A nova edi\u00e7\u00e3o eletr\u00f4nica\u00a0<b><i>Vol. 14, N\u00ba 2 (2021)\u00a0<\/i><\/b>est\u00e1 acess\u00edvel pelo link\u00a0<i><a style=\"color: #1155cc;\" href=\"http:\/\/revistamuseologiaepatrimonio.mast.br\/index.php\/ppgpmus\/issue\/view\/36\" target=\"_blank\" rel=\"noopener\" data-saferedirecturl=\"https:\/\/www.google.com\/url?q=http:\/\/revistamuseologiaepatrimonio.mast.br\/index.php\/ppgpmus\/issue\/view\/36&amp;source=gmail&amp;ust=1634895617762000&amp;usg=AFQjCNF7GXP0C4Lg3nkINM9CftJ6fbffEg\">http:\/\/<wbr \/>revistamuseologiaepatrimonio.<wbr \/>mast.br\/index.php\/ppgpmus\/<wbr \/>issue\/view\/36<\/a><\/i>.<\/span><\/p><p class=\"MsoNormal\" style=\"margin: 0cm 0cm 8pt; color: #222222; text-align: justify; line-height: 15.6933px; font-size: 11pt; font-family: Calibri, sans-serif;\"><span style=\"font-size: 12pt; line-height: 17.12px; font-family: Verdana, sans-serif;\">Com diversificados textos distribu\u00eddos pelas se\u00e7\u00f5es de\u00a0<b>Artigos<\/b>,\u00a0<b>Relatos de Experi\u00eancias<\/b>\u00a0e\u00a0<b>Resenhas<\/b>, a revista propicia a amplia\u00e7\u00e3o e o avan\u00e7o das pesquisas e o desenvolvimento do campo acad\u00eamico no pa\u00eds. Destacam-se artigos sobre o levantamento da hist\u00f3ria dos aqu\u00e1rios p\u00fablicos localizados do Rio de Janeiro, um breve panorama sobre as pesquisas e a\u00e7\u00f5es de bibliotec\u00e1rios e pesquisadores no combate aos insetos bibli\u00f3fagos, em especial no \u00e2mbito da Biblioteca Nacional, os resultados de um estudo de p\u00fablico voltado para a experi\u00eancia de visitantes jovens adultos \u00e0 exposi\u00e7\u00e3o\u00a0<b><i>Gondwana: a Terra em Movimento<\/i><\/b>, do\u00a0<b>Museu da Geodiversidade<\/b>, e uma reflex\u00e3o sobre a constru\u00e7\u00e3o de uma personagem \u2013 Rui Barbosa &#8211; a partir da sua resid\u00eancia, transformada em museu, alguns anos ap\u00f3s a sua morte.<\/span><\/p><p class=\"MsoNormal\" style=\"margin: 0cm 0cm 8pt; color: #222222; text-align: justify; line-height: 15.6933px; font-size: 11pt; font-family: Calibri, sans-serif;\"><span style=\"font-size: 12pt; line-height: 17.12px; font-family: Verdana, sans-serif;\">Para celebrar os 15 anos de exist\u00eancia do PPG-PGMUS, h\u00e1 um artigo especial sobre os caminhos trilhados pela p\u00f3s-gradua\u00e7\u00e3o em Museologia no Brasil com o objetivo de consolidar essa disciplina no campo cient\u00edfico, a partir de uma investiga\u00e7\u00e3o de car\u00e1ter explorat\u00f3rio e descritivo. O estudo de caso da pesquisa \u00e9 justamente o PPG-PMUS, onde a Museologia automaticamente se configura como heterog\u00eanea e, ainda, interdisciplinar.<\/span><\/p><p class=\"MsoNormal\" style=\"margin: 0cm 0cm 8pt; color: #222222; text-align: justify; line-height: 15.6933px; font-size: 11pt; font-family: Calibri, sans-serif;\"><span style=\"font-size: 12pt; line-height: 17.12px; font-family: Verdana, sans-serif;\">Na se\u00e7\u00e3o Relatos de Experi\u00eancia, o leitor encontra textos sobre as situa\u00e7\u00f5es experienciadas por educadores que atuam em museus nos primeiros meses de pandemia de Covid-19 no Brasil, a an\u00e1lise do Museu Virtual que, at\u00e9 momento, re\u00fane cole\u00e7\u00f5es de objetos do Instituto de F\u00edsica da Universidade Federal do Rio de Janeiro, e uma apresenta\u00e7\u00e3o sobre a Feira do Patrim\u00f4nio, evento que permite estabelecer conex\u00f5es entre comunidades, universidades e demais institui\u00e7\u00f5es, com o objetivo de promover, valorizar e comunicar o Patrim\u00f4nio Cultural.<\/span><\/p><p class=\"MsoNormal\" style=\"margin: 0cm 0cm 8pt; color: #222222; text-align: justify; line-height: 15.6933px; font-size: 11pt; font-family: Calibri, sans-serif;\"><span style=\"font-size: 12pt; line-height: 17.12px; font-family: Verdana, sans-serif;\">Na se\u00e7\u00e3o Resenhas,\u00a0<b>Eduardo Cristiano Hass da Silva<\/b>\u00a0apresenta uma contribui\u00e7\u00e3o a partir de sua an\u00e1lise do livro\u00a0<b><i>Um Museu para todos: Manual para programas de acessibilidade<\/i><\/b>, de autoria de\u00a0<b>Desire\u00e9 Nobre Salasar<\/b>\u00a0e publicado em 2019 (vers\u00e3o eletr\u00f4nica acess\u00edvel pelo link\u00a0<i><a style=\"color: #1155cc;\" href=\"http:\/\/repositorio.ufpel.edu.br:8080\/handle\/prefix\/4390\" target=\"_blank\" rel=\"noopener\" data-saferedirecturl=\"https:\/\/www.google.com\/url?q=http:\/\/repositorio.ufpel.edu.br:8080\/handle\/prefix\/4390&amp;source=gmail&amp;ust=1634895617762000&amp;usg=AFQjCNEh7596elPx2BOTtxvw-gINQRHSUA\">http:\/\/repositorio.ufpel.edu.<wbr \/>br:8080\/handle\/prefix\/4390<\/a><\/i>\u00a0).<\/span><\/p><p class=\"MsoNormal\" style=\"margin: 0cm 0cm 8pt; color: #222222; text-align: justify; line-height: 15.6933px; font-size: 11pt; font-family: Calibri, sans-serif;\"><span style=\"font-size: 12pt; line-height: 17.12px; font-family: Verdana, sans-serif;\">A\u00a0<b>Revista Museologia e Patrim\u00f4nio<\/b>\u00a0contribui para o aprofundamento, legitima\u00e7\u00e3o, valoriza\u00e7\u00e3o e divulga\u00e7\u00e3o de pesquisas na \u00e1rea de especialidade, e serve como refer\u00eancia para quem sempre busca os debates mais atualizados da Museologia e Patrim\u00f4nio. A edi\u00e7\u00e3o tem\u00a0<b>Marcus Granato<\/b>\u00a0e\u00a0<b>Diana Farjalla Correia Lima<\/b>\u00a0como Editores Cient\u00edficos.<\/span><\/p><div><span style=\"font-size: 12pt; line-height: 17.12px; font-family: Verdana, sans-serif;\">\u00a0<\/span><\/div>\t\t\t\t\t<\/div>\n\t\t\t\t\t\t<\/div>\n\t\t\t\t<\/div>\n\t\t\t\t\t\t<\/div>\n\t\t\t\t\t<\/div>\n\t\t<\/div>\n\t\t\t\t\t\t\t\t<\/div>\n\t\t\t\t\t<\/div>\n\t\t<\/section>\n\t\t\t\t<section class=\"elementor-section elementor-top-section elementor-element elementor-element-2140a0c elementor-section-boxed elementor-section-height-default elementor-section-height-default\" data-id=\"2140a0c\" data-element_type=\"section\">\n\t\t\t\t\t\t<div class=\"elementor-container elementor-column-gap-default\">\n\t\t\t\t\t\t\t<div class=\"elementor-row\">\n\t\t\t\t\t<div class=\"elementor-column elementor-col-100 elementor-top-column elementor-element elementor-element-7651a2b\" data-id=\"7651a2b\" data-element_type=\"column\">\n\t\t\t<div class=\"elementor-column-wrap elementor-element-populated\">\n\t\t\t\t\t\t\t<div class=\"elementor-widget-wrap\">\n\t\t\t\t\t\t<div class=\"elementor-element elementor-element-eb07457 elementor-widget elementor-widget-text-editor\" data-id=\"eb07457\" data-element_type=\"widget\" data-widget_type=\"text-editor.default\">\n\t\t\t\t<div class=\"elementor-widget-container\">\n\t\t\t\t\t\t\t\t<div class=\"elementor-text-editor elementor-clearfix\">\n\t\t\t\t<div style=\"color: #222222; font-family: Arial, Helvetica, sans-serif; font-size: small;\"><span style=\"color: #000000;\">Nesta edi\u00e7\u00e3o \u00e9 poss\u00edvel que haja especial curiosidade para o artigo\u00a0<\/span><b style=\"font-style: italic;\">Bibliotec\u00e1rios e cientistas versus insetos bibli\u00f3fagos: o combate em acervos culturais<\/b>, de\u00a0<b>Thais Helena Almeida<\/b>:<\/div><p><br style=\"color: #222222; font-family: Arial, Helvetica, sans-serif; font-size: small;\" \/><span style=\"color: #222222; font-family: Arial, Helvetica, sans-serif; font-size: small;\">Resumo<\/span><br style=\"color: #222222; font-family: Arial, Helvetica, sans-serif; font-size: small;\" \/><br style=\"color: #222222; font-family: Arial, Helvetica, sans-serif; font-size: small;\" \/><span style=\"color: #222222; font-family: Arial, Helvetica, sans-serif; font-size: small;\">O artigo apresenta um breve panorama sobre as pesquisas e a\u00e7\u00f5es de bibliotec\u00e1rios e pesquisadores no combate aos insetos bibli\u00f3fagos. Desde a antiguidade, a preserva\u00e7\u00e3o de documentos j\u00e1 era uma preocupa\u00e7\u00e3o e muitos produtos e t\u00e9cnicas foram usados para a sua prote\u00e7\u00e3o. De solu\u00e7\u00f5es emp\u00edricas a pesquisas cient\u00edficas, este campo do conhecimento se desenvolveu a partir do final do s\u00e9culo XIX, envolvendo estudiosos europeus e americanos, que disseminaram suas pesquisas atrav\u00e9s de congressos e publica\u00e7\u00f5es t\u00e9cnicas. Muitas destas pesquisas influenciaram pesquisadores brasileiros que, em conjunto com profissionais da Biblioteca Nacional, adaptaram e aplicaram estes conhecimentos para combater os insetos, atrav\u00e9s de produtos e t\u00e9cnicas de desinfesta\u00e7\u00e3o. Muitos pesticidas apareceram depois da d\u00e9cada de 1940 como solu\u00e7\u00e3o para o controle e combate aos insetos. Ap\u00f3s anos de uso indiscriminado no meio rural e urbano, assim como em institui\u00e7\u00f5es culturais, estes produtos foram sendo abolidos de arquivos, bibliotecas e museus a partir da d\u00e9cada de 1990. Com uma vis\u00e3o preservacionista de prote\u00e7\u00e3o aos usu\u00e1rios, ao meio ambiente e ao acervo, os pesticidas foram sendo substitu\u00eddos por processos an\u00f3xios na Biblioteca Nacional, amparando suas escolhas no conhecimento cient\u00edfico e aproximando as \u00e1reas da entomologia, biblioteconomia e da preserva\u00e7\u00e3o cultural.<\/span><\/p>\t\t\t\t\t<\/div>\n\t\t\t\t\t\t<\/div>\n\t\t\t\t<\/div>\n\t\t\t\t\t\t<\/div>\n\t\t\t\t\t<\/div>\n\t\t<\/div>\n\t\t\t\t\t\t\t\t<\/div>\n\t\t\t\t\t<\/div>\n\t\t<\/section>\n\t\t\t\t<section class=\"elementor-section elementor-top-section elementor-element elementor-element-7aaaedc elementor-section-boxed elementor-section-height-default elementor-section-height-default\" data-id=\"7aaaedc\" data-element_type=\"section\">\n\t\t\t\t\t\t<div class=\"elementor-container elementor-column-gap-default\">\n\t\t\t\t\t\t\t<div class=\"elementor-row\">\n\t\t\t\t\t<div class=\"elementor-column elementor-col-100 elementor-top-column elementor-element elementor-element-848b4a2\" data-id=\"848b4a2\" data-element_type=\"column\">\n\t\t\t<div class=\"elementor-column-wrap elementor-element-populated\">\n\t\t\t\t\t\t\t<div class=\"elementor-widget-wrap\">\n\t\t\t\t\t\t<div class=\"elementor-element elementor-element-db85ea4 elementor-widget elementor-widget-text-editor\" data-id=\"db85ea4\" data-element_type=\"widget\" data-widget_type=\"text-editor.default\">\n\t\t\t\t<div class=\"elementor-widget-container\">\n\t\t\t\t\t\t\t\t<div class=\"elementor-text-editor elementor-clearfix\">\n\t\t\t\t<p>Contribui\u00e7\u00e3o: Carlos Henrique Braz (Assessor de Imprensa do MAST)<\/p>\t\t\t\t\t<\/div>\n\t\t\t\t\t\t<\/div>\n\t\t\t\t<\/div>\n\t\t\t\t\t\t<\/div>\n\t\t\t\t\t<\/div>\n\t\t<\/div>\n\t\t\t\t\t\t\t\t<\/div>\n\t\t\t\t\t<\/div>\n\t\t<\/section>\n\t\t\t\t\t\t\t\t\t<\/div>\n\t\t\t<\/div>\n\t\t\t\t\t<\/div>\n\t\t","protected":false},"excerpt":{"rendered":"<p>Revista Museologia e Patrim\u00f4nio \u2013 Segunda edi\u00e7\u00e3o de 2021 Novo n\u00famero da publica\u00e7\u00e3o eletr\u00f4nica lan\u00e7ada pelo MAST e UNIRIO apresenta conte\u00fados bem fundamentados e esclarecedores no \u00e2mbito da Museologia e dos estudos sobre Patrim\u00f4nio O Programa de P\u00f3s-Gradua\u00e7\u00e3o em Museologia e Patrim\u00f4nio (PPG-PGMUS), da&nbsp;Universidade Federal do Estado do Rio de Janeiro (UNIRIO)&nbsp;e do&nbsp;Museu de Astronomia &#8230; <a title=\"MAST e UNIRIO lan\u00e7am a segunda edi\u00e7\u00e3o de 2021 da &#8216;Revista Museologia e Patrim\u00f4nio&#8217;\" class=\"read-more\" href=\"https:\/\/mundobibliotecario.com.br\/index.php\/2021\/10\/22\/mast-e-unirio-lancam-a-segunda-edicao-de-2021-da-revista-museologia-e-patrimonio\/\" aria-label=\"Read more about MAST e UNIRIO lan\u00e7am a segunda edi\u00e7\u00e3o de 2021 da &#8216;Revista Museologia e Patrim\u00f4nio&#8217;\">Ler mais<\/a><\/p>\n","protected":false},"author":1,"featured_media":0,"comment_status":"open","ping_status":"open","sticky":false,"template":"","format":"standard","meta":{"_mi_skip_tracking":false,"_exactmetrics_sitenote_active":false,"_exactmetrics_sitenote_note":"","_exactmetrics_sitenote_category":0,"_jetpack_newsletter_access":"","footnotes":""},"categories":[60],"tags":[2059,2057,2058,214,493],"class_list":["post-9550","post","type-post","status-publish","format-standard","hentry","category-noticias","tag-bibliofago","tag-inseto","tag-insetos","tag-museologia","tag-unirio"],"jetpack_featured_media_url":"","jetpack_sharing_enabled":true,"jetpack-related-posts":[{"id":319,"url":"https:\/\/mundobibliotecario.com.br\/index.php\/2009\/01\/28\/documento-em-revista\/","url_meta":{"origin":9550,"position":0},"title":"Documento em Revista","author":"mundobibliotecario","date":"28\/01\/2009","format":false,"excerpt":"Documento em Revista - Peri\u00f3dico inteiramente dedicado\u00a0aos interesses culturais do pa\u00eds, um dos melhores e mais\u00a0arrojados projetos que entrou no mercado editorial para ser\u00a0\u00a0refer\u00eancia em informa\u00e7\u00e3o. Atingindo um p\u00fablico que \u00e9 \u00a0formador de opini\u00e3o, levando-os por meio de reportagens e\u00a0\u00a0artigos pelos fascinantes caminhos da Arquivologia,\u00a0\u00a0Biblioteconomia, Museologia, Patrim\u00f4nio Cultural, Mem\u00f3ria \u00a0e\u2026","rel":"","context":"Em &quot;Not\u00edcias&quot;","block_context":{"text":"Not\u00edcias","link":"https:\/\/mundobibliotecario.com.br\/index.php\/category\/noticias\/"},"img":{"alt_text":"","src":"","width":0,"height":0},"classes":[]},{"id":661,"url":"https:\/\/mundobibliotecario.com.br\/index.php\/2009\/05\/27\/documento-em-revista-edicao-1\/","url_meta":{"origin":9550,"position":1},"title":"Documento em Revista &#8211; edi\u00e7\u00e3o 1","author":"mundobibliotecario","date":"27\/05\/2009","format":false,"excerpt":"J\u00e1 esta a venda o peri\u00f3dico Documento em Revista edi\u00e7\u00e3o 1, a aquisi\u00e7\u00e3o \u00e9 realizada no site www.documentoemrevista.com.br na se\u00e7\u00e3o compre aqui, no mesmo local tamb\u00e9m h\u00e1 a op\u00e7\u00e3o de assinatura anual (6 edi\u00e7\u00f5es), o pagamento \u00e9 realizado por boleto banc\u00e1rio e o envio do exemplar \u00e9 pelos correios. Disponibilizamos\u2026","rel":"","context":"Em &quot;Not\u00edcias&quot;","block_context":{"text":"Not\u00edcias","link":"https:\/\/mundobibliotecario.com.br\/index.php\/category\/noticias\/"},"img":{"alt_text":"","src":"","width":0,"height":0},"classes":[]},{"id":8481,"url":"https:\/\/mundobibliotecario.com.br\/index.php\/2021\/03\/29\/desvendando-a-biblioteca-do-mast\/","url_meta":{"origin":9550,"position":2},"title":"Desvendando a Biblioteca do MAST","author":"mundobibliotecario","date":"29\/03\/2021","format":false,"excerpt":"Live apresenta a hist\u00f3ria e curiosidades sobre o rico acervo de obras cient\u00edficas e os servi\u00e7os oferecidos pela Biblioteca Henrique Morize A import\u00e2ncia de uma biblioteca na difus\u00e3o e fomento do conhecimento por meio da leitura \u00e9 fundamental. E isso se deve ao papel do bibliotec\u00e1rio, respons\u00e1vel n\u00e3o somente pela\u2026","rel":"","context":"Em &quot;Eventos&quot;","block_context":{"text":"Eventos","link":"https:\/\/mundobibliotecario.com.br\/index.php\/category\/eventos\/"},"img":{"alt_text":"","src":"https:\/\/i0.wp.com\/mundobibliotecario.com.br\/wp-content\/uploads\/2021\/03\/Desvendando-a-Biblioteca-do-MAST-2.jpg?resize=350%2C200&ssl=1","width":350,"height":200},"classes":[]},{"id":1000,"url":"https:\/\/mundobibliotecario.com.br\/index.php\/2009\/12\/01\/concurso-para-professor-mestre-na-unirio\/","url_meta":{"origin":9550,"position":3},"title":"Concurso para professor Mestre na Unirio","author":"mundobibliotecario","date":"01\/12\/2009","format":false,"excerpt":"As inscri\u00e7\u00f5es estar\u00e3o abertas durante 40 dias, a partir do dia 16 de novembro de 2009, no locais e hor\u00e1rios abaixo discriminados. CENTRO: Ci\u00eancias Humanas e Sociais (CCH) - Inscri\u00e7\u00e3o: Protocolo do CCH - Av. Pasteur, no 458 (fundos) - Urca, de 09 as 11h, e 15 as 17h. Telefone:\u2026","rel":"","context":"Em &quot;Concurso&quot;","block_context":{"text":"Concurso","link":"https:\/\/mundobibliotecario.com.br\/index.php\/category\/concurso\/"},"img":{"alt_text":"","src":"","width":0,"height":0},"classes":[]},{"id":675,"url":"https:\/\/mundobibliotecario.com.br\/index.php\/2009\/06\/09\/periodico-cultura-em-recorte-abre-submissao\/","url_meta":{"origin":9550,"position":4},"title":"Peri\u00f3dico &quot;Cultura em Recorte&quot; abre submiss\u00e3o","author":"mundobibliotecario","date":"09\/06\/2009","format":false,"excerpt":"O peri\u00f3dico Cultura em Recorte abre submiss\u00e3o para artigos in\u00e9ditos e resenhas. Link para orienta\u00e7\u00f5es: \u00a0Escopo da revista: A Cultura em Recorte: Revista Eletr\u00f4nica de Museologia e A\u00e7\u00e3o Cultural \u00e9 um\u00a0espa\u00e7o para a divulga\u00e7\u00e3o de resultados de pesquisas, reflex\u00f5es e quaisquer outras informa\u00e7\u00f5es relevantes dessas duas \u00e1reas, ou seja, um\u2026","rel":"","context":"Em &quot;Not\u00edcias&quot;","block_context":{"text":"Not\u00edcias","link":"https:\/\/mundobibliotecario.com.br\/index.php\/category\/noticias\/"},"img":{"alt_text":"","src":"","width":0,"height":0},"classes":[]},{"id":4841,"url":"https:\/\/mundobibliotecario.com.br\/index.php\/2009\/06\/09\/periodico-cultura-em-recorte-abre-submissao-2\/","url_meta":{"origin":9550,"position":5},"title":"Peri\u00f3dico &#034;Cultura em Recorte&#034; abre submiss\u00e3o","author":"mundobibliotecario","date":"09\/06\/2009","format":false,"excerpt":"O peri\u00f3dico Cultura em Recorte abre submiss\u00e3o para artigos in\u00e9ditos e resenhas. Link para orienta\u00e7\u00f5es: \u00a0Escopo da revista: A Cultura em Recorte: Revista Eletr\u00f4nica de Museologia e A\u00e7\u00e3o Cultural \u00e9 um\u00a0espa\u00e7o para a divulga\u00e7\u00e3o de resultados de pesquisas, reflex\u00f5es e quaisquer outras informa\u00e7\u00f5es relevantes dessas duas \u00e1reas, ou seja, um\u2026","rel":"","context":"Em &quot;Not\u00edcias&quot;","block_context":{"text":"Not\u00edcias","link":"https:\/\/mundobibliotecario.com.br\/index.php\/category\/noticias\/"},"img":{"alt_text":"","src":"","width":0,"height":0},"classes":[]}],"jetpack_likes_enabled":true,"jetpack_shortlink":"https:\/\/wp.me\/pcbzwa-2u2","_links":{"self":[{"href":"https:\/\/mundobibliotecario.com.br\/index.php\/wp-json\/wp\/v2\/posts\/9550","targetHints":{"allow":["GET"]}}],"collection":[{"href":"https:\/\/mundobibliotecario.com.br\/index.php\/wp-json\/wp\/v2\/posts"}],"about":[{"href":"https:\/\/mundobibliotecario.com.br\/index.php\/wp-json\/wp\/v2\/types\/post"}],"author":[{"embeddable":true,"href":"https:\/\/mundobibliotecario.com.br\/index.php\/wp-json\/wp\/v2\/users\/1"}],"replies":[{"embeddable":true,"href":"https:\/\/mundobibliotecario.com.br\/index.php\/wp-json\/wp\/v2\/comments?post=9550"}],"version-history":[{"count":5,"href":"https:\/\/mundobibliotecario.com.br\/index.php\/wp-json\/wp\/v2\/posts\/9550\/revisions"}],"predecessor-version":[{"id":9556,"href":"https:\/\/mundobibliotecario.com.br\/index.php\/wp-json\/wp\/v2\/posts\/9550\/revisions\/9556"}],"wp:attachment":[{"href":"https:\/\/mundobibliotecario.com.br\/index.php\/wp-json\/wp\/v2\/media?parent=9550"}],"wp:term":[{"taxonomy":"category","embeddable":true,"href":"https:\/\/mundobibliotecario.com.br\/index.php\/wp-json\/wp\/v2\/categories?post=9550"},{"taxonomy":"post_tag","embeddable":true,"href":"https:\/\/mundobibliotecario.com.br\/index.php\/wp-json\/wp\/v2\/tags?post=9550"}],"curies":[{"name":"wp","href":"https:\/\/api.w.org\/{rel}","templated":true}]}}