{"id":9574,"date":"2021-10-29T20:13:10","date_gmt":"2021-10-29T23:13:10","guid":{"rendered":"https:\/\/mundobibliotecario.com.br\/?p=9574"},"modified":"2021-10-29T20:13:17","modified_gmt":"2021-10-29T23:13:17","slug":"dia-nacional-do-livro-2021","status":"publish","type":"post","link":"https:\/\/mundobibliotecario.com.br\/index.php\/2021\/10\/29\/dia-nacional-do-livro-2021\/","title":{"rendered":"Dia Nacional do Livro 2021"},"content":{"rendered":"\t\t<div data-elementor-type=\"wp-post\" data-elementor-id=\"9574\" class=\"elementor elementor-9574\">\n\t\t\t\t\t\t<div class=\"elementor-inner\">\n\t\t\t\t<div class=\"elementor-section-wrap\">\n\t\t\t\t\t\t\t\t\t<section class=\"elementor-section elementor-top-section elementor-element elementor-element-ba507c9 elementor-section-boxed elementor-section-height-default elementor-section-height-default\" data-id=\"ba507c9\" data-element_type=\"section\">\n\t\t\t\t\t\t<div class=\"elementor-container elementor-column-gap-default\">\n\t\t\t\t\t\t\t<div class=\"elementor-row\">\n\t\t\t\t\t<div class=\"elementor-column elementor-col-100 elementor-top-column elementor-element elementor-element-d159872\" data-id=\"d159872\" data-element_type=\"column\">\n\t\t\t<div class=\"elementor-column-wrap elementor-element-populated\">\n\t\t\t\t\t\t\t<div class=\"elementor-widget-wrap\">\n\t\t\t\t\t\t<div class=\"elementor-element elementor-element-f4126b3 elementor-widget elementor-widget-image\" data-id=\"f4126b3\" data-element_type=\"widget\" data-widget_type=\"image.default\">\n\t\t\t\t<div class=\"elementor-widget-container\">\n\t\t\t\t\t\t\t\t<div class=\"elementor-image\">\n\t\t\t\t\t\t\t\t\t\t\t\t<img loading=\"lazy\" decoding=\"async\" width=\"1024\" height=\"1024\" src=\"https:\/\/mundobibliotecario.com.br\/wp-content\/uploads\/2021\/10\/Dia-Do-Medico-Ilustrativo-Roxo-E-Rosa-Post-De-Instagram-1024x1024.jpg\" class=\"attachment-large size-large wp-image-9576\" alt=\"\" srcset=\"https:\/\/mundobibliotecario.com.br\/wp-content\/uploads\/2021\/10\/Dia-Do-Medico-Ilustrativo-Roxo-E-Rosa-Post-De-Instagram-1024x1024.jpg 1024w, https:\/\/mundobibliotecario.com.br\/wp-content\/uploads\/2021\/10\/Dia-Do-Medico-Ilustrativo-Roxo-E-Rosa-Post-De-Instagram-300x300.jpg 300w, https:\/\/mundobibliotecario.com.br\/wp-content\/uploads\/2021\/10\/Dia-Do-Medico-Ilustrativo-Roxo-E-Rosa-Post-De-Instagram-150x150.jpg 150w, https:\/\/mundobibliotecario.com.br\/wp-content\/uploads\/2021\/10\/Dia-Do-Medico-Ilustrativo-Roxo-E-Rosa-Post-De-Instagram-768x768.jpg 768w, https:\/\/mundobibliotecario.com.br\/wp-content\/uploads\/2021\/10\/Dia-Do-Medico-Ilustrativo-Roxo-E-Rosa-Post-De-Instagram.jpg 1080w\" sizes=\"auto, (max-width: 1024px) 100vw, 1024px\" \/>\t\t\t\t\t\t\t\t\t\t\t\t\t\t<\/div>\n\t\t\t\t\t\t<\/div>\n\t\t\t\t<\/div>\n\t\t\t\t\t\t<\/div>\n\t\t\t\t\t<\/div>\n\t\t<\/div>\n\t\t\t\t\t\t\t\t<\/div>\n\t\t\t\t\t<\/div>\n\t\t<\/section>\n\t\t\t\t\t\t\t\t\t<\/div>\n\t\t\t<\/div>\n\t\t\t\t\t<\/div>\n\t\t","protected":false},"excerpt":{"rendered":"","protected":false},"author":1,"featured_media":0,"comment_status":"open","ping_status":"open","sticky":false,"template":"","format":"standard","meta":{"_mi_skip_tracking":false,"_exactmetrics_sitenote_active":false,"_exactmetrics_sitenote_note":"","_exactmetrics_sitenote_category":0,"_jetpack_newsletter_access":"","footnotes":""},"categories":[60],"tags":[2,1392,1884,9,1604],"class_list":["post-9574","post","type-post","status-publish","format-standard","hentry","category-noticias","tag-biblioteca","tag-bibliotecas","tag-dia-nacional-do-livro","tag-livro","tag-livros"],"jetpack_featured_media_url":"","jetpack_sharing_enabled":true,"jetpack-related-posts":[{"id":9489,"url":"https:\/\/mundobibliotecario.com.br\/index.php\/2021\/09\/17\/ii-semana-nacional-do-livro-e-das-bibliotecas-da-unesp\/","url_meta":{"origin":9574,"position":0},"title":"II Semana Nacional do Livro e das Bibliotecas da Unesp","author":"mundobibliotecario","date":"17\/09\/2021","format":false,"excerpt":"A Universidade Estadual Paulista \"J\u00falio de Mesquita Filho\" (Unesp) promove, de 4 a 8 de outubro, a II Semana Nacional do Livro e das Bibliotecas da Unesp. Neste ano, o evento ser\u00e1 realizado novamente em formato virtual. Confira a programa\u00e7\u00e3o!","rel":"","context":"Em &quot;Not\u00edcias&quot;","block_context":{"text":"Not\u00edcias","link":"https:\/\/mundobibliotecario.com.br\/index.php\/category\/noticias\/"},"img":{"alt_text":"","src":"https:\/\/i0.wp.com\/mundobibliotecario.com.br\/wp-content\/uploads\/2021\/09\/agenda-da-semana-virtual-2021-724x1024.png?resize=350%2C200&ssl=1","width":350,"height":200},"classes":[]},{"id":1479,"url":"https:\/\/mundobibliotecario.com.br\/index.php\/2010\/10\/05\/semana-nacional-do-livro-e-da-biblioteca-faculdade-de-odontologia-de-araraquara\/","url_meta":{"origin":9574,"position":1},"title":"Semana Nacional do Livro e da Biblioteca &#8211; Faculdade de Odontologia de Araraquara","author":"mundobibliotecario","date":"05\/10\/2010","format":false,"excerpt":"Semana Nacional do Livro e da Biblioteca Biblioteca Profa. Maria Dilma de Oliveira Gon\u00e7alves Faculdade de Odontologia de Araraquara De 18 a 22 de outubro de 2010 Tema: \u201cA evolu\u00e7\u00e3o da informa\u00e7\u00e3o\u201d Exposi\u00e7\u00e3o \u201cA evolu\u00e7\u00e3o da informa\u00e7\u00e3o\u201d Exposi\u00e7\u00e3o de Fotos: \u201cA biblioteca da Faculdade de Odontologia dos anos 60 at\u00e9\u2026","rel":"","context":"Em &quot;Eventos&quot;","block_context":{"text":"Eventos","link":"https:\/\/mundobibliotecario.com.br\/index.php\/category\/eventos\/"},"img":{"alt_text":"","src":"","width":0,"height":0},"classes":[]},{"id":9792,"url":"https:\/\/mundobibliotecario.com.br\/index.php\/2022\/02\/16\/prorrogadas-inscricoes-para-o-conselho-diretivo-do-plano-nacional-do-livro-e-leitura\/","url_meta":{"origin":9574,"position":2},"title":"Prorrogadas inscri\u00e7\u00f5es para o Conselho Diretivo do Plano Nacional do Livro e Leitura","author":"mundobibliotecario","date":"16\/02\/2022","format":false,"excerpt":"Interessados em fazer parte do conselho poder\u00e3o se inscrever at\u00e9 o dia 27 de fevereiro Interessados podem se inscrever at\u00e9 o dia 27 de fevereiro. Cr\u00e9dito: Roberto Castro\/MTur O edital para sele\u00e7\u00e3o e habilita\u00e7\u00e3o de organiza\u00e7\u00f5es da sociedade civil representativas de autores, de editores, de bibliotecas p\u00fablicas e de especialistas\u2026","rel":"","context":"Em &quot;Not\u00edcias&quot;","block_context":{"text":"Not\u00edcias","link":"https:\/\/mundobibliotecario.com.br\/index.php\/category\/noticias\/"},"img":{"alt_text":"","src":"https:\/\/i0.wp.com\/mundobibliotecario.com.br\/wp-content\/uploads\/2022\/02\/biblioteca.png?resize=350%2C200&ssl=1","width":350,"height":200},"classes":[]},{"id":4737,"url":"https:\/\/mundobibliotecario.com.br\/index.php\/2018\/04\/08\/promocao-9-de-abril-dia-da-biblioteca-participe\/","url_meta":{"origin":9574,"position":3},"title":"Promo\u00e7\u00e3o 9 de abril &#8211; Dia da Biblioteca &#8211; Participe!","author":"mundobibliotecario","date":"08\/04\/2018","format":false,"excerpt":"Fonte:\u00a0https:\/\/www.flickr.com\/photos\/loughboroughuniversitylibrary\/6333984637 Dia 9 de abril \u00e9 o Dia da Biblioteca Por qu\u00ea? Um Decreto brasileiro datado de 9 de abril de 1980 instituiu no pa\u00eds a Semana Nacional do Livro e da \u00a0Biblioteca, bem como o Dia do Bibliotec\u00e1rio. Por este motivo, o dia 09\/04 \u00e9 conhecido como o Dia\u2026","rel":"","context":"Em &quot;Not\u00edcias&quot;","block_context":{"text":"Not\u00edcias","link":"https:\/\/mundobibliotecario.com.br\/index.php\/category\/noticias\/"},"img":{"alt_text":"","src":"https:\/\/i0.wp.com\/mundobibliotecario.com.br\/wp-content\/uploads\/2018\/04\/6333984637_7d08596f9e_b.jpg?resize=350%2C200","width":350,"height":200},"classes":[]},{"id":210,"url":"https:\/\/mundobibliotecario.com.br\/index.php\/2008\/12\/14\/apos-dois-anos-fechada-biblioteca-nacional-de-brasilia-e-inaugurada-com-50-mil-livros\/","url_meta":{"origin":9574,"position":4},"title":"Ap\u00f3s dois anos fechada, Biblioteca Nacional de Bras\u00edlia \u00e9 inaugurada com 50 mil livros","author":"mundobibliotecario","date":"14\/12\/2008","format":false,"excerpt":"11\/12\/2008 - 21h35 Da Ag\u00eancia Brasil Em Bras\u00edlia Dois anos ap\u00f3s o anivers\u00e1rio de 99 anos de Oscar Niemeyer, o pr\u00e9dio da Biblioteca Nacional de Bras\u00edlia foi inaugurado nesta quinta-feira (11). De l\u00e1 para c\u00e1, pol\u00eamicas por causa da incid\u00eancia do sol no edif\u00edcio, que prejudicaria o acervo, impediram que\u2026","rel":"","context":"Em &quot;Not\u00edcias&quot;","block_context":{"text":"Not\u00edcias","link":"https:\/\/mundobibliotecario.com.br\/index.php\/category\/noticias\/"},"img":{"alt_text":"","src":"","width":0,"height":0},"classes":[]},{"id":7865,"url":"https:\/\/mundobibliotecario.com.br\/index.php\/2020\/10\/02\/adolescentes-baianas-criam-cabine-para-desinfectar-livros-e-recebem-premio-em-competicao-nacional-de-robotica\/","url_meta":{"origin":9574,"position":5},"title":"Adolescentes baianas criam cabine para desinfectar livros e recebem pr\u00eamio em competi\u00e7\u00e3o nacional de rob\u00f3tica","author":"mundobibliotecario","date":"02\/10\/2020","format":false,"excerpt":"Estudantes criaram a proposta depois de perceberam que livros de bibliotecas deveriam ficar em 'quarentena' por 14 dias para novo empr\u00e9stimo, por causa da Covid-19.","rel":"","context":"Em &quot;Not\u00edcias&quot;","block_context":{"text":"Not\u00edcias","link":"https:\/\/mundobibliotecario.com.br\/index.php\/category\/noticias\/"},"img":{"alt_text":"","src":"","width":0,"height":0},"classes":[]}],"jetpack_likes_enabled":true,"jetpack_shortlink":"https:\/\/wp.me\/pcbzwa-2uq","_links":{"self":[{"href":"https:\/\/mundobibliotecario.com.br\/index.php\/wp-json\/wp\/v2\/posts\/9574","targetHints":{"allow":["GET"]}}],"collection":[{"href":"https:\/\/mundobibliotecario.com.br\/index.php\/wp-json\/wp\/v2\/posts"}],"about":[{"href":"https:\/\/mundobibliotecario.com.br\/index.php\/wp-json\/wp\/v2\/types\/post"}],"author":[{"embeddable":true,"href":"https:\/\/mundobibliotecario.com.br\/index.php\/wp-json\/wp\/v2\/users\/1"}],"replies":[{"embeddable":true,"href":"https:\/\/mundobibliotecario.com.br\/index.php\/wp-json\/wp\/v2\/comments?post=9574"}],"version-history":[{"count":5,"href":"https:\/\/mundobibliotecario.com.br\/index.php\/wp-json\/wp\/v2\/posts\/9574\/revisions"}],"predecessor-version":[{"id":9580,"href":"https:\/\/mundobibliotecario.com.br\/index.php\/wp-json\/wp\/v2\/posts\/9574\/revisions\/9580"}],"wp:attachment":[{"href":"https:\/\/mundobibliotecario.com.br\/index.php\/wp-json\/wp\/v2\/media?parent=9574"}],"wp:term":[{"taxonomy":"category","embeddable":true,"href":"https:\/\/mundobibliotecario.com.br\/index.php\/wp-json\/wp\/v2\/categories?post=9574"},{"taxonomy":"post_tag","embeddable":true,"href":"https:\/\/mundobibliotecario.com.br\/index.php\/wp-json\/wp\/v2\/tags?post=9574"}],"curies":[{"name":"wp","href":"https:\/\/api.w.org\/{rel}","templated":true}]}}