{"id":9594,"date":"2021-11-06T15:00:00","date_gmt":"2021-11-06T18:00:00","guid":{"rendered":"https:\/\/mundobibliotecario.com.br\/?p=9594"},"modified":"2021-11-04T07:40:11","modified_gmt":"2021-11-04T10:40:11","slug":"projeto-de-fabio-luis-que-propoe-biblioteca-publica-digital-e-aprovado-na-camara","status":"publish","type":"post","link":"https:\/\/mundobibliotecario.com.br\/index.php\/2021\/11\/06\/projeto-de-fabio-luis-que-propoe-biblioteca-publica-digital-e-aprovado-na-camara\/","title":{"rendered":"Projeto de Fabio Luis que prop\u00f5e biblioteca p\u00fablica digital \u00e9 aprovado na C\u00e2mara"},"content":{"rendered":"\t\t<div data-elementor-type=\"wp-post\" data-elementor-id=\"9594\" class=\"elementor elementor-9594\">\n\t\t\t\t\t\t<div class=\"elementor-inner\">\n\t\t\t\t<div class=\"elementor-section-wrap\">\n\t\t\t\t\t\t\t\t\t<section class=\"elementor-section elementor-top-section elementor-element elementor-element-fa0aadf elementor-section-boxed elementor-section-height-default elementor-section-height-default\" data-id=\"fa0aadf\" data-element_type=\"section\">\n\t\t\t\t\t\t<div class=\"elementor-container elementor-column-gap-default\">\n\t\t\t\t\t\t\t<div class=\"elementor-row\">\n\t\t\t\t\t<div class=\"elementor-column elementor-col-100 elementor-top-column elementor-element elementor-element-477c3f9\" data-id=\"477c3f9\" data-element_type=\"column\">\n\t\t\t<div class=\"elementor-column-wrap elementor-element-populated\">\n\t\t\t\t\t\t\t<div class=\"elementor-widget-wrap\">\n\t\t\t\t\t\t<div class=\"elementor-element elementor-element-e7b236b elementor-widget elementor-widget-image\" data-id=\"e7b236b\" data-element_type=\"widget\" data-widget_type=\"image.default\">\n\t\t\t\t<div class=\"elementor-widget-container\">\n\t\t\t\t\t\t\t\t<div class=\"elementor-image\">\n\t\t\t\t\t\t\t\t\t<figure class=\"wp-caption\">\n\t\t\t\t\t\t\t\t\t\t<img loading=\"lazy\" decoding=\"async\" width=\"300\" height=\"200\" src=\"https:\/\/mundobibliotecario.com.br\/wp-content\/uploads\/2021\/10\/Fabio-Luis-300x200-1.jpeg\" class=\"attachment-large size-large wp-image-9596\" alt=\"\" \/>\t\t\t\t\t\t\t\t\t\t\t<figcaption class=\"widget-image-caption wp-caption-text\">Fabio Luis defende o servi\u00e7o p\u00fablico tecnol\u00f3gico e eficiente \u2013 Foto: Alexandre Pimenta<\/figcaption>\n\t\t\t\t\t\t\t\t\t\t<\/figure>\n\t\t\t\t\t\t\t\t<\/div>\n\t\t\t\t\t\t<\/div>\n\t\t\t\t<\/div>\n\t\t\t\t\t\t<\/div>\n\t\t\t\t\t<\/div>\n\t\t<\/div>\n\t\t\t\t\t\t\t\t<\/div>\n\t\t\t\t\t<\/div>\n\t\t<\/section>\n\t\t\t\t<section class=\"elementor-section elementor-top-section elementor-element elementor-element-300337d elementor-section-boxed elementor-section-height-default elementor-section-height-default\" data-id=\"300337d\" data-element_type=\"section\">\n\t\t\t\t\t\t<div class=\"elementor-container elementor-column-gap-default\">\n\t\t\t\t\t\t\t<div class=\"elementor-row\">\n\t\t\t\t\t<div class=\"elementor-column elementor-col-100 elementor-top-column elementor-element elementor-element-364f8b0\" data-id=\"364f8b0\" data-element_type=\"column\">\n\t\t\t<div class=\"elementor-column-wrap elementor-element-populated\">\n\t\t\t\t\t\t\t<div class=\"elementor-widget-wrap\">\n\t\t\t\t\t\t<div class=\"elementor-element elementor-element-f8ce5ff elementor-widget elementor-widget-text-editor\" data-id=\"f8ce5ff\" data-element_type=\"widget\" data-widget_type=\"text-editor.default\">\n\t\t\t\t<div class=\"elementor-widget-container\">\n\t\t\t\t\t\t\t\t<div class=\"elementor-text-editor elementor-clearfix\">\n\t\t\t\t<p style=\"margin-bottom: 26px; overflow-wrap: break-word; color: #222222; font-family: Verdana, BlinkMacSystemFont, -apple-system, 'Segoe UI', Roboto, Oxygen, Ubuntu, Cantarell, 'Open Sans', 'Helvetica Neue', sans-serif; font-size: 15px;\">A C\u00e2mara de Vereadores aprovou o projeto elaborado pelo vereador Fabio Luis (Republicanos) que institui a Biblioteca P\u00fablica Digital de Dourados. A iniciativa teve ades\u00e3o de todos os parlamentares da Casa de Leis durante vota\u00e7\u00e3o na sess\u00e3o ordin\u00e1ria desta quarta-feira (27\/10).<\/p><p style=\"margin-bottom: 26px; overflow-wrap: break-word; color: #222222; font-family: Verdana, BlinkMacSystemFont, -apple-system, 'Segoe UI', Roboto, Oxygen, Ubuntu, Cantarell, 'Open Sans', 'Helvetica Neue', sans-serif; font-size: 15px;\">Dados apresentados por Fabio Luis demonstram que o Brasil perdeu nos \u00faltimos quatro anos mais de 4,6 milh\u00f5es de leitores. O levantamento foi publicado na 5\u00aa edi\u00e7\u00e3o da pesquisa Retratos da Leitura no Brasil.<\/p><p style=\"margin-bottom: 26px; overflow-wrap: break-word; color: #222222; font-family: Verdana, BlinkMacSystemFont, -apple-system, 'Segoe UI', Roboto, Oxygen, Ubuntu, Cantarell, 'Open Sans', 'Helvetica Neue', sans-serif; font-size: 15px;\">Para muitas crian\u00e7as e adolescentes, o \u00fanico acesso \u00e0 bibliotecas se d\u00e1 no ambiente escolar, que em decorr\u00eancia da pandemia foi substitu\u00eddo por aulas em formato remoto.<\/p><p style=\"margin-bottom: 26px; overflow-wrap: break-word; color: #222222; font-family: Verdana, BlinkMacSystemFont, -apple-system, 'Segoe UI', Roboto, Oxygen, Ubuntu, Cantarell, 'Open Sans', 'Helvetica Neue', sans-serif; font-size: 15px;\">\u201cVimos neste cen\u00e1rio a import\u00e2ncia de evoluirmos como poder p\u00fablico, adotando medidas inteligentes e tecnol\u00f3gicas para suprimento das necessidades da popula\u00e7\u00e3o. Nesse caso espec\u00edfico, muitas das nossas crian\u00e7as e adolescentes tiveram acesso \u00e0 leitura comprometido devido a suspens\u00e3o das aulas presenciais, ent\u00e3o precisamos aprender e aprimorar nossos servi\u00e7os, mesmo que a pandemia passe e o modelo de aula presencial seja retomado\u201d, afirma o vereador.<\/p><p style=\"margin-bottom: 26px; overflow-wrap: break-word; color: #222222; font-family: Verdana, BlinkMacSystemFont, -apple-system, 'Segoe UI', Roboto, Oxygen, Ubuntu, Cantarell, 'Open Sans', 'Helvetica Neue', sans-serif; font-size: 15px;\">O projeto que cria a Biblioteca P\u00fablica Digital tem como objetivo fomentar pol\u00edticas p\u00fablicas de incentivo \u00e0 leitura atrav\u00e9s da inclus\u00e3o digital e apoio a moderniza\u00e7\u00e3o das bibliotecas p\u00fablicas municipais.<\/p><p style=\"margin-bottom: 26px; overflow-wrap: break-word; color: #222222; font-family: Verdana, BlinkMacSystemFont, -apple-system, 'Segoe UI', Roboto, Oxygen, Ubuntu, Cantarell, 'Open Sans', 'Helvetica Neue', sans-serif; font-size: 15px;\">A medida ainda vai ao encontro do Plano Nacional do Livro e Leitura (decreto de n\u00ba 7.559\/2011), que prev\u00ea o \u201cfomento \u00e0s a\u00e7\u00f5es de produ\u00e7\u00e3o, distribui\u00e7\u00e3o e circula\u00e7\u00e3o de livros e outros materiais de leitura, contemplando as especificidades dos neoleitores jovens e adultos e os diversos formatos acess\u00edveis\u201d.<\/p><p style=\"margin-bottom: 26px; overflow-wrap: break-word; color: #222222; font-family: Verdana, BlinkMacSystemFont, -apple-system, 'Segoe UI', Roboto, Oxygen, Ubuntu, Cantarell, 'Open Sans', 'Helvetica Neue', sans-serif; font-size: 15px;\">Em sua justificativa, Fabio Luis ainda argumenta que a lei possibilitar\u00e1 que o Munic\u00edpio tenha acesso aos editais de fomento \u00e0 leitura e educa\u00e7\u00e3o digital do Governo Federal, o que deve viabilizar investimentos maci\u00e7os na digitaliza\u00e7\u00e3o e aprimoramento dos acervos de nossas bibliotecas p\u00fablicas municipais.<\/p><p style=\"margin-bottom: 26px; overflow-wrap: break-word; color: #222222; font-family: Verdana, BlinkMacSystemFont, -apple-system, 'Segoe UI', Roboto, Oxygen, Ubuntu, Cantarell, 'Open Sans', 'Helvetica Neue', sans-serif; font-size: 15px;\"><strong>Como deve funcionar?<br \/><\/strong><br \/>A Biblioteca P\u00fablica Digital ser\u00e1 acess\u00edvel por meio de site, onde estar\u00e3o dispostas as obras digitais e digitalizadas do acervo douradense. Cabe \u00e0 iniciativa:<\/p><ul style=\"margin-bottom: 26px; color: #222222; font-family: Verdana, BlinkMacSystemFont, -apple-system, 'Segoe UI', Roboto, Oxygen, Ubuntu, Cantarell, 'Open Sans', 'Helvetica Neue', sans-serif; font-size: 15px;\"><li style=\"line-height: inherit; margin-left: 21px; margin-bottom: 10px;\">Promover o est\u00edmulo \u00e0 leitura;<\/li><li style=\"line-height: inherit; margin-left: 21px; margin-bottom: 10px;\">Franquear livros digitais aos interessados, orientando seu uso e prestando aux\u00edlio na pesquisa bibliogr\u00e1fica;<\/li><li style=\"line-height: inherit; margin-left: 21px; margin-bottom: 10px;\">Organizar e catalogar arquivos de not\u00edcias publicadas em jornais, blogs e sites, com as atividades e eventos do Munic\u00edpio de Dourados-MS;<\/li><li style=\"line-height: inherit; margin-left: 21px; margin-bottom: 10px;\">Classificar e catalogar as publica\u00e7\u00f5es do acervo da biblioteca e prepar\u00e1-las para circula\u00e7\u00e3o;<\/li><li style=\"line-height: inherit; margin-left: 21px; margin-bottom: 10px;\">Divulgar o acervo da Biblioteca e as novas aquisi\u00e7\u00f5es, por meio de publica\u00e7\u00f5es;<\/li><li style=\"line-height: inherit; margin-left: 21px; margin-bottom: 10px;\">Registrar os usu\u00e1rios das Bibliotecas F\u00edsicas e Digital;<\/li><li style=\"line-height: inherit; margin-left: 21px;\">Executar outras tarefas correlatas.<\/li><\/ul><p style=\"margin-bottom: 26px; overflow-wrap: break-word; color: #222222; font-family: Verdana, BlinkMacSystemFont, -apple-system, 'Segoe UI', Roboto, Oxygen, Ubuntu, Cantarell, 'Open Sans', 'Helvetica Neue', sans-serif; font-size: 15px;\">O Munic\u00edpio ainda poder\u00e1 celebrar conv\u00eanios, parcerias e termos de coopera\u00e7\u00e3o para a disponibiliza\u00e7\u00e3o de plataforma de leitura digital contendo cl\u00e1ssicos liter\u00e1rios, peri\u00f3dicos cient\u00edficos, jornais e revistas de grande circula\u00e7\u00e3o nacionais e regionais.<\/p><p style=\"margin-bottom: 26px; overflow-wrap: break-word; color: #222222; font-family: Verdana, BlinkMacSystemFont, -apple-system, 'Segoe UI', Roboto, Oxygen, Ubuntu, Cantarell, 'Open Sans', 'Helvetica Neue', sans-serif; font-size: 15px;\">A Biblioteca P\u00fablica Digital dever\u00e1 estar dispon\u00edvel para acesso nas Escolas P\u00fablicas Municipais para suprir eventual aus\u00eancia de bibliotecas f\u00edsicas e para atender as aulas n\u00e3o presenciais.<\/p>\t\t\t\t\t<\/div>\n\t\t\t\t\t\t<\/div>\n\t\t\t\t<\/div>\n\t\t\t\t\t\t<\/div>\n\t\t\t\t\t<\/div>\n\t\t<\/div>\n\t\t\t\t\t\t\t\t<\/div>\n\t\t\t\t\t<\/div>\n\t\t<\/section>\n\t\t\t\t<section class=\"elementor-section elementor-top-section elementor-element elementor-element-055dc19 elementor-section-boxed elementor-section-height-default elementor-section-height-default\" data-id=\"055dc19\" data-element_type=\"section\">\n\t\t\t\t\t\t<div class=\"elementor-container elementor-column-gap-default\">\n\t\t\t\t\t\t\t<div class=\"elementor-row\">\n\t\t\t\t\t<div class=\"elementor-column elementor-col-100 elementor-top-column elementor-element elementor-element-f8c6620\" data-id=\"f8c6620\" data-element_type=\"column\">\n\t\t\t<div class=\"elementor-column-wrap elementor-element-populated\">\n\t\t\t\t\t\t\t<div class=\"elementor-widget-wrap\">\n\t\t\t\t\t\t<div class=\"elementor-element elementor-element-e97afa2 elementor-widget elementor-widget-text-editor\" data-id=\"e97afa2\" data-element_type=\"widget\" data-widget_type=\"text-editor.default\">\n\t\t\t\t<div class=\"elementor-widget-container\">\n\t\t\t\t\t\t\t\t<div class=\"elementor-text-editor elementor-clearfix\">\n\t\t\t\t<p>Dispon\u00edvel em:\u00a0<a href=\"https:\/\/www.agorams.com.br\/projeto-de-fabio-luis-que-propoe-biblioteca-publica-digital-e-aprovado-na-camara\/\" target=\"_blank\" rel=\"noopener\">https:\/\/www.agorams.com.br\/projeto-de-fabio-luis-que-propoe-biblioteca-publica-digital-e-aprovado-na-camara\/<\/a>. Acesso em: 31 out. 2021.<\/p>\t\t\t\t\t<\/div>\n\t\t\t\t\t\t<\/div>\n\t\t\t\t<\/div>\n\t\t\t\t\t\t<\/div>\n\t\t\t\t\t<\/div>\n\t\t<\/div>\n\t\t\t\t\t\t\t\t<\/div>\n\t\t\t\t\t<\/div>\n\t\t<\/section>\n\t\t\t\t\t\t\t\t\t<\/div>\n\t\t\t<\/div>\n\t\t\t\t\t<\/div>\n\t\t","protected":false},"excerpt":{"rendered":"<p>Fabio Luis defende o servi\u00e7o p\u00fablico tecnol\u00f3gico e eficiente \u2013 Foto: Alexandre Pimenta A C\u00e2mara de Vereadores aprovou o projeto elaborado pelo vereador Fabio Luis (Republicanos) que institui a Biblioteca P\u00fablica Digital de Dourados. A iniciativa teve ades\u00e3o de todos os parlamentares da Casa de Leis durante vota\u00e7\u00e3o na sess\u00e3o ordin\u00e1ria desta quarta-feira (27\/10). Dados &#8230; <a title=\"Projeto de Fabio Luis que prop\u00f5e biblioteca p\u00fablica digital \u00e9 aprovado na C\u00e2mara\" class=\"read-more\" href=\"https:\/\/mundobibliotecario.com.br\/index.php\/2021\/11\/06\/projeto-de-fabio-luis-que-propoe-biblioteca-publica-digital-e-aprovado-na-camara\/\" aria-label=\"Read more about Projeto de Fabio Luis que prop\u00f5e biblioteca p\u00fablica digital \u00e9 aprovado na C\u00e2mara\">Ler mais<\/a><\/p>\n","protected":false},"author":1,"featured_media":0,"comment_status":"open","ping_status":"open","sticky":false,"template":"","format":"standard","meta":{"_mi_skip_tracking":false,"_exactmetrics_sitenote_active":false,"_exactmetrics_sitenote_note":"","_exactmetrics_sitenote_category":0,"_jetpack_newsletter_access":"","footnotes":""},"categories":[60],"tags":[365,70],"class_list":["post-9594","post","type-post","status-publish","format-standard","hentry","category-noticias","tag-biblioteca-digital","tag-biblioteca-publica"],"jetpack_featured_media_url":"","jetpack_sharing_enabled":true,"jetpack-related-posts":[{"id":2704,"url":"https:\/\/mundobibliotecario.com.br\/index.php\/2012\/08\/28\/comentarios-a-lei-no-10-231-de-22-de-agosto-de-2012\/","url_meta":{"origin":9594,"position":0},"title":"Coment\u00e1rios \u00e0 lei n\u00ba 10.231, de 22 de agosto de 2012","author":"mundobibliotecario","date":"28\/08\/2012","format":false,"excerpt":"LEI N\u00ba 10.231, DE 22 DE AGOSTO DE 2012 Institui campanha permanente de leitura junto aos parques e logradouros p\u00fablicos municipais e d\u00e1 outras provid\u00eancias. Projeto de Lei n\u00ba 266\/2012 \u2013 autoria do Vereador M\u00e1rio Marte Marinho J\u00fanior. A C\u00e2mara Municipal de Sorocaba decreta e eu promulgo a seguinte Lei:\u2026","rel":"","context":"Em &quot;Not\u00edcias&quot;","block_context":{"text":"Not\u00edcias","link":"https:\/\/mundobibliotecario.com.br\/index.php\/category\/noticias\/"},"img":{"alt_text":"","src":"","width":0,"height":0},"classes":[]},{"id":5239,"url":"https:\/\/mundobibliotecario.com.br\/index.php\/2019\/08\/19\/comissao-de-cultura-aprova-criacao-de-mais-bibliotecas-publicas\/","url_meta":{"origin":9594,"position":1},"title":"Comiss\u00e3o de Cultura aprova cria\u00e7\u00e3o de mais bibliotecas p\u00fablicas","author":"mundobibliotecario","date":"19\/08\/2019","format":false,"excerpt":"Proposta segue para an\u00e1lise de outras duas comiss\u00f5es da C\u00e2mara: a de Finan\u00e7as e Tributa\u00e7\u00e3o; e a de Constitui\u00e7\u00e3o e Justi\u00e7a e de Cidadania 16\/08\/2019 - 12:11 A Comiss\u00e3o de Cultura da C\u00e2mara dos Deputados aprovou o Projeto de Lei\u00a011157\/18, que aprimora a Pol\u00edtica Nacional do Livro (Lei 10.753\/03) para\u2026","rel":"","context":"Em &quot;Not\u00edcias&quot;","block_context":{"text":"Not\u00edcias","link":"https:\/\/mundobibliotecario.com.br\/index.php\/category\/noticias\/"},"img":{"alt_text":"","src":"","width":0,"height":0},"classes":[]},{"id":549,"url":"https:\/\/mundobibliotecario.com.br\/index.php\/2009\/04\/24\/revista-usp-chega-aos-20-anos\/","url_meta":{"origin":9594,"position":2},"title":"Revista USP chega aos 20 anos","author":"mundobibliotecario","date":"24\/04\/2009","format":false,"excerpt":"8\/4\/2009 Ag\u00eancia FAPESP \u2013 A nova edi\u00e7\u00e3o da Revista USP, de n\u00famero 80, marca os 20 anos da publica\u00e7\u00e3o da Universidade de S\u00e3o Paulo. O tema \u00e9 \u201cBibliotecas Digitais\/Bibliotecas Virtuais\u201d. A nova biblioteca: o papel e o digital, de Eliana de Azevedo Marques, do Sistema Integrado de Bibliotecas da USP,\u2026","rel":"","context":"Em &quot;Not\u00edcias&quot;","block_context":{"text":"Not\u00edcias","link":"https:\/\/mundobibliotecario.com.br\/index.php\/category\/noticias\/"},"img":{"alt_text":"","src":"","width":0,"height":0},"classes":[]},{"id":4542,"url":"https:\/\/mundobibliotecario.com.br\/index.php\/2017\/06\/20\/1o-encontro-de-bibliotecas-e-bibliotecarios-da-rms-ocorre-nesta-4a\/","url_meta":{"origin":9594,"position":3},"title":"1\u00ba Encontro de Bibliotecas e Bibliotec\u00e1rios da RMS ocorre nesta 4\u00aa","author":"mundobibliotecario","date":"20\/06\/2017","format":false,"excerpt":"Encontro vai discutir a Biblioteca do Futuro com a presen\u00e7a de Lu\u00eds Milanesi O esgotamento do modelo tradicional das bibliotecas e a necessidade de transform\u00e1-las em um novo espa\u00e7o \u00e9 um das defesas de um dos principais nomes da biblioteconomia no Brasil, Lu\u00eds Milanesi. Professor e autor de livros que\u2026","rel":"","context":"Em &quot;Eventos&quot;","block_context":{"text":"Eventos","link":"https:\/\/mundobibliotecario.com.br\/index.php\/category\/eventos\/"},"img":{"alt_text":"","src":"","width":0,"height":0},"classes":[]},{"id":3546,"url":"https:\/\/mundobibliotecario.com.br\/index.php\/2014\/08\/08\/biblioteca-da-camara-conclui-digitalizacao-de-200-obras-raras\/","url_meta":{"origin":9594,"position":4},"title":"Biblioteca da C\u00e2mara conclui digitaliza\u00e7\u00e3o de 200 obras raras","author":"mundobibliotecario","date":"08\/08\/2014","format":false,"excerpt":"C\u00e2mara dos Deputados - 30\/07\/2014 Foi conclu\u00eddo o projeto de digitaliza\u00e7\u00e3o de 200 obras raras do acervo da Biblioteca Pedro Aleixo, da C\u00e2mara dos Deputados. Os livros e peri\u00f3dicos, que datam dos s\u00e9culos 16 ao 20, j\u00e1 podem ser acessados gratuitamente na p\u00e1gina Biblioteca Digital na internet. No total, a\u2026","rel":"","context":"Em &quot;Not\u00edcias&quot;","block_context":{"text":"Not\u00edcias","link":"https:\/\/mundobibliotecario.com.br\/index.php\/category\/noticias\/"},"img":{"alt_text":"","src":"","width":0,"height":0},"classes":[]},{"id":2585,"url":"https:\/\/mundobibliotecario.com.br\/index.php\/2012\/05\/15\/de-adeus-as-bibliotecas\/","url_meta":{"origin":9594,"position":5},"title":"D\u00ea adeus \u00e0s bibliotecas","author":"mundobibliotecario","date":"15\/05\/2012","format":false,"excerpt":"Porque publiquei esse texto Para nos fazer refletir e lembrar que de vez em quando \u00e9 bom tomar um banho de \u00e1gua fria e que nunca pode ser tarde para mudar, pois se a situa\u00e7\u00e3o atual foi feita pelos \"bibliotec\u00e1rios\" da \u00e9poca, \u00e9 hora de arregasarmos as mangas e mudar!\u2026","rel":"","context":"Em &quot;Not\u00edcias&quot;","block_context":{"text":"Not\u00edcias","link":"https:\/\/mundobibliotecario.com.br\/index.php\/category\/noticias\/"},"img":{"alt_text":"","src":"","width":0,"height":0},"classes":[]}],"jetpack_likes_enabled":true,"jetpack_shortlink":"https:\/\/wp.me\/pcbzwa-2uK","_links":{"self":[{"href":"https:\/\/mundobibliotecario.com.br\/index.php\/wp-json\/wp\/v2\/posts\/9594","targetHints":{"allow":["GET"]}}],"collection":[{"href":"https:\/\/mundobibliotecario.com.br\/index.php\/wp-json\/wp\/v2\/posts"}],"about":[{"href":"https:\/\/mundobibliotecario.com.br\/index.php\/wp-json\/wp\/v2\/types\/post"}],"author":[{"embeddable":true,"href":"https:\/\/mundobibliotecario.com.br\/index.php\/wp-json\/wp\/v2\/users\/1"}],"replies":[{"embeddable":true,"href":"https:\/\/mundobibliotecario.com.br\/index.php\/wp-json\/wp\/v2\/comments?post=9594"}],"version-history":[{"count":5,"href":"https:\/\/mundobibliotecario.com.br\/index.php\/wp-json\/wp\/v2\/posts\/9594\/revisions"}],"predecessor-version":[{"id":9608,"href":"https:\/\/mundobibliotecario.com.br\/index.php\/wp-json\/wp\/v2\/posts\/9594\/revisions\/9608"}],"wp:attachment":[{"href":"https:\/\/mundobibliotecario.com.br\/index.php\/wp-json\/wp\/v2\/media?parent=9594"}],"wp:term":[{"taxonomy":"category","embeddable":true,"href":"https:\/\/mundobibliotecario.com.br\/index.php\/wp-json\/wp\/v2\/categories?post=9594"},{"taxonomy":"post_tag","embeddable":true,"href":"https:\/\/mundobibliotecario.com.br\/index.php\/wp-json\/wp\/v2\/tags?post=9594"}],"curies":[{"name":"wp","href":"https:\/\/api.w.org\/{rel}","templated":true}]}}