{"id":96,"date":"2008-09-21T14:42:35","date_gmt":"2008-09-21T17:42:35","guid":{"rendered":"http:\/\/mundobibliotecario.wordpress.com\/?p=96"},"modified":"2008-09-21T14:42:35","modified_gmt":"2008-09-21T17:42:35","slug":"i-encontro-cientifico-de-biblioteconomia-e-ciencia-da-informacao","status":"publish","type":"post","link":"https:\/\/mundobibliotecario.com.br\/index.php\/2008\/09\/21\/i-encontro-cientifico-de-biblioteconomia-e-ciencia-da-informacao\/","title":{"rendered":"I Encontro Cient\u00edfico de Biblioteconomia e Ci\u00eancia da Informa\u00e7\u00e3o"},"content":{"rendered":"<p>Ter\u00e1 in\u00edcio amanh\u00e3, na PUC-Campinas, o\u00a0I Encontro Cient\u00edfico de Biblioteconomia e Ci\u00eancia da Informa\u00e7\u00e3o. O evento, cujo tema \u00e9 &#8220;A informa\u00e7\u00e3o na sociedade contempor\u00e2nea: tecnologia, acesso e uso&#8221;,\u00a0estende-se at\u00e9 o dia 25\/9 e \u00e9 promovido pela Faculdade de Biblioteconomia da PUC-Campinas.<\/p>\n<p>Mais informa\u00e7\u00f5es est\u00e3o dispon\u00edveis no <a href=\"http:\/\/mundobibliotecario.hospedagemdesites.ws\/wp-content\/uploads\/2008\/09\/folder_semana_estudos.pdf\">folder<\/a>\u00a0do evento.<\/p>\n","protected":false},"excerpt":{"rendered":"<p>Ter\u00e1 in\u00edcio amanh\u00e3, na PUC-Campinas, o\u00a0I Encontro Cient\u00edfico de Biblioteconomia e Ci\u00eancia da Informa\u00e7\u00e3o. O evento, cujo tema \u00e9 &#8220;A informa\u00e7\u00e3o na sociedade contempor\u00e2nea: tecnologia, acesso e uso&#8221;,\u00a0estende-se at\u00e9 o dia 25\/9 e \u00e9 promovido pela Faculdade de Biblioteconomia da PUC-Campinas. Mais informa\u00e7\u00f5es est\u00e3o dispon\u00edveis no folder\u00a0do evento.<\/p>\n","protected":false},"author":1,"featured_media":0,"comment_status":"open","ping_status":"open","sticky":false,"template":"","format":"standard","meta":{"_mi_skip_tracking":false,"_exactmetrics_sitenote_active":false,"_exactmetrics_sitenote_note":"","_exactmetrics_sitenote_category":0,"_jetpack_newsletter_access":"","footnotes":""},"categories":[27],"tags":[63,40,64],"class_list":["post-96","post","type-post","status-publish","format-standard","hentry","category-eventos","tag-biblioteconomia","tag-ciencia-da-informacao","tag-puc-campinas"],"jetpack_featured_media_url":"","jetpack_sharing_enabled":true,"jetpack-related-posts":[{"id":2166,"url":"https:\/\/mundobibliotecario.com.br\/index.php\/2011\/08\/30\/i-cafe-bibliosofico-da-infojr-ufscar\/","url_meta":{"origin":96,"position":0},"title":"I Caf\u00e9 Biblios\u00f3fico da Infojr &#8211; UFSCar","author":"mundobibliotecario","date":"30\/08\/2011","format":false,"excerpt":"A Empresa J\u00fanior de Biblioteconomia e Ci\u00eancia da Informa\u00e7\u00e3o da Universidade Federal de S\u00e3o Carlos tem a honra de lhe convidar a participar de nosso in\u00e9dito evento, o I Caf\u00e9 Biblios\u00f3fico, dia 2 de setembro \u00e0s 19 horas, com a palestrante Prof\u00aa Dr\u00aa Elisabeth M\u00e1rcia Martucci. Venha saborear um caf\u00e9\u2026","rel":"","context":"Em &quot;Eventos&quot;","block_context":{"text":"Eventos","link":"https:\/\/mundobibliotecario.com.br\/index.php\/category\/eventos\/"},"img":{"alt_text":"","src":"","width":0,"height":0},"classes":[]},{"id":1152,"url":"https:\/\/mundobibliotecario.com.br\/index.php\/2010\/03\/06\/i-seminario-cientifico-de-arquivologia-e-biblioteconomia-na-unesp-de-marilia\/","url_meta":{"origin":96,"position":1},"title":"I Semin\u00e1rio Cient\u00edfico de Arquivologia e Biblioteconomia na UNESP de Mar\u00edlia","author":"mundobibliotecario","date":"06\/03\/2010","format":false,"excerpt":"As inscri\u00e7\u00f5es para apresenta\u00e7\u00e3o de trabalho ir\u00e3o at\u00e9 dia 15 de mar\u00e7o de 2010. Contamos com a presen\u00e7a de todos. Informa\u00e7\u00f5es sobre o evento disponivel em: http:\/\/www.marilia.unesp.br\/index.php?CodigoMenu=4919&CodigoOpcao=4920 http:\/\/seminariocienifico.blogspot.com\/","rel":"","context":"Em &quot;Eventos&quot;","block_context":{"text":"Eventos","link":"https:\/\/mundobibliotecario.com.br\/index.php\/category\/eventos\/"},"img":{"alt_text":"","src":"","width":0,"height":0},"classes":[]},{"id":953,"url":"https:\/\/mundobibliotecario.com.br\/index.php\/2009\/10\/28\/semana-de-biblioteconomia-e-ciencia-da-informacao-ufscar\/","url_meta":{"origin":96,"position":2},"title":"VI Semana de Biblioteconomia e Ci\u00eancia da Informa\u00e7\u00e3o &#8211; UFSCar","author":"mundobibliotecario","date":"28\/10\/2009","format":false,"excerpt":"VI Semana de Biblioteconomia e Ci\u00eancia da Informa\u00e7\u00e3o: M\u00daTIPLOS OLHARES E PR\u00c1TICAS AFINS De 09 \u00e0 14 de novembro ocorrer\u00e1 a VI Semana de Biblioteconomia e Ci\u00eancia da Inform\u00e7\u00e3o. Organizada pelos alunos do Curso de Biblioteconomia e Ci\u00eancia da Informa\u00e7\u00e3o da Universidade Federal de S\u00e3o Carlos, junto com a Coordena\u00e7\u00e3o\u2026","rel":"","context":"Em &quot;Eventos&quot;","block_context":{"text":"Eventos","link":"https:\/\/mundobibliotecario.com.br\/index.php\/category\/eventos\/"},"img":{"alt_text":"","src":"","width":0,"height":0},"classes":[]},{"id":1411,"url":"https:\/\/mundobibliotecario.com.br\/index.php\/2010\/08\/12\/eventos-em-biblioteconomia-e-ciencia-da-informacao-2%c2%ba-semestre2010\/","url_meta":{"origin":96,"position":3},"title":"Eventos em Biblioteconomia e Ci\u00eancia da Informa\u00e7\u00e3o &#8211; 2\u00ba semestre\/2010","author":"mundobibliotecario","date":"12\/08\/2010","format":false,"excerpt":"III Semin\u00e1rio Internacional de Bibliotecas P\u00fablicas e Comunit\u00e1rias e III F\u00f3rum do PNLL \u2013 Plano Nacional do Livro e Leitura Local: Anfiteatro Elis Regina -Pal\u00e1cio das Conven\u00e7\u00f5es do Anhembi - S\u00e3o Paulo, SP. Data: 19 a 21 de agosto de 2010. Informa\u00e7\u00f5es: www.bibviva.com.br. *************************** 2o. Encontro Brasileiro de Bibliometria e\u2026","rel":"","context":"Em &quot;Eventos&quot;","block_context":{"text":"Eventos","link":"https:\/\/mundobibliotecario.com.br\/index.php\/category\/eventos\/"},"img":{"alt_text":"","src":"","width":0,"height":0},"classes":[]},{"id":974,"url":"https:\/\/mundobibliotecario.com.br\/index.php\/2009\/11\/08\/biblioteconomia-evento-comemora-os-50-anos-do-curso-em-sao-carlos\/","url_meta":{"origin":96,"position":4},"title":"Biblioteconomia &#8211; Evento comemora os 50 anos do curso em S\u00e3o Carlos","author":"mundobibliotecario","date":"08\/11\/2009","format":false,"excerpt":"06\/11\/2009 - 14:49 Entre os dias 9 e 14 de novembro, a UFSCar realiza a IV Semana de Biblioteconomia e Ci\u00eancia da Informa\u00e7\u00e3o. O evento \u00e9 organizado por alunos e pela coordena\u00e7\u00e3o do curso de Biblioteconomia da UFSCar e conta com o apoio do Departamento de Ci\u00eancia da Informa\u00e7\u00e3o (DCI)\u2026","rel":"","context":"Em &quot;Eventos&quot;","block_context":{"text":"Eventos","link":"https:\/\/mundobibliotecario.com.br\/index.php\/category\/eventos\/"},"img":{"alt_text":"","src":"","width":0,"height":0},"classes":[]},{"id":4226,"url":"https:\/\/mundobibliotecario.com.br\/index.php\/2016\/03\/09\/resumo-da-aula-magna-as-tecnologias-de-informacao-e-comunicacao-na-perspectiva-da-biblioteconomia-e-ciencia-da-informacao\/","url_meta":{"origin":96,"position":5},"title":"Resumo da Aula Magna &#8220;As tecnologias de informa\u00e7\u00e3o e comunica\u00e7\u00e3o na perspectiva da Biblioteconomia e Ci\u00eancia da Informa\u00e7\u00e3o&#8221;","author":"mundobibliotecario","date":"09\/03\/2016","format":false,"excerpt":"Este ano a UFSCar realizou a \"Semana de de Biblioteconomia e Ci\u00eancia da Informa\u00e7\u00e3o 2016\" de 7 \u00a0a 9 de mar\u00e7o. No primeiro dia, a abertura do evento contou com a\u00a0Aula Magna \"As tecnologias de informa\u00e7\u00e3o e comunica\u00e7\u00e3o na perspectiva da Biblioteconomia e Ci\u00eancia da Informa\u00e7\u00e3o\" proferida pela Prof\u00aa Dr\u00aa\u2026","rel":"","context":"Em &quot;Not\u00edcias&quot;","block_context":{"text":"Not\u00edcias","link":"https:\/\/mundobibliotecario.com.br\/index.php\/category\/noticias\/"},"img":{"alt_text":"","src":"https:\/\/mundobibliotecario.files.wordpress.com\/2016\/03\/semana-bci-ufscar-2016.png?w=350&h=200&crop=1","width":350,"height":200},"classes":[]}],"jetpack_likes_enabled":true,"jetpack_shortlink":"https:\/\/wp.me\/pcbzwa-1y","_links":{"self":[{"href":"https:\/\/mundobibliotecario.com.br\/index.php\/wp-json\/wp\/v2\/posts\/96","targetHints":{"allow":["GET"]}}],"collection":[{"href":"https:\/\/mundobibliotecario.com.br\/index.php\/wp-json\/wp\/v2\/posts"}],"about":[{"href":"https:\/\/mundobibliotecario.com.br\/index.php\/wp-json\/wp\/v2\/types\/post"}],"author":[{"embeddable":true,"href":"https:\/\/mundobibliotecario.com.br\/index.php\/wp-json\/wp\/v2\/users\/1"}],"replies":[{"embeddable":true,"href":"https:\/\/mundobibliotecario.com.br\/index.php\/wp-json\/wp\/v2\/comments?post=96"}],"version-history":[{"count":0,"href":"https:\/\/mundobibliotecario.com.br\/index.php\/wp-json\/wp\/v2\/posts\/96\/revisions"}],"wp:attachment":[{"href":"https:\/\/mundobibliotecario.com.br\/index.php\/wp-json\/wp\/v2\/media?parent=96"}],"wp:term":[{"taxonomy":"category","embeddable":true,"href":"https:\/\/mundobibliotecario.com.br\/index.php\/wp-json\/wp\/v2\/categories?post=96"},{"taxonomy":"post_tag","embeddable":true,"href":"https:\/\/mundobibliotecario.com.br\/index.php\/wp-json\/wp\/v2\/tags?post=96"}],"curies":[{"name":"wp","href":"https:\/\/api.w.org\/{rel}","templated":true}]}}