{"id":9600,"date":"2021-11-05T18:00:00","date_gmt":"2021-11-05T21:00:00","guid":{"rendered":"https:\/\/mundobibliotecario.com.br\/?p=9600"},"modified":"2021-11-04T07:35:48","modified_gmt":"2021-11-04T10:35:48","slug":"museus-sem-sair-de-casa-veja-como-visitar-exposicoes-no-brasil-e-em-outros-paises","status":"publish","type":"post","link":"https:\/\/mundobibliotecario.com.br\/index.php\/2021\/11\/05\/museus-sem-sair-de-casa-veja-como-visitar-exposicoes-no-brasil-e-em-outros-paises\/","title":{"rendered":"Museus sem sair de casa: veja como &#8216;visitar&#8217; exposi\u00e7\u00f5es no Brasil e em outros pa\u00edses"},"content":{"rendered":"\t\t<div data-elementor-type=\"wp-post\" data-elementor-id=\"9600\" class=\"elementor elementor-9600\">\n\t\t\t\t\t\t<div class=\"elementor-inner\">\n\t\t\t\t<div class=\"elementor-section-wrap\">\n\t\t\t\t\t\t\t\t\t<section class=\"elementor-section elementor-top-section elementor-element elementor-element-e85fa95 elementor-section-boxed elementor-section-height-default elementor-section-height-default\" data-id=\"e85fa95\" data-element_type=\"section\">\n\t\t\t\t\t\t<div class=\"elementor-container elementor-column-gap-default\">\n\t\t\t\t\t\t\t<div class=\"elementor-row\">\n\t\t\t\t\t<div class=\"elementor-column elementor-col-100 elementor-top-column elementor-element elementor-element-57f15cc\" data-id=\"57f15cc\" data-element_type=\"column\">\n\t\t\t<div class=\"elementor-column-wrap elementor-element-populated\">\n\t\t\t\t\t\t\t<div class=\"elementor-widget-wrap\">\n\t\t\t\t\t\t<div class=\"elementor-element elementor-element-b334ca1 elementor-widget elementor-widget-text-editor\" data-id=\"b334ca1\" data-element_type=\"widget\" data-widget_type=\"text-editor.default\">\n\t\t\t\t<div class=\"elementor-widget-container\">\n\t\t\t\t\t\t\t\t<div class=\"elementor-text-editor elementor-clearfix\">\n\t\t\t\t<h2 class=\"content-head__subtitle\" style=\"box-sizing: inherit; margin-bottom: 0px; padding-right: 1.5rem; font-style: normal; font-variant-numeric: inherit; font-variant-east-asian: inherit; font-weight: inherit; font-stretch: inherit; font-size: 1.25rem; line-height: 1.75rem; font-family: opensanstitle, helvetica, arial, sans-serif; vertical-align: initial; color: #555555; letter-spacing: -0.03125rem;\">Visita\u00e7\u00e3o virtual a museus e galerias p\u00fabicas s\u00e3o op\u00e7\u00f5es para se divertir em casa.<\/h2>\t\t\t\t\t<\/div>\n\t\t\t\t\t\t<\/div>\n\t\t\t\t<\/div>\n\t\t\t\t\t\t<\/div>\n\t\t\t\t\t<\/div>\n\t\t<\/div>\n\t\t\t\t\t\t\t\t<\/div>\n\t\t\t\t\t<\/div>\n\t\t<\/section>\n\t\t\t\t<section class=\"elementor-section elementor-top-section elementor-element elementor-element-35c94ba elementor-section-boxed elementor-section-height-default elementor-section-height-default\" data-id=\"35c94ba\" data-element_type=\"section\">\n\t\t\t\t\t\t<div class=\"elementor-container elementor-column-gap-default\">\n\t\t\t\t\t\t\t<div class=\"elementor-row\">\n\t\t\t\t\t<div class=\"elementor-column elementor-col-100 elementor-top-column elementor-element elementor-element-f535d6e\" data-id=\"f535d6e\" data-element_type=\"column\">\n\t\t\t<div class=\"elementor-column-wrap elementor-element-populated\">\n\t\t\t\t\t\t\t<div class=\"elementor-widget-wrap\">\n\t\t\t\t\t\t<div class=\"elementor-element elementor-element-70e9fd6 elementor-widget elementor-widget-image\" data-id=\"70e9fd6\" data-element_type=\"widget\" data-widget_type=\"image.default\">\n\t\t\t\t<div class=\"elementor-widget-container\">\n\t\t\t\t\t\t\t\t<div class=\"elementor-image\">\n\t\t\t\t\t\t\t\t\t<figure class=\"wp-caption\">\n\t\t\t\t\t\t\t\t\t\t<img loading=\"lazy\" decoding=\"async\" width=\"1008\" height=\"634\" src=\"https:\/\/mundobibliotecario.com.br\/wp-content\/uploads\/2021\/10\/louvre.jpg\" class=\"attachment-large size-large wp-image-9602\" alt=\"\" srcset=\"https:\/\/mundobibliotecario.com.br\/wp-content\/uploads\/2021\/10\/louvre.jpg 1008w, https:\/\/mundobibliotecario.com.br\/wp-content\/uploads\/2021\/10\/louvre-300x189.jpg 300w, https:\/\/mundobibliotecario.com.br\/wp-content\/uploads\/2021\/10\/louvre-768x483.jpg 768w\" sizes=\"auto, (max-width: 1008px) 100vw, 1008px\" \/>\t\t\t\t\t\t\t\t\t\t\t<figcaption class=\"widget-image-caption wp-caption-text\">Visitantes fazem fila para entrar na pir\u00e2mide do Louvre, em Paris \u2014 Foto: Charles Platiau\/ Reuters<\/figcaption>\n\t\t\t\t\t\t\t\t\t\t<\/figure>\n\t\t\t\t\t\t\t\t<\/div>\n\t\t\t\t\t\t<\/div>\n\t\t\t\t<\/div>\n\t\t\t\t\t\t<\/div>\n\t\t\t\t\t<\/div>\n\t\t<\/div>\n\t\t\t\t\t\t\t\t<\/div>\n\t\t\t\t\t<\/div>\n\t\t<\/section>\n\t\t\t\t<section class=\"elementor-section elementor-top-section elementor-element elementor-element-a1a1b0f elementor-section-boxed elementor-section-height-default elementor-section-height-default\" data-id=\"a1a1b0f\" data-element_type=\"section\">\n\t\t\t\t\t\t<div class=\"elementor-container elementor-column-gap-default\">\n\t\t\t\t\t\t\t<div class=\"elementor-row\">\n\t\t\t\t\t<div class=\"elementor-column elementor-col-100 elementor-top-column elementor-element elementor-element-195ea68\" data-id=\"195ea68\" data-element_type=\"column\">\n\t\t\t<div class=\"elementor-column-wrap elementor-element-populated\">\n\t\t\t\t\t\t\t<div class=\"elementor-widget-wrap\">\n\t\t\t\t\t\t<div class=\"elementor-element elementor-element-b7edba1 elementor-widget elementor-widget-text-editor\" data-id=\"b7edba1\" data-element_type=\"widget\" data-widget_type=\"text-editor.default\">\n\t\t\t\t<div class=\"elementor-widget-container\">\n\t\t\t\t\t\t\t\t<div class=\"elementor-text-editor elementor-clearfix\">\n\t\t\t\t<div class=\"mc-column content-text active-extra-styles \" style=\"box-sizing: inherit; margin-right: auto; margin-bottom: 2rem; margin-left: auto; padding-right: 1rem; padding-left: 1rem; font-style: inherit; font-variant: inherit; font-weight: inherit; font-stretch: inherit; font-size: 1.25rem; line-height: 2rem; font-family: opensans, helvetica, arial, sans-serif; vertical-align: initial; max-width: 42.5rem; width: 680px; float: none; letter-spacing: -0.03125rem; overflow-wrap: break-word;\" data-block-type=\"unstyled\" data-block-weight=\"27\" data-block-id=\"2\"><p class=\"content-text__container \" style=\"box-sizing: inherit; margin-bottom: 0px; font: inherit; vertical-align: initial;\" data-track-category=\"Link no Texto\" data-track-links=\"\">A visita\u00e7\u00e3o virtual e gratuita a museus, galerias e bibliotecas p\u00fablicas de todo o mundo s\u00e3o algumas op\u00e7\u00f5es para se divertir em casa.\u00a0<span class=\"highlight highlighted\" style=\"box-sizing: inherit; font: inherit; vertical-align: initial; background-image: linear-gradient(90deg,rgba(255,255,255,0) 50%,var(--text-highlight-color,#fe9) 0); background-size: 200%; background-position: -100% center; transition: background-position 0.8s ease 0s;\">Veja dicas do\u00a0<\/span><span style=\"box-sizing: inherit; font-style: inherit; font-variant: inherit; font-weight: bold; font-stretch: inherit; font-size: inherit; line-height: inherit; font-family: inherit; vertical-align: initial;\"><span class=\"highlight highlighted\" style=\"box-sizing: inherit; font: inherit; vertical-align: initial; background-image: linear-gradient(90deg,rgba(255,255,255,0) 50%,var(--text-highlight-color,#fe9) 0); background-size: 200%; background-position: -100% center; transition: background-position 0.8s ease 0s;\">G1<\/span><\/span><span class=\"highlight highlighted\" style=\"box-sizing: inherit; font: inherit; vertical-align: initial; background-image: linear-gradient(90deg,rgba(255,255,255,0) 50%,var(--text-highlight-color,#fe9) 0); background-size: 200%; background-position: -100% center; transition: background-position 0.8s ease 0s;\">.<\/span><\/p><\/div><div class=\"wall protected-content\" style=\"box-sizing: inherit; font: inherit; vertical-align: initial;\"><div class=\"mc-column content-text active-extra-styles \" style=\"box-sizing: inherit; margin-right: auto; margin-bottom: 2rem; margin-left: auto; padding-right: 1rem; padding-left: 1rem; font-variant-numeric: inherit; font-variant-east-asian: inherit; font-stretch: inherit; font-size: 1.25rem; line-height: 2rem; font-family: opensans, helvetica, arial, sans-serif; vertical-align: initial; max-width: 42.5rem; width: 680px; float: none; letter-spacing: -0.03125rem; overflow-wrap: break-word; color: #333333;\" data-block-type=\"unstyled\" data-block-weight=\"29\" data-block-id=\"3\"><p class=\"content-text__container \" style=\"box-sizing: inherit; margin-bottom: 0px; font: inherit; vertical-align: initial;\" data-track-category=\"Link no Texto\" data-track-links=\"\">Al\u00e9m das p\u00e1ginas de cada institui\u00e7\u00e3o,\u00a0<a style=\"box-sizing: inherit; font-style: inherit; font-variant: inherit; font-weight: bold; font-stretch: inherit; font-size: inherit; line-height: inherit; font-family: inherit; vertical-align: initial; color: #c4170c;\" href=\"https:\/\/artsandculture.google.com\/\" target=\"_blank\" rel=\"noopener\">Google Arts &amp; Culture\u00a0<\/a>re\u00fane dezenas de museus e galerias ao redor do mundo e permite visitas virtuais em espa\u00e7os de arte.<\/p><\/div><div class=\"mc-column content-text active-extra-styles \" style=\"box-sizing: inherit; margin-right: auto; margin-bottom: 2rem; margin-left: auto; padding-right: 1rem; padding-left: 1rem; font-variant-numeric: inherit; font-variant-east-asian: inherit; font-stretch: inherit; font-size: 1.25rem; line-height: 2rem; font-family: opensans, helvetica, arial, sans-serif; vertical-align: initial; max-width: 42.5rem; width: 680px; float: none; letter-spacing: -0.03125rem; overflow-wrap: break-word; color: #333333;\" data-block-type=\"unstyled\" data-block-weight=\"19\" data-block-id=\"4\"><p class=\"content-text__container \" style=\"box-sizing: inherit; margin-bottom: 0px; font: inherit; vertical-align: initial;\" data-track-category=\"Link no Texto\" data-track-links=\"\">Com o servi\u00e7o, o internauta tem a possibilidade de ver obras de renomados artistas e conhecer suas hist\u00f3rias.<\/p><\/div><div class=\"mc-column content-text active-extra-styles\" style=\"box-sizing: inherit; margin-right: auto; margin-bottom: 2rem; margin-left: auto; padding-right: 1rem; padding-left: 1rem; font-variant-numeric: inherit; font-variant-east-asian: inherit; font-stretch: inherit; font-size: 1.25rem; line-height: 2rem; font-family: opensans, helvetica, arial, sans-serif; vertical-align: initial; max-width: 42.5rem; width: 680px; float: none; letter-spacing: -0.03125rem; overflow-wrap: break-word; color: #333333;\" data-block-type=\"raw\" data-block-weight=\"5\" data-block-id=\"5\"><p class=\"content-text__container\" style=\"box-sizing: inherit; margin-bottom: 0px; font: inherit; vertical-align: initial;\">\u00a0<\/p><div class=\"content-intertitle\" style=\"box-sizing: inherit; margin-top: 1rem; margin-bottom: -0.5rem; font-style: inherit; font-variant: inherit; font-weight: bold; font-stretch: inherit; font-size: 2rem; line-height: 2.25rem; font-family: opensanstitle, helvetica, arial, sans-serif; vertical-align: initial; color: #111111; letter-spacing: -0.0625rem;\"><h2 style=\"box-sizing: inherit; margin-bottom: 0px; font-variant: inherit; font-weight: inherit; font-stretch: inherit; font-size: inherit; line-height: inherit; vertical-align: initial;\">O museu vai at\u00e9 voc\u00ea<\/h2><\/div><p style=\"box-sizing: inherit; margin-bottom: 0px; font: inherit; vertical-align: initial;\">\u00a0<\/p><\/div><div class=\"mc-column content-text active-extra-styles\" style=\"box-sizing: inherit; margin-right: auto; margin-bottom: 2rem; margin-left: auto; padding-right: 1rem; padding-left: 1rem; font-variant-numeric: inherit; font-variant-east-asian: inherit; font-stretch: inherit; font-size: 1.25rem; line-height: 2rem; font-family: opensans, helvetica, arial, sans-serif; vertical-align: initial; max-width: 42.5rem; width: 680px; float: none; letter-spacing: -0.03125rem; overflow-wrap: break-word; color: #333333;\" data-block-type=\"raw\" data-block-weight=\"281\" data-block-id=\"6\"><p class=\"content-text__container\" style=\"box-sizing: inherit; margin-bottom: 0px; font: inherit; vertical-align: initial;\">\u00a0<\/p><ul class=\"content-unordered-list\" style=\"box-sizing: inherit; margin-bottom: 0px; margin-left: 0px; font: inherit; vertical-align: initial; list-style-type: none;\"><li style=\"box-sizing: inherit; margin-bottom: 16px; padding-left: 25px; font-style: inherit; font-variant: inherit; font-weight: inherit; font-stretch: inherit; font-size: 1.25rem; line-height: inherit; font-family: inherit; vertical-align: initial; position: relative;\">A\u00a0<a style=\"box-sizing: inherit; font-style: inherit; font-variant: inherit; font-weight: bold; font-stretch: inherit; font-size: inherit; line-height: inherit; font-family: inherit; vertical-align: initial; color: #c4170c;\" href=\"https:\/\/pinacotecabrera.org\/\" target=\"_blank\" rel=\"noopener\">Pinacoteca de Brera<\/a>, em Mil\u00e3o, na It\u00e1lia, tem o acervo aberto no site.<\/li><li style=\"box-sizing: inherit; margin-bottom: 16px; padding-left: 25px; font-style: inherit; font-variant: inherit; font-weight: inherit; font-stretch: inherit; font-size: 1.25rem; line-height: inherit; font-family: inherit; vertical-align: initial; position: relative;\">Alguns\u00a0<a style=\"box-sizing: inherit; font-style: inherit; font-variant: inherit; font-weight: bold; font-stretch: inherit; font-size: inherit; line-height: inherit; font-family: inherit; vertical-align: initial; color: #c4170c;\" href=\"http:\/\/www.museivaticani.va\/content\/museivaticani\/it\/collezioni\/catalogo-online.html\" target=\"_blank\" rel=\"noopener\">museus do Vaticano<\/a>\u00a0contam com parte de seu acervo liberado on-line.<\/li><li style=\"box-sizing: inherit; margin-bottom: 16px; padding-left: 25px; font-style: inherit; font-variant: inherit; font-weight: inherit; font-stretch: inherit; font-size: 1.25rem; line-height: inherit; font-family: inherit; vertical-align: initial; position: relative;\">A\u00a0<a style=\"box-sizing: inherit; font-style: inherit; font-variant: inherit; font-weight: bold; font-stretch: inherit; font-size: inherit; line-height: inherit; font-family: inherit; vertical-align: initial; color: #c4170c;\" href=\"https:\/\/www.uffizi.it\/mostre-virtuali\" target=\"_blank\" rel=\"noopener\">Galeria Uffizi<\/a>, em Floren\u00e7a, conta com dicas de seus curadores para visita\u00e7\u00e3o virtual de parte de suas cole\u00e7\u00f5es.<\/li><li style=\"box-sizing: inherit; margin-bottom: 16px; padding-left: 25px; font-style: inherit; font-variant: inherit; font-weight: inherit; font-stretch: inherit; font-size: 1.25rem; line-height: inherit; font-family: inherit; vertical-align: initial; position: relative;\">O<a style=\"box-sizing: inherit; font-style: inherit; font-variant: inherit; font-weight: bold; font-stretch: inherit; font-size: inherit; line-height: inherit; font-family: inherit; vertical-align: initial; color: #c4170c;\" href=\"https:\/\/www.namuseum.gr\/en\/collections\/\" target=\"_blank\" rel=\"noopener\">\u00a0Museu Arqueol\u00f3gico de Atenas<\/a>\u00a0apresenta parte de sua cole\u00e7\u00e3o, com fotos e descri\u00e7\u00f5es, atrav\u00e9s de seu site.<\/li><li style=\"box-sizing: inherit; margin-bottom: 16px; padding-left: 25px; font-style: inherit; font-variant: inherit; font-weight: inherit; font-stretch: inherit; font-size: 1.25rem; line-height: inherit; font-family: inherit; vertical-align: initial; position: relative;\">O\u00a0<a style=\"box-sizing: inherit; font-style: inherit; font-variant: inherit; font-weight: bold; font-stretch: inherit; font-size: inherit; line-height: inherit; font-family: inherit; vertical-align: initial; color: #c4170c;\" href=\"https:\/\/www.mis-sp.org.br\/acervo\/online\" target=\"_blank\" rel=\"noopener\">Museu da Imagem e do Som de S\u00e3o Paulo (MIS)<\/a>\u00a0tamb\u00e9m conta com um acervo virtual que traz informa\u00e7\u00f5es sobre os itens que comp\u00f5e os acervos museol\u00f3gico e bibliogr\u00e1fico do museu.<\/li><li style=\"box-sizing: inherit; margin-bottom: 16px; padding-left: 25px; font-style: inherit; font-variant: inherit; font-weight: inherit; font-stretch: inherit; font-size: 1.25rem; line-height: inherit; font-family: inherit; vertical-align: initial; position: relative;\"><a style=\"box-sizing: inherit; font-style: inherit; font-variant: inherit; font-weight: bold; font-stretch: inherit; font-size: inherit; line-height: inherit; font-family: inherit; vertical-align: initial; color: #c4170c;\" href=\"https:\/\/www.museodelprado.es\/en\/the-collection\/art-works\" target=\"_blank\" rel=\"noopener\">Museu do Prado<\/a>, em Madri, conta com uma p\u00e1gina especial para explorar suas cole\u00e7\u00f5es.\u00a0<a style=\"box-sizing: inherit; font-style: inherit; font-variant: inherit; font-weight: bold; font-stretch: inherit; font-size: inherit; line-height: inherit; font-family: inherit; vertical-align: initial; color: #c4170c;\" href=\"https:\/\/g1.globo.com\/pop-arte\/noticia\/2020\/03\/12\/espanha-fecha-museu-do-prado-e-outros-espacos-de-arte-por-coronavirus.ghtml\">O museu, como muitos outros espa\u00e7os de arte da Espanha, est\u00e1 fechado devido ao coronav\u00edrus<\/a><\/li><li style=\"box-sizing: inherit; margin-bottom: 16px; padding-left: 25px; font-style: inherit; font-variant: inherit; font-weight: inherit; font-stretch: inherit; font-size: 1.25rem; line-height: inherit; font-family: inherit; vertical-align: initial; position: relative;\"><a style=\"box-sizing: inherit; font-style: inherit; font-variant: inherit; font-weight: bold; font-stretch: inherit; font-size: inherit; line-height: inherit; font-family: inherit; vertical-align: initial; color: #c4170c;\" href=\"https:\/\/g1.globo.com\/mundo\/noticia\/2020\/03\/13\/torre-eiffel-e-museu-do-louvre-fecham-por-tempo-indeterminado-por-causa-do-coronavirus.ghtml\">Fechado por tempo indeterminado<\/a>, o\u00a0<a style=\"box-sizing: inherit; font-style: inherit; font-variant: inherit; font-weight: bold; font-stretch: inherit; font-size: inherit; line-height: inherit; font-family: inherit; vertical-align: initial; color: #c4170c;\" href=\"https:\/\/www.louvre.fr\/en\/visites-en-ligne\" target=\"_blank\" rel=\"noopener\">Museu do Louvre<\/a>, em Paris, conta com uma visita\u00e7\u00e3o virtual em suas salas e galerias<\/li><li style=\"box-sizing: inherit; margin-bottom: 16px; padding-left: 25px; font-style: inherit; font-variant: inherit; font-weight: inherit; font-stretch: inherit; font-size: 1.25rem; line-height: inherit; font-family: inherit; vertical-align: initial; position: relative;\">Al\u00e9m da possibilidade de acompanhar as cole\u00e7\u00f5es, a p\u00e1gina do<a style=\"box-sizing: inherit; font-style: inherit; font-variant: inherit; font-weight: bold; font-stretch: inherit; font-size: inherit; line-height: inherit; font-family: inherit; vertical-align: initial; color: #c4170c;\" href=\"https:\/\/www.britishmuseum.org\/collection\" target=\"_blank\" rel=\"noopener\">\u00a0Museu Brit\u00e2nico\u00a0<\/a>tamb\u00e9m traz uma loja virtual que permite a compra de r\u00e9plicas de algumas obras, entre outros objetos<\/li><li style=\"box-sizing: inherit; margin-bottom: 16px; padding-left: 25px; font-style: inherit; font-variant: inherit; font-weight: inherit; font-stretch: inherit; font-size: 1.25rem; line-height: inherit; font-family: inherit; vertical-align: initial; position: relative;\">Com o an\u00fancio de seu fechamento, o\u00a0<a style=\"box-sizing: inherit; font-style: inherit; font-variant: inherit; font-weight: bold; font-stretch: inherit; font-size: inherit; line-height: inherit; font-family: inherit; vertical-align: initial; color: #c4170c;\" href=\"https:\/\/www.metmuseum.org\/\" target=\"_blank\" rel=\"noopener\">Museu Metropolitano de Nova York\u00a0<\/a>convidou seus visitantes para a experi\u00eancia do museu online<\/li><li style=\"box-sizing: inherit; margin-bottom: 16px; padding-left: 25px; font-style: inherit; font-variant: inherit; font-weight: inherit; font-stretch: inherit; font-size: 1.25rem; line-height: inherit; font-family: inherit; vertical-align: initial; position: relative;\">A\u00a0<a style=\"box-sizing: inherit; font-style: inherit; font-variant: inherit; font-weight: bold; font-stretch: inherit; font-size: inherit; line-height: inherit; font-family: inherit; vertical-align: initial; color: #c4170c;\" href=\"https:\/\/www.nga.gov\/\" target=\"_blank\" rel=\"noopener\">Galeria Nacional de Arte<\/a>, em Washington, conta com um tour virtual em v\u00eddeo com as exposi\u00e7\u00f5es atuais. Nele, o espa\u00e7o de arte analisa detalhadamente os destaques da cole\u00e7\u00e3o com grava\u00e7\u00f5es em \u00e1udio e v\u00eddeo de palestras de artistas e curadores.<\/li><li style=\"box-sizing: inherit; margin-bottom: 16px; padding-left: 25px; font-style: inherit; font-variant: inherit; font-weight: inherit; font-stretch: inherit; font-size: 1.25rem; line-height: inherit; font-family: inherit; vertical-align: initial; position: relative;\">O\u00a0<a style=\"box-sizing: inherit; font-style: inherit; font-variant: inherit; font-weight: bold; font-stretch: inherit; font-size: inherit; line-height: inherit; font-family: inherit; vertical-align: initial; color: #c4170c;\" href=\"https:\/\/www.museucasadeportinari.org.br\/TOUR-VIRTUAL\/\" target=\"_blank\" rel=\"noopener\">Museu Casa de Portinari<\/a>, em Brodowski, S\u00e3o Paulo, tem um tour virtual do espa\u00e7o em seu site<\/li><li style=\"box-sizing: inherit; padding-left: 25px; font-style: inherit; font-variant: inherit; font-weight: inherit; font-stretch: inherit; font-size: 1.25rem; line-height: inherit; font-family: inherit; vertical-align: initial; position: relative;\">Atrav\u00e9s da a\u00e7\u00e3o #pinadecasa, a\u00a0<a style=\"box-sizing: inherit; font-style: inherit; font-variant: inherit; font-weight: bold; font-stretch: inherit; font-size: inherit; line-height: inherit; font-family: inherit; vertical-align: initial; color: #c4170c;\" href=\"http:\/\/pinacoteca.org.br\/\" target=\"_blank\" rel=\"noopener\">Pinacoteca de S\u00e3o Paulo<\/a>\u00a0traz conte\u00fados digitais di\u00e1rios para manter a conex\u00e3o com o p\u00fablico, promovendo informa\u00e7\u00f5es sobre a cole\u00e7\u00e3o e revisitando exposi\u00e7\u00f5es<\/li><\/ul><\/div><\/div>\t\t\t\t\t<\/div>\n\t\t\t\t\t\t<\/div>\n\t\t\t\t<\/div>\n\t\t\t\t\t\t<\/div>\n\t\t\t\t\t<\/div>\n\t\t<\/div>\n\t\t\t\t\t\t\t\t<\/div>\n\t\t\t\t\t<\/div>\n\t\t<\/section>\n\t\t\t\t<section class=\"elementor-section elementor-top-section elementor-element elementor-element-abbbe88 elementor-section-boxed elementor-section-height-default elementor-section-height-default\" data-id=\"abbbe88\" data-element_type=\"section\">\n\t\t\t\t\t\t<div class=\"elementor-container elementor-column-gap-default\">\n\t\t\t\t\t\t\t<div class=\"elementor-row\">\n\t\t\t\t\t<div class=\"elementor-column elementor-col-100 elementor-top-column elementor-element elementor-element-a1aa5aa\" data-id=\"a1aa5aa\" data-element_type=\"column\">\n\t\t\t<div class=\"elementor-column-wrap elementor-element-populated\">\n\t\t\t\t\t\t\t<div class=\"elementor-widget-wrap\">\n\t\t\t\t\t\t<div class=\"elementor-element elementor-element-1195963 elementor-widget elementor-widget-text-editor\" data-id=\"1195963\" data-element_type=\"widget\" data-widget_type=\"text-editor.default\">\n\t\t\t\t<div class=\"elementor-widget-container\">\n\t\t\t\t\t\t\t\t<div class=\"elementor-text-editor elementor-clearfix\">\n\t\t\t\t<p>Dispon\u00edvel em:&nbsp;<a href=\"https:\/\/g1.globo.com\/pop-arte\/casa\/noticia\/2021\/10\/31\/museus-sem-sair-de-casa-veja-como-visitar-exposicoes-no-brasil-e-em-outros-paises.ghtml\" target=\"_blank\">https:\/\/g1.globo.com\/pop-arte\/casa\/noticia\/2021\/10\/31\/museus-sem-sair-de-casa-veja-como-visitar-exposicoes-no-brasil-e-em-outros-paises.ghtml<\/a>. Acesso em: 31 out. 2021.<\/p>\t\t\t\t\t<\/div>\n\t\t\t\t\t\t<\/div>\n\t\t\t\t<\/div>\n\t\t\t\t\t\t<\/div>\n\t\t\t\t\t<\/div>\n\t\t<\/div>\n\t\t\t\t\t\t\t\t<\/div>\n\t\t\t\t\t<\/div>\n\t\t<\/section>\n\t\t\t\t\t\t\t\t\t<\/div>\n\t\t\t<\/div>\n\t\t\t\t\t<\/div>\n\t\t","protected":false},"excerpt":{"rendered":"<p>Visita\u00e7\u00e3o virtual a museus e galerias p\u00fabicas s\u00e3o op\u00e7\u00f5es para se divertir em casa. Visitantes fazem fila para entrar na pir\u00e2mide do Louvre, em Paris \u2014 Foto: Charles Platiau\/ Reuters A visita\u00e7\u00e3o virtual e gratuita a museus, galerias e bibliotecas p\u00fablicas de todo o mundo s\u00e3o algumas op\u00e7\u00f5es para se divertir em casa.&nbsp;Veja dicas do&nbsp;G1. &#8230; <a title=\"Museus sem sair de casa: veja como &#8216;visitar&#8217; exposi\u00e7\u00f5es no Brasil e em outros pa\u00edses\" class=\"read-more\" href=\"https:\/\/mundobibliotecario.com.br\/index.php\/2021\/11\/05\/museus-sem-sair-de-casa-veja-como-visitar-exposicoes-no-brasil-e-em-outros-paises\/\" aria-label=\"Read more about Museus sem sair de casa: veja como &#8216;visitar&#8217; exposi\u00e7\u00f5es no Brasil e em outros pa\u00edses\">Ler mais<\/a><\/p>\n","protected":false},"author":1,"featured_media":0,"comment_status":"open","ping_status":"open","sticky":false,"template":"","format":"standard","meta":{"_mi_skip_tracking":false,"_exactmetrics_sitenote_active":false,"_exactmetrics_sitenote_note":"","_exactmetrics_sitenote_category":0,"_jetpack_newsletter_access":"","footnotes":""},"categories":[60],"tags":[84,1836],"class_list":["post-9600","post","type-post","status-publish","format-standard","hentry","category-noticias","tag-museu","tag-museus"],"jetpack_featured_media_url":"","jetpack_sharing_enabled":true,"jetpack-related-posts":[{"id":8967,"url":"https:\/\/mundobibliotecario.com.br\/index.php\/2021\/06\/02\/bibliotecas-e-museus-como-locais-de-vacinacao\/","url_meta":{"origin":9600,"position":0},"title":"Bibliotecas e museus como locais de vacina\u00e7\u00e3o","author":"mundobibliotecario","date":"02\/06\/2021","format":false,"excerpt":"\"Bem-vindo. Voc\u00ea gostaria de uma vacina com sua dose de cultura hoje?\" Foto: Museu Americano de Hist\u00f3ria Natural, D. Finnin;\u00a0vacinas foramoferecidas sob a baleia. Bibliotecas e museus s\u00e3o centros comunit\u00e1rios inovadores e, ao longo da pandemia COVID-19, foram essenciais para a comunidade e a resposta nacional.\u00a0Al\u00e9m de continuar a fornecer\u2026","rel":"","context":"Em &quot;Not\u00edcias&quot;","block_context":{"text":"Not\u00edcias","link":"https:\/\/mundobibliotecario.com.br\/index.php\/category\/noticias\/"},"img":{"alt_text":"","src":"","width":0,"height":0},"classes":[]},{"id":7863,"url":"https:\/\/mundobibliotecario.com.br\/index.php\/2020\/09\/30\/museus-e-bibliotecas-reabrem-gradativamente-em-sorocaba-a-partir-de-segunda-feira\/","url_meta":{"origin":9600,"position":1},"title":"Museus e bibliotecas reabrem gradativamente em Sorocaba a partir de segunda-feira","author":"mundobibliotecario","date":"30\/09\/2020","format":false,"excerpt":"Espa\u00e7os dever\u00e3o funcionar em hor\u00e1rio reduzido e com 40% da capacidade total. Visitantes dever\u00e3o usar m\u00e1scaras e respeitar o distanciamento social. Por G1 Sorocaba e Jundia\u00ed 30\/09\/2020 13h12\u00a0\u00a0Atualizado\u00a0h\u00e1 8 horas Museus e bibliotecas reabrem gradativamente em Sorocaba a partir de segunda-feira \u2014 Foto: Divulga\u00e7\u00e3o\/Prefeitura de Sorocaba Os museus e bibliotecas\u2026","rel":"","context":"Em &quot;Not\u00edcias&quot;","block_context":{"text":"Not\u00edcias","link":"https:\/\/mundobibliotecario.com.br\/index.php\/category\/noticias\/"},"img":{"alt_text":"Museus e bibliotecas reabrem gradativamente em Sorocaba a partir de segunda-feira \u00e2\u0080\u0094 Foto: Divulga\u00c3\u00a7\u00c3\u00a3o\/Prefeitura de Sorocaba","src":"https:\/\/i0.wp.com\/s2.glbimg.com\/e70pDJFLRxkcWY68FH6l9wIu8k4=\/0x0:2896x1944\/984x0\/smart\/filters:strip_icc()\/i.s3.glbimg.com\/v1\/AUTH_59edd422c0c84a879bd37670ae4f538a\/internal_photos\/bs\/2020\/k\/5\/eRt19YRbq7xIEsznty0A\/biblioteca-municipal2.jpg?resize=350%2C200&ssl=1","width":350,"height":200},"classes":[]},{"id":7586,"url":"https:\/\/mundobibliotecario.com.br\/index.php\/2020\/07\/23\/relatorio-da-unesco-sobre-museus-ao-redor-do-mundo-em-face-do-covid-19-esta-disponivel-online\/","url_meta":{"origin":9600,"position":2},"title":"Relat\u00f3rio da UNESCO sobre museus ao redor do mundo em face do COVID-19 est\u00e1 dispon\u00edvel online","author":"mundobibliotecario","date":"23\/07\/2020","format":false,"excerpt":"A UNESCO lan\u00e7ou um novo relat\u00f3rio sobre museus ao redor do mundo em face do COVID-19, fruto de uma pesquisa internacional direcionada a museus, profissionais da cultura e Estados-Membros. Este relat\u00f3rio, apresentando uma primeira avalia\u00e7\u00e3o do impacto do COVID-19 no setor de museus, lan\u00e7a uma nova luz sobre as principais\u2026","rel":"","context":"Em &quot;museologia&quot;","block_context":{"text":"museologia","link":"https:\/\/mundobibliotecario.com.br\/index.php\/category\/museologia\/"},"img":{"alt_text":"","src":"","width":0,"height":0},"classes":[]},{"id":1291,"url":"https:\/\/mundobibliotecario.com.br\/index.php\/2010\/05\/31\/ii-encontro-paulista-de-museus\/","url_meta":{"origin":9600,"position":3},"title":"II Encontro Paulista de Museus","author":"mundobibliotecario","date":"31\/05\/2010","format":false,"excerpt":"O evento ser\u00e1 realizado em S\u00e3o Paulo, nos dias\u00a022, 23 e 24 de junho. Informa\u00e7\u00f5es completas dispon\u00edveis em:","rel":"","context":"Em &quot;Eventos&quot;","block_context":{"text":"Eventos","link":"https:\/\/mundobibliotecario.com.br\/index.php\/category\/eventos\/"},"img":{"alt_text":"","src":"","width":0,"height":0},"classes":[]},{"id":603,"url":"https:\/\/mundobibliotecario.com.br\/index.php\/2009\/05\/01\/acao-educativa-em-museus-experiencias-de-inclusao-de-publico-da-terceira-idade\/","url_meta":{"origin":9600,"position":4},"title":"A\u00e7\u00e3o educativa em museus: experi\u00eancias de inclus\u00e3o de p\u00fablico da terceira idade","author":"mundobibliotecario","date":"01\/05\/2009","format":false,"excerpt":"","rel":"","context":"Em &quot;Eventos&quot;","block_context":{"text":"Eventos","link":"https:\/\/mundobibliotecario.com.br\/index.php\/category\/eventos\/"},"img":{"alt_text":"pic26993","src":"https:\/\/i0.wp.com\/mundobibliotecario.hospedagemdesites.ws\/wp-content\/uploads\/2009\/05\/pic26993.jpg?resize=350%2C200","width":350,"height":200},"classes":[]},{"id":3968,"url":"https:\/\/mundobibliotecario.com.br\/index.php\/2015\/09\/27\/brasiliana-sedia-quarto-seminario-internacional-arquivos-de-museus-e-pesquisas\/","url_meta":{"origin":9600,"position":5},"title":"Brasiliana sedia quarto Semin\u00e1rio Internacional Arquivos de Museus e Pesquisas","author":"mundobibliotecario","date":"27\/09\/2015","format":false,"excerpt":"Dias 28 e 29 de setembro acontece a quarta edi\u00e7\u00e3o do Semin\u00e1rio Internacional Arquivos de Museus e Pesquisas, que traz como fio condutor\u00a0A forma\u00e7\u00e3o interdisciplinar do Documentalista e do Conservador\u201d. O evento\u00a0reunir\u00e1 especialistas, profissionais e demais interessados no patrim\u00f4nio hist\u00f3rico cultural internacional para dialogarem e apresentarem suas forma\u00e7\u00f5es, seus conhecimentos\u2026","rel":"","context":"Em &quot;N\u00e3o classificado&quot;","block_context":{"text":"N\u00e3o classificado","link":"https:\/\/mundobibliotecario.com.br\/index.php\/category\/nao-classificado\/"},"img":{"alt_text":"","src":"","width":0,"height":0},"classes":[]}],"jetpack_likes_enabled":true,"jetpack_shortlink":"https:\/\/wp.me\/pcbzwa-2uQ","_links":{"self":[{"href":"https:\/\/mundobibliotecario.com.br\/index.php\/wp-json\/wp\/v2\/posts\/9600","targetHints":{"allow":["GET"]}}],"collection":[{"href":"https:\/\/mundobibliotecario.com.br\/index.php\/wp-json\/wp\/v2\/posts"}],"about":[{"href":"https:\/\/mundobibliotecario.com.br\/index.php\/wp-json\/wp\/v2\/types\/post"}],"author":[{"embeddable":true,"href":"https:\/\/mundobibliotecario.com.br\/index.php\/wp-json\/wp\/v2\/users\/1"}],"replies":[{"embeddable":true,"href":"https:\/\/mundobibliotecario.com.br\/index.php\/wp-json\/wp\/v2\/comments?post=9600"}],"version-history":[{"count":5,"href":"https:\/\/mundobibliotecario.com.br\/index.php\/wp-json\/wp\/v2\/posts\/9600\/revisions"}],"predecessor-version":[{"id":9607,"href":"https:\/\/mundobibliotecario.com.br\/index.php\/wp-json\/wp\/v2\/posts\/9600\/revisions\/9607"}],"wp:attachment":[{"href":"https:\/\/mundobibliotecario.com.br\/index.php\/wp-json\/wp\/v2\/media?parent=9600"}],"wp:term":[{"taxonomy":"category","embeddable":true,"href":"https:\/\/mundobibliotecario.com.br\/index.php\/wp-json\/wp\/v2\/categories?post=9600"},{"taxonomy":"post_tag","embeddable":true,"href":"https:\/\/mundobibliotecario.com.br\/index.php\/wp-json\/wp\/v2\/tags?post=9600"}],"curies":[{"name":"wp","href":"https:\/\/api.w.org\/{rel}","templated":true}]}}