{"id":9691,"date":"2021-12-01T11:00:00","date_gmt":"2021-12-01T14:00:00","guid":{"rendered":"https:\/\/mundobibliotecario.com.br\/?p=9691"},"modified":"2021-11-30T20:32:37","modified_gmt":"2021-11-30T23:32:37","slug":"5-livros-para-voce-ler-em-2022","status":"publish","type":"post","link":"https:\/\/mundobibliotecario.com.br\/index.php\/2021\/12\/01\/5-livros-para-voce-ler-em-2022\/","title":{"rendered":"5 livros para voc\u00ea ler em 2022"},"content":{"rendered":"\t\t<div data-elementor-type=\"wp-post\" data-elementor-id=\"9691\" class=\"elementor elementor-9691\">\n\t\t\t\t\t\t<div class=\"elementor-inner\">\n\t\t\t\t<div class=\"elementor-section-wrap\">\n\t\t\t\t\t\t\t\t\t<section class=\"elementor-section elementor-top-section elementor-element elementor-element-d4dfed0 elementor-section-boxed elementor-section-height-default elementor-section-height-default\" data-id=\"d4dfed0\" data-element_type=\"section\">\n\t\t\t\t\t\t<div class=\"elementor-container elementor-column-gap-default\">\n\t\t\t\t\t\t\t<div class=\"elementor-row\">\n\t\t\t\t\t<div class=\"elementor-column elementor-col-100 elementor-top-column elementor-element elementor-element-c8d27b7\" data-id=\"c8d27b7\" data-element_type=\"column\">\n\t\t\t<div class=\"elementor-column-wrap elementor-element-populated\">\n\t\t\t\t\t\t\t<div class=\"elementor-widget-wrap\">\n\t\t\t\t\t\t<div class=\"elementor-element elementor-element-3185c85 elementor-widget elementor-widget-text-editor\" data-id=\"3185c85\" data-element_type=\"widget\" data-widget_type=\"text-editor.default\">\n\t\t\t\t<div class=\"elementor-widget-container\">\n\t\t\t\t\t\t\t\t<div class=\"elementor-text-editor elementor-clearfix\">\n\t\t\t\t<p style=\"margin-bottom: 20px; font-size: 1.1rem; vertical-align: baseline; color: #000000; line-height: 1.55;\">Com a chegada do pr\u00f3ximo ano, novos ventos se aproximam e podemos renovar a nossa estande (sic) de livros para entrarmos ano que vem com o p\u00e9 direito, com<strong style=\"font-size: 17.6px; vertical-align: baseline;\">\u00a05 livros para voc\u00ea ler em 2022.<\/strong><\/p><p style=\"margin-bottom: 20px; font-size: 1.1rem; vertical-align: baseline; color: #000000; line-height: 1.55;\"><strong style=\"font-size: 17.6px; vertical-align: baseline;\">O Cabana do Leitor<\/strong>\u00a0preparou esta lista de 5 livros, para os amantes de uma boa leitura que n\u00e3o podem faltar na sua estante de livros, a lista de\u00a0<strong style=\"font-size: 17.6px; vertical-align: baseline;\">5 livros para voc\u00ea ler em 2022<\/strong>\u00a0\u00e9 composta por alguns dos grandes lan\u00e7amentos do ano, e alguns at\u00e9 com passagem pelo cinema. Vamos a lista?<\/p>\t\t\t\t\t<\/div>\n\t\t\t\t\t\t<\/div>\n\t\t\t\t<\/div>\n\t\t\t\t\t\t<\/div>\n\t\t\t\t\t<\/div>\n\t\t<\/div>\n\t\t\t\t\t\t\t\t<\/div>\n\t\t\t\t\t<\/div>\n\t\t<\/section>\n\t\t\t\t<section class=\"elementor-section elementor-top-section elementor-element elementor-element-46e19b7 elementor-section-boxed elementor-section-height-default elementor-section-height-default\" data-id=\"46e19b7\" data-element_type=\"section\">\n\t\t\t\t\t\t<div class=\"elementor-container elementor-column-gap-default\">\n\t\t\t\t\t\t\t<div class=\"elementor-row\">\n\t\t\t\t\t<div class=\"elementor-column elementor-col-100 elementor-top-column elementor-element elementor-element-0e9a3ef\" data-id=\"0e9a3ef\" data-element_type=\"column\">\n\t\t\t<div class=\"elementor-column-wrap elementor-element-populated\">\n\t\t\t\t\t\t\t<div class=\"elementor-widget-wrap\">\n\t\t\t\t\t\t<div class=\"elementor-element elementor-element-6639a85 elementor-widget elementor-widget-text-editor\" data-id=\"6639a85\" data-element_type=\"widget\" data-widget_type=\"text-editor.default\">\n\t\t\t\t<div class=\"elementor-widget-container\">\n\t\t\t\t\t\t\t\t<div class=\"elementor-text-editor elementor-clearfix\">\n\t\t\t\t<h4 style=\"margin-top: 10px; margin-bottom: 10px; font-size: 1.4rem; vertical-align: baseline; backface-visibility: hidden; color: #000000; font-family: Oswald, sans-serif; font-weight: bold; letter-spacing: -0.02em; line-height: 1.4; overflow: hidden; width: 740px; font-style: normal; text-align: justify;\">O \u00daltimo Duelo \u2013 Editora Intr\u00ednseca<\/h4><div class=\"wp-block-image\" style=\"font-size: 16px; vertical-align: baseline; color: #000000;\"><figure class=\"aligncenter size-full is-resized\" style=\"padding: 0px; border: 0px; vertical-align: baseline;\"><img loading=\"lazy\" decoding=\"async\" class=\"wp-image-130302\" style=\"margin: 0px; padding: 0px; border-width: 0px; border-style: initial; vertical-align: baseline; backface-visibility: hidden;\" title=\"5 livros para voc\u00ea ler em 2022 38\" src=\"https:\/\/i0.wp.com\/cabanadoleitor.com.br\/wp-content\/uploads\/2021\/11\/OUltimoDuelo-G.jpg?resize=313%2C468&amp;ssl=1\" alt=\"OUltimoDuelo G\" width=\"313\" height=\"468\" data-recalc-dims=\"1\" \/><\/figure><\/div><p style=\"margin-bottom: 20px; font-size: 1.1rem; vertical-align: baseline; color: #000000; line-height: 1.55;\">Com lan\u00e7amento nos cinemas este ano,\u00a0<strong style=\"font-size: 17.6px; vertical-align: baseline;\"><a href=\"https:\/\/amzn.to\/3xF0wJ4\" target=\"_blank\" rel=\"noopener\">O \u00daltimo Duelo<\/a>\u00a0<\/strong>entra na nossa lista de<strong style=\"font-size: 17.6px; vertical-align: baseline;\">\u00a05 livros para voc\u00ea ler em 2022<\/strong>\u00a0e conta a hist\u00f3ria real de um crime terr\u00edvel que chocou a Fran\u00e7a e uma mulher sozinha enfrentando o poder dos homens para contar a verdade.\u00a0<a style=\"font-size: 17.6px; vertical-align: baseline; opacity: 1; transition: all 0.25s ease 0s; color: #000000; box-shadow: 0px -4px 0px inset;\" href=\"https:\/\/cabanadoleitor.com.br\/critica-o-ultimo-duelo-voce-nunca-viu-um-filme-assim\/\" target=\"_blank\" rel=\"noreferrer noopener\"><strong style=\"font-size: 17.6px; vertical-align: baseline;\"><span class=\"has-inline-color\" style=\"font-size: 17.6px; vertical-align: baseline; color: #e2781c;\">A historia virou uma superprodu\u00e7\u00e3o de Ridley Scott<\/span><\/strong><\/a>, estrelada por Jodie Comer, Ben Affleck, Matt Damon e Adam Driver.<\/p><p style=\"margin-bottom: 20px; font-size: 1.1rem; vertical-align: baseline; color: #000000; line-height: 1.55;\">Uma hist\u00f3ria real de crime, esc\u00e2ndalo e julgamento, que levou ao \u00faltimo duelo ocorrido na Fran\u00e7a medieval sob o decreto do Parlamento de Paris. Com um enredo passado em plena Idade M\u00e9dia francesa, no ano de 1386, O \u00faltimo duelo narra a hist\u00f3ria de uma mulher que, sob pena de ser condenada \u00e0 fogueira por inj\u00faria e falso testemunho, acusa o melhor amigo de seu marido de estupr\u00e1-la.<\/p>\t\t\t\t\t<\/div>\n\t\t\t\t\t\t<\/div>\n\t\t\t\t<\/div>\n\t\t\t\t\t\t<\/div>\n\t\t\t\t\t<\/div>\n\t\t<\/div>\n\t\t\t\t\t\t\t\t<\/div>\n\t\t\t\t\t<\/div>\n\t\t<\/section>\n\t\t\t\t<section class=\"elementor-section elementor-top-section elementor-element elementor-element-1472605 elementor-section-boxed elementor-section-height-default elementor-section-height-default\" data-id=\"1472605\" data-element_type=\"section\">\n\t\t\t\t\t\t<div class=\"elementor-container elementor-column-gap-default\">\n\t\t\t\t\t\t\t<div class=\"elementor-row\">\n\t\t\t\t\t<div class=\"elementor-column elementor-col-100 elementor-top-column elementor-element elementor-element-434ab50\" data-id=\"434ab50\" data-element_type=\"column\">\n\t\t\t<div class=\"elementor-column-wrap elementor-element-populated\">\n\t\t\t\t\t\t\t<div class=\"elementor-widget-wrap\">\n\t\t\t\t\t\t<div class=\"elementor-element elementor-element-e8df8b7 elementor-widget elementor-widget-text-editor\" data-id=\"e8df8b7\" data-element_type=\"widget\" data-widget_type=\"text-editor.default\">\n\t\t\t\t<div class=\"elementor-widget-container\">\n\t\t\t\t\t\t\t\t<div class=\"elementor-text-editor elementor-clearfix\">\n\t\t\t\t<h4 style=\"margin-top: 10px; margin-bottom: 10px; font-size: 1.4rem; vertical-align: baseline; backface-visibility: hidden; color: #000000; font-family: Oswald, sans-serif; font-weight: bold; letter-spacing: -0.02em; line-height: 1.4; overflow: hidden; width: 740px; font-style: normal; text-align: justify;\">Biblioteca Gaiman \u2013 Editora Intr\u00ednseca.<\/h4><div class=\"wp-block-image\" style=\"font-size: 16px; vertical-align: baseline; color: #000000;\"><figure class=\"aligncenter size-full is-resized\" style=\"padding: 0px; border: 0px; vertical-align: baseline;\"><img loading=\"lazy\" decoding=\"async\" class=\"wp-image-130303\" style=\"margin: 0px; padding: 0px; border-width: 0px; border-style: initial; vertical-align: baseline; backface-visibility: hidden;\" title=\"5 livros para voc\u00ea ler em 2022 39\" src=\"https:\/\/i2.wp.com\/cabanadoleitor.com.br\/wp-content\/uploads\/2021\/11\/BibliotecaGaiman-G.jpg?resize=321%2C483&amp;ssl=1\" sizes=\"auto, (max-width: 321px) 100vw, 321px\" srcset=\"https:\/\/i2.wp.com\/cabanadoleitor.com.br\/wp-content\/uploads\/2021\/11\/BibliotecaGaiman-G.jpg?w=243&amp;ssl=1 243w, https:\/\/i2.wp.com\/cabanadoleitor.com.br\/wp-content\/uploads\/2021\/11\/BibliotecaGaiman-G.jpg?resize=107%2C160&amp;ssl=1 107w, https:\/\/i2.wp.com\/cabanadoleitor.com.br\/wp-content\/uploads\/2021\/11\/BibliotecaGaiman-G.jpg?resize=213%2C320&amp;ssl=1 213w\" alt=\"Biblioteca Gaiman 5 Livros Para Voc\u00ea Ler em 2022\" width=\"321\" height=\"483\" data-recalc-dims=\"1\" \/><\/figure><\/div><p style=\"margin-bottom: 20px; font-size: 1.1rem; vertical-align: baseline; color: #000000; line-height: 1.55;\">A nossa lista de\u00a0<strong style=\"font-size: 17.6px; vertical-align: baseline;\">5 livros para voc\u00ea ler em 2022<\/strong>\u00a0n\u00e3o poderia deixar de contar com a obra\u00a0<strong style=\"font-size: 17.6px; vertical-align: baseline;\"><a style=\"font-size: 17.6px; vertical-align: baseline; opacity: 1; transition: all 0.25s ease 0s; color: #000000; box-shadow: 0px -4px 0px inset;\" href=\"https:\/\/amzn.to\/3d8fwG9\" target=\"_blank\" rel=\"noreferrer noopener\"><span class=\"has-inline-color\" style=\"font-size: 17.6px; vertical-align: baseline; color: #e2781c;\">Biblioteca Gaiman<\/span><\/a><\/strong>, sendo um lan\u00e7amento recente da editora\u00a0<strong style=\"font-size: 17.6px; vertical-align: baseline;\">Intr\u00ednseca,\u00a0<\/strong>que re\u00fane renomados artistas do cen\u00e1rio dos quadrinhos com um dos maiores contadores de hist\u00f3ria dos \u00faltimos tempos seja para a literatura ou para a Tv,\u00a0<strong style=\"font-size: 17.6px; vertical-align: baseline;\">Neil Gaiman<\/strong>.<\/p><p style=\"margin-bottom: 20px; font-size: 1.1rem; vertical-align: baseline; color: #000000; line-height: 1.55;\">O primeiro volume traz cinco hist\u00f3rias ilustradas, come\u00e7ando com a arte de\u00a0<strong style=\"font-size: 17.6px; vertical-align: baseline;\">Shane Oakley\u00a0<\/strong>em\u00a0<strong style=\"font-size: 17.6px; vertical-align: baseline;\">As noivas proibidas dos Dem\u00f4nios desfigurados da mans\u00e3o secreta na noite do desejo sinistro.<\/strong><\/p><p style=\"margin-bottom: 20px; font-size: 1.1rem; vertical-align: baseline; color: #000000; line-height: 1.55;\"><strong style=\"font-size: 17.6px; vertical-align: baseline;\"><strong style=\"font-size: 17.6px; vertical-align: baseline;\">Como Falar com Garotas em Festas<\/strong><span style=\"font-size: 17.6px; font-weight: 400;\">\u00a0tamb\u00e9m \u00e9 mais um grande livro do escritor, e aqui neste\u00a0<\/span><a style=\"font-size: 17.6px; vertical-align: baseline; opacity: 1; transition: all 0.25s ease 0s; color: #000000; box-shadow: 0px -4px 0px inset; font-weight: 400; background-color: #ffffff;\" href=\"https:\/\/www.guiadaleitura.com.br\/melhores-livros-de-romance\/\" target=\"_blank\" rel=\"noreferrer noopener\"><strong style=\"font-size: 17.6px; vertical-align: baseline;\"><span class=\"has-inline-color\" style=\"font-size: 17.6px; vertical-align: baseline; color: #e2781c;\">link voc\u00ea encontra mais dicas\u00a0<\/span><\/strong><\/a><span style=\"font-size: 17.6px; font-weight: 400;\">de romances.<\/span><br \/><\/strong><\/p>\t\t\t\t\t<\/div>\n\t\t\t\t\t\t<\/div>\n\t\t\t\t<\/div>\n\t\t\t\t\t\t<\/div>\n\t\t\t\t\t<\/div>\n\t\t<\/div>\n\t\t\t\t\t\t\t\t<\/div>\n\t\t\t\t\t<\/div>\n\t\t<\/section>\n\t\t\t\t<section class=\"elementor-section elementor-top-section elementor-element elementor-element-d11c94f elementor-section-boxed elementor-section-height-default elementor-section-height-default\" data-id=\"d11c94f\" data-element_type=\"section\">\n\t\t\t\t\t\t<div class=\"elementor-container elementor-column-gap-default\">\n\t\t\t\t\t\t\t<div class=\"elementor-row\">\n\t\t\t\t\t<div class=\"elementor-column elementor-col-100 elementor-top-column elementor-element elementor-element-55634cd\" data-id=\"55634cd\" data-element_type=\"column\">\n\t\t\t<div class=\"elementor-column-wrap elementor-element-populated\">\n\t\t\t\t\t\t\t<div class=\"elementor-widget-wrap\">\n\t\t\t\t\t\t<div class=\"elementor-element elementor-element-e9d142d elementor-widget elementor-widget-text-editor\" data-id=\"e9d142d\" data-element_type=\"widget\" data-widget_type=\"text-editor.default\">\n\t\t\t\t<div class=\"elementor-widget-container\">\n\t\t\t\t\t\t\t\t<div class=\"elementor-text-editor elementor-clearfix\">\n\t\t\t\t<h4 style=\"margin-top: 10px; margin-bottom: 10px; font-size: 1.4rem; vertical-align: baseline; backface-visibility: hidden; color: #000000; font-family: Oswald, sans-serif; font-weight: bold; letter-spacing: -0.02em; line-height: 1.4; overflow: hidden; width: 740px; font-style: normal;\">VOLTA AO MUNDO: Um guia irreverente \u2013 Editora Intr\u00ednseca<\/h4><div class=\"wp-block-image\" style=\"font-size: 16px; vertical-align: baseline; color: #000000;\"><figure class=\"aligncenter size-full is-resized\" style=\"padding: 0px; border: 0px; vertical-align: baseline;\"><img loading=\"lazy\" decoding=\"async\" class=\"wp-image-130380\" style=\"margin: 0px; padding: 0px; border-width: 0px; border-style: initial; vertical-align: baseline; backface-visibility: hidden;\" title=\"5 livros para voc\u00ea ler em 2022 40\" src=\"https:\/\/i0.wp.com\/cabanadoleitor.com.br\/wp-content\/uploads\/2021\/11\/VoltaAoMundo-G.jpg?resize=312%2C462&amp;ssl=1\" sizes=\"auto, (max-width: 312px) 100vw, 312px\" srcset=\"https:\/\/i0.wp.com\/cabanadoleitor.com.br\/wp-content\/uploads\/2021\/11\/VoltaAoMundo-G.jpg?w=243&amp;ssl=1 243w, https:\/\/i0.wp.com\/cabanadoleitor.com.br\/wp-content\/uploads\/2021\/11\/VoltaAoMundo-G.jpg?resize=108%2C160&amp;ssl=1 108w\" alt=\"VoltaAoMundo G\" width=\"312\" height=\"462\" data-recalc-dims=\"1\" \/><\/figure><\/div><div id=\"quads-ad130300\" class=\"quads-location quads-ad130300\" style=\"font-size: 16px; vertical-align: baseline; color: #000000; float: none;\"><div id=\"1oifdlx5x66\" style=\"vertical-align: baseline;\">\u00a0<\/div><\/div><p style=\"margin: 0px 0px 20px; padding: 0px; border: 0px; font-size: 1.1rem; vertical-align: baseline; color: #000000; display: block; font-family: Roboto, sans-serif; font-weight: 400; line-height: 1.55; font-style: normal; font-variant-ligatures: normal; font-variant-caps: normal; letter-spacing: normal; orphans: 2; text-align: start; text-indent: 0px; text-transform: none; white-space: normal; widows: 2; word-spacing: 0px; -webkit-text-stroke-width: 0px; background-color: #ffffff; text-decoration-thickness: initial; text-decoration-style: initial; text-decoration-color: initial;\"><strong style=\"margin: 0px; padding: 0px; border: 0px; font-size: 17.6px; vertical-align: baseline;\">Antony Bourdain<\/strong>\u00a0\u00e9 o maior comunicador do planeta quando se trata de viagens pelo mundo, e ningu\u00e9m melhor que ele para contar a voc\u00ea tudo sobre o que nosso pequeno grande planeta tem a oferecer.<\/p><p style=\"margin: 0px 0px 20px; padding: 0px; border: 0px; font-size: 1.1rem; vertical-align: baseline; color: #000000; display: block; font-family: Roboto, sans-serif; font-weight: 400; line-height: 1.55; font-style: normal; font-variant-ligatures: normal; font-variant-caps: normal; letter-spacing: normal; orphans: 2; text-align: start; text-indent: 0px; text-transform: none; white-space: normal; widows: 2; word-spacing: 0px; -webkit-text-stroke-width: 0px; background-color: #ffffff; text-decoration-thickness: initial; text-decoration-style: initial; text-decoration-color: initial;\"><a style=\"font-family: var( --e-global-typography-text-font-family ), Sans-serif; font-weight: var( --e-global-typography-text-font-weight ); background-color: #ffffff; font-size: 17px;\" href=\"https:\/\/amzn.to\/3o7jPaN\" target=\"_blank\" rel=\"noopener\">VOLTA AO MUNDO: Um guia irreverente<\/a><span style=\"font-size: 17.6px;\">\u00a0\u00e9 um livro sobre o que o mundo tem a oferecer de melhor para nos, seres humanos, no livro<\/span><strong style=\"font-size: 17.6px; vertical-align: baseline;\">\u00a0Laurie Woolever\u00a0<\/strong><span style=\"font-size: 17.6px;\">(amiga de longa data de\u00a0<\/span><strong style=\"font-size: 17.6px; vertical-align: baseline;\">Bourdain<\/strong><span style=\"font-size: 17.6px;\">) narra as historias vividas por seu amigo ao redor do mundo, com coloca\u00e7\u00f5es e frases do pr\u00f3prio\u00a0<\/span><strong style=\"font-size: 17.6px; vertical-align: baseline;\">Bourdain<\/strong><span style=\"font-size: 17.6px;\">. O livro\u00a0<\/span><strong style=\"font-size: 17.6px; vertical-align: baseline;\">Volta ao Mundo\u00a0<\/strong><span style=\"font-size: 17.6px;\">\u00e9 um guia indispens\u00e1vel para quem quer conhecer mais sobre a viagens e o mundo como o todo.<\/span><\/p>\t\t\t\t\t<\/div>\n\t\t\t\t\t\t<\/div>\n\t\t\t\t<\/div>\n\t\t\t\t\t\t<\/div>\n\t\t\t\t\t<\/div>\n\t\t<\/div>\n\t\t\t\t\t\t\t\t<\/div>\n\t\t\t\t\t<\/div>\n\t\t<\/section>\n\t\t\t\t<section class=\"elementor-section elementor-top-section elementor-element elementor-element-246ef73 elementor-section-boxed elementor-section-height-default elementor-section-height-default\" data-id=\"246ef73\" data-element_type=\"section\">\n\t\t\t\t\t\t<div class=\"elementor-container elementor-column-gap-default\">\n\t\t\t\t\t\t\t<div class=\"elementor-row\">\n\t\t\t\t\t<div class=\"elementor-column elementor-col-100 elementor-top-column elementor-element elementor-element-64c53d5\" data-id=\"64c53d5\" data-element_type=\"column\">\n\t\t\t<div class=\"elementor-column-wrap elementor-element-populated\">\n\t\t\t\t\t\t\t<div class=\"elementor-widget-wrap\">\n\t\t\t\t\t\t<div class=\"elementor-element elementor-element-ec540f5 elementor-widget elementor-widget-text-editor\" data-id=\"ec540f5\" data-element_type=\"widget\" data-widget_type=\"text-editor.default\">\n\t\t\t\t<div class=\"elementor-widget-container\">\n\t\t\t\t\t\t\t\t<div class=\"elementor-text-editor elementor-clearfix\">\n\t\t\t\t<h4 style=\"margin-top: 10px; margin-bottom: 10px; font-size: 1.4rem; vertical-align: baseline; backface-visibility: hidden; color: #000000; font-family: Oswald, sans-serif; font-weight: bold; letter-spacing: -0.02em; line-height: 1.4; overflow: hidden; width: 740px; font-style: normal;\">Desvendando O Universo \u2013 Editora Seguinte.<\/h4><div class=\"wp-block-image\" style=\"font-size: 16px; vertical-align: baseline; color: #000000;\"><figure class=\"aligncenter size-full is-resized\" style=\"padding: 0px; border: 0px; vertical-align: baseline;\"><img decoding=\"async\" class=\"wp-image-130381 aligncenter\" style=\"margin: 0px; padding: 0px; border-width: 0px; border-style: initial; vertical-align: baseline; backface-visibility: hidden;\" title=\"5 livros para voc\u00ea ler em 2022 41\" src=\"https:\/\/i1.wp.com\/cabanadoleitor.com.br\/wp-content\/uploads\/2021\/11\/Devendando-O-Universo.jpg?w=740&amp;ssl=1\" sizes=\"(max-width: 443px) 100vw, 443px\" srcset=\"https:\/\/i1.wp.com\/cabanadoleitor.com.br\/wp-content\/uploads\/2021\/11\/Devendando-O-Universo.jpg?w=443&amp;ssl=1 443w, https:\/\/i1.wp.com\/cabanadoleitor.com.br\/wp-content\/uploads\/2021\/11\/Devendando-O-Universo.jpg?resize=109%2C160&amp;ssl=1 109w\" alt=\"Devendando O Universo\" width=\"-76\" height=\"-111\" data-recalc-dims=\"1\" \/><\/figure><\/div><p style=\"margin-bottom: 20px; font-size: 1.1rem; vertical-align: baseline; color: #000000; line-height: 1.55;\">Um dos maiores cientistas de todos os tempos deixou tamb\u00e9m uma filha maravilhosa que se tornou jornalista,<strong style=\"font-size: 17.6px; vertical-align: baseline;\">\u00a0Lucy Hawking<\/strong>\u00a0escreve uma obra que facilita ainda mais a nossa compress\u00e3o do Universo.<\/p><p style=\"margin-bottom: 20px; font-size: 1.1rem; vertical-align: baseline; color: #000000; line-height: 1.55;\"><strong style=\"font-size: 17.6px; vertical-align: baseline;\">Em\u00a0<a href=\"https:\/\/amzn.to\/3xGFry7\" target=\"_blank\" rel=\"noopener\">Desvendando O Universo<\/a>, Lucy\u00a0<\/strong>e<strong style=\"font-size: 17.6px; vertical-align: baseline;\">\u00a0Stephen Hawking\u00a0<\/strong>reuniram uma s\u00e9rie de entrevistas e escritos de diversos cientistas, astronautas, professores e ativistas que procura responder as principais perguntas que afligem a humanidade. Os assuntos variam de poss\u00edvel vida em marte e at\u00e9 mesmo como ser\u00e1 a politica daqui a algumas gera\u00e7\u00f5es com aumento da tecnologia.<\/p><p style=\"margin-bottom: 20px; font-size: 1.1rem; vertical-align: baseline; color: #000000; line-height: 1.55;\"><span style=\"font-size: 17.6px;\">Mais um livro cientifico que n\u00e3o vai tirar voc\u00ea da cadeira at\u00e9 consumir tudo o que duas mentes brilhantes tem a oferecer.<\/span><\/p>\t\t\t\t\t<\/div>\n\t\t\t\t\t\t<\/div>\n\t\t\t\t<\/div>\n\t\t\t\t\t\t<\/div>\n\t\t\t\t\t<\/div>\n\t\t<\/div>\n\t\t\t\t\t\t\t\t<\/div>\n\t\t\t\t\t<\/div>\n\t\t<\/section>\n\t\t\t\t<section class=\"elementor-section elementor-top-section elementor-element elementor-element-ba1b754 elementor-section-boxed elementor-section-height-default elementor-section-height-default\" data-id=\"ba1b754\" data-element_type=\"section\">\n\t\t\t\t\t\t<div class=\"elementor-container elementor-column-gap-default\">\n\t\t\t\t\t\t\t<div class=\"elementor-row\">\n\t\t\t\t\t<div class=\"elementor-column elementor-col-100 elementor-top-column elementor-element elementor-element-6153aa0\" data-id=\"6153aa0\" data-element_type=\"column\">\n\t\t\t<div class=\"elementor-column-wrap elementor-element-populated\">\n\t\t\t\t\t\t\t<div class=\"elementor-widget-wrap\">\n\t\t\t\t\t\t<div class=\"elementor-element elementor-element-40d5333 elementor-widget elementor-widget-text-editor\" data-id=\"40d5333\" data-element_type=\"widget\" data-widget_type=\"text-editor.default\">\n\t\t\t\t<div class=\"elementor-widget-container\">\n\t\t\t\t\t\t\t\t<div class=\"elementor-text-editor elementor-clearfix\">\n\t\t\t\t<h4 style=\"margin-top: 10px; margin-bottom: 10px; font-size: 1.4rem; vertical-align: baseline; backface-visibility: hidden; color: #000000; font-family: Oswald, sans-serif; font-weight: bold; letter-spacing: -0.02em; line-height: 1.4; overflow: hidden; width: 740px; font-style: normal; text-align: justify;\">Jack e o Porquinho de Natal \u2013 Editora Rocco<\/h4><div style=\"font-size: 16px; vertical-align: baseline; color: #000000;\"><figure style=\"padding: 0px; border: 0px; vertical-align: baseline;\"><img loading=\"lazy\" decoding=\"async\" class=\"aligncenter\" style=\"margin: 0px; padding: 0px; border-width: 0px; border-style: initial; vertical-align: baseline; backface-visibility: hidden;\" title=\"5 livros para voc\u00ea ler em 2022 42\" src=\"https:\/\/i2.wp.com\/cabanadoleitor.com.br\/wp-content\/uploads\/2021\/11\/Jack-e-o-Porquinho-de-Natal.jpg?resize=412%2C412&amp;ssl=1\" sizes=\"auto, (max-width: 412px) 100vw, 412px\" srcset=\"https:\/\/i2.wp.com\/cabanadoleitor.com.br\/wp-content\/uploads\/2021\/11\/Jack-e-o-Porquinho-de-Natal.jpg?w=500&amp;ssl=1 500w, https:\/\/i2.wp.com\/cabanadoleitor.com.br\/wp-content\/uploads\/2021\/11\/Jack-e-o-Porquinho-de-Natal.jpg?resize=160%2C160&amp;ssl=1 160w, https:\/\/i2.wp.com\/cabanadoleitor.com.br\/wp-content\/uploads\/2021\/11\/Jack-e-o-Porquinho-de-Natal.jpg?resize=80%2C80&amp;ssl=1 80w\" alt=\"Jack e o Porquinho de Natal\" width=\"412\" height=\"412\" data-recalc-dims=\"1\" \/><\/figure><\/div><p style=\"margin-bottom: 20px; font-size: 1.1rem; vertical-align: baseline; color: #000000; line-height: 1.55;\">Depois de um 2020 e 2021 turbulentos, estamos mais uma vez celebrando o natal, mesmo diante de todos os problemas, e\u00a0<strong style=\"font-size: 17.6px; vertical-align: baseline;\">J.K Rowling<\/strong>, autora de\u00a0<strong style=\"font-size: 17.6px; vertical-align: baseline;\">Harry Potter,<\/strong>\u00a0traz este ano mais um grande livro,\u00a0<strong style=\"font-size: 17.6px; vertical-align: baseline;\">Jack e o Porquinho de Natal<\/strong>\u00a0n\u00e3o poderia faltar na nossa lista de\u00a0<strong style=\"font-size: 17.6px; vertical-align: baseline;\">5 livros para voc\u00ea ler em 2022<\/strong>.<\/p><p style=\"margin-bottom: 20px; font-size: 1.1rem; vertical-align: baseline; color: #000000; line-height: 1.55;\"><a style=\"font-family: var( --e-global-typography-text-font-family ), Sans-serif; background-color: #ffffff; font-size: 17px; font-weight: var( --e-global-typography-text-font-weight );\" href=\"https:\/\/amzn.to\/3D7EVu3\" target=\"_blank\" rel=\"noopener\">Jack e o Porquinho\u00a0de Natal<\/a><strong style=\"font-size: 17.6px; font-family: var( --e-global-typography-text-font-family ), Sans-serif; vertical-align: baseline;\">\u00a0<\/strong><span style=\"font-size: 1.1rem; font-family: var( --e-global-typography-text-font-family ), Sans-serif; font-weight: var( --e-global-typography-text-font-weight );\">conta a emocionante e empolgante aventura sobre o amor de uma crian\u00e7a pelo seu tesouro mais precioso e at\u00e9 onde ela est\u00e1 disposta a ir para encontr\u00e1-lo. Uma f\u00e1bula escrita por uma das maiores contadoras de historia da atualidade.<\/span><\/p><p style=\"margin-bottom: 20px; font-size: 1.1rem; vertical-align: baseline; color: #000000; line-height: 1.55;\">Est\u00e1 e a nossa lista dos\u00a0<strong style=\"font-size: 17.6px; vertical-align: baseline;\">5 livros para voc\u00ea ler em 2022<\/strong>, gostou? Siga ent\u00e3o o Cabana do Leitor nas suas redes sociais para mais dicas, principalmente no\u00a0<strong style=\"font-size: 17.6px; vertical-align: baseline;\"><a style=\"font-size: 17.6px; vertical-align: baseline; opacity: 1; transition: all 0.25s ease 0s; color: #000000; box-shadow: 0px -4px 0px inset;\" href=\"https:\/\/www.instagram.com\/cabanalivros\/\" target=\"_blank\" rel=\"noreferrer noopener\"><span style=\"font-size: 17.6px; vertical-align: baseline; color: #e2781c;\">instagram de livros.<\/span><\/a><\/strong><\/p><h4 style=\"margin-top: 10px; margin-bottom: 10px; font-size: 1.4rem; vertical-align: baseline; backface-visibility: hidden; color: #000000; font-family: Oswald, sans-serif; font-weight: bold; letter-spacing: -0.02em; line-height: 1.4; overflow: hidden; width: 740px; font-style: normal;\">E ai (sic), depois da nossa lista de 5 livros para voc\u00ea ler em 2022,<\/h4><h4 style=\"margin-top: 10px; margin-bottom: 10px; font-size: 1.4rem; vertical-align: baseline; backface-visibility: hidden; color: #000000; font-family: Oswald, sans-serif; font-weight: bold; letter-spacing: -0.02em; line-height: 1.4; overflow: hidden; width: 740px; font-style: normal;\">quais s\u00e3o suas indica\u00e7\u00f5es para nos? Diz ai (sic) nos coment\u00e1rios.<\/h4>\t\t\t\t\t<\/div>\n\t\t\t\t\t\t<\/div>\n\t\t\t\t<\/div>\n\t\t\t\t\t\t<\/div>\n\t\t\t\t\t<\/div>\n\t\t<\/div>\n\t\t\t\t\t\t\t\t<\/div>\n\t\t\t\t\t<\/div>\n\t\t<\/section>\n\t\t\t\t<section class=\"elementor-section elementor-top-section elementor-element elementor-element-22817e0 elementor-section-boxed elementor-section-height-default elementor-section-height-default\" data-id=\"22817e0\" data-element_type=\"section\">\n\t\t\t\t\t\t<div class=\"elementor-container elementor-column-gap-default\">\n\t\t\t\t\t\t\t<div class=\"elementor-row\">\n\t\t\t\t\t<div class=\"elementor-column elementor-col-100 elementor-top-column elementor-element elementor-element-eabe611\" data-id=\"eabe611\" data-element_type=\"column\">\n\t\t\t<div class=\"elementor-column-wrap elementor-element-populated\">\n\t\t\t\t\t\t\t<div class=\"elementor-widget-wrap\">\n\t\t\t\t\t\t<div class=\"elementor-element elementor-element-6a51114 elementor-widget elementor-widget-text-editor\" data-id=\"6a51114\" data-element_type=\"widget\" data-widget_type=\"text-editor.default\">\n\t\t\t\t<div class=\"elementor-widget-container\">\n\t\t\t\t\t\t\t\t<div class=\"elementor-text-editor elementor-clearfix\">\n\t\t\t\t<p>Dispon\u00edvel em:\u00a0<a href=\"https:\/\/cabanadoleitor.com.br\/5-livros-para-voce-ler-em-2022\/\" target=\"_blank\" rel=\"noopener\">https:\/\/cabanadoleitor.com.br\/5-livros-para-voce-ler-em-2022\/<\/a>. Acesso em: 30 nov. 2021.<\/p>\t\t\t\t\t<\/div>\n\t\t\t\t\t\t<\/div>\n\t\t\t\t<\/div>\n\t\t\t\t\t\t<\/div>\n\t\t\t\t\t<\/div>\n\t\t<\/div>\n\t\t\t\t\t\t\t\t<\/div>\n\t\t\t\t\t<\/div>\n\t\t<\/section>\n\t\t\t\t\t\t\t\t\t<\/div>\n\t\t\t<\/div>\n\t\t\t\t\t<\/div>\n\t\t","protected":false},"excerpt":{"rendered":"<p>Com a chegada do pr\u00f3ximo ano, novos ventos se aproximam e podemos renovar a nossa estande (sic) de livros para entrarmos ano que vem com o p\u00e9 direito, com&nbsp;5 livros para voc\u00ea ler em 2022. O Cabana do Leitor&nbsp;preparou esta lista de 5 livros, para os amantes de uma boa leitura que n\u00e3o podem faltar &#8230; <a title=\"5 livros para voc\u00ea ler em 2022\" class=\"read-more\" href=\"https:\/\/mundobibliotecario.com.br\/index.php\/2021\/12\/01\/5-livros-para-voce-ler-em-2022\/\" aria-label=\"Read more about 5 livros para voc\u00ea ler em 2022\">Ler mais<\/a><\/p>\n","protected":false},"author":1,"featured_media":0,"comment_status":"open","ping_status":"open","sticky":false,"template":"","format":"standard","meta":{"_mi_skip_tracking":false,"_exactmetrics_sitenote_active":false,"_exactmetrics_sitenote_note":"","_exactmetrics_sitenote_category":0,"_jetpack_newsletter_access":"","footnotes":""},"categories":[60],"tags":[8,9,1604],"class_list":["post-9691","post","type-post","status-publish","format-standard","hentry","category-noticias","tag-leitura","tag-livro","tag-livros"],"jetpack_featured_media_url":"","jetpack_sharing_enabled":true,"jetpack-related-posts":[{"id":4665,"url":"https:\/\/mundobibliotecario.com.br\/index.php\/2018\/02\/07\/algumas-dicas-para-melhorar-seu-habito-de-leitura\/","url_meta":{"origin":9691,"position":0},"title":"Algumas dicas para melhorar seu h\u00e1bito de leitura","author":"mundobibliotecario","date":"07\/02\/2018","format":false,"excerpt":"Estava pensando em como consegui melhorar meu\u00a0h\u00e1bito de leitura\u00a0ao longo do tempo e cheguei a conclus\u00e3o de que, mesmo sem perceber, tomei algumas atitudes que funcionaram muito bem. Como a maioria dos leitores, tive altos e baixos quando o assunto \u00e9\u00a0regularidade na leitura. Confesso que n\u00e3o acredito muito naquela vis\u00e3o\u2026","rel":"","context":"Em &quot;Not\u00edcias&quot;","block_context":{"text":"Not\u00edcias","link":"https:\/\/mundobibliotecario.com.br\/index.php\/category\/noticias\/"},"img":{"alt_text":"h\u00c3\u00a1bito de leitura","src":"https:\/\/i0.wp.com\/leiaparaviver.com.br\/wp-content\/uploads\/2016\/10\/h%C3%A1bito-de-leitura.jpg?resize=350%2C200","width":350,"height":200},"classes":[]},{"id":4068,"url":"https:\/\/mundobibliotecario.com.br\/index.php\/2015\/12\/14\/tecnica-ajuda-a-ler-ate-trinta-livros-por-ano\/","url_meta":{"origin":9691,"position":1},"title":"T\u00e9cnica ajuda a ler at\u00e9 trinta livros por ano","author":"mundobibliotecario","date":"14\/12\/2015","format":false,"excerpt":"Os livros s\u00e3o ferramentas essenciais para o nosso desenvolvimento intelectual, pois nos ajudam a acumular conhecimento, melhoram nosso vocabul\u00e1rio, deixam o texto mais coeso e bem escrito e ainda trabalham a mem\u00f3ria. Apesar disso, a maioria das pessoas n\u00e3o consegue manter um bom ritmo de leitura, seja por falta de\u2026","rel":"","context":"Em &quot;Not\u00edcias&quot;","block_context":{"text":"Not\u00edcias","link":"https:\/\/mundobibliotecario.com.br\/index.php\/category\/noticias\/"},"img":{"alt_text":"","src":"","width":0,"height":0},"classes":[]},{"id":9661,"url":"https:\/\/mundobibliotecario.com.br\/index.php\/2021\/11\/25\/leitores-que-compram-livros-baratos-na-black-friday-e-em-qualquer-epoca-do-ano-seguem-estas-12-dicas\/","url_meta":{"origin":9691,"position":2},"title":"Leitores que compram livros baratos na Black Friday (e em qualquer \u00e9poca do ano) seguem estas 12 dicas","author":"mundobibliotecario","date":"25\/11\/2021","format":false,"excerpt":"Quem n\u00e3o gosta de um desconto, n\u00e3o \u00e9 mesmo? Essa palavra sempre chama a aten\u00e7\u00e3o de qualquer pessoa, ainda mais se ela est\u00e1 procurando algo desejado para comprar. Com os livros n\u00e3o \u00e9 diferente. Se voc\u00ea est\u00e1 procurando novos t\u00edtulos para sua cole\u00e7\u00e3o, ou mesmo em busca de algum livro\u2026","rel":"","context":"Em &quot;Not\u00edcias&quot;","block_context":{"text":"Not\u00edcias","link":"https:\/\/mundobibliotecario.com.br\/index.php\/category\/noticias\/"},"img":{"alt_text":"","src":"https:\/\/i0.wp.com\/mundobibliotecario.com.br\/wp-content\/uploads\/2021\/06\/goodreads3.jpg?resize=350%2C200&ssl=1","width":350,"height":200},"classes":[]},{"id":8377,"url":"https:\/\/mundobibliotecario.com.br\/index.php\/2021\/02\/01\/kindle-dicas-para-quem-deseja-ter-um-leitor-de-livros-da-amazon\/","url_meta":{"origin":9691,"position":3},"title":"Kindle: dicas para quem deseja ter um leitor de livros da Amazon","author":"mundobibliotecario","date":"01\/02\/2021","format":false,"excerpt":"Fonte: Tecmundo A Amazon conseguiu popularizar os ebooks, gra\u00e7as \u00e0 praticidade do seu Kindle reader. O dispositivo \u00e9 muito mais do que um leitor digital de livros, ele dinamiza a leitura e pode at\u00e9 mesmo facilit\u00e1-la em alguns casos. Atualmente, a Amazon possui 3 modelos, e todos desempenham bem suas\u2026","rel":"","context":"Em &quot;Not\u00edcias&quot;","block_context":{"text":"Not\u00edcias","link":"https:\/\/mundobibliotecario.com.br\/index.php\/category\/noticias\/"},"img":{"alt_text":"","src":"","width":0,"height":0},"classes":[]},{"id":3145,"url":"https:\/\/mundobibliotecario.com.br\/index.php\/2013\/06\/26\/a-falta-de-habito-de-leitura-e-o-analfabetismo-funcional\/","url_meta":{"origin":9691,"position":4},"title":"A falta de h\u00e1bito de leitura e o analfabetismo funcional","author":"mundobibliotecario","date":"26\/06\/2013","format":false,"excerpt":"Professor Marcus Garcia - Portal Segs - 20\/05\/13 Segundo a ANL (Associa\u00e7\u00e3o Nacional de Livrarias), o Brasil fechou 2012 com 3.481 livrarias em opera\u00e7\u00e3o. Destas, 49% est\u00e3o instaladas nas capitais dos 27 estados e no Distrito Federal, e as 51% restantes nas demais cidades. Como temos aproximadamente 197 milh\u00f5es de\u2026","rel":"","context":"Em &quot;Not\u00edcias&quot;","block_context":{"text":"Not\u00edcias","link":"https:\/\/mundobibliotecario.com.br\/index.php\/category\/noticias\/"},"img":{"alt_text":"","src":"","width":0,"height":0},"classes":[]},{"id":3344,"url":"https:\/\/mundobibliotecario.com.br\/index.php\/2013\/12\/10\/por-que-elas-preferem-os-homens-que-leem\/","url_meta":{"origin":9691,"position":5},"title":"Por que elas preferem os homens que leem?","author":"mundobibliotecario","date":"10\/12\/2013","format":false,"excerpt":"Leitura torna voc\u00ea muito mais interessante aos olhos da mulheres Publicado originalmente no Viva Bem Deixe seu c\u00e9rebro malhado com bons livros \/ Shutterstock Voc\u00ea se encantou com aquela gata, ela olhou para voc\u00ea e deu todos os sinais de \u201cpode avan\u00e7ar o sinal\u201d. Confiante nas horas gastas na academia\u2026","rel":"","context":"Em &quot;Not\u00edcias&quot;","block_context":{"text":"Not\u00edcias","link":"https:\/\/mundobibliotecario.com.br\/index.php\/category\/noticias\/"},"img":{"alt_text":"","src":"https:\/\/i0.wp.com\/imagem.band.com.br\/f_113458.jpg?resize=350%2C200","width":350,"height":200},"classes":[]}],"jetpack_likes_enabled":true,"jetpack_shortlink":"https:\/\/wp.me\/pcbzwa-2wj","_links":{"self":[{"href":"https:\/\/mundobibliotecario.com.br\/index.php\/wp-json\/wp\/v2\/posts\/9691","targetHints":{"allow":["GET"]}}],"collection":[{"href":"https:\/\/mundobibliotecario.com.br\/index.php\/wp-json\/wp\/v2\/posts"}],"about":[{"href":"https:\/\/mundobibliotecario.com.br\/index.php\/wp-json\/wp\/v2\/types\/post"}],"author":[{"embeddable":true,"href":"https:\/\/mundobibliotecario.com.br\/index.php\/wp-json\/wp\/v2\/users\/1"}],"replies":[{"embeddable":true,"href":"https:\/\/mundobibliotecario.com.br\/index.php\/wp-json\/wp\/v2\/comments?post=9691"}],"version-history":[{"count":5,"href":"https:\/\/mundobibliotecario.com.br\/index.php\/wp-json\/wp\/v2\/posts\/9691\/revisions"}],"predecessor-version":[{"id":9696,"href":"https:\/\/mundobibliotecario.com.br\/index.php\/wp-json\/wp\/v2\/posts\/9691\/revisions\/9696"}],"wp:attachment":[{"href":"https:\/\/mundobibliotecario.com.br\/index.php\/wp-json\/wp\/v2\/media?parent=9691"}],"wp:term":[{"taxonomy":"category","embeddable":true,"href":"https:\/\/mundobibliotecario.com.br\/index.php\/wp-json\/wp\/v2\/categories?post=9691"},{"taxonomy":"post_tag","embeddable":true,"href":"https:\/\/mundobibliotecario.com.br\/index.php\/wp-json\/wp\/v2\/tags?post=9691"}],"curies":[{"name":"wp","href":"https:\/\/api.w.org\/{rel}","templated":true}]}}