{"id":9698,"date":"2021-12-13T16:00:00","date_gmt":"2021-12-13T19:00:00","guid":{"rendered":"https:\/\/mundobibliotecario.com.br\/?p=9698"},"modified":"2021-12-12T21:29:15","modified_gmt":"2021-12-13T00:29:15","slug":"processo-seletivo-2022-do-ppgci-ufscar","status":"publish","type":"post","link":"https:\/\/mundobibliotecario.com.br\/index.php\/2021\/12\/13\/processo-seletivo-2022-do-ppgci-ufscar\/","title":{"rendered":"Processo Seletivo 2022 do PPGCI\/UFSCar"},"content":{"rendered":"\t\t<div data-elementor-type=\"wp-post\" data-elementor-id=\"9698\" class=\"elementor elementor-9698\">\n\t\t\t\t\t\t<div class=\"elementor-inner\">\n\t\t\t\t<div class=\"elementor-section-wrap\">\n\t\t\t\t\t\t\t\t\t<section class=\"elementor-section elementor-top-section elementor-element elementor-element-30f9968 elementor-section-boxed elementor-section-height-default elementor-section-height-default\" data-id=\"30f9968\" data-element_type=\"section\">\n\t\t\t\t\t\t<div class=\"elementor-container elementor-column-gap-default\">\n\t\t\t\t\t\t\t<div class=\"elementor-row\">\n\t\t\t\t\t<div class=\"elementor-column elementor-col-100 elementor-top-column elementor-element elementor-element-2940cce\" data-id=\"2940cce\" data-element_type=\"column\">\n\t\t\t<div class=\"elementor-column-wrap elementor-element-populated\">\n\t\t\t\t\t\t\t<div class=\"elementor-widget-wrap\">\n\t\t\t\t\t\t<div class=\"elementor-element elementor-element-7f697ec elementor-widget elementor-widget-image\" data-id=\"7f697ec\" data-element_type=\"widget\" data-widget_type=\"image.default\">\n\t\t\t\t<div class=\"elementor-widget-container\">\n\t\t\t\t\t\t\t\t<div class=\"elementor-image\">\n\t\t\t\t\t\t\t\t\t\t\t\t<img loading=\"lazy\" decoding=\"async\" width=\"640\" height=\"385\" src=\"https:\/\/mundobibliotecario.com.br\/wp-content\/uploads\/2021\/12\/graduate-g9292c7609_640.png\" class=\"attachment-large size-large wp-image-9714\" alt=\"\" srcset=\"https:\/\/mundobibliotecario.com.br\/wp-content\/uploads\/2021\/12\/graduate-g9292c7609_640.png 640w, https:\/\/mundobibliotecario.com.br\/wp-content\/uploads\/2021\/12\/graduate-g9292c7609_640-300x180.png 300w\" sizes=\"auto, (max-width: 640px) 100vw, 640px\" \/>\t\t\t\t\t\t\t\t\t\t\t\t\t\t<\/div>\n\t\t\t\t\t\t<\/div>\n\t\t\t\t<\/div>\n\t\t\t\t\t\t<\/div>\n\t\t\t\t\t<\/div>\n\t\t<\/div>\n\t\t\t\t\t\t\t\t<\/div>\n\t\t\t\t\t<\/div>\n\t\t<\/section>\n\t\t\t\t<section class=\"elementor-section elementor-top-section elementor-element elementor-element-60c01fe elementor-section-boxed elementor-section-height-default elementor-section-height-default\" data-id=\"60c01fe\" data-element_type=\"section\">\n\t\t\t\t\t\t<div class=\"elementor-container elementor-column-gap-default\">\n\t\t\t\t\t\t\t<div class=\"elementor-row\">\n\t\t\t\t\t<div class=\"elementor-column elementor-col-100 elementor-top-column elementor-element elementor-element-85a03b3\" data-id=\"85a03b3\" data-element_type=\"column\">\n\t\t\t<div class=\"elementor-column-wrap elementor-element-populated\">\n\t\t\t\t\t\t\t<div class=\"elementor-widget-wrap\">\n\t\t\t\t\t\t<div class=\"elementor-element elementor-element-ebfb201 elementor-widget elementor-widget-text-editor\" data-id=\"ebfb201\" data-element_type=\"widget\" data-widget_type=\"text-editor.default\">\n\t\t\t\t<div class=\"elementor-widget-container\">\n\t\t\t\t\t\t\t\t<div class=\"elementor-text-editor elementor-clearfix\">\n\t\t\t\t<p style=\"margin-bottom: 1em; list-style: none; vertical-align: baseline; line-height: 1.8em; color: #3d3d3d; font-family: Roboto, Helvetica, Arial, sans-serif; font-size: 13.9776px;\"><span style=\"list-style: none; vertical-align: baseline; text-decoration-line: underline;\"><strong style=\"list-style: none; vertical-align: baseline;\">Cronograma do Processo Seletivo 2022 do PPGCI\/UFSCar &#8211;\u00a0Edital no 001\/2021<\/strong><\/span><\/p><p style=\"margin-bottom: 1em; list-style: none; vertical-align: baseline; line-height: 1.8em; color: #3d3d3d; font-family: Roboto, Helvetica, Arial, sans-serif; font-size: 13.9776px;\"><strong style=\"list-style: none; vertical-align: baseline;\"><span style=\"list-style: none; vertical-align: baseline;\"><img decoding=\"async\" class=\"image-inline\" style=\"margin: 0px; padding: 0px; list-style: none; vertical-align: text-bottom; float: none;\" title=\"novo\" src=\"https:\/\/www.ppgci.ufscar.br\/publicacoes\/imgs-site\/icones\/novo.gif\" alt=\"novo\" \/>\u00a008 dez. 2021:\u00a0<a class=\"internal-link\" style=\"list-style: none; vertical-align: baseline; outline: none; color: #0f006e; border-bottom: 0.1em solid #cccccc;\" title=\"\" href=\"https:\/\/www.ppgci.ufscar.br\/publicacoes\/documentos\/processos-seletivos\/selecao-2022\/edital_processo_seletivo_2022_verso_final1.pdf\" target=\"_self\">Divulga\u00e7\u00e3o do Edital no 001\/2021<\/a>.\u00a0<\/span>Publica\u00e7\u00e3o do Edital no site do PPGCI.\u00a0<\/strong><\/p><p style=\"margin-bottom: 1em; list-style: none; vertical-align: baseline; line-height: 1.8em; color: #3d3d3d; font-family: Roboto, Helvetica, Arial, sans-serif; font-size: 13.9776px;\">09 e 10 dez. 2021:\u00a0Impugna\u00e7\u00e3o ou pedido de esclarecimentos sobre o Edital.\u00a0Solicita\u00e7\u00f5es de esclarecimentos ou indica\u00e7\u00e3o de impugna\u00e7\u00e3o dever\u00e3o ser assinados\u00a0e encaminhados ao e-mail do PPGCI.<\/p><p style=\"margin-bottom: 1em; list-style: none; vertical-align: baseline; line-height: 1.8em; color: #3d3d3d; font-family: Roboto, Helvetica, Arial, sans-serif; font-size: 13.9776px;\"><span style=\"list-style: none; vertical-align: baseline;\"><span style=\"list-style: none; vertical-align: baseline;\">13 dez. 2021:\u00a0<\/span>Divulga\u00e7\u00e3o de resposta quanto aos recursos registrados.\u00a0<\/span>O resultado ser\u00e1 publicado no site do PPGCI.\u00a0<\/p><p style=\"margin-bottom: 1em; list-style: none; vertical-align: baseline; line-height: 1.8em; color: #3d3d3d; font-family: Roboto, Helvetica, Arial, sans-serif; font-size: 13.9776px;\"><span style=\"list-style: none; vertical-align: baseline;\">14 dez. 2021 a 28 jan. 2022:\u00a0<\/span>As inscri\u00e7\u00f5es dever\u00e3o ser feitas exclusivamente pelo Formul\u00e1rio Eletr\u00f4nico de\u00a0Inscri\u00e7\u00e3o\u00a0<a class=\"external-link\" style=\"list-style: none; vertical-align: baseline; outline: none; color: #0f006e; border-bottom: 0.1em solid #cccccc;\" title=\"\" href=\"https:\/\/forms.gle\/HLcrz9eXhSsKEYtK7\" target=\"_blank\" rel=\"noopener\">https:\/\/forms.gle\/HLcrz9eXhSsKEYtK7<\/a><\/p><p style=\"margin-bottom: 1em; list-style: none; vertical-align: baseline; line-height: 1.8em; color: #3d3d3d; font-family: Roboto, Helvetica, Arial, sans-serif; font-size: 13.9776px;\"><span style=\"list-style: none; vertical-align: baseline;\">31 jan. 2022:\u00a0<\/span>Divulga\u00e7\u00e3o do deferimento e indeferimento das inscri\u00e7\u00f5es.\u00a0O resultado ser\u00e1 publicado no site do PPGCI.\u00a0<\/p><p style=\"margin-bottom: 1em; list-style: none; vertical-align: baseline; line-height: 1.8em; color: #3d3d3d; font-family: Roboto, Helvetica, Arial, sans-serif; font-size: 13.9776px;\">01 e 02 fev. 2022:\u00a0Interposi\u00e7\u00e3o de recurso quanto ao indeferimento das inscri\u00e7\u00f5es. Os pedidos dever\u00e3o ser assinados e encaminhados ao e-mail do PPGCI\u00a0(ppgci@ufscar.br), com assunto: RECURSO PROCESSO SELETIVO 2022.<\/p><p style=\"margin-bottom: 1em; list-style: none; vertical-align: baseline; line-height: 1.8em; color: #3d3d3d; font-family: Roboto, Helvetica, Arial, sans-serif; font-size: 13.9776px;\"><span style=\"list-style: none; vertical-align: baseline;\"><span style=\"list-style: none; vertical-align: baseline;\">09 fev. 2022:\u00a0<\/span>Divulga\u00e7\u00e3o de resposta quanto aos recursos registrados.\u00a0<\/span>O resultado ser\u00e1 publicado no site do PPGCI.<\/p><p style=\"margin-bottom: 1em; list-style: none; vertical-align: baseline; line-height: 1.8em; color: #3d3d3d; font-family: Roboto, Helvetica, Arial, sans-serif; font-size: 13.9776px;\"><span style=\"list-style: none; vertical-align: baseline;\">09 fev. 2022:\u00a0<\/span>Divulga\u00e7\u00e3o do deferimento final das inscri\u00e7\u00f5es.\u00a0O resultado ser\u00e1 publicado no site do PPGCI.\u00a0<\/p><p style=\"margin-bottom: 1em; list-style: none; vertical-align: baseline; line-height: 1.8em; color: #3d3d3d; font-family: Roboto, Helvetica, Arial, sans-serif; font-size: 13.9776px;\"><span style=\"list-style: none; vertical-align: baseline;\">09 fev. 2022:\u00a0<\/span>Divulga\u00e7\u00e3o do hor\u00e1rio da Prova de profici\u00eancia em L\u00edngua Inglesa e da Defesa Oral\u00a0do Projeto de Pesquisa.\u00a0O resultado ser\u00e1 publicado no site do PPGCI.<\/p><p style=\"margin-bottom: 1em; list-style: none; vertical-align: baseline; line-height: 1.8em; color: #3d3d3d; font-family: Roboto, Helvetica, Arial, sans-serif; font-size: 13.9776px;\"><span style=\"list-style: none; vertical-align: baseline;\">04 fev. a 07 fev. 2022:\u00a0<\/span>Interposi\u00e7\u00e3o de recurso quanto aos membros da Comiss\u00e3o Preliminar de Sele\u00e7\u00e3o<br style=\"margin: 0px; padding: 0px; list-style: none; vertical-align: baseline;\" \/>Os pedidos dever\u00e3o ser assinados e encaminhados ao e-mail do PPGCI\u00a0(ppgci@ufscar.br), com assunto: RECURSO PROCESSO SELETIVO 2022.<\/p><p style=\"margin-bottom: 1em; list-style: none; vertical-align: baseline; line-height: 1.8em; color: #3d3d3d; font-family: Roboto, Helvetica, Arial, sans-serif; font-size: 13.9776px;\">09 fev. 2022:\u00a0<span style=\"list-style: none; vertical-align: baseline;\">Divulga\u00e7\u00e3o de resposta quanto aos recursos registrados e publica\u00e7\u00e3o da Comiss\u00e3o\u00a0<\/span>Definitiva de Sele\u00e7\u00e3o.O resultado ser\u00e1 publicado no site do PPGCI.<\/p><p style=\"margin-bottom: 1em; list-style: none; vertical-align: baseline; line-height: 1.8em; color: #3d3d3d; font-family: Roboto, Helvetica, Arial, sans-serif; font-size: 13.9776px;\">15 fev. 2022:\u00a0<span style=\"list-style: none; vertical-align: baseline;\">Prova de profici\u00eancia em L\u00edngua Inglesa.\u00a0<\/span>Prova de l\u00edngua portuguesa (ind\u00edgenas e surdos).\u00a0Google Meet (link a ser encaminhado pela Secretaria com o dia e o hor\u00e1rio da\u00a0reuni\u00e3o)<\/p><p style=\"margin-bottom: 1em; list-style: none; vertical-align: baseline; line-height: 1.8em; color: #3d3d3d; font-family: Roboto, Helvetica, Arial, sans-serif; font-size: 13.9776px;\"><span style=\"list-style: none; vertical-align: baseline;\">16 e 17 fev. 2022 (<\/span>8h \u00e0s 12h e 14h \u00e0s 18h):\u00a0<span style=\"list-style: none; vertical-align: baseline;\">Defesa oral do Projeto de Pesquisa.\u00a0<\/span>Google Meet (link a ser encaminhado pela Secretaria com o dia e o hor\u00e1rio da\u00a0reuni\u00e3o)<\/p><p style=\"margin-bottom: 1em; list-style: none; vertical-align: baseline; line-height: 1.8em; color: #3d3d3d; font-family: Roboto, Helvetica, Arial, sans-serif; font-size: 13.9776px;\"><span style=\"list-style: none; vertical-align: baseline;\"><span style=\"list-style: none; vertical-align: baseline;\">18 fev. 2022:\u00a0<\/span>Avalia\u00e7\u00e3o do Curr\u00edculo Lattes (Classificat\u00f3ria). Esta etapa n\u00e3o requer a presen\u00e7a\u00a0<\/span>dos candidatos.\u00a0<\/p><p style=\"margin-bottom: 1em; list-style: none; vertical-align: baseline; line-height: 1.8em; color: #3d3d3d; font-family: Roboto, Helvetica, Arial, sans-serif; font-size: 13.9776px;\"><span style=\"list-style: none; vertical-align: baseline;\">22 fev. 2022:\u00a0<\/span>Divulga\u00e7\u00e3o da classifica\u00e7\u00e3o preliminar dos(as) candidato(as).\u00a0O resultado ser\u00e1 publicado no site do PPGCI.<\/p><p style=\"margin-bottom: 1em; list-style: none; vertical-align: baseline; line-height: 1.8em; color: #3d3d3d; font-family: Roboto, Helvetica, Arial, sans-serif; font-size: 13.9776px;\"><span style=\"list-style: none; vertical-align: baseline;\">23 a 24 fev. 2022:\u00a0<\/span>Interposi\u00e7\u00e3o de recurso quanto \u00e0 classifica\u00e7\u00e3o preliminar dos(as) candidatos(as).\u00a0Os pedidos dever\u00e3o ser assinados e encaminhados ao e-mail do PPGCI\u00a0(ppgci@ufscar.br), com assunto: RECURSO PROCESSO SELETIVO 2022.<\/p><p style=\"margin-bottom: 1em; list-style: none; vertical-align: baseline; line-height: 1.8em; color: #3d3d3d; font-family: Roboto, Helvetica, Arial, sans-serif; font-size: 13.9776px;\"><span style=\"list-style: none; vertical-align: baseline;\">03 mar. 2022:\u00a0<\/span>Divulga\u00e7\u00e3o de resposta quanto aos recursos registrados<\/p>\t\t\t\t\t<\/div>\n\t\t\t\t\t\t<\/div>\n\t\t\t\t<\/div>\n\t\t\t\t\t\t<\/div>\n\t\t\t\t\t<\/div>\n\t\t<\/div>\n\t\t\t\t\t\t\t\t<\/div>\n\t\t\t\t\t<\/div>\n\t\t<\/section>\n\t\t\t\t<section class=\"elementor-section elementor-top-section elementor-element elementor-element-833e33d elementor-section-boxed elementor-section-height-default elementor-section-height-default\" data-id=\"833e33d\" data-element_type=\"section\">\n\t\t\t\t\t\t<div class=\"elementor-container elementor-column-gap-default\">\n\t\t\t\t\t\t\t<div class=\"elementor-row\">\n\t\t\t\t\t<div class=\"elementor-column elementor-col-100 elementor-top-column elementor-element elementor-element-fe64e92\" data-id=\"fe64e92\" data-element_type=\"column\">\n\t\t\t<div class=\"elementor-column-wrap elementor-element-populated\">\n\t\t\t\t\t\t\t<div class=\"elementor-widget-wrap\">\n\t\t\t\t\t\t<div class=\"elementor-element elementor-element-d626315 elementor-widget elementor-widget-text-editor\" data-id=\"d626315\" data-element_type=\"widget\" data-widget_type=\"text-editor.default\">\n\t\t\t\t<div class=\"elementor-widget-container\">\n\t\t\t\t\t\t\t\t<div class=\"elementor-text-editor elementor-clearfix\">\n\t\t\t\t<p>Dispon\u00edvel em:&nbsp;<a href=\"https:\/\/www.ppgci.ufscar.br\/processo-seletivo\/processo-seletivo-2022\">https:\/\/www.ppgci.ufscar.br\/processo-seletivo\/processo-seletivo-2022<\/a>. Acesso em: 12 nov. 2021.<\/p>\t\t\t\t\t<\/div>\n\t\t\t\t\t\t<\/div>\n\t\t\t\t<\/div>\n\t\t\t\t\t\t<\/div>\n\t\t\t\t\t<\/div>\n\t\t<\/div>\n\t\t\t\t\t\t\t\t<\/div>\n\t\t\t\t\t<\/div>\n\t\t<\/section>\n\t\t\t\t\t\t\t\t\t<\/div>\n\t\t\t<\/div>\n\t\t\t\t\t<\/div>\n\t\t","protected":false},"excerpt":{"rendered":"<p>Cronograma do Processo Seletivo 2022 do PPGCI\/UFSCar &#8211;\u00a0Edital no 001\/2021 \u00a008 dez. 2021:\u00a0Divulga\u00e7\u00e3o do Edital no 001\/2021.\u00a0Publica\u00e7\u00e3o do Edital no site do PPGCI.\u00a0 09 e 10 dez. 2021:\u00a0Impugna\u00e7\u00e3o ou pedido de esclarecimentos sobre o Edital.\u00a0Solicita\u00e7\u00f5es de esclarecimentos ou indica\u00e7\u00e3o de impugna\u00e7\u00e3o dever\u00e3o ser assinados\u00a0e encaminhados ao e-mail do PPGCI. 13 dez. 2021:\u00a0Divulga\u00e7\u00e3o de resposta quanto &#8230; <a title=\"Processo Seletivo 2022 do PPGCI\/UFSCar\" class=\"read-more\" href=\"https:\/\/mundobibliotecario.com.br\/index.php\/2021\/12\/13\/processo-seletivo-2022-do-ppgci-ufscar\/\" aria-label=\"Read more about Processo Seletivo 2022 do PPGCI\/UFSCar\">Ler mais<\/a><\/p>\n","protected":false},"author":1,"featured_media":0,"comment_status":"open","ping_status":"open","sticky":false,"template":"","format":"standard","meta":{"_mi_skip_tracking":false,"_exactmetrics_sitenote_active":false,"_exactmetrics_sitenote_note":"","_exactmetrics_sitenote_category":0,"_jetpack_newsletter_access":"","footnotes":""},"categories":[60],"tags":[40,791,2068,62],"class_list":["post-9698","post","type-post","status-publish","format-standard","hentry","category-noticias","tag-ciencia-da-informacao","tag-mestrado","tag-ppgci","tag-ufscar"],"jetpack_featured_media_url":"","jetpack_sharing_enabled":true,"jetpack-related-posts":[{"id":1119,"url":"https:\/\/mundobibliotecario.com.br\/index.php\/2010\/02\/19\/processo-seletivo-para-o-mestrado-academico-e-doutorado-unesp\/","url_meta":{"origin":9698,"position":0},"title":"Processo Seletivo para o Mestrado Acad\u00eamico e Doutorado &#8211; UNESP","author":"mundobibliotecario","date":"19\/02\/2010","format":false,"excerpt":"O Programa de P\u00f3s-Gradua\u00e7\u00e3o em Ci\u00eancia da Informa\u00e7\u00e3o (PPGCI) da Universidade Estadual Paulista (Unesp), Faculdade de Filosofia e Ci\u00eancias (FFC) - Campus de Mar\u00edlia, torna p\u00fablico que, de 01 de fevereiro a 01 de mar\u00e7o de 2010, estar\u00e3o abertas as inscri\u00e7\u00f5es para o Processo Seletivo para o Mestrado Acad\u00eamico e\u2026","rel":"","context":"Em &quot;Curso de P\u00f3s-Gradua\u00e7\u00e3o&quot;","block_context":{"text":"Curso de P\u00f3s-Gradua\u00e7\u00e3o","link":"https:\/\/mundobibliotecario.com.br\/index.php\/category\/curso-de-pos-graduacao\/"},"img":{"alt_text":"","src":"","width":0,"height":0},"classes":[]},{"id":1776,"url":"https:\/\/mundobibliotecario.com.br\/index.php\/2011\/02\/23\/estagio-de-biblioteconomia-em-sao-carlos\/","url_meta":{"origin":9698,"position":1},"title":"Est\u00e1gio de Biblioteconomia em S\u00e3o Carlos","author":"mundobibliotecario","date":"23\/02\/2011","format":false,"excerpt":"A UFSCar abriu processo seletivo para contrata\u00e7\u00e3o de estagi\u00e1rios. O edital est\u00e1 dispon\u00edvel no site de concursos da universidade. Boa sorte a todos!","rel":"","context":"Em &quot;Est\u00e1gio&quot;","block_context":{"text":"Est\u00e1gio","link":"https:\/\/mundobibliotecario.com.br\/index.php\/category\/estagio\/"},"img":{"alt_text":"","src":"","width":0,"height":0},"classes":[]},{"id":1077,"url":"https:\/\/mundobibliotecario.com.br\/index.php\/2010\/01\/26\/selecao-de-estagiarios-de-nivel-superior-promovida-pela-srh-esta-com-inscricoes-abertas\/","url_meta":{"origin":9698,"position":2},"title":"Sele\u00e7\u00e3o de estagi\u00e1rios de n\u00edvel Superior promovida pela SRH est\u00e1 com inscri\u00e7\u00f5es abertas","author":"mundobibliotecario","date":"26\/01\/2010","format":false,"excerpt":"O processo seletivo promovido pela Secretaria Geral de Recursos Humanos (SRH) da UFSCar para contrata\u00e7\u00e3o de estagi\u00e1rios de n\u00edvel Superior est\u00e1 com inscri\u00e7\u00f5es abertas at\u00e9 o dia 5 de fevereiro. Para participar dessa sele\u00e7\u00e3o os candidatos t\u00eam de estar matriculados em qualquer Institui\u00e7\u00e3o de Ensino Superior reconhecida pelo MEC, e\u2026","rel":"","context":"Em &quot;Est\u00e1gio&quot;","block_context":{"text":"Est\u00e1gio","link":"https:\/\/mundobibliotecario.com.br\/index.php\/category\/estagio\/"},"img":{"alt_text":"","src":"","width":0,"height":0},"classes":[]},{"id":5332,"url":"https:\/\/mundobibliotecario.com.br\/index.php\/2019\/10\/08\/2a-edicao-do-curso-gestao-de-pessoas-e-processos-por-competencias-ead\/","url_meta":{"origin":9698,"position":3},"title":"2\u00aa edi\u00e7\u00e3o do curso Gest\u00e3o de Pessoas e Processos por Compet\u00eancias (EaD)","author":"mundobibliotecario","date":"08\/10\/2019","format":false,"excerpt":"Contribui\u00e7\u00e3o de Vera Lui (UFSCar)","rel":"","context":"Em &quot;Curso&quot;","block_context":{"text":"Curso","link":"https:\/\/mundobibliotecario.com.br\/index.php\/category\/curso\/"},"img":{"alt_text":"","src":"https:\/\/i0.wp.com\/mundobibliotecario.com.br\/wp-content\/uploads\/2019\/10\/unnamed.png?resize=350%2C200","width":350,"height":200},"classes":[]},{"id":4537,"url":"https:\/\/mundobibliotecario.com.br\/index.php\/2017\/05\/30\/seminario-de-pesquisas-em-ciencia-da-informacao-do-ppgciusp\/","url_meta":{"origin":9698,"position":4},"title":"Semin\u00e1rio de Pesquisas em Ci\u00eancia da Informa\u00e7\u00e3o do PPGCI\/USP","author":"mundobibliotecario","date":"30\/05\/2017","format":"image","excerpt":"","rel":"","context":"Em &quot;Eventos&quot;","block_context":{"text":"Eventos","link":"https:\/\/mundobibliotecario.com.br\/index.php\/category\/eventos\/"},"img":{"alt_text":"","src":"https:\/\/i0.wp.com\/mundobibliotecario.com.br\/wp-content\/uploads\/2017\/05\/seminario.jpg?resize=350%2C200","width":350,"height":200},"classes":[]},{"id":10105,"url":"https:\/\/mundobibliotecario.com.br\/index.php\/2022\/09\/26\/live-acessibilidade-em-bibliotecas-universitarias-para-pessoas-com-deficiencia-visual\/","url_meta":{"origin":9698,"position":5},"title":"Live: Acessibilidade em bibliotecas universit\u00e1rias para pessoas com defici\u00eancia visual","author":"mundobibliotecario","date":"26\/09\/2022","format":false,"excerpt":"Em continuidade \u00e0 s\u00e9rie de lives\u00a0que abordam as necessidades atuais das bibliotecas universit\u00e1rias, o Sistema Integrado de Bibliotecas (SIBi-UFSCar) est\u00e1 organizando a\u00a0live\u00a0Acessibilidade em bibliotecas universit\u00e1rias para pessoas com defici\u00eancia visual.\u00a0O evento\u00a0acontece\u00a0no dia 29 de setembro (5\u00aa. Feira), das 14h30 \u00e0s 16h\u00a0e ter\u00e1\u00a0transmiss\u00e3o\u00a0pelo\u00a0canal do SIBi no YouTube\u00a0com tradu\u00e7\u00e3o em Libras. Ela\u2026","rel":"","context":"Em &quot;Eventos&quot;","block_context":{"text":"Eventos","link":"https:\/\/mundobibliotecario.com.br\/index.php\/category\/eventos\/"},"img":{"alt_text":"","src":"https:\/\/i0.wp.com\/mundobibliotecario.com.br\/wp-content\/uploads\/2022\/09\/live-sibi-ufscar.png?resize=350%2C200&ssl=1","width":350,"height":200},"classes":[]}],"jetpack_likes_enabled":true,"jetpack_shortlink":"https:\/\/wp.me\/pcbzwa-2wq","_links":{"self":[{"href":"https:\/\/mundobibliotecario.com.br\/index.php\/wp-json\/wp\/v2\/posts\/9698","targetHints":{"allow":["GET"]}}],"collection":[{"href":"https:\/\/mundobibliotecario.com.br\/index.php\/wp-json\/wp\/v2\/posts"}],"about":[{"href":"https:\/\/mundobibliotecario.com.br\/index.php\/wp-json\/wp\/v2\/types\/post"}],"author":[{"embeddable":true,"href":"https:\/\/mundobibliotecario.com.br\/index.php\/wp-json\/wp\/v2\/users\/1"}],"replies":[{"embeddable":true,"href":"https:\/\/mundobibliotecario.com.br\/index.php\/wp-json\/wp\/v2\/comments?post=9698"}],"version-history":[{"count":8,"href":"https:\/\/mundobibliotecario.com.br\/index.php\/wp-json\/wp\/v2\/posts\/9698\/revisions"}],"predecessor-version":[{"id":9717,"href":"https:\/\/mundobibliotecario.com.br\/index.php\/wp-json\/wp\/v2\/posts\/9698\/revisions\/9717"}],"wp:attachment":[{"href":"https:\/\/mundobibliotecario.com.br\/index.php\/wp-json\/wp\/v2\/media?parent=9698"}],"wp:term":[{"taxonomy":"category","embeddable":true,"href":"https:\/\/mundobibliotecario.com.br\/index.php\/wp-json\/wp\/v2\/categories?post=9698"},{"taxonomy":"post_tag","embeddable":true,"href":"https:\/\/mundobibliotecario.com.br\/index.php\/wp-json\/wp\/v2\/tags?post=9698"}],"curies":[{"name":"wp","href":"https:\/\/api.w.org\/{rel}","templated":true}]}}