{"id":9704,"date":"2021-12-15T15:00:00","date_gmt":"2021-12-15T18:00:00","guid":{"rendered":"https:\/\/mundobibliotecario.com.br\/?p=9704"},"modified":"2021-12-12T21:15:54","modified_gmt":"2021-12-13T00:15:54","slug":"recursos-informacionais-para-pesquisa-academica-o-que-voce-precisa-saber","status":"publish","type":"post","link":"https:\/\/mundobibliotecario.com.br\/index.php\/2021\/12\/15\/recursos-informacionais-para-pesquisa-academica-o-que-voce-precisa-saber\/","title":{"rendered":"Recursos informacionais para pesquisa acad\u00eamica: o que voc\u00ea precisa saber"},"content":{"rendered":"\t\t<div data-elementor-type=\"wp-post\" data-elementor-id=\"9704\" class=\"elementor elementor-9704\">\n\t\t\t\t\t\t<div class=\"elementor-inner\">\n\t\t\t\t<div class=\"elementor-section-wrap\">\n\t\t\t\t\t\t\t\t\t<section class=\"elementor-section elementor-top-section elementor-element elementor-element-1ab4829 elementor-section-boxed elementor-section-height-default elementor-section-height-default\" data-id=\"1ab4829\" data-element_type=\"section\">\n\t\t\t\t\t\t<div class=\"elementor-container elementor-column-gap-default\">\n\t\t\t\t\t\t\t<div class=\"elementor-row\">\n\t\t\t\t\t<div class=\"elementor-column elementor-col-100 elementor-top-column elementor-element elementor-element-892f937\" data-id=\"892f937\" data-element_type=\"column\">\n\t\t\t<div class=\"elementor-column-wrap elementor-element-populated\">\n\t\t\t\t\t\t\t<div class=\"elementor-widget-wrap\">\n\t\t\t\t\t\t<div class=\"elementor-element elementor-element-33ba774 elementor-widget elementor-widget-image\" data-id=\"33ba774\" data-element_type=\"widget\" data-widget_type=\"image.default\">\n\t\t\t\t<div class=\"elementor-widget-container\">\n\t\t\t\t\t\t\t\t<div class=\"elementor-image\">\n\t\t\t\t\t\t\t\t\t\t\t\t<img loading=\"lazy\" decoding=\"async\" width=\"800\" height=\"800\" src=\"https:\/\/mundobibliotecario.com.br\/wp-content\/uploads\/2021\/12\/WhatsApp-Image-2021-12-06-at-10.07.00.jpeg\" class=\"attachment-large size-large wp-image-9706\" alt=\"\" srcset=\"https:\/\/mundobibliotecario.com.br\/wp-content\/uploads\/2021\/12\/WhatsApp-Image-2021-12-06-at-10.07.00.jpeg 800w, https:\/\/mundobibliotecario.com.br\/wp-content\/uploads\/2021\/12\/WhatsApp-Image-2021-12-06-at-10.07.00-300x300.jpeg 300w, https:\/\/mundobibliotecario.com.br\/wp-content\/uploads\/2021\/12\/WhatsApp-Image-2021-12-06-at-10.07.00-150x150.jpeg 150w, https:\/\/mundobibliotecario.com.br\/wp-content\/uploads\/2021\/12\/WhatsApp-Image-2021-12-06-at-10.07.00-768x768.jpeg 768w\" sizes=\"auto, (max-width: 800px) 100vw, 800px\" \/>\t\t\t\t\t\t\t\t\t\t\t\t\t\t<\/div>\n\t\t\t\t\t\t<\/div>\n\t\t\t\t<\/div>\n\t\t\t\t\t\t<\/div>\n\t\t\t\t\t<\/div>\n\t\t<\/div>\n\t\t\t\t\t\t\t\t<\/div>\n\t\t\t\t\t<\/div>\n\t\t<\/section>\n\t\t\t\t<section class=\"elementor-section elementor-top-section elementor-element elementor-element-9b0cfde elementor-section-boxed elementor-section-height-default elementor-section-height-default\" data-id=\"9b0cfde\" data-element_type=\"section\">\n\t\t\t\t\t\t<div class=\"elementor-container elementor-column-gap-default\">\n\t\t\t\t\t\t\t<div class=\"elementor-row\">\n\t\t\t\t\t<div class=\"elementor-column elementor-col-100 elementor-top-column elementor-element elementor-element-7a2efc6\" data-id=\"7a2efc6\" data-element_type=\"column\">\n\t\t\t<div class=\"elementor-column-wrap elementor-element-populated\">\n\t\t\t\t\t\t\t<div class=\"elementor-widget-wrap\">\n\t\t\t\t\t\t<div class=\"elementor-element elementor-element-2d83999 elementor-widget elementor-widget-text-editor\" data-id=\"2d83999\" data-element_type=\"widget\" data-widget_type=\"text-editor.default\">\n\t\t\t\t<div class=\"elementor-widget-container\">\n\t\t\t\t\t\t\t\t<div class=\"elementor-text-editor elementor-clearfix\">\n\t\t\t\t<p>O Sistema Integrado de Bibliotecas da UFSCar (SIBi-UFSCar @sibiufscar ), por meio da C\u00e2mara T\u00e9cnica Capacita\u00e7\u00e3o em Informa\u00e7\u00e3o e Tecnologias Educacionais (CapacITE) lan\u00e7a o projeto \u201cRecursos informacionais para pesquisa acad\u00eamica: o que voc\u00ea precisa saber\u201d, composto por 30 videoaulas distribu\u00eddas em 5 s\u00e9ries, cujos t\u00edtulos s\u00e3o:<\/p><ul><li><span style=\"color: var( --e-global-color-text ); font-family: var( --e-global-typography-text-font-family ), Sans-serif; font-weight: var( --e-global-typography-text-font-weight );\">O que voc\u00ea precisa saber sobre gestores de refer\u00eancias bibliogr\u00e1ficas;<\/span><\/li><li><span style=\"color: var( --e-global-color-text ); font-family: var( --e-global-typography-text-font-family ), Sans-serif; font-weight: var( --e-global-typography-text-font-weight );\">O que voc\u00ea precisa saber sobre normaliza\u00e7\u00e3o do trabalho acad\u00eamico, de acordo com a ABNT;<\/span><\/li><li><span style=\"color: var( --e-global-color-text ); font-family: var( --e-global-typography-text-font-family ), Sans-serif; font-weight: var( --e-global-typography-text-font-weight );\">O que voc\u00ea precisa saber sobre o Curr\u00edculo Lattes;<\/span><\/li><li><span style=\"color: var( --e-global-color-text ); font-family: var( --e-global-typography-text-font-family ), Sans-serif; font-weight: var( --e-global-typography-text-font-weight );\">O que voc\u00ea precisa saber sobre o ORCID;<\/span><\/li><li><span style=\"color: var( --e-global-color-text ); font-family: var( --e-global-typography-text-font-family ), Sans-serif; font-weight: var( --e-global-typography-text-font-weight );\">O que voc\u00ea precisa saber sobre pl\u00e1gio.<\/span><\/li><\/ul><p>As videoaulas apresentam curta dura\u00e7\u00e3o, com cerca de 7 minutos cada, sendo destinadas tanto para o p\u00fablico que n\u00e3o conhece as tem\u00e1ticas e ferramentas, como tamb\u00e9m para quem j\u00e1 as utiliza e tem no\u00e7\u00f5es b\u00e1sicas para que possa rever e aprimorar suas habilidades e conhecimentos informacionais.<\/p><p>As s\u00e9ries de videoaulas s\u00e3o resultado de um projeto de extens\u00e3o aprovado pela Pr\u00f3-Reitoria de Extens\u00e3o (ProEx) com o apoio de um bolsista de extens\u00e3o do curso de gradua\u00e7\u00e3o de Imagem e Som da UFSCar. Com tradu\u00e7\u00e3o em LIBRAS e legendas, todas as videoaulas foram elaboradas e conduzidas por bibliotec\u00e1rias do SIBi, com orienta\u00e7\u00f5es da Secretaria Geral de A\u00e7\u00f5es Afirmativas, Diversidade e Equidade (SAADE) e do Grupo de Trabalho em Acessibilidade e Diversidade do SIBi, ambos da UFSCar.<\/p><p>O acesso \u00e0s videoaulas deve ser feito pelo canal do SIBi no YouTube (https:\/\/www.youtube.com\/c\/SIBiUFSCar\/), nas respectivas playlists, ou pelos sites das Bibliotecas da UFSCar, na aba Servi\u00e7os -Tutoriais.<\/p>\t\t\t\t\t<\/div>\n\t\t\t\t\t\t<\/div>\n\t\t\t\t<\/div>\n\t\t\t\t\t\t<\/div>\n\t\t\t\t\t<\/div>\n\t\t<\/div>\n\t\t\t\t\t\t\t\t<\/div>\n\t\t\t\t\t<\/div>\n\t\t<\/section>\n\t\t\t\t\t\t\t\t\t<\/div>\n\t\t\t<\/div>\n\t\t\t\t\t<\/div>\n\t\t","protected":false},"excerpt":{"rendered":"<p>O Sistema Integrado de Bibliotecas da UFSCar (SIBi-UFSCar @sibiufscar ), por meio da C\u00e2mara T\u00e9cnica Capacita\u00e7\u00e3o em Informa\u00e7\u00e3o e Tecnologias Educacionais (CapacITE) lan\u00e7a o projeto \u201cRecursos informacionais para pesquisa acad\u00eamica: o que voc\u00ea precisa saber\u201d, composto por 30 videoaulas distribu\u00eddas em 5 s\u00e9ries, cujos t\u00edtulos s\u00e3o: O que voc\u00ea precisa saber sobre gestores de refer\u00eancias &#8230; <a title=\"Recursos informacionais para pesquisa acad\u00eamica: o que voc\u00ea precisa saber\" class=\"read-more\" href=\"https:\/\/mundobibliotecario.com.br\/index.php\/2021\/12\/15\/recursos-informacionais-para-pesquisa-academica-o-que-voce-precisa-saber\/\" aria-label=\"Read more about Recursos informacionais para pesquisa acad\u00eamica: o que voc\u00ea precisa saber\">Ler mais<\/a><\/p>\n","protected":false},"author":1,"featured_media":0,"comment_status":"open","ping_status":"open","sticky":false,"template":"","format":"standard","meta":{"_mi_skip_tracking":false,"_exactmetrics_sitenote_active":false,"_exactmetrics_sitenote_note":"","_exactmetrics_sitenote_category":0,"_jetpack_newsletter_access":"","footnotes":""},"categories":[60],"tags":[373,1270,62,2069],"class_list":["post-9704","post","type-post","status-publish","format-standard","hentry","category-noticias","tag-biblioteca-universitaria","tag-pesquisa-academica","tag-ufscar","tag-videoaula"],"jetpack_featured_media_url":"","jetpack_sharing_enabled":true,"jetpack-related-posts":[{"id":3579,"url":"https:\/\/mundobibliotecario.com.br\/index.php\/2014\/09\/16\/curso-recursos-informacionais-como-ferramenta-para-a-producao-do-conhecimento\/","url_meta":{"origin":9704,"position":0},"title":"Curso: Recursos Informacionais como Ferramenta para a Produ\u00e7\u00e3o do Conhecimento","author":"mundobibliotecario","date":"16\/09\/2014","format":false,"excerpt":"A Biblioteca do campus Sorocaba da UFSCar (BSo) oferece, de 22 a 25 de setembro, o curso \"Recursos Informacionais como Ferramenta para a Produ\u00e7\u00e3o do Conhecimento\". O objetivo da atividade \u00e9 proporcionar conhecimento necess\u00e1rio para a elabora\u00e7\u00e3o de trabalhos cient\u00edficos, desde a utiliza\u00e7\u00e3o de bases de dados como fonte para\u2026","rel":"","context":"Em &quot;Curso&quot;","block_context":{"text":"Curso","link":"https:\/\/mundobibliotecario.com.br\/index.php\/category\/curso\/"},"img":{"alt_text":"","src":"","width":0,"height":0},"classes":[]},{"id":2573,"url":"https:\/\/mundobibliotecario.com.br\/index.php\/2012\/05\/04\/ii-jornada-sobre-trabalhos-academicos-e-cientificos\/","url_meta":{"origin":9704,"position":1},"title":"II Jornada sobre Trabalhos Acad\u00eamicos e Cient\u00edficos","author":"mundobibliotecario","date":"04\/05\/2012","format":false,"excerpt":"08, 09 e 10 de maio de 2012 Inscri\u00e7\u00f5es e informa\u00e7\u00f5es: www.ufscar.br\/jornadatac Programa\u00e7\u00e3o 08 de maio - Ter\u00e7a-feira 10h00-12h00 \u0096 Palestra: Aspectos \u00e9ticos para a pesquisa cient\u00edfica - Prof. Dr. Daniel Vendr\u00fascolo (DM\/UFSCar) 14h30-16h30 - Mini-curso: Desenvolvimento de projetos acad\u00eamicos e cient\u00edficos \u0096 Profa. Dra. Camila Carneiro Dias Rigolin (DCI\/UFSCar)\u2026","rel":"","context":"Em &quot;Eventos&quot;","block_context":{"text":"Eventos","link":"https:\/\/mundobibliotecario.com.br\/index.php\/category\/eventos\/"},"img":{"alt_text":"","src":"","width":0,"height":0},"classes":[]},{"id":8890,"url":"https:\/\/mundobibliotecario.com.br\/index.php\/2021\/05\/17\/semana-academica-da-biblioteca-campus-araras-ufscar\/","url_meta":{"origin":9704,"position":2},"title":"Semana Acad\u00eamica da Biblioteca Campus Araras UFSCar","author":"mundobibliotecario","date":"17\/05\/2021","format":false,"excerpt":"","rel":"","context":"Em &quot;Eventos&quot;","block_context":{"text":"Eventos","link":"https:\/\/mundobibliotecario.com.br\/index.php\/category\/eventos\/"},"img":{"alt_text":"Semana Acad\u00c3\u00aamica da Biblioteca Campus Araras UFSCar","src":"https:\/\/i0.wp.com\/mundobibliotecario.com.br\/wp-content\/uploads\/2021\/05\/WhatsApp-Image-2021-05-13-at-16.48.33-768x1087.jpeg?resize=350%2C200&ssl=1","width":350,"height":200},"classes":[]},{"id":9610,"url":"https:\/\/mundobibliotecario.com.br\/index.php\/2021\/11\/12\/live-plagio-academico-identificacao-prevencao-e-consequencias\/","url_meta":{"origin":9704,"position":3},"title":"Live: Pl\u00e1gio acad\u00eamico: identifica\u00e7\u00e3o, preven\u00e7\u00e3o e consequ\u00eancias","author":"mundobibliotecario","date":"12\/11\/2021","format":false,"excerpt":"No pr\u00f3ximo dia\u00a025 de novembro\u00a0(5\u00aa. Feira) dando continuidade \u00e0 s\u00e9rie de\u00a0lives\u00a0que abordam as necessidades atuais das bibliotecas universit\u00e1rias e da comunidade acad\u00eamica, o Sistema Integrado de Bibliotecas (SIBi) e as Pr\u00f3-Reitorias de Gradua\u00e7\u00e3o, de Pesquisa e P\u00f3s-Gradua\u00e7\u00e3o da UFSCar, promovem a palestra virtual, intitulada\u00a0Pl\u00e1gio acad\u00eamico: identifica\u00e7\u00e3o, preven\u00e7\u00e3o e consequ\u00eancias.\u00a0No cen\u00e1rio\u2026","rel":"","context":"Em &quot;Eventos&quot;","block_context":{"text":"Eventos","link":"https:\/\/mundobibliotecario.com.br\/index.php\/category\/eventos\/"},"img":{"alt_text":"","src":"https:\/\/i0.wp.com\/mundobibliotecario.com.br\/wp-content\/uploads\/2021\/11\/image-1024x1024.jpeg?resize=350%2C200&ssl=1","width":350,"height":200},"classes":[]},{"id":9052,"url":"https:\/\/mundobibliotecario.com.br\/index.php\/2021\/06\/28\/curso-gratuito-como-utilizar-o-mendeley-na-gestao-da-pesquisa-academica\/","url_meta":{"origin":9704,"position":4},"title":"Curso gratuito &#8220;Como utilizar o Mendeley na gest\u00e3o da pesquisa acad\u00eamica&#8221;","author":"mundobibliotecario","date":"28\/06\/2021","format":false,"excerpt":"Dispon\u00edvel o curso \"Como utilizar o Mendeley na gest\u00e3o da pesquisa acad\u00eamica\" com a Profa. Cristina Marchetti Maia, Profa. Camila Cassiavilani e Prof. Andr\u00e9 Pereira da Silva. Acesse em:\u00a0https:\/\/cursos.poca.ufscar.br\/course\/view.php?id=94 Neste curso voc\u00ea ir\u00e1 descobrir como o Mendeley, software gratuito para gest\u00e3o de refer\u00eancias bibliogr\u00e1ficas, pode auxiliar na organiza\u00e7\u00e3o de sua\u2026","rel":"","context":"Em &quot;Curso&quot;","block_context":{"text":"Curso","link":"https:\/\/mundobibliotecario.com.br\/index.php\/category\/curso\/"},"img":{"alt_text":"curso gratuito mendeley","src":"https:\/\/i0.wp.com\/mundobibliotecario.com.br\/wp-content\/uploads\/2021\/06\/WhatsApp-Image-2021-06-25-at-15.45.22.jpeg?resize=350%2C200&ssl=1","width":350,"height":200},"classes":[]},{"id":8758,"url":"https:\/\/mundobibliotecario.com.br\/index.php\/2021\/04\/26\/mba-de-inovacao-em-unidades-de-informacao\/","url_meta":{"origin":9704,"position":5},"title":"MBA de Inova\u00e7\u00e3o em Unidades de Informa\u00e7\u00e3o","author":"mundobibliotecario","date":"26\/04\/2021","format":false,"excerpt":"A UFSCar est\u00e1 com as \u00faltimas vagas abertas para o MBA em Inova\u00e7\u00e3o em Unidades de Informa\u00e7\u00e3o, oferecido pelo\u00a0ITI UFSCar. Conhe\u00e7a mais sobre o curso: O\u00a0MBA de Inova\u00e7\u00e3o em Unidades de Informa\u00e7\u00e3o (IUI)\u00a0foi concebido a partir de uma\u00a0Proposta Pedag\u00f3gica Inovadora\u00a0baseada em um formato h\u00edbrido que harmoniza\u00a0intera\u00e7\u00f5es online ao vivo e\u2026","rel":"","context":"Em &quot;Curso de P\u00f3s-Gradua\u00e7\u00e3o&quot;","block_context":{"text":"Curso de P\u00f3s-Gradua\u00e7\u00e3o","link":"https:\/\/mundobibliotecario.com.br\/index.php\/category\/curso-de-pos-graduacao\/"},"img":{"alt_text":"MBA Inova\u00c3\u00a7\u00c3\u00a3o em Unidades de Informa\u00c3\u00a7\u00c3\u00a3o","src":"https:\/\/i0.wp.com\/mundobibliotecario.com.br\/wp-content\/uploads\/2021\/04\/1080x1080-1024x1024.png?resize=350%2C200&ssl=1","width":350,"height":200},"classes":[]}],"jetpack_likes_enabled":true,"jetpack_shortlink":"https:\/\/wp.me\/pcbzwa-2ww","_links":{"self":[{"href":"https:\/\/mundobibliotecario.com.br\/index.php\/wp-json\/wp\/v2\/posts\/9704","targetHints":{"allow":["GET"]}}],"collection":[{"href":"https:\/\/mundobibliotecario.com.br\/index.php\/wp-json\/wp\/v2\/posts"}],"about":[{"href":"https:\/\/mundobibliotecario.com.br\/index.php\/wp-json\/wp\/v2\/types\/post"}],"author":[{"embeddable":true,"href":"https:\/\/mundobibliotecario.com.br\/index.php\/wp-json\/wp\/v2\/users\/1"}],"replies":[{"embeddable":true,"href":"https:\/\/mundobibliotecario.com.br\/index.php\/wp-json\/wp\/v2\/comments?post=9704"}],"version-history":[{"count":8,"href":"https:\/\/mundobibliotecario.com.br\/index.php\/wp-json\/wp\/v2\/posts\/9704\/revisions"}],"predecessor-version":[{"id":9713,"href":"https:\/\/mundobibliotecario.com.br\/index.php\/wp-json\/wp\/v2\/posts\/9704\/revisions\/9713"}],"wp:attachment":[{"href":"https:\/\/mundobibliotecario.com.br\/index.php\/wp-json\/wp\/v2\/media?parent=9704"}],"wp:term":[{"taxonomy":"category","embeddable":true,"href":"https:\/\/mundobibliotecario.com.br\/index.php\/wp-json\/wp\/v2\/categories?post=9704"},{"taxonomy":"post_tag","embeddable":true,"href":"https:\/\/mundobibliotecario.com.br\/index.php\/wp-json\/wp\/v2\/tags?post=9704"}],"curies":[{"name":"wp","href":"https:\/\/api.w.org\/{rel}","templated":true}]}}