{"id":9740,"date":"2022-01-10T16:00:00","date_gmt":"2022-01-10T19:00:00","guid":{"rendered":"https:\/\/mundobibliotecario.com.br\/?p=9740"},"modified":"2022-01-10T09:10:56","modified_gmt":"2022-01-10T12:10:56","slug":"webinars-gratuitos-de-janeiro-para-funcionarios-de-bibliotecas","status":"publish","type":"post","link":"https:\/\/mundobibliotecario.com.br\/index.php\/2022\/01\/10\/webinars-gratuitos-de-janeiro-para-funcionarios-de-bibliotecas\/","title":{"rendered":"Webinars gratuitos de janeiro para funcion\u00e1rios de bibliotecas"},"content":{"rendered":"\n<div class=\"wp-block-image\"><figure class=\"aligncenter size-large\"><a href=\"https:\/\/mundobibliotecario.com.br\/wp-content\/uploads\/2022\/01\/webinar-2.jpg\"><img loading=\"lazy\" decoding=\"async\" width=\"1024\" height=\"575\" src=\"https:\/\/mundobibliotecario.com.br\/wp-content\/uploads\/2022\/01\/webinar-2-1024x575.jpg\" alt=\"\" class=\"wp-image-9741\" srcset=\"https:\/\/mundobibliotecario.com.br\/wp-content\/uploads\/2022\/01\/webinar-2-1024x575.jpg 1024w, https:\/\/mundobibliotecario.com.br\/wp-content\/uploads\/2022\/01\/webinar-2-300x169.jpg 300w, https:\/\/mundobibliotecario.com.br\/wp-content\/uploads\/2022\/01\/webinar-2-768x431.jpg 768w, https:\/\/mundobibliotecario.com.br\/wp-content\/uploads\/2022\/01\/webinar-2.jpg 1280w\" sizes=\"auto, (max-width: 1024px) 100vw, 1024px\" \/><\/a><figcaption>Fonte: OCLC<\/figcaption><\/figure><\/div>\n\n\n\n<p>A OCLC disponibiliza <a href=\"https:\/\/www.webjunction.org\/news\/webjunction\/free-webinars-for-library-staff.html\" target=\"_blank\" rel=\"noreferrer noopener\">neste link<\/a> uma s\u00e9rie de webinars para funcion\u00e1rios de bibliotecas que ser\u00e3o realizados durante janeiro de 2022.<\/p>\n\n\n\n<p>A lista deste m\u00eas tem 68 webinars que cobrem 18 \u00e1reas tem\u00e1ticas. Uma \u00f3tima oportunidade para come\u00e7ar o ano atualizado e com novas habilidades!<\/p>\n\n\n\n<p>Bons estudos!<\/p>\n\n\n\n<div class=\"wp-block-buttons alignwide is-content-justification-center is-layout-flex wp-block-buttons-is-layout-flex\">\n<div class=\"wp-block-button\"><a class=\"wp-block-button__link has-background\" href=\"\" style=\"border-radius:18px;background-color:#8300a3\" target=\"_blank\" rel=\"noreferrer noopener\">Acesse a lista de webinars da OCLC<\/a><\/div>\n<\/div>\n\n\n\n<p><\/p>\n","protected":false},"excerpt":{"rendered":"<p>A OCLC disponibiliza neste link uma s\u00e9rie de webinars para funcion\u00e1rios de bibliotecas que ser\u00e3o realizados durante janeiro de 2022. A lista deste m\u00eas tem 68 webinars que cobrem 18 \u00e1reas tem\u00e1ticas. Uma \u00f3tima oportunidade para come\u00e7ar o ano atualizado e com novas habilidades! Bons estudos!<\/p>\n","protected":false},"author":1,"featured_media":0,"comment_status":"open","ping_status":"open","sticky":false,"template":"","format":"standard","meta":{"_mi_skip_tracking":false,"_exactmetrics_sitenote_active":false,"_exactmetrics_sitenote_note":"","_exactmetrics_sitenote_category":0,"_jetpack_newsletter_access":"","footnotes":""},"categories":[27],"tags":[63,554,1127],"class_list":["post-9740","post","type-post","status-publish","format-standard","hentry","category-eventos","tag-biblioteconomia","tag-oclc","tag-webinar"],"jetpack_featured_media_url":"","jetpack_sharing_enabled":true,"jetpack-related-posts":[{"id":1232,"url":"https:\/\/mundobibliotecario.com.br\/index.php\/2010\/04\/23\/curso-online-de-marc\/","url_meta":{"origin":9740,"position":0},"title":"Curso online de MARC","author":"mundobibliotecario","date":"23\/04\/2010","format":false,"excerpt":"OCLC is now offering \"MARC 21 in Your Library,\" the popular course developed and presented by The MARC of Quality (TMQ), as an online webinar. This course is an introduction to MARC21 and how it is meant to work in a library automation system. It explains what the MARC standards\u2026","rel":"","context":"Em &quot;Curso&quot;","block_context":{"text":"Curso","link":"https:\/\/mundobibliotecario.com.br\/index.php\/category\/curso\/"},"img":{"alt_text":"","src":"","width":0,"height":0},"classes":[]},{"id":9617,"url":"https:\/\/mundobibliotecario.com.br\/index.php\/2021\/11\/13\/publicado-o-relatorio-anual-2020-2021-da-oclc\/","url_meta":{"origin":9740,"position":1},"title":"Publicado o relat\u00f3rio anual 2020-2021 da OCLC","author":"mundobibliotecario","date":"13\/11\/2021","format":false,"excerpt":"Convidamos voc\u00ea a ver o Relat\u00f3rio Anual da OCLC 2020\u20132021. O relat\u00f3rio celebra como as bibliotecas e a OCLC superaram os desafios e as circunst\u00e2ncias para servir nossas comunidades de novas maneiras e com um renovado senso de prop\u00f3sito. Entre as conquistas no FY21: 1. A comunidade se reuniu para\u2026","rel":"","context":"Em &quot;Not\u00edcias&quot;","block_context":{"text":"Not\u00edcias","link":"https:\/\/mundobibliotecario.com.br\/index.php\/category\/noticias\/"},"img":{"alt_text":"","src":"https:\/\/i0.wp.com\/mundobibliotecario.com.br\/wp-content\/uploads\/2021\/11\/oclc.png?resize=350%2C200&ssl=1","width":350,"height":200},"classes":[]},{"id":3784,"url":"https:\/\/mundobibliotecario.com.br\/index.php\/2015\/07\/07\/webinars-da-alcts\/","url_meta":{"origin":9740,"position":2},"title":"Webinars da ALCTS","author":"mundobibliotecario","date":"07\/07\/2015","format":false,"excerpt":"A Association for Library Collections & Technical Servies (ALCTS), uma divis\u00e3o da American Library Association (ALA), disponibiliza, em sua maioria de forma gratuita, os arquivos de webinars realizados.\u00a0O link para acesso \u00e9\u00a0http:\/\/www.ala.org\/alcts\/confevents\/upcoming\/webinar. Logo abaixo das Upcoming Sessions, h\u00e1 o link para s\u00e9ries de webinars divididos em quatro temas: reposit\u00f3rios institucionais,\u2026","rel":"","context":"Em &quot;Not\u00edcias&quot;","block_context":{"text":"Not\u00edcias","link":"https:\/\/mundobibliotecario.com.br\/index.php\/category\/noticias\/"},"img":{"alt_text":"","src":"","width":0,"height":0},"classes":[]},{"id":5587,"url":"https:\/\/mundobibliotecario.com.br\/index.php\/2020\/04\/26\/melhorando-a-rastreabilidade-dos-dados-para-o-uso-de-recursos-eletronicos-teste-da-ferramenta-ezproxy-analytics-na-biblioteca-da-universidade-de-manchester\/","url_meta":{"origin":9740,"position":3},"title":"Melhorando a rastreabilidade dos dados para o uso de recursos eletr\u00f4nicos &#8211; Teste da ferramenta EZproxy Analytics na biblioteca da Universidade de Manchester","author":"mundobibliotecario","date":"26\/04\/2020","format":false,"excerpt":"A OCLC acaba de lan\u00e7ar o EZproxy Analytics, uma ferramenta que analisa os dados de uso da biblioteca em um n\u00edvel de precis\u00e3o nunca antes alcan\u00e7ado (cr\u00e9ditos Dean Moriarty - Pixabay) A OCLC acaba de lan\u00e7ar o\u00a0EZproxy Analytics, uma ferramenta que analisa os dados de uso da biblioteca em um\u2026","rel":"","context":"Em &quot;Not\u00edcias&quot;","block_context":{"text":"Not\u00edcias","link":"https:\/\/mundobibliotecario.com.br\/index.php\/category\/noticias\/"},"img":{"alt_text":"","src":"","width":0,"height":0},"classes":[]},{"id":8926,"url":"https:\/\/mundobibliotecario.com.br\/index.php\/2021\/05\/26\/o-projeto-realm-o-que-aprendemos-e-o-que-vem-a-seguir\/","url_meta":{"origin":9740,"position":4},"title":"O projeto REALM: o que aprendemos e o que vem a seguir","author":"mundobibliotecario","date":"26\/05\/2021","format":false,"excerpt":"Fonte: Hanging Together - The OCLC Research blog Quando o Projeto REALM iniciou em abril de 2020, pouco se sabia sobre a COVID-19. Agora, passado mais de um ano, ap\u00f3s as fases 1 e 2 do Projeto, que procuraram investigar por quanto tempo o v\u00edrus permanece ativo nas superf\u00edcies de\u2026","rel":"","context":"Em &quot;Not\u00edcias&quot;","block_context":{"text":"Not\u00edcias","link":"https:\/\/mundobibliotecario.com.br\/index.php\/category\/noticias\/"},"img":{"alt_text":"projeto realm","src":"https:\/\/i0.wp.com\/mundobibliotecario.com.br\/wp-content\/uploads\/2021\/05\/projeto-realm.png?resize=350%2C200&ssl=1","width":350,"height":200},"classes":[]},{"id":7940,"url":"https:\/\/mundobibliotecario.com.br\/index.php\/2020\/11\/20\/projeto-realm-divulga-resultados-de-testes-mais-recentes-de-coronavirus-em-cinco-materiais-de-construcao-comuns\/","url_meta":{"origin":9740,"position":5},"title":"Projeto REALM divulga resultados de testes mais recentes de coronav\u00edrus em cinco materiais de constru\u00e7\u00e3o comuns","author":"mundobibliotecario","date":"20\/11\/2020","format":false,"excerpt":"Os resultados mostram que, ap\u00f3s dois dias, o v\u00edrus SARS-CoV-2 n\u00e3o era mais detect\u00e1vel no lat\u00e3o e no m\u00e1rmore. Ap\u00f3s seis dias, o v\u00edrus n\u00e3o foi detectado no vidro, laminado e a\u00e7o com revestimento em p\u00f3. (Veja os resultados do Teste 6.) Esse \u00e9 o principal resultado da \u00faltima atualiza\u00e7\u00e3o\u2026","rel":"","context":"Em &quot;Not\u00edcias&quot;","block_context":{"text":"Not\u00edcias","link":"https:\/\/mundobibliotecario.com.br\/index.php\/category\/noticias\/"},"img":{"alt_text":"","src":"","width":0,"height":0},"classes":[]}],"jetpack_likes_enabled":true,"jetpack_shortlink":"https:\/\/wp.me\/pcbzwa-2x6","_links":{"self":[{"href":"https:\/\/mundobibliotecario.com.br\/index.php\/wp-json\/wp\/v2\/posts\/9740","targetHints":{"allow":["GET"]}}],"collection":[{"href":"https:\/\/mundobibliotecario.com.br\/index.php\/wp-json\/wp\/v2\/posts"}],"about":[{"href":"https:\/\/mundobibliotecario.com.br\/index.php\/wp-json\/wp\/v2\/types\/post"}],"author":[{"embeddable":true,"href":"https:\/\/mundobibliotecario.com.br\/index.php\/wp-json\/wp\/v2\/users\/1"}],"replies":[{"embeddable":true,"href":"https:\/\/mundobibliotecario.com.br\/index.php\/wp-json\/wp\/v2\/comments?post=9740"}],"version-history":[{"count":2,"href":"https:\/\/mundobibliotecario.com.br\/index.php\/wp-json\/wp\/v2\/posts\/9740\/revisions"}],"predecessor-version":[{"id":9743,"href":"https:\/\/mundobibliotecario.com.br\/index.php\/wp-json\/wp\/v2\/posts\/9740\/revisions\/9743"}],"wp:attachment":[{"href":"https:\/\/mundobibliotecario.com.br\/index.php\/wp-json\/wp\/v2\/media?parent=9740"}],"wp:term":[{"taxonomy":"category","embeddable":true,"href":"https:\/\/mundobibliotecario.com.br\/index.php\/wp-json\/wp\/v2\/categories?post=9740"},{"taxonomy":"post_tag","embeddable":true,"href":"https:\/\/mundobibliotecario.com.br\/index.php\/wp-json\/wp\/v2\/tags?post=9740"}],"curies":[{"name":"wp","href":"https:\/\/api.w.org\/{rel}","templated":true}]}}